{"id":2999,"date":"2020-01-08T00:09:12","date_gmt":"2020-01-07T23:09:12","guid":{"rendered":"http:\/\/www.volen.pl\/?p=2999"},"modified":"2020-01-08T00:09:12","modified_gmt":"2020-01-07T23:09:12","slug":"oczekiwania","status":"publish","type":"post","link":"https:\/\/www.volen.pl\/?p=2999","title":{"rendered":"Oczekiwania"},"content":{"rendered":"<p>W szpitalu m\u00f3g\u0142 si\u0119 wylegiwa\u0107, jako \u017ce niczego wi\u0119cej tam od niego nie oczekiwano. Oczekiwano jedynie, \u017ceby umar\u0142 albo wyzdrowia\u0142, a poniewa\u017c czu\u0142 si\u0119 od pocz\u0105tku doskonale, powr\u00f3t do zdrowia przychodzi\u0142 mu bez trudu.<\/p>\n<p>Joseph Heller<\/p>\n<p>Paragraf 22<\/p>\n","protected":false},"excerpt":{"rendered":"<p>W szpitalu m\u00f3g\u0142 si\u0119 wylegiwa\u0107, jako \u017ce niczego wi\u0119cej tam od niego nie oczekiwano. Oczekiwano&#8230;<\/p>\n<div class=\"more-link-wrapper\"><a class=\"more-link\" href=\"https:\/\/www.volen.pl\/?p=2999\">Read the post<span class=\"screen-reader-text\">Oczekiwania<\/span><\/a><\/div>\n","protected":false},"author":1,"featured_media":0,"comment_status":"open","ping_status":"open","sticky":false,"template":"","format":"standard","meta":{"_crdt_document":"","jetpack_post_was_ever_published":false,"_jetpack_newsletter_access":"","_jetpack_dont_email_post_to_subs":false,"_jetpack_newsletter_tier_id":0,"_jetpack_memberships_contains_paywalled_content":false,"_jetpack_memberships_contains_paid_content":false,"footnotes":"","jetpack_publicize_message":"","jetpack_publicize_feature_enabled":true,"jetpack_social_post_already_shared":true,"jetpack_social_options":{"image_generator_settings":{"template":"highway","default_image_id":0,"font":"","enabled":false},"version":2}},"categories":[17],"tags":[392,397,391,396],"class_list":["post-2999","post","type-post","status-publish","format-standard","hentry","category-cytaty","tag-joseph-heller","tag-oczekiwania","tag-paragraf-22","tag-szpital","excerpt","zoom","full-without-featured","even","excerpt-0"],"jetpack_publicize_connections":[],"jetpack_featured_media_url":"","jetpack_shortlink":"https:\/\/wp.me\/p4lAri-Mn","jetpack_sharing_enabled":true,"jetpack-related-posts":[{"id":2998,"url":"https:\/\/www.volen.pl\/?p=2998","url_meta":{"origin":2999,"position":0},"title":"Pokoj\u00f3wka","author":"volen","date":"2020-01-03","format":false,"excerpt":"Pokoj\u00f3wka w cytrynowych majtkach by\u0142a weso\u0142\u0105, grub\u0105, uczynn\u0105 kobiet\u0105 po trzydziestce, z rozlaz\u0142ymi udami i rozko\u0142ysanymi szynkami w cytrynowych majtkach, kt\u00f3re ch\u0119tnie \u015bci\u0105ga\u0142a na ka\u017cde \u017cyczenie. Mia\u0142a pospolit\u0105, szerok\u0105 twarz i by\u0142a najbardziej cnotliw\u0105 kobiet\u0105 na \u015bwiecie: dawa\u0142a wszystkim, bez wzgl\u0119du na ras\u0119, wyznanie, kolor sk\u00f3ry lub narodowo\u015b\u0107, traktuj\u0105c to\u2026","rel":"","context":"W \u201ez\u0142ote g\u0142oski&quot;","block_context":{"text":"z\u0142ote g\u0142oski","link":"https:\/\/www.volen.pl\/?cat=17"},"img":{"alt_text":"","src":"","width":0,"height":0},"classes":[]},{"id":2750,"url":"https:\/\/www.volen.pl\/?p=2750","url_meta":{"origin":2999,"position":1},"title":"Mongolia jest pi\u0119kna","author":"volen","date":"2018-07-02","format":false,"excerpt":"Od wczoraj jedziemy maksymaln\u0105 pr\u0119dko\u015bci\u0105 60km\/h, \u017ceby nawet, gdyby mia\u0142o si\u0119 co\u015b sta\u0107, sta\u0142o si\u0119 tak, by uda\u0142o si\u0119 uj\u015b\u0107 z \u017cyciem. Odwiedzili\u015bmy Kosz-Agacz, wymienili\u015bmy kas\u0119, zatankowali\u015bmy do pe\u0142na i pe\u0142ni zapa\u0142u pojechali\u015bmy posta\u0107 na granicy. Kosmiczny burdel, nie do opowiedzenia. Prawie jak w finansowaniu polskiej s\u0142u\u017cby zdrowia. Cho\u0107 w\u2026","rel":"","context":"W \u201enawariata&quot;","block_context":{"text":"nawariata","link":"https:\/\/www.volen.pl\/?cat=93"},"img":{"alt_text":"","src":"https:\/\/i0.wp.com\/www.volen.pl\/wp-content\/uploads\/2018\/06\/VOL3105.jpg?fit=1200%2C795&ssl=1&resize=350%2C200","width":350,"height":200,"srcset":"https:\/\/i0.wp.com\/www.volen.pl\/wp-content\/uploads\/2018\/06\/VOL3105.jpg?fit=1200%2C795&ssl=1&resize=350%2C200 1x, https:\/\/i0.wp.com\/www.volen.pl\/wp-content\/uploads\/2018\/06\/VOL3105.jpg?fit=1200%2C795&ssl=1&resize=525%2C300 1.5x, https:\/\/i0.wp.com\/www.volen.pl\/wp-content\/uploads\/2018\/06\/VOL3105.jpg?fit=1200%2C795&ssl=1&resize=700%2C400 2x, https:\/\/i0.wp.com\/www.volen.pl\/wp-content\/uploads\/2018\/06\/VOL3105.jpg?fit=1200%2C795&ssl=1&resize=1050%2C600 3x"},"classes":[]},{"id":205,"url":"https:\/\/www.volen.pl\/?p=205","url_meta":{"origin":2999,"position":2},"title":"G\u0142os rozs\u0105dku","author":"volen","date":"2013-05-02","format":false,"excerpt":"Jako\u015b tak z dnia na dzie\u0144 od chwili urodzin przywyk\u0142em, by go nie s\u0142ucha\u0107, bo g\u0142os rozs\u0105dku z zasady wyklucza wi\u0119kszo\u015b\u0107 moich pomys\u0142\u00f3w. Musia\u0142em wybra\u0107 si\u0119 w Beskidy, by zobaczy\u0107 jak dzia\u0142a. Od rana przy \u015bniadaniu dziewcz\u0119ta usi\u0142owa\u0142y forsowa\u0107 sw\u00f3j pomys\u0142, by uda\u0107 si\u0119 na poniewierk\u0119 i spr\u00f3bowa\u0107 dotrze\u0107 do\u2026","rel":"","context":"W \u201eBeskid \u015al\u0105ski 2013&quot;","block_context":{"text":"Beskid \u015al\u0105ski 2013","link":"https:\/\/www.volen.pl\/?cat=136"},"img":{"alt_text":"","src":"","width":0,"height":0},"classes":[]},{"id":2277,"url":"https:\/\/www.volen.pl\/?p=2277","url_meta":{"origin":2999,"position":3},"title":"Moskwa","author":"volen","date":"2018-05-20","format":false,"excerpt":"404 (error - not found), taki informatyczny numer pokoju otrzymali\u015bmy w podmoskiewskim hotelu. Przez lito\u015b\u0107 nad przeuroczymi recepcjonistkami przemilcz\u0119 nazw\u0119 hotelu, ale takiego \u015bniadania nie jad\u0142em nigdy w \u017cyciu. Ze szwedzkiego sto\u0142u wybra\u0142em omlet o smaku pierza i aromacie mokrego pierza. Oczywi\u015bcie nikt o tym g\u0142o\u015bno nie m\u00f3wi\u0142. Z kamienn\u0105\u2026","rel":"","context":"W \u201enawariata&quot;","block_context":{"text":"nawariata","link":"https:\/\/www.volen.pl\/?cat=93"},"img":{"alt_text":"","src":"https:\/\/i0.wp.com\/www.volen.pl\/wp-content\/uploads\/2018\/05\/moskwa_VOL9847.jpg?fit=1200%2C447&ssl=1&resize=350%2C200","width":350,"height":200,"srcset":"https:\/\/i0.wp.com\/www.volen.pl\/wp-content\/uploads\/2018\/05\/moskwa_VOL9847.jpg?fit=1200%2C447&ssl=1&resize=350%2C200 1x, https:\/\/i0.wp.com\/www.volen.pl\/wp-content\/uploads\/2018\/05\/moskwa_VOL9847.jpg?fit=1200%2C447&ssl=1&resize=525%2C300 1.5x, https:\/\/i0.wp.com\/www.volen.pl\/wp-content\/uploads\/2018\/05\/moskwa_VOL9847.jpg?fit=1200%2C447&ssl=1&resize=700%2C400 2x, https:\/\/i0.wp.com\/www.volen.pl\/wp-content\/uploads\/2018\/05\/moskwa_VOL9847.jpg?fit=1200%2C447&ssl=1&resize=1050%2C600 3x"},"classes":[]},{"id":3099,"url":"https:\/\/www.volen.pl\/?p=3099","url_meta":{"origin":2999,"position":4},"title":"Droga krzy\u017cowa","author":"volen","date":"2023-01-26","format":false,"excerpt":"G\u0142\u00f3wny Szlak Beskidzki chodzi\u0142 za mn\u0105 i chodzi\u0142 i czarowa\u0142 i urzeka\u0142 i n\u0119ci\u0142 od wielu ju\u017c lat. I jako\u015b tak si\u0119 z\u0142o\u017cy\u0142o, \u017ce w tym roku nadszed\u0142 czas. Nawet nie wiem jak i kiedy, ale poczu\u0142em, \u017ce to w\u0142a\u015bnie teraz. Z paczki moich le\u015bnych ludzi jedynie Daniel wyrazi\u0142 ch\u0119\u0107\u2026","rel":"","context":"W \u201eGSB&quot;","block_context":{"text":"GSB","link":"https:\/\/www.volen.pl\/?cat=457"},"img":{"alt_text":"","src":"https:\/\/i0.wp.com\/www.volen.pl\/wp-content\/uploads\/2023\/02\/IMG_20230126_084152-scaled.jpg?fit=900%2C1200&ssl=1&resize=350%2C200","width":350,"height":200,"srcset":"https:\/\/i0.wp.com\/www.volen.pl\/wp-content\/uploads\/2023\/02\/IMG_20230126_084152-scaled.jpg?fit=900%2C1200&ssl=1&resize=350%2C200 1x, https:\/\/i0.wp.com\/www.volen.pl\/wp-content\/uploads\/2023\/02\/IMG_20230126_084152-scaled.jpg?fit=900%2C1200&ssl=1&resize=525%2C300 1.5x, https:\/\/i0.wp.com\/www.volen.pl\/wp-content\/uploads\/2023\/02\/IMG_20230126_084152-scaled.jpg?fit=900%2C1200&ssl=1&resize=700%2C400 2x"},"classes":[]},{"id":1942,"url":"https:\/\/www.volen.pl\/?p=1942","url_meta":{"origin":2999,"position":5},"title":"po \u015bladach","author":"volen","date":"2016-12-05","format":false,"excerpt":"Z samego rana zamulam... zamulam z rana from Przemys\u0142aw Wollenszleger on Vimeo. Jeszcze przed wylotem zgodzili\u015bmy si\u0119 co do tego, by w tym roku odwiedzi\u0107 ludzi, kt\u00f3rych poznali\u015bmy dwa albo cztery lata wcze\u015bniej. Ruszyli\u015bmy bez \u015bniadania, planuj\u0105c ogarn\u0105\u0107 co\u015b po drodze; ma\u0142e co-nieco zjad\u0142 jedynie najm\u0142odszy podr\u00f3\u017cnik. Po drodze mijali\u015bmy\u2026","rel":"","context":"W \u201enawariata&quot;","block_context":{"text":"nawariata","link":"https:\/\/www.volen.pl\/?cat=93"},"img":{"alt_text":"","src":"https:\/\/i0.wp.com\/www.volen.pl\/wp-content\/uploads\/2016\/12\/VOL2634.jpg?fit=1200%2C795&ssl=1&resize=350%2C200","width":350,"height":200,"srcset":"https:\/\/i0.wp.com\/www.volen.pl\/wp-content\/uploads\/2016\/12\/VOL2634.jpg?fit=1200%2C795&ssl=1&resize=350%2C200 1x, https:\/\/i0.wp.com\/www.volen.pl\/wp-content\/uploads\/2016\/12\/VOL2634.jpg?fit=1200%2C795&ssl=1&resize=525%2C300 1.5x, https:\/\/i0.wp.com\/www.volen.pl\/wp-content\/uploads\/2016\/12\/VOL2634.jpg?fit=1200%2C795&ssl=1&resize=700%2C400 2x, https:\/\/i0.wp.com\/www.volen.pl\/wp-content\/uploads\/2016\/12\/VOL2634.jpg?fit=1200%2C795&ssl=1&resize=1050%2C600 3x"},"classes":[]}],"_links":{"self":[{"href":"https:\/\/www.volen.pl\/index.php?rest_route=\/wp\/v2\/posts\/2999","targetHints":{"allow":["GET"]}}],"collection":[{"href":"https:\/\/www.volen.pl\/index.php?rest_route=\/wp\/v2\/posts"}],"about":[{"href":"https:\/\/www.volen.pl\/index.php?rest_route=\/wp\/v2\/types\/post"}],"author":[{"embeddable":true,"href":"https:\/\/www.volen.pl\/index.php?rest_route=\/wp\/v2\/users\/1"}],"replies":[{"embeddable":true,"href":"https:\/\/www.volen.pl\/index.php?rest_route=%2Fwp%2Fv2%2Fcomments&post=2999"}],"version-history":[{"count":0,"href":"https:\/\/www.volen.pl\/index.php?rest_route=\/wp\/v2\/posts\/2999\/revisions"}],"wp:attachment":[{"href":"https:\/\/www.volen.pl\/index.php?rest_route=%2Fwp%2Fv2%2Fmedia&parent=2999"}],"wp:term":[{"taxonomy":"category","embeddable":true,"href":"https:\/\/www.volen.pl\/index.php?rest_route=%2Fwp%2Fv2%2Fcategories&post=2999"},{"taxonomy":"post_tag","embeddable":true,"href":"https:\/\/www.volen.pl\/index.php?rest_route=%2Fwp%2Fv2%2Ftags&post=2999"}],"curies":[{"name":"wp","href":"https:\/\/api.w.org\/{rel}","templated":true}]}}