{"id":3008,"date":"2020-09-12T02:23:05","date_gmt":"2020-09-12T00:23:05","guid":{"rendered":"http:\/\/www.volen.pl\/?p=3008"},"modified":"2020-09-12T02:23:05","modified_gmt":"2020-09-12T00:23:05","slug":"oni","status":"publish","type":"post","link":"https:\/\/www.volen.pl\/?p=3008","title":{"rendered":"oni"},"content":{"rendered":"\n<p class=\"wp-block-paragraph\">A teraz przyuwa\u017c tych z przodu. Maj\u0105 swoje zmartwienia, licz\u0105 kilometry, my\u015bl\u0105 o tym, gdzie b\u0119d\u0105 dzisiaj spa\u0107, ile forsy musz\u0105 mie\u0107 na benzyn\u0119, jaka b\u0119dzie pogoda, jak tam dojad\u0105&#8230; a przecie\u017c, kapujesz, i tak tam dojad\u0105. Ale musz\u0105 si\u0119 zamartwia\u0107 i zdradza\u0107 czas pilnymi potrzebami, fa\u0142szywymi albo i nie, bo tak si\u0119 lubi\u0105 wiecznie przejmowa\u0107 i narzeka\u0107, a ich dusze po prostu nie zaznaj\u0105 spokoju, dop\u00f3ki si\u0119 nie przypn\u0105 do jakiego\u015b uznanego, niepodwa\u017calnego zmartwienia, a kiedy ju\u017c je znajd\u0105, przyjmuj\u0105 odpowiedni wyraz twarzy, kt\u00f3ry b\u0119dzie do niego pasowa\u0142, czyli kapujesz, nieszcz\u0119\u015bliw\u0105 min\u0119, i przez ca\u0142y czas wszystko im umyka, o czym zreszt\u0105 wiedz\u0105, a co ich r\u00f3wnie\u017c bez reszty martwi.<\/p>\n\n\n\n<p class=\"wp-block-paragraph\">Jack Kerouac, W drodze <\/p>\n","protected":false},"excerpt":{"rendered":"<p>A teraz przyuwa\u017c tych z przodu. Maj\u0105 swoje zmartwienia, licz\u0105 kilometry, my\u015bl\u0105 o tym, gdzie&#8230;<\/p>\n<div class=\"more-link-wrapper\"><a class=\"more-link\" href=\"https:\/\/www.volen.pl\/?p=3008\">Read the post<span class=\"screen-reader-text\">oni<\/span><\/a><\/div>\n","protected":false},"author":1,"featured_media":0,"comment_status":"open","ping_status":"open","sticky":false,"template":"","format":"standard","meta":{"_crdt_document":"","jetpack_post_was_ever_published":false,"_jetpack_newsletter_access":"","_jetpack_dont_email_post_to_subs":false,"_jetpack_newsletter_tier_id":0,"_jetpack_memberships_contains_paywalled_content":false,"_jetpack_memberships_contains_paid_content":false,"footnotes":"","jetpack_publicize_message":"","jetpack_publicize_feature_enabled":true,"jetpack_social_post_already_shared":true,"jetpack_social_options":{"image_generator_settings":{"template":"highway","default_image_id":0,"font":"","enabled":false},"version":2}},"categories":[17],"tags":[406,24,403,404,405],"class_list":["post-3008","post","type-post","status-publish","format-standard","hentry","category-cytaty","tag-kerouac","tag-ludzie","tag-oni","tag-zmartwienia","tag-zycir","excerpt","zoom","full-without-featured","even","excerpt-0"],"jetpack_publicize_connections":[],"jetpack_featured_media_url":"","jetpack_shortlink":"https:\/\/wp.me\/s4lAri-oni","jetpack_sharing_enabled":true,"jetpack-related-posts":[{"id":3009,"url":"https:\/\/www.volen.pl\/?p=3009","url_meta":{"origin":3008,"position":0},"title":"cywilizacja","author":"volen","date":"2020-09-25","format":false,"excerpt":"Wszyscy mieli wyci\u0105gni\u0119te r\u0119ce. Zeszli z g\u00f3r i wy\u017cyn, \u017ceby wyci\u0105gn\u0105\u0107 r\u0119ce ku czemu\u015b, co w ich mniemaniu cywilizacja ma im do zaoferowania, a nie podejrzewali nawet, ile niesie w sobie smutku, n\u0119dzy i rozczarowa\u0144. Nie wiedzieli, \u017ce powsta\u0142a taka bomba, kt\u00f3ra mo\u017ce roz\u0142upa\u0107 wszystkie nasze drogi i mosty, obr\u00f3ci\u0107\u2026","rel":"","context":"W \u201ez\u0142ote g\u0142oski&quot;","block_context":{"text":"z\u0142ote g\u0142oski","link":"https:\/\/www.volen.pl\/?cat=17"},"img":{"alt_text":"","src":"","width":0,"height":0},"classes":[]},{"id":3133,"url":"https:\/\/www.volen.pl\/?p=3133","url_meta":{"origin":3008,"position":1},"title":"Cisn\u0119 z Cisnej na Koma\u0144cz\u0119, czyli czemu to \u017cubr jest kr\u00f3lem Bieszczad","author":"volen","date":"2023-03-17","format":false,"excerpt":"Gdzie\u015b zaraz za Rzeszowem zatrzyma\u0142em si\u0119, by w spokoju pokontemplowa\u0107 pobocze i uderzy\u0142 mnie osza\u0142amiaj\u0105cy \u015bwiergot ptak\u00f3w - znak, \u017ce nadesz\u0142a wiosna. U nas jej jeszcze nie wida\u0107 - stoj\u0105 dwa czy trzy zmarzni\u0119te \u017curawie i klekocz\u0105 z zimna dziobami. Jeszcze z trasy wykona\u0142em telefon do Bac\u00f3wki pod Honem -\u2026","rel":"","context":"W \u201eGSB&quot;","block_context":{"text":"GSB","link":"https:\/\/www.volen.pl\/?cat=457"},"img":{"alt_text":"Photo taken by Gregoire Dubois","src":"https:\/\/i0.wp.com\/www.volen.pl\/wp-content\/uploads\/2023\/03\/niedzwiedz.jpg?fit=1200%2C800&ssl=1&resize=350%2C200","width":350,"height":200,"srcset":"https:\/\/i0.wp.com\/www.volen.pl\/wp-content\/uploads\/2023\/03\/niedzwiedz.jpg?fit=1200%2C800&ssl=1&resize=350%2C200 1x, https:\/\/i0.wp.com\/www.volen.pl\/wp-content\/uploads\/2023\/03\/niedzwiedz.jpg?fit=1200%2C800&ssl=1&resize=525%2C300 1.5x, https:\/\/i0.wp.com\/www.volen.pl\/wp-content\/uploads\/2023\/03\/niedzwiedz.jpg?fit=1200%2C800&ssl=1&resize=700%2C400 2x, https:\/\/i0.wp.com\/www.volen.pl\/wp-content\/uploads\/2023\/03\/niedzwiedz.jpg?fit=1200%2C800&ssl=1&resize=1050%2C600 3x"},"classes":[]},{"id":3593,"url":"https:\/\/www.volen.pl\/?p=3593","url_meta":{"origin":3008,"position":2},"title":"Znaki","author":"volen","date":"2024-09-20","format":false,"excerpt":"Wyszed\u0142em rano i palec nie bola\u0142 tak, jak wczoraj. Zdecydowanie si\u0119 polepszy\u0142, taki mniej dra\u017cliwy si\u0119 zrobi\u0142. W tym Beskidzie S\u0105deckim, to \u017cyli sami partyzanci. Pe\u0142no tablic pami\u0105tkowych, krzy\u017cy, nekrolog\u00f3w. Tu\u017c przed schroniskiem monument, a tak\u017ce estetyczne, bia\u0142e krzy\u017ce. widok ze schroniska bia\u0142e krzy\u017ce schronisko na Hali \u0141abowskiej Przez d\u0142ugi\u2026","rel":"","context":"W \u201eGSB&quot;","block_context":{"text":"GSB","link":"https:\/\/www.volen.pl\/?cat=457"},"img":{"alt_text":"","src":"https:\/\/i0.wp.com\/www.volen.pl\/wp-content\/uploads\/2025\/01\/IMG_20240920_181200.jpg?fit=1200%2C900&ssl=1&resize=350%2C200","width":350,"height":200,"srcset":"https:\/\/i0.wp.com\/www.volen.pl\/wp-content\/uploads\/2025\/01\/IMG_20240920_181200.jpg?fit=1200%2C900&ssl=1&resize=350%2C200 1x, https:\/\/i0.wp.com\/www.volen.pl\/wp-content\/uploads\/2025\/01\/IMG_20240920_181200.jpg?fit=1200%2C900&ssl=1&resize=525%2C300 1.5x, https:\/\/i0.wp.com\/www.volen.pl\/wp-content\/uploads\/2025\/01\/IMG_20240920_181200.jpg?fit=1200%2C900&ssl=1&resize=700%2C400 2x, https:\/\/i0.wp.com\/www.volen.pl\/wp-content\/uploads\/2025\/01\/IMG_20240920_181200.jpg?fit=1200%2C900&ssl=1&resize=1050%2C600 3x"},"classes":[]},{"id":1445,"url":"https:\/\/www.volen.pl\/?p=1445","url_meta":{"origin":3008,"position":3},"title":"W\u0142odek, pob\u0142ogos\u0142aw","author":"volen","date":"2015-10-05","format":false,"excerpt":"W nocy nie mog\u0142em zasn\u0105\u0107, a jak zasn\u0105\u0142em, zerwa\u0142 si\u0119 wicher znad jeziora i coraz natarczywiej dobiera\u0142 si\u0119 do namiotu. Wia\u0142o tak, i\u017c zupe\u0142nie powa\u017cnie zacz\u0105\u0142em rozwa\u017ca\u0107 odprawienie obrz\u0119d\u00f3w w intencji, tylko zapomnia\u0142em odpowiednich s\u0142\u00f3w. A jak ju\u017c si\u0119 obudzi\u0142em, tak nie mog\u0142em zasn\u0105\u0107, wiadomo. Rano obudzi\u0142y si\u0119 komary. Lata\u0142o\u2026","rel":"","context":"W \u201ematuszka Rosja&quot;","block_context":{"text":"matuszka Rosja","link":"https:\/\/www.volen.pl\/?cat=210"},"img":{"alt_text":"","src":"https:\/\/i0.wp.com\/www.volen.pl\/wp-content\/uploads\/2015\/10\/VOL2782-e1443820138251.jpg?fit=795%2C1200&ssl=1&resize=350%2C200","width":350,"height":200,"srcset":"https:\/\/i0.wp.com\/www.volen.pl\/wp-content\/uploads\/2015\/10\/VOL2782-e1443820138251.jpg?fit=795%2C1200&ssl=1&resize=350%2C200 1x, https:\/\/i0.wp.com\/www.volen.pl\/wp-content\/uploads\/2015\/10\/VOL2782-e1443820138251.jpg?fit=795%2C1200&ssl=1&resize=525%2C300 1.5x, https:\/\/i0.wp.com\/www.volen.pl\/wp-content\/uploads\/2015\/10\/VOL2782-e1443820138251.jpg?fit=795%2C1200&ssl=1&resize=700%2C400 2x"},"classes":[]},{"id":229,"url":"https:\/\/www.volen.pl\/?p=229","url_meta":{"origin":3008,"position":4},"title":"Wy\u015bcig z Kutaisi do Batumi","author":"volen","date":"2012-10-08","format":false,"excerpt":"Kutaisi\u2026 Nie maj\u0105c dla nas nic ciekawego do zaoferowania postanowili\u015bmy je opu\u015bci\u0107. Jaskinie akurat nieczynne, inne atrakcje albo nielegalne, albo tucz\u0105ce\u2026 Wstali\u015bmy jako\u015b tak prawie na czas, ogarn\u0119li\u015bmy nasz pok\u00f3j i poszli\u015bmy do babule\u0144ki, w\u0142a\u015bcicielki hostelu, z kt\u00f3r\u0105 dzie\u0144 wcze\u015bniej ustalili\u015bmy, i\u017c dostaniemy kaw\u0119, mimo \u017ce kupili\u015bmy opcj\u0119 bez \u015bniadania.\u2026","rel":"","context":"W \u201e7000km - 2012&quot;","block_context":{"text":"7000km - 2012","link":"https:\/\/www.volen.pl\/?cat=135"},"img":{"alt_text":"","src":"https:\/\/i0.wp.com\/www.volen.pl\/wp-content\/uploads\/2012\/10\/DSC_7015.jpg?fit=1200%2C795&ssl=1&resize=350%2C200","width":350,"height":200,"srcset":"https:\/\/i0.wp.com\/www.volen.pl\/wp-content\/uploads\/2012\/10\/DSC_7015.jpg?fit=1200%2C795&ssl=1&resize=350%2C200 1x, https:\/\/i0.wp.com\/www.volen.pl\/wp-content\/uploads\/2012\/10\/DSC_7015.jpg?fit=1200%2C795&ssl=1&resize=525%2C300 1.5x, https:\/\/i0.wp.com\/www.volen.pl\/wp-content\/uploads\/2012\/10\/DSC_7015.jpg?fit=1200%2C795&ssl=1&resize=700%2C400 2x, https:\/\/i0.wp.com\/www.volen.pl\/wp-content\/uploads\/2012\/10\/DSC_7015.jpg?fit=1200%2C795&ssl=1&resize=1050%2C600 3x"},"classes":[]},{"id":3777,"url":"https:\/\/www.volen.pl\/?p=3777","url_meta":{"origin":3008,"position":5},"title":"Hydropiek\u0142owst\u0105pienie","author":"volen","date":"2025-04-25","format":false,"excerpt":"Dzi\u015b muzycznie. Utopi\u0119 wasz\u0105 utopi\u0119.Utopi\u0119 wasz\u0105 utopi\u0119.Ja utopi\u0119 wasz\u0105 utopi\u0119,Utopi\u0119 w potopie.Zarz\u0105dzam pe\u0142ne zanurzenie.Utopi\u0119 wasz\u0105 utopi\u0119,Utopi\u0119 w potopie.Hydropiek\u0142owst\u0105pienie! Zacz\u0105\u0142em cytatem z Lao Che, poniewa\u017c, jak Boga kocham, to, co si\u0119 tam dzia\u0142o, jest ju\u017c pi\u0119knie podsumowane w tym cytacie. Pewnego dnia wcze\u015bniej, jako\u015b tak par\u0119 miesi\u0119cy temu, gdy pojecha\u0142em na\u2026","rel":"","context":"W \u201eGSB&quot;","block_context":{"text":"GSB","link":"https:\/\/www.volen.pl\/?cat=457"},"img":{"alt_text":"","src":"https:\/\/i0.wp.com\/www.volen.pl\/wp-content\/uploads\/2025\/05\/IMG_20250425_105459.jpg?fit=1200%2C900&ssl=1&resize=350%2C200","width":350,"height":200,"srcset":"https:\/\/i0.wp.com\/www.volen.pl\/wp-content\/uploads\/2025\/05\/IMG_20250425_105459.jpg?fit=1200%2C900&ssl=1&resize=350%2C200 1x, https:\/\/i0.wp.com\/www.volen.pl\/wp-content\/uploads\/2025\/05\/IMG_20250425_105459.jpg?fit=1200%2C900&ssl=1&resize=525%2C300 1.5x, https:\/\/i0.wp.com\/www.volen.pl\/wp-content\/uploads\/2025\/05\/IMG_20250425_105459.jpg?fit=1200%2C900&ssl=1&resize=700%2C400 2x, https:\/\/i0.wp.com\/www.volen.pl\/wp-content\/uploads\/2025\/05\/IMG_20250425_105459.jpg?fit=1200%2C900&ssl=1&resize=1050%2C600 3x"},"classes":[]}],"_links":{"self":[{"href":"https:\/\/www.volen.pl\/index.php?rest_route=\/wp\/v2\/posts\/3008","targetHints":{"allow":["GET"]}}],"collection":[{"href":"https:\/\/www.volen.pl\/index.php?rest_route=\/wp\/v2\/posts"}],"about":[{"href":"https:\/\/www.volen.pl\/index.php?rest_route=\/wp\/v2\/types\/post"}],"author":[{"embeddable":true,"href":"https:\/\/www.volen.pl\/index.php?rest_route=\/wp\/v2\/users\/1"}],"replies":[{"embeddable":true,"href":"https:\/\/www.volen.pl\/index.php?rest_route=%2Fwp%2Fv2%2Fcomments&post=3008"}],"version-history":[{"count":0,"href":"https:\/\/www.volen.pl\/index.php?rest_route=\/wp\/v2\/posts\/3008\/revisions"}],"wp:attachment":[{"href":"https:\/\/www.volen.pl\/index.php?rest_route=%2Fwp%2Fv2%2Fmedia&parent=3008"}],"wp:term":[{"taxonomy":"category","embeddable":true,"href":"https:\/\/www.volen.pl\/index.php?rest_route=%2Fwp%2Fv2%2Fcategories&post=3008"},{"taxonomy":"post_tag","embeddable":true,"href":"https:\/\/www.volen.pl\/index.php?rest_route=%2Fwp%2Fv2%2Ftags&post=3008"}],"curies":[{"name":"wp","href":"https:\/\/api.w.org\/{rel}","templated":true}]}}