{"id":3009,"date":"2020-09-25T22:39:32","date_gmt":"2020-09-25T20:39:32","guid":{"rendered":"http:\/\/www.volen.pl\/?p=3009"},"modified":"2020-09-25T22:41:08","modified_gmt":"2020-09-25T20:41:08","slug":"cywilizacja","status":"publish","type":"post","link":"https:\/\/www.volen.pl\/?p=3009","title":{"rendered":"cywilizacja"},"content":{"rendered":"\n<p class=\"wp-block-paragraph\">Wszyscy mieli wyci\u0105gni\u0119te r\u0119ce. Zeszli z g\u00f3r i wy\u017cyn, \u017ceby wyci\u0105gn\u0105\u0107 r\u0119ce ku czemu\u015b, co w ich mniemaniu cywilizacja ma im do zaoferowania, a nie podejrzewali nawet, ile niesie w sobie smutku, n\u0119dzy i rozczarowa\u0144. Nie wiedzieli, \u017ce powsta\u0142a taka bomba, kt\u00f3ra mo\u017ce roz\u0142upa\u0107 wszystkie nasze drogi i mosty, obr\u00f3ci\u0107 je w perzyn\u0119, a my pewnego dnia zostaniemy tak biedni jak oni i b\u0119dziemy zupe\u0142nie tak samo wyci\u0105ga\u0107 r\u0119ce.<\/p>\n\n\n\n<p class=\"wp-block-paragraph\">Jack Kerouac, W drodze<\/p>\n","protected":false},"excerpt":{"rendered":"<p>Wszyscy mieli wyci\u0105gni\u0119te r\u0119ce. Zeszli z g\u00f3r i wy\u017cyn, \u017ceby wyci\u0105gn\u0105\u0107 r\u0119ce ku czemu\u015b, co&#8230;<\/p>\n<div class=\"more-link-wrapper\"><a class=\"more-link\" href=\"https:\/\/www.volen.pl\/?p=3009\">Read the post<span class=\"screen-reader-text\">cywilizacja<\/span><\/a><\/div>\n","protected":false},"author":1,"featured_media":0,"comment_status":"open","ping_status":"open","sticky":false,"template":"","format":"standard","meta":{"_crdt_document":"","jetpack_post_was_ever_published":false,"_jetpack_newsletter_access":"","_jetpack_dont_email_post_to_subs":false,"_jetpack_newsletter_tier_id":0,"_jetpack_memberships_contains_paywalled_content":false,"_jetpack_memberships_contains_paid_content":false,"footnotes":"","jetpack_publicize_message":"","jetpack_publicize_feature_enabled":true,"jetpack_social_post_already_shared":true,"jetpack_social_options":{"image_generator_settings":{"template":"highway","default_image_id":0,"font":"","enabled":false},"version":2}},"categories":[17],"tags":[406,407],"class_list":["post-3009","post","type-post","status-publish","format-standard","hentry","category-cytaty","tag-kerouac","tag-w-drodze","excerpt","zoom","full-without-featured","even","excerpt-0"],"jetpack_publicize_connections":[],"jetpack_featured_media_url":"","jetpack_shortlink":"https:\/\/wp.me\/p4lAri-Mx","jetpack_sharing_enabled":true,"jetpack-related-posts":[{"id":3008,"url":"https:\/\/www.volen.pl\/?p=3008","url_meta":{"origin":3009,"position":0},"title":"oni","author":"volen","date":"2020-09-12","format":false,"excerpt":"A teraz przyuwa\u017c tych z przodu. Maj\u0105 swoje zmartwienia, licz\u0105 kilometry, my\u015bl\u0105 o tym, gdzie b\u0119d\u0105 dzisiaj spa\u0107, ile forsy musz\u0105 mie\u0107 na benzyn\u0119, jaka b\u0119dzie pogoda, jak tam dojad\u0105... a przecie\u017c, kapujesz, i tak tam dojad\u0105. Ale musz\u0105 si\u0119 zamartwia\u0107 i zdradza\u0107 czas pilnymi potrzebami, fa\u0142szywymi albo i nie,\u2026","rel":"","context":"W \u201ez\u0142ote g\u0142oski&quot;","block_context":{"text":"z\u0142ote g\u0142oski","link":"https:\/\/www.volen.pl\/?cat=17"},"img":{"alt_text":"","src":"","width":0,"height":0},"classes":[]},{"id":2071,"url":"https:\/\/www.volen.pl\/?p=2071","url_meta":{"origin":3009,"position":1},"title":"L\u00f3ndrangar","author":"volen","date":"2016-11-15","format":false,"excerpt":"W nocy przeje\u017cd\u017ca\u0142y mimo cztery pojazdy. Pierwszy z nich wystraszy\u0142 mnie solidnie, gdy\u017c w\u0142a\u015bnie zasypia\u0142em. Dwa kolejne s\u0142ysza\u0142em przez sen, a czwarty... No okaza\u0142o si\u0119, \u017ce czwarty to ju\u017c nie by\u0142a noc, tylko 9.15! M\u00f3j Bo\u017ce, spa\u0142em jak dziecko. W sumie przy tym czwartym dalej chcia\u0142em przeczeka\u0107 ciemnic\u0119 i spa\u0107\u2026","rel":"","context":"W \u201eIslandia: snj\u00f3r, \u00eds og eldur&quot;","block_context":{"text":"Islandia: snj\u00f3r, \u00eds og eldur","link":"https:\/\/www.volen.pl\/?cat=268"},"img":{"alt_text":"","src":"https:\/\/i0.wp.com\/www.volen.pl\/wp-content\/uploads\/2017\/04\/blog_panorama-Londrangar-i-Snaefellsjokull_VOL5140.jpg?fit=1200%2C659&ssl=1&resize=350%2C200","width":350,"height":200,"srcset":"https:\/\/i0.wp.com\/www.volen.pl\/wp-content\/uploads\/2017\/04\/blog_panorama-Londrangar-i-Snaefellsjokull_VOL5140.jpg?fit=1200%2C659&ssl=1&resize=350%2C200 1x, https:\/\/i0.wp.com\/www.volen.pl\/wp-content\/uploads\/2017\/04\/blog_panorama-Londrangar-i-Snaefellsjokull_VOL5140.jpg?fit=1200%2C659&ssl=1&resize=525%2C300 1.5x, https:\/\/i0.wp.com\/www.volen.pl\/wp-content\/uploads\/2017\/04\/blog_panorama-Londrangar-i-Snaefellsjokull_VOL5140.jpg?fit=1200%2C659&ssl=1&resize=700%2C400 2x, https:\/\/i0.wp.com\/www.volen.pl\/wp-content\/uploads\/2017\/04\/blog_panorama-Londrangar-i-Snaefellsjokull_VOL5140.jpg?fit=1200%2C659&ssl=1&resize=1050%2C600 3x"},"classes":[]},{"id":2250,"url":"https:\/\/www.volen.pl\/?p=2250","url_meta":{"origin":3009,"position":2},"title":"Messerschmitty","author":"volen","date":"2018-05-17","format":false,"excerpt":"Noc sp\u0119dzili\u015bmy na kempingu w Gibach z nieprawdopodobn\u0105 ilo\u015bci\u0105 komar\u00f3w. Wiele w \u017cyciu przeszed\u0142em, ale takiej zgrai cichych, podst\u0119pnych i natr\u0119tnych krwiopijc\u00f3w nie widzia\u0142em od czasu, gdy zalega\u0142em z VATem. Rano ruszyli\u015bmy dalej z dusz\u0105 na ramieniu (Pche\u0142ka zacz\u0119\u0142a dziwnie charcze\u0107). Przy przepi\u0119knej pogodzie przejechali\u015bmy Polsk\u0119 i Litw\u0119. Na Litwie\u2026","rel":"","context":"W \u201ePche\u0142k\u0105 przez bezdro\u017ca&quot;","block_context":{"text":"Pche\u0142k\u0105 przez bezdro\u017ca","link":"https:\/\/www.volen.pl\/?cat=297"},"img":{"alt_text":"","src":"","width":0,"height":0},"classes":[]},{"id":2505,"url":"https:\/\/www.volen.pl\/?p=2505","url_meta":{"origin":3009,"position":3},"title":"K\u0142opot z pami\u0119ci\u0105. I ch\u0119ci\u0105.","author":"volen","date":"2018-06-14","format":false,"excerpt":"Pobudka w d\u017awi\u0119kach bzyczenia komar\u00f3w, szybkie pakowanie jak przed nadchodz\u0105cym frontem, czarna, s\u0142odka kawa i jazda przed siebie. Na kr\u00f3tkim postoju jeszcze par\u0119 zdj\u0119\u0107, przy okazji znalaz\u0142em kilka dodatkowych skamienia\u0142o\u015bci skorupiak\u00f3w. Opu\u015bcili\u015bmy brzegi jeziora kr\u00f3tk\u0105 wspinaczk\u0105 na p\u0142aski jak st\u00f3\u0142 p\u0142askowy\u017c. Nakopali\u015bmy sadzonek na dzia\u0142k\u0119. Nie wiemy, czy to legalne.\u2026","rel":"","context":"W \u201enawariata&quot;","block_context":{"text":"nawariata","link":"https:\/\/www.volen.pl\/?cat=93"},"img":{"alt_text":"","src":"https:\/\/i0.wp.com\/www.volen.pl\/wp-content\/uploads\/2018\/06\/VOL1780.jpg?fit=1200%2C795&ssl=1&resize=350%2C200","width":350,"height":200,"srcset":"https:\/\/i0.wp.com\/www.volen.pl\/wp-content\/uploads\/2018\/06\/VOL1780.jpg?fit=1200%2C795&ssl=1&resize=350%2C200 1x, https:\/\/i0.wp.com\/www.volen.pl\/wp-content\/uploads\/2018\/06\/VOL1780.jpg?fit=1200%2C795&ssl=1&resize=525%2C300 1.5x, https:\/\/i0.wp.com\/www.volen.pl\/wp-content\/uploads\/2018\/06\/VOL1780.jpg?fit=1200%2C795&ssl=1&resize=700%2C400 2x, https:\/\/i0.wp.com\/www.volen.pl\/wp-content\/uploads\/2018\/06\/VOL1780.jpg?fit=1200%2C795&ssl=1&resize=1050%2C600 3x"},"classes":[]},{"id":1942,"url":"https:\/\/www.volen.pl\/?p=1942","url_meta":{"origin":3009,"position":4},"title":"po \u015bladach","author":"volen","date":"2016-12-05","format":false,"excerpt":"Z samego rana zamulam... zamulam z rana from Przemys\u0142aw Wollenszleger on Vimeo. Jeszcze przed wylotem zgodzili\u015bmy si\u0119 co do tego, by w tym roku odwiedzi\u0107 ludzi, kt\u00f3rych poznali\u015bmy dwa albo cztery lata wcze\u015bniej. Ruszyli\u015bmy bez \u015bniadania, planuj\u0105c ogarn\u0105\u0107 co\u015b po drodze; ma\u0142e co-nieco zjad\u0142 jedynie najm\u0142odszy podr\u00f3\u017cnik. Po drodze mijali\u015bmy\u2026","rel":"","context":"W \u201enawariata&quot;","block_context":{"text":"nawariata","link":"https:\/\/www.volen.pl\/?cat=93"},"img":{"alt_text":"","src":"https:\/\/i0.wp.com\/www.volen.pl\/wp-content\/uploads\/2016\/12\/VOL2634.jpg?fit=1200%2C795&ssl=1&resize=350%2C200","width":350,"height":200,"srcset":"https:\/\/i0.wp.com\/www.volen.pl\/wp-content\/uploads\/2016\/12\/VOL2634.jpg?fit=1200%2C795&ssl=1&resize=350%2C200 1x, https:\/\/i0.wp.com\/www.volen.pl\/wp-content\/uploads\/2016\/12\/VOL2634.jpg?fit=1200%2C795&ssl=1&resize=525%2C300 1.5x, https:\/\/i0.wp.com\/www.volen.pl\/wp-content\/uploads\/2016\/12\/VOL2634.jpg?fit=1200%2C795&ssl=1&resize=700%2C400 2x, https:\/\/i0.wp.com\/www.volen.pl\/wp-content\/uploads\/2016\/12\/VOL2634.jpg?fit=1200%2C795&ssl=1&resize=1050%2C600 3x"},"classes":[]},{"id":3405,"url":"https:\/\/www.volen.pl\/?p=3405","url_meta":{"origin":3009,"position":5},"title":"Daniela &#038; Marian","author":"volen","date":"2023-07-04","format":false,"excerpt":"I tak z samego rana po zmartwychwstaniu i kawie spitej z krajanami pojechali\u015bmy przez P\u00e2clele do Bercy. Drogi tej nie ma na mapach, ale istnieje i da si\u0119 ni\u0105 przejecha\u0107 od pierwszego przy\u0142o\u017cenia nawet pojazdem niskopod\u0142ogowym. Czasem trzeba jedynie potr\u0105bi\u0107 na lokales\u00f3w, kt\u00f3rzy, nigdzie si\u0119 nie spiesz\u0105c, nie rozumiej\u0105, \u017ce\u2026","rel":"","context":"W \u201epo byku&quot;","block_context":{"text":"po byku","link":"https:\/\/www.volen.pl\/?cat=474"},"img":{"alt_text":"","src":"https:\/\/i0.wp.com\/www.volen.pl\/wp-content\/uploads\/2023\/07\/IMG_20230704_111649.jpg?fit=1200%2C900&ssl=1&resize=350%2C200","width":350,"height":200,"srcset":"https:\/\/i0.wp.com\/www.volen.pl\/wp-content\/uploads\/2023\/07\/IMG_20230704_111649.jpg?fit=1200%2C900&ssl=1&resize=350%2C200 1x, https:\/\/i0.wp.com\/www.volen.pl\/wp-content\/uploads\/2023\/07\/IMG_20230704_111649.jpg?fit=1200%2C900&ssl=1&resize=525%2C300 1.5x, https:\/\/i0.wp.com\/www.volen.pl\/wp-content\/uploads\/2023\/07\/IMG_20230704_111649.jpg?fit=1200%2C900&ssl=1&resize=700%2C400 2x, https:\/\/i0.wp.com\/www.volen.pl\/wp-content\/uploads\/2023\/07\/IMG_20230704_111649.jpg?fit=1200%2C900&ssl=1&resize=1050%2C600 3x"},"classes":[]}],"_links":{"self":[{"href":"https:\/\/www.volen.pl\/index.php?rest_route=\/wp\/v2\/posts\/3009","targetHints":{"allow":["GET"]}}],"collection":[{"href":"https:\/\/www.volen.pl\/index.php?rest_route=\/wp\/v2\/posts"}],"about":[{"href":"https:\/\/www.volen.pl\/index.php?rest_route=\/wp\/v2\/types\/post"}],"author":[{"embeddable":true,"href":"https:\/\/www.volen.pl\/index.php?rest_route=\/wp\/v2\/users\/1"}],"replies":[{"embeddable":true,"href":"https:\/\/www.volen.pl\/index.php?rest_route=%2Fwp%2Fv2%2Fcomments&post=3009"}],"version-history":[{"count":1,"href":"https:\/\/www.volen.pl\/index.php?rest_route=\/wp\/v2\/posts\/3009\/revisions"}],"predecessor-version":[{"id":3010,"href":"https:\/\/www.volen.pl\/index.php?rest_route=\/wp\/v2\/posts\/3009\/revisions\/3010"}],"wp:attachment":[{"href":"https:\/\/www.volen.pl\/index.php?rest_route=%2Fwp%2Fv2%2Fmedia&parent=3009"}],"wp:term":[{"taxonomy":"category","embeddable":true,"href":"https:\/\/www.volen.pl\/index.php?rest_route=%2Fwp%2Fv2%2Fcategories&post=3009"},{"taxonomy":"post_tag","embeddable":true,"href":"https:\/\/www.volen.pl\/index.php?rest_route=%2Fwp%2Fv2%2Ftags&post=3009"}],"curies":[{"name":"wp","href":"https:\/\/api.w.org\/{rel}","templated":true}]}}