{"id":3011,"date":"2020-09-27T23:11:23","date_gmt":"2020-09-27T21:11:23","guid":{"rendered":"http:\/\/www.volen.pl\/?p=3011"},"modified":"2020-09-27T23:11:23","modified_gmt":"2020-09-27T21:11:23","slug":"blondynki","status":"publish","type":"post","link":"https:\/\/www.volen.pl\/?p=3011","title":{"rendered":"Blondynki"},"content":{"rendered":"\n<p class=\"wp-block-paragraph\">Znam wiele samolot\u00f3w wielu linii. Zje\u017adzi\u0142em w powietrzu kawa\u0142 \u015bwiata. Ale w \u017cadnym z tych samolot\u00f3w nie by\u0142o tej czarnow\u0142osej stewardesy, naj\u0142adniejszej ze wszystkich stewardes, jakie widzia\u0142em. Podobaj\u0105 mi si\u0119 tylko blondynki. W tym B-707 zrozumia\u0142em, \u017ce brunetki to po prostu czarnow\u0142ose blondynki.<\/p>\n\n\n\n<p class=\"wp-block-paragraph\">Waldemar \u0141ysiak, Asfaltowy saloon<\/p>\n","protected":false},"excerpt":{"rendered":"<p>Znam wiele samolot\u00f3w wielu linii. Zje\u017adzi\u0142em w powietrzu kawa\u0142 \u015bwiata. Ale w \u017cadnym z tych&#8230;<\/p>\n<div class=\"more-link-wrapper\"><a class=\"more-link\" href=\"https:\/\/www.volen.pl\/?p=3011\">Read the post<span class=\"screen-reader-text\">Blondynki<\/span><\/a><\/div>\n","protected":false},"author":1,"featured_media":0,"comment_status":"open","ping_status":"open","sticky":false,"template":"","format":"standard","meta":{"_crdt_document":"","jetpack_post_was_ever_published":false,"_jetpack_newsletter_access":"","_jetpack_dont_email_post_to_subs":false,"_jetpack_newsletter_tier_id":0,"_jetpack_memberships_contains_paywalled_content":false,"_jetpack_memberships_contains_paid_content":false,"footnotes":"","jetpack_publicize_message":"","jetpack_publicize_feature_enabled":true,"jetpack_social_post_already_shared":true,"jetpack_social_options":{"image_generator_settings":{"template":"highway","default_image_id":0,"font":"","enabled":false},"version":2}},"categories":[17],"tags":[408,409],"class_list":["post-3011","post","type-post","status-publish","format-standard","hentry","category-cytaty","tag-blond","tag-blondynki","excerpt","zoom","full-without-featured","even","excerpt-0"],"jetpack_publicize_connections":[],"jetpack_featured_media_url":"","jetpack_shortlink":"https:\/\/wp.me\/p4lAri-Mz","jetpack_sharing_enabled":true,"jetpack-related-posts":[{"id":3877,"url":"https:\/\/www.volen.pl\/?p=3877","url_meta":{"origin":3011,"position":0},"title":"Korbiel\u00f3w &#8211; W\u0119gierska G\u00f3rka","author":"volen","date":"2025-10-10","format":false,"excerpt":"W trasie s\u0142ucha\u0142em ciekawych podcast\u00f3w. \u017bona kaza\u0142a. Wiadomo. A jak \u017bona ka\u017ce, to M\u0105\u017c nie dyskutuje, lecz robi. Tak to dzia\u0142a. W drug\u0105 stron\u0119 podobno r\u00f3wnie\u017c, ali\u015bci na razie nie zauwa\u017cy\u0142em... Po jakim\u015b niezwykle dziwnie p\u0142yn\u0105cym czasie dojecha\u0142em do W\u0119gierskiej G\u00f3rki (czas, rzecz wzgl\u0119dna, wiadomo). Tu zatrzyma\u0142em si\u0119 u przesympatycznej\u2026","rel":"","context":"W \u201eGSB&quot;","block_context":{"text":"GSB","link":"https:\/\/www.volen.pl\/?cat=457"},"img":{"alt_text":"","src":"https:\/\/i0.wp.com\/www.volen.pl\/wp-content\/uploads\/2025\/11\/IMG_20251009_140521.jpg?fit=1200%2C900&ssl=1&resize=350%2C200","width":350,"height":200,"srcset":"https:\/\/i0.wp.com\/www.volen.pl\/wp-content\/uploads\/2025\/11\/IMG_20251009_140521.jpg?fit=1200%2C900&ssl=1&resize=350%2C200 1x, https:\/\/i0.wp.com\/www.volen.pl\/wp-content\/uploads\/2025\/11\/IMG_20251009_140521.jpg?fit=1200%2C900&ssl=1&resize=525%2C300 1.5x, https:\/\/i0.wp.com\/www.volen.pl\/wp-content\/uploads\/2025\/11\/IMG_20251009_140521.jpg?fit=1200%2C900&ssl=1&resize=700%2C400 2x, https:\/\/i0.wp.com\/www.volen.pl\/wp-content\/uploads\/2025\/11\/IMG_20251009_140521.jpg?fit=1200%2C900&ssl=1&resize=1050%2C600 3x"},"classes":[]},{"id":3848,"url":"https:\/\/www.volen.pl\/?p=3848","url_meta":{"origin":3011,"position":1},"title":"Polowanie na pokemony","author":"volen","date":"2025-05-17","format":false,"excerpt":"Nocleg w Markowych Szczawinach, hmmm\u2026 Ba\u0142em si\u0119 troch\u0119, \u017ce Gniewko b\u0119dzie dokazywa\u0142, ale chyba zdepta\u0142em go wystarczaj\u0105co. Po kolacji i zaj\u0119ciu miejsc noclegowych zeszli\u015bmy do living roomu przy suszarni i si\u0119 suszyli\u015bmy, pili\u015bmy herbat\u0119, czytali\u015bmy ksi\u0105\u017ck\u0119 (ja) i ogl\u0105dali\u015bmy bajki (oni). Po jakim\u015b czasie poszli\u015bmy spa\u0107, razem z nami w\u2026","rel":"","context":"W \u201eGSB&quot;","block_context":{"text":"GSB","link":"https:\/\/www.volen.pl\/?cat=457"},"img":{"alt_text":"","src":"https:\/\/i0.wp.com\/www.volen.pl\/wp-content\/uploads\/2025\/09\/IMG_20250517_124114.jpg?fit=1200%2C900&ssl=1&resize=350%2C200","width":350,"height":200,"srcset":"https:\/\/i0.wp.com\/www.volen.pl\/wp-content\/uploads\/2025\/09\/IMG_20250517_124114.jpg?fit=1200%2C900&ssl=1&resize=350%2C200 1x, https:\/\/i0.wp.com\/www.volen.pl\/wp-content\/uploads\/2025\/09\/IMG_20250517_124114.jpg?fit=1200%2C900&ssl=1&resize=525%2C300 1.5x, https:\/\/i0.wp.com\/www.volen.pl\/wp-content\/uploads\/2025\/09\/IMG_20250517_124114.jpg?fit=1200%2C900&ssl=1&resize=700%2C400 2x, https:\/\/i0.wp.com\/www.volen.pl\/wp-content\/uploads\/2025\/09\/IMG_20250517_124114.jpg?fit=1200%2C900&ssl=1&resize=1050%2C600 3x"},"classes":[]},{"id":2369,"url":"https:\/\/www.volen.pl\/?p=2369","url_meta":{"origin":3011,"position":2},"title":"\u015bnie\u017cnobia\u0142e klify Aktolagay","author":"volen","date":"2018-06-02","format":false,"excerpt":"Spora cz\u0119\u015b\u0107 trasy to same przejazdy, w czasie kt\u00f3rych nic si\u0119 nie dzieje, samoch\u00f3d \u0142yka kilometry, my py\u0142. Co jaki\u015b czas sier\u015b\u0107 (a przynajmniej wolimy tak my\u015ble\u0107) wielb\u0142\u0105d\u00f3w. Albo k\u00f3z. Wr\u00f3cili\u015bmy do Kulsary. Rano okaza\u0142o si\u0119, \u017ce rura wydechowa, kt\u00f3rej nie zd\u0105\u017cy\u0142em zespawa\u0107 przed wyjazdem, wisi na w\u0142osku. Przy okazji\u2026","rel":"","context":"W \u201enawariata&quot;","block_context":{"text":"nawariata","link":"https:\/\/www.volen.pl\/?cat=93"},"img":{"alt_text":"","src":"https:\/\/i0.wp.com\/www.volen.pl\/wp-content\/uploads\/2018\/06\/VOL0871.jpg?fit=1200%2C795&ssl=1&resize=350%2C200","width":350,"height":200,"srcset":"https:\/\/i0.wp.com\/www.volen.pl\/wp-content\/uploads\/2018\/06\/VOL0871.jpg?fit=1200%2C795&ssl=1&resize=350%2C200 1x, https:\/\/i0.wp.com\/www.volen.pl\/wp-content\/uploads\/2018\/06\/VOL0871.jpg?fit=1200%2C795&ssl=1&resize=525%2C300 1.5x, https:\/\/i0.wp.com\/www.volen.pl\/wp-content\/uploads\/2018\/06\/VOL0871.jpg?fit=1200%2C795&ssl=1&resize=700%2C400 2x, https:\/\/i0.wp.com\/www.volen.pl\/wp-content\/uploads\/2018\/06\/VOL0871.jpg?fit=1200%2C795&ssl=1&resize=1050%2C600 3x"},"classes":[]},{"id":3099,"url":"https:\/\/www.volen.pl\/?p=3099","url_meta":{"origin":3011,"position":3},"title":"Droga krzy\u017cowa","author":"volen","date":"2023-01-26","format":false,"excerpt":"G\u0142\u00f3wny Szlak Beskidzki chodzi\u0142 za mn\u0105 i chodzi\u0142 i czarowa\u0142 i urzeka\u0142 i n\u0119ci\u0142 od wielu ju\u017c lat. I jako\u015b tak si\u0119 z\u0142o\u017cy\u0142o, \u017ce w tym roku nadszed\u0142 czas. Nawet nie wiem jak i kiedy, ale poczu\u0142em, \u017ce to w\u0142a\u015bnie teraz. Z paczki moich le\u015bnych ludzi jedynie Daniel wyrazi\u0142 ch\u0119\u0107\u2026","rel":"","context":"W \u201eGSB&quot;","block_context":{"text":"GSB","link":"https:\/\/www.volen.pl\/?cat=457"},"img":{"alt_text":"","src":"https:\/\/i0.wp.com\/www.volen.pl\/wp-content\/uploads\/2023\/02\/IMG_20230126_084152-scaled.jpg?fit=900%2C1200&ssl=1&resize=350%2C200","width":350,"height":200,"srcset":"https:\/\/i0.wp.com\/www.volen.pl\/wp-content\/uploads\/2023\/02\/IMG_20230126_084152-scaled.jpg?fit=900%2C1200&ssl=1&resize=350%2C200 1x, https:\/\/i0.wp.com\/www.volen.pl\/wp-content\/uploads\/2023\/02\/IMG_20230126_084152-scaled.jpg?fit=900%2C1200&ssl=1&resize=525%2C300 1.5x, https:\/\/i0.wp.com\/www.volen.pl\/wp-content\/uploads\/2023\/02\/IMG_20230126_084152-scaled.jpg?fit=900%2C1200&ssl=1&resize=700%2C400 2x"},"classes":[]},{"id":3073,"url":"https:\/\/www.volen.pl\/?p=3073","url_meta":{"origin":3011,"position":4},"title":"\u017burawie","author":"volen","date":"2018-10-11","format":false,"excerpt":"W nocy pada\u0142o, namiot mokry. Wszystko wilgotne w \u015brodku, wi\u0119c zastosowa\u0142em sw\u00f3j stary spos\u00f3b, rozci\u0105gn\u0105\u0142em z ty\u0142u kabiny link\u0119. Jeden \u015bpiw\u00f3r suszy si\u0119 na siedzeniu, drugi (tak, wygodny jestem, lubi\u0119 mie\u0107 w miar\u0119 mi\u0119kko pod plecami) na tej lince. Leje, ci\u0105gle wilgo\u0107 s\u0105czy si\u0119 z nieba, \u015bwiate\u0142ka samochod\u00f3w z naprzeciwka\u2026","rel":"","context":"W \u201enawariata&quot;","block_context":{"text":"nawariata","link":"https:\/\/www.volen.pl\/?cat=93"},"img":{"alt_text":"","src":"https:\/\/i0.wp.com\/www.volen.pl\/wp-content\/uploads\/2023\/02\/20181007_082919_HDR-scaled.jpg?fit=1200%2C600&ssl=1&resize=350%2C200","width":350,"height":200,"srcset":"https:\/\/i0.wp.com\/www.volen.pl\/wp-content\/uploads\/2023\/02\/20181007_082919_HDR-scaled.jpg?fit=1200%2C600&ssl=1&resize=350%2C200 1x, https:\/\/i0.wp.com\/www.volen.pl\/wp-content\/uploads\/2023\/02\/20181007_082919_HDR-scaled.jpg?fit=1200%2C600&ssl=1&resize=525%2C300 1.5x, https:\/\/i0.wp.com\/www.volen.pl\/wp-content\/uploads\/2023\/02\/20181007_082919_HDR-scaled.jpg?fit=1200%2C600&ssl=1&resize=700%2C400 2x, https:\/\/i0.wp.com\/www.volen.pl\/wp-content\/uploads\/2023\/02\/20181007_082919_HDR-scaled.jpg?fit=1200%2C600&ssl=1&resize=1050%2C600 3x"},"classes":[]},{"id":1297,"url":"https:\/\/www.volen.pl\/?p=1297","url_meta":{"origin":3011,"position":5},"title":"rozterki moralne","author":"volen","date":"2015-08-08","format":false,"excerpt":"Otrzepali\u015bmy si\u0119 wi\u0119c z godno\u015bci\u0105, wytrzepali\u015bmy namiot i \u015bpiwory, wyk\u0105pali\u015bmy si\u0119 raz jeszcze w Morzu Egejskim i Anula znowu dzielnie prowadzi\u0142a do granicy z Bu\u0142gari\u0105, a nawet odrobin\u0119 dalej. Granica grecko - bu\u0142garska zdumia\u0142a nas niepomiernie, gdy\u017c toczka w toczk\u0119 przypomina\u0142a granic\u0119 czarnog\u00f3rsko - alba\u0144sk\u0105, przynajmniej w stron\u0119 Grecji. Wjazd\u2026","rel":"","context":"W \u201eBalkan eXpress&quot;","block_context":{"text":"Balkan eXpress","link":"https:\/\/www.volen.pl\/?cat=194"},"img":{"alt_text":"","src":"https:\/\/i0.wp.com\/www.volen.pl\/wp-content\/uploads\/2015\/08\/VOL0509.jpg?fit=1200%2C795&ssl=1&resize=350%2C200","width":350,"height":200,"srcset":"https:\/\/i0.wp.com\/www.volen.pl\/wp-content\/uploads\/2015\/08\/VOL0509.jpg?fit=1200%2C795&ssl=1&resize=350%2C200 1x, https:\/\/i0.wp.com\/www.volen.pl\/wp-content\/uploads\/2015\/08\/VOL0509.jpg?fit=1200%2C795&ssl=1&resize=525%2C300 1.5x, https:\/\/i0.wp.com\/www.volen.pl\/wp-content\/uploads\/2015\/08\/VOL0509.jpg?fit=1200%2C795&ssl=1&resize=700%2C400 2x, https:\/\/i0.wp.com\/www.volen.pl\/wp-content\/uploads\/2015\/08\/VOL0509.jpg?fit=1200%2C795&ssl=1&resize=1050%2C600 3x"},"classes":[]}],"_links":{"self":[{"href":"https:\/\/www.volen.pl\/index.php?rest_route=\/wp\/v2\/posts\/3011","targetHints":{"allow":["GET"]}}],"collection":[{"href":"https:\/\/www.volen.pl\/index.php?rest_route=\/wp\/v2\/posts"}],"about":[{"href":"https:\/\/www.volen.pl\/index.php?rest_route=\/wp\/v2\/types\/post"}],"author":[{"embeddable":true,"href":"https:\/\/www.volen.pl\/index.php?rest_route=\/wp\/v2\/users\/1"}],"replies":[{"embeddable":true,"href":"https:\/\/www.volen.pl\/index.php?rest_route=%2Fwp%2Fv2%2Fcomments&post=3011"}],"version-history":[{"count":0,"href":"https:\/\/www.volen.pl\/index.php?rest_route=\/wp\/v2\/posts\/3011\/revisions"}],"wp:attachment":[{"href":"https:\/\/www.volen.pl\/index.php?rest_route=%2Fwp%2Fv2%2Fmedia&parent=3011"}],"wp:term":[{"taxonomy":"category","embeddable":true,"href":"https:\/\/www.volen.pl\/index.php?rest_route=%2Fwp%2Fv2%2Fcategories&post=3011"},{"taxonomy":"post_tag","embeddable":true,"href":"https:\/\/www.volen.pl\/index.php?rest_route=%2Fwp%2Fv2%2Ftags&post=3011"}],"curies":[{"name":"wp","href":"https:\/\/api.w.org\/{rel}","templated":true}]}}