{"id":3021,"date":"2020-11-05T22:30:47","date_gmt":"2020-11-05T21:30:47","guid":{"rendered":"http:\/\/www.volen.pl\/?p=3021"},"modified":"2020-11-05T22:30:47","modified_gmt":"2020-11-05T21:30:47","slug":"pytania","status":"publish","type":"post","link":"https:\/\/www.volen.pl\/?p=3021","title":{"rendered":"Pytania"},"content":{"rendered":"<p>To \u017cycie, to dzieje si\u0119 naprawd\u0119. Umiera si\u0119 bez znajomo\u015bci ostatecznych wyja\u015bnie\u0144, umiera si\u0119 w jeszcze wi\u0119kszej niewiedzy, bo przez lata pyta\u0144 tylko przyby\u0142o.<\/p>\n<p>Jacek Dukaj, Czarne oceany<\/p>\n","protected":false},"excerpt":{"rendered":"<p>To \u017cycie, to dzieje si\u0119 naprawd\u0119. Umiera si\u0119 bez znajomo\u015bci ostatecznych wyja\u015bnie\u0144, umiera si\u0119 w&#8230;<\/p>\n<div class=\"more-link-wrapper\"><a class=\"more-link\" href=\"https:\/\/www.volen.pl\/?p=3021\">Read the post<span class=\"screen-reader-text\">Pytania<\/span><\/a><\/div>\n","protected":false},"author":1,"featured_media":0,"comment_status":"open","ping_status":"open","sticky":false,"template":"","format":"standard","meta":{"_crdt_document":"","jetpack_post_was_ever_published":false,"_jetpack_newsletter_access":"","_jetpack_dont_email_post_to_subs":false,"_jetpack_newsletter_tier_id":0,"_jetpack_memberships_contains_paywalled_content":false,"_jetpack_memberships_contains_paid_content":false,"footnotes":"","jetpack_publicize_message":"","jetpack_publicize_feature_enabled":true,"jetpack_social_post_already_shared":true,"jetpack_social_options":{"image_generator_settings":{"template":"highway","default_image_id":0,"font":"","enabled":false},"version":2}},"categories":[17],"tags":[401,398,240],"class_list":["post-3021","post","type-post","status-publish","format-standard","hentry","category-cytaty","tag-czarne-oceany","tag-dukaj","tag-zycie","excerpt","zoom","full-without-featured","even","excerpt-0"],"jetpack_publicize_connections":[],"jetpack_featured_media_url":"","jetpack_shortlink":"https:\/\/wp.me\/s4lAri-pytania","jetpack_sharing_enabled":true,"jetpack-related-posts":[{"id":3022,"url":"https:\/\/www.volen.pl\/?p=3022","url_meta":{"origin":3021,"position":0},"title":"Akceptacja","author":"volen","date":"2020-11-05","format":false,"excerpt":"Postaw\u0105 dominuj\u0105c\u0105 stawa\u0142a si\u0119 wi\u0119c postawa bezrefleksyjnej akceptacji, jako jedyna gwarantuj\u0105ca jaki taki spok\u00f3j psychiczny. Jacek Dukaj, Czarne oceany","rel":"","context":"W \u201ez\u0142ote g\u0142oski&quot;","block_context":{"text":"z\u0142ote g\u0142oski","link":"https:\/\/www.volen.pl\/?cat=17"},"img":{"alt_text":"","src":"","width":0,"height":0},"classes":[]},{"id":3020,"url":"https:\/\/www.volen.pl\/?p=3020","url_meta":{"origin":3021,"position":1},"title":"Jest lepiej","author":"volen","date":"2020-11-05","format":false,"excerpt":"Zakazana jest gramatyka czasu przysz\u0142ego i tryby warunkowe. \u0179le si\u0119 widzi zegary, kalendarze. Kultywujemy sztuk\u0119 bezrefleksyjnego optymizmu. Gotyckie litery nad wrotami: JEST LEPIEJ. Jacek Dukaj, Czarne oceany","rel":"","context":"W \u201ez\u0142ote g\u0142oski&quot;","block_context":{"text":"z\u0142ote g\u0142oski","link":"https:\/\/www.volen.pl\/?cat=17"},"img":{"alt_text":"","src":"","width":0,"height":0},"classes":[]},{"id":3006,"url":"https:\/\/www.volen.pl\/?p=3006","url_meta":{"origin":3021,"position":2},"title":"Natura ludzka","author":"volen","date":"2020-06-05","format":false,"excerpt":"nie \u017cywi\u0142 z\u0142udze\u0144 co do natury ludzkiej - tak czy owak przewa\u017caj\u0105ca wi\u0119kszo\u015b\u0107 \u017cyje jeno si\u0142\u0105 inercji, a m\u0105k wegetacji do\u015bwiadcza co najwy\u017cej w postaci porannego kaca, depresji postkoitalnej lub wizyt u dentysty Jacek Dukaj - Czarne oceany","rel":"","context":"W \u201ez\u0142ote g\u0142oski&quot;","block_context":{"text":"z\u0142ote g\u0142oski","link":"https:\/\/www.volen.pl\/?cat=17"},"img":{"alt_text":"","src":"","width":0,"height":0},"classes":[]},{"id":3007,"url":"https:\/\/www.volen.pl\/?p=3007","url_meta":{"origin":3021,"position":3},"title":"Dojrza\u0142o\u015b\u0107","author":"volen","date":"2020-07-02","format":false,"excerpt":"Chyba to s\u0105 te drzwi do prawdziwej dojrza\u0142o\u015bci: kiedy przez nie przejdziesz, doro\u015bli przestaj\u0105 by\u0107 istotami z obcej krainy, kt\u00f3rych motyw\u00f3w i my\u015bli tak czy owak nie docieczesz; staj\u0105 si\u0119 natomiast takimi samymi zagubionymi g\u0142upcami, co ty, tylko \u017ce starszymi, i jeste\u015b w stanie z ich rozterkami sympatyzowa\u0107, a czasami\u2026","rel":"","context":"W \u201ez\u0142ote g\u0142oski&quot;","block_context":{"text":"z\u0142ote g\u0142oski","link":"https:\/\/www.volen.pl\/?cat=17"},"img":{"alt_text":"","src":"","width":0,"height":0},"classes":[]},{"id":3004,"url":"https:\/\/www.volen.pl\/?p=3004","url_meta":{"origin":3021,"position":4},"title":"Perfidia komplement\u00f3w","author":"volen","date":"2020-05-26","format":false,"excerpt":"Perfidia twych komplement\u00f3w, Bellissima, dor\u00f3wnuje jedynie s\u0142odyczy twych inwektyw. Jacek Dukaj - W kraju niewiernych","rel":"","context":"W \u201ez\u0142ote g\u0142oski&quot;","block_context":{"text":"z\u0142ote g\u0142oski","link":"https:\/\/www.volen.pl\/?cat=17"},"img":{"alt_text":"","src":"","width":0,"height":0},"classes":[]},{"id":3005,"url":"https:\/\/www.volen.pl\/?p=3005","url_meta":{"origin":3021,"position":5},"title":"Trio","author":"volen","date":"2020-05-29","format":false,"excerpt":"- Co proponujesz? Seks? Pieni\u0105dze? Strach? - \u015awi\u0119ta Tr\u00f3jca oficer\u00f3w wywiadu, kanoniczna triada katalizator\u00f3w zdrady. Jacek Dukaj, W kraju niewiernych","rel":"","context":"W \u201ez\u0142ote g\u0142oski&quot;","block_context":{"text":"z\u0142ote g\u0142oski","link":"https:\/\/www.volen.pl\/?cat=17"},"img":{"alt_text":"","src":"","width":0,"height":0},"classes":[]}],"_links":{"self":[{"href":"https:\/\/www.volen.pl\/index.php?rest_route=\/wp\/v2\/posts\/3021","targetHints":{"allow":["GET"]}}],"collection":[{"href":"https:\/\/www.volen.pl\/index.php?rest_route=\/wp\/v2\/posts"}],"about":[{"href":"https:\/\/www.volen.pl\/index.php?rest_route=\/wp\/v2\/types\/post"}],"author":[{"embeddable":true,"href":"https:\/\/www.volen.pl\/index.php?rest_route=\/wp\/v2\/users\/1"}],"replies":[{"embeddable":true,"href":"https:\/\/www.volen.pl\/index.php?rest_route=%2Fwp%2Fv2%2Fcomments&post=3021"}],"version-history":[{"count":0,"href":"https:\/\/www.volen.pl\/index.php?rest_route=\/wp\/v2\/posts\/3021\/revisions"}],"wp:attachment":[{"href":"https:\/\/www.volen.pl\/index.php?rest_route=%2Fwp%2Fv2%2Fmedia&parent=3021"}],"wp:term":[{"taxonomy":"category","embeddable":true,"href":"https:\/\/www.volen.pl\/index.php?rest_route=%2Fwp%2Fv2%2Fcategories&post=3021"},{"taxonomy":"post_tag","embeddable":true,"href":"https:\/\/www.volen.pl\/index.php?rest_route=%2Fwp%2Fv2%2Ftags&post=3021"}],"curies":[{"name":"wp","href":"https:\/\/api.w.org\/{rel}","templated":true}]}}