{"id":3034,"date":"2021-06-08T22:40:11","date_gmt":"2021-06-08T20:40:11","guid":{"rendered":"http:\/\/www.volen.pl\/?p=3034"},"modified":"2021-06-08T22:40:11","modified_gmt":"2021-06-08T20:40:11","slug":"jasniej","status":"publish","type":"post","link":"https:\/\/www.volen.pl\/?p=3034","title":{"rendered":"Ja\u015bniej"},"content":{"rendered":"\n<p class=\"wp-block-paragraph\">\u2013 Pogranicze zawsze wyprzedza prawo \u2013 odezwa\u0142 si\u0119 Holden.<br>\u2013 Prawda \u2013 zgodzi\u0142 si\u0119 Miller. \u2013 Ale tutaj by\u0142o ju\u017c miejsce zbrodni, jeszcze zanim tu dolecia\u0142e\u015b.<br>\u2013 Wysadzenie ci\u0119\u017ckiego promu by\u0142o\u2026<br>\u2013 Nie to \u2013 wci\u0105\u0142 si\u0119 Miller. \u2013 Chodzi mi o to wszystko. Wszystkie miejsca.<br>\u2013 Mam wra\u017cenie, \u017ce ostatnio sp\u0119dzam mn\u00f3stwo czasu, prosz\u0105c ludzi, \u017ceby wyra\u017cali si\u0119 ja\u015bniej.<\/p>\n\n\n\n<p class=\"wp-block-paragraph\">Gor\u0105czka Ciboli &#8211; James S. A. Corey<\/p>\n\n\n\n<p class=\"wp-block-paragraph\"><\/p>\n","protected":false},"excerpt":{"rendered":"<p>\u2013 Pogranicze zawsze wyprzedza prawo \u2013 odezwa\u0142 si\u0119 Holden.\u2013 Prawda \u2013 zgodzi\u0142 si\u0119 Miller. \u2013&#8230;<\/p>\n<div class=\"more-link-wrapper\"><a class=\"more-link\" href=\"https:\/\/www.volen.pl\/?p=3034\">Read the post<span class=\"screen-reader-text\">Ja\u015bniej<\/span><\/a><\/div>\n","protected":false},"author":1,"featured_media":0,"comment_status":"open","ping_status":"open","sticky":false,"template":"","format":"standard","meta":{"_crdt_document":"","jetpack_post_was_ever_published":false,"_jetpack_newsletter_access":"","_jetpack_dont_email_post_to_subs":false,"_jetpack_newsletter_tier_id":0,"_jetpack_memberships_contains_paywalled_content":false,"_jetpack_memberships_contains_paid_content":false,"footnotes":"","jetpack_publicize_message":"","jetpack_publicize_feature_enabled":true,"jetpack_social_post_already_shared":true,"jetpack_social_options":{"image_generator_settings":{"template":"highway","default_image_id":0,"font":"","enabled":false},"version":2}},"categories":[17],"tags":[419,418,420],"class_list":["post-3034","post","type-post","status-publish","format-standard","hentry","category-cytaty","tag-holden","tag-james-s-a-corey","tag-protomolekula","excerpt","zoom","full-without-featured","even","excerpt-0"],"jetpack_publicize_connections":[],"jetpack_featured_media_url":"","jetpack_shortlink":"https:\/\/wp.me\/s4lAri-jasniej","jetpack_sharing_enabled":true,"jetpack-related-posts":[{"id":3037,"url":"https:\/\/www.volen.pl\/?p=3037","url_meta":{"origin":3034,"position":0},"title":"Kontrast","author":"volen","date":"2021-08-01","format":false,"excerpt":"Gdyby wszystko na \u015bwiecie by\u0142o czerwone, nikt by o tym nie wiedzia\u0142. Bycie wsz\u0119dzie by\u0142o r\u00f3wnie dobrym sposobem na stanie si\u0119 niewidocznym, jak bycie nigdzie. To kontrast nadawa\u0142 kszta\u0142t rzeczom. \u015awiat\u0142o rodzi\u0142o mrok, pe\u0142nia tworzy\u0142a pustk\u0119. Samotno\u015b\u0107 definiowa\u0142a granice tego, czym by\u0142a nie-samotno\u015b\u0107. Wszystko by\u0142o wzgl\u0119dne. Gniew Tiamat, James S.\u2026","rel":"","context":"W \u201ez\u0142ote g\u0142oski&quot;","block_context":{"text":"z\u0142ote g\u0142oski","link":"https:\/\/www.volen.pl\/?cat=17"},"img":{"alt_text":"","src":"","width":0,"height":0},"classes":[]},{"id":3035,"url":"https:\/\/www.volen.pl\/?p=3035","url_meta":{"origin":3034,"position":1},"title":"Objawienie","author":"volen","date":"2021-07-05","format":false,"excerpt":"\u2013 Mia\u0142am o tobie lepsze mniemanie, Johnson \u2013 o\u015bwiadczy\u0142a. \u2013 Naprawd\u0119. Moje \u017cycie sta\u0142o si\u0119 jednym, nieustannie trwaj\u0105cym objawieniem, \u017ce nie by\u0142am dostatecznie cyniczna. Prochy Babilonu - James S. A. Corey","rel":"","context":"W \u201ez\u0142ote g\u0142oski&quot;","block_context":{"text":"z\u0142ote g\u0142oski","link":"https:\/\/www.volen.pl\/?cat=17"},"img":{"alt_text":"","src":"","width":0,"height":0},"classes":[]},{"id":732,"url":"https:\/\/www.volen.pl\/?p=732","url_meta":{"origin":3034,"position":2},"title":"el pecado mortal","author":"volen","date":"2014-10-22","format":false,"excerpt":"W Casa del Inka na \u015bniadanie placuszki kukurydziane. Za\u017cyczy\u0142em dwa, bo przepyszne by\u0142y. Koci\u0105tko po\u017car\u0142o jeden, mrucz\u0105c z niesmakiem i zjad\u0142o bu\u0142k\u0119 z d\u017cemem na dok\u0142adk\u0119. Kawa, kt\u00f3r\u0105\u015bmy kupili, nie nadaje si\u0119 do parzenia wod\u0105 o temperaturze poni\u017cej 100st: utworzy\u0142a si\u0119 zawiesina. Szefowa kuchni w odruchu dobroci przynios\u0142a nam cedzak\u2026","rel":"","context":"W \u201ea la conquista de Am\u00e9rica&quot;","block_context":{"text":"a la conquista de Am\u00e9rica","link":"https:\/\/www.volen.pl\/?cat=138"},"img":{"alt_text":"","src":"https:\/\/i0.wp.com\/www.volen.pl\/wp-content\/uploads\/2014\/10\/r-_DSC9976.jpg?fit=1200%2C795&ssl=1&resize=350%2C200","width":350,"height":200,"srcset":"https:\/\/i0.wp.com\/www.volen.pl\/wp-content\/uploads\/2014\/10\/r-_DSC9976.jpg?fit=1200%2C795&ssl=1&resize=350%2C200 1x, https:\/\/i0.wp.com\/www.volen.pl\/wp-content\/uploads\/2014\/10\/r-_DSC9976.jpg?fit=1200%2C795&ssl=1&resize=525%2C300 1.5x, https:\/\/i0.wp.com\/www.volen.pl\/wp-content\/uploads\/2014\/10\/r-_DSC9976.jpg?fit=1200%2C795&ssl=1&resize=700%2C400 2x, https:\/\/i0.wp.com\/www.volen.pl\/wp-content\/uploads\/2014\/10\/r-_DSC9976.jpg?fit=1200%2C795&ssl=1&resize=1050%2C600 3x"},"classes":[]},{"id":2353,"url":"https:\/\/www.volen.pl\/?p=2353","url_meta":{"origin":3034,"position":3},"title":"kulki &#8211; valley of balls","author":"volen","date":"2018-06-02","format":false,"excerpt":"Poranek by\u0142 do\u015b\u0107 wietrzny, wiatr zabiera\u0142 nam ca\u0142y dobytek, wi\u0119c trzeba by\u0142o jako\u015b tak mie\u0107 po kilka macek wi\u0119cej, \u017ceby si\u0119 pozbiera\u0107. Co ciekawe, mimo wichury, uda\u0142o mi si\u0119 spakowa\u0107 namiot w og\u00f3le wzorcowo, najlepiej, jak by\u0142 kiedykolwiek spakowany. Zrobi\u0142em te\u017c dwa sprinty, \u017ceby dogoni\u0107 niesforne rzeczy. Taki nieoczekiwany sprint\u2026","rel":"","context":"W \u201enawariata&quot;","block_context":{"text":"nawariata","link":"https:\/\/www.volen.pl\/?cat=93"},"img":{"alt_text":"","src":"https:\/\/i0.wp.com\/www.volen.pl\/wp-content\/uploads\/2018\/06\/VOL0565.jpg?fit=1200%2C795&ssl=1&resize=350%2C200","width":350,"height":200,"srcset":"https:\/\/i0.wp.com\/www.volen.pl\/wp-content\/uploads\/2018\/06\/VOL0565.jpg?fit=1200%2C795&ssl=1&resize=350%2C200 1x, https:\/\/i0.wp.com\/www.volen.pl\/wp-content\/uploads\/2018\/06\/VOL0565.jpg?fit=1200%2C795&ssl=1&resize=525%2C300 1.5x, https:\/\/i0.wp.com\/www.volen.pl\/wp-content\/uploads\/2018\/06\/VOL0565.jpg?fit=1200%2C795&ssl=1&resize=700%2C400 2x, https:\/\/i0.wp.com\/www.volen.pl\/wp-content\/uploads\/2018\/06\/VOL0565.jpg?fit=1200%2C795&ssl=1&resize=1050%2C600 3x"},"classes":[]},{"id":208,"url":"https:\/\/www.volen.pl\/?p=208","url_meta":{"origin":3034,"position":4},"title":"\u015amiertelne zm\u0119czenie","author":"volen","date":"2013-04-29","format":false,"excerpt":"Patrz\u0105c z perspektywy dnia dzisiejszego, t\u0119 tras\u0119 mo\u017cna spokojnie ochrzci\u0107 mianem z tytu\u0142u. Wsiedli\u015bmy z moj\u0105 choler\u0105 do poci\u0105gu, poczekali\u015bmy na Marcina i Ani\u0119, po czym ruszyli\u015bmy w drog\u0119. Na kt\u00f3rym\u015b z przystank\u00f3w Marcina ogarn\u0105\u0142 ch\u0142odny cie\u0144 przesz\u0142o\u015bci wraz ze swym partnerem, ale nie dali rady zepsu\u0107 nastroju. Bielsko przywita\u0142o\u2026","rel":"","context":"W \u201eBeskid \u015al\u0105ski 2013&quot;","block_context":{"text":"Beskid \u015al\u0105ski 2013","link":"https:\/\/www.volen.pl\/?cat=136"},"img":{"alt_text":"","src":"","width":0,"height":0},"classes":[]},{"id":205,"url":"https:\/\/www.volen.pl\/?p=205","url_meta":{"origin":3034,"position":5},"title":"G\u0142os rozs\u0105dku","author":"volen","date":"2013-05-02","format":false,"excerpt":"Jako\u015b tak z dnia na dzie\u0144 od chwili urodzin przywyk\u0142em, by go nie s\u0142ucha\u0107, bo g\u0142os rozs\u0105dku z zasady wyklucza wi\u0119kszo\u015b\u0107 moich pomys\u0142\u00f3w. Musia\u0142em wybra\u0107 si\u0119 w Beskidy, by zobaczy\u0107 jak dzia\u0142a. Od rana przy \u015bniadaniu dziewcz\u0119ta usi\u0142owa\u0142y forsowa\u0107 sw\u00f3j pomys\u0142, by uda\u0107 si\u0119 na poniewierk\u0119 i spr\u00f3bowa\u0107 dotrze\u0107 do\u2026","rel":"","context":"W \u201eBeskid \u015al\u0105ski 2013&quot;","block_context":{"text":"Beskid \u015al\u0105ski 2013","link":"https:\/\/www.volen.pl\/?cat=136"},"img":{"alt_text":"","src":"","width":0,"height":0},"classes":[]}],"_links":{"self":[{"href":"https:\/\/www.volen.pl\/index.php?rest_route=\/wp\/v2\/posts\/3034","targetHints":{"allow":["GET"]}}],"collection":[{"href":"https:\/\/www.volen.pl\/index.php?rest_route=\/wp\/v2\/posts"}],"about":[{"href":"https:\/\/www.volen.pl\/index.php?rest_route=\/wp\/v2\/types\/post"}],"author":[{"embeddable":true,"href":"https:\/\/www.volen.pl\/index.php?rest_route=\/wp\/v2\/users\/1"}],"replies":[{"embeddable":true,"href":"https:\/\/www.volen.pl\/index.php?rest_route=%2Fwp%2Fv2%2Fcomments&post=3034"}],"version-history":[{"count":0,"href":"https:\/\/www.volen.pl\/index.php?rest_route=\/wp\/v2\/posts\/3034\/revisions"}],"wp:attachment":[{"href":"https:\/\/www.volen.pl\/index.php?rest_route=%2Fwp%2Fv2%2Fmedia&parent=3034"}],"wp:term":[{"taxonomy":"category","embeddable":true,"href":"https:\/\/www.volen.pl\/index.php?rest_route=%2Fwp%2Fv2%2Fcategories&post=3034"},{"taxonomy":"post_tag","embeddable":true,"href":"https:\/\/www.volen.pl\/index.php?rest_route=%2Fwp%2Fv2%2Ftags&post=3034"}],"curies":[{"name":"wp","href":"https:\/\/api.w.org\/{rel}","templated":true}]}}