{"id":3037,"date":"2021-08-01T22:18:41","date_gmt":"2021-08-01T20:18:41","guid":{"rendered":"https:\/\/www.volen.pl\/?p=3037"},"modified":"2021-08-01T22:18:41","modified_gmt":"2021-08-01T20:18:41","slug":"kontrast","status":"publish","type":"post","link":"https:\/\/www.volen.pl\/?p=3037","title":{"rendered":"Kontrast"},"content":{"rendered":"\n<p class=\"wp-block-paragraph\">Gdyby wszystko na \u015bwiecie by\u0142o czerwone, nikt by o tym nie wiedzia\u0142. Bycie wsz\u0119dzie by\u0142o r\u00f3wnie dobrym sposobem na stanie si\u0119 niewidocznym, jak bycie nigdzie. To kontrast nadawa\u0142 kszta\u0142t rzeczom. \u015awiat\u0142o rodzi\u0142o mrok, pe\u0142nia tworzy\u0142a pustk\u0119. Samotno\u015b\u0107 definiowa\u0142a granice tego, czym by\u0142a nie-samotno\u015b\u0107. Wszystko by\u0142o wzgl\u0119dne.<\/p>\n\n\n\n<p class=\"wp-block-paragraph\">Gniew Tiamat, James S. A. Corey <\/p>\n","protected":false},"excerpt":{"rendered":"<p>Gdyby wszystko na \u015bwiecie by\u0142o czerwone, nikt by o tym nie wiedzia\u0142. Bycie wsz\u0119dzie by\u0142o&#8230;<\/p>\n<div class=\"more-link-wrapper\"><a class=\"more-link\" href=\"https:\/\/www.volen.pl\/?p=3037\">Read the post<span class=\"screen-reader-text\">Kontrast<\/span><\/a><\/div>\n","protected":false},"author":1,"featured_media":0,"comment_status":"open","ping_status":"open","sticky":false,"template":"","format":"standard","meta":{"_crdt_document":"","jetpack_post_was_ever_published":false,"_jetpack_newsletter_access":"","_jetpack_dont_email_post_to_subs":false,"_jetpack_newsletter_tier_id":0,"_jetpack_memberships_contains_paywalled_content":false,"_jetpack_memberships_contains_paid_content":false,"footnotes":"","jetpack_publicize_message":"","jetpack_publicize_feature_enabled":true,"jetpack_social_post_already_shared":true,"jetpack_social_options":{"image_generator_settings":{"template":"highway","default_image_id":0,"font":"","enabled":false},"version":2}},"categories":[17],"tags":[425,418,426],"class_list":["post-3037","post","type-post","status-publish","format-standard","hentry","category-cytaty","tag-gniew-tiamat","tag-james-s-a-corey","tag-kontrast","excerpt","zoom","full-without-featured","even","excerpt-0"],"jetpack_publicize_connections":[],"jetpack_featured_media_url":"","jetpack_shortlink":"https:\/\/wp.me\/s4lAri-kontrast","jetpack_sharing_enabled":true,"jetpack-related-posts":[{"id":3034,"url":"https:\/\/www.volen.pl\/?p=3034","url_meta":{"origin":3037,"position":0},"title":"Ja\u015bniej","author":"volen","date":"2021-06-08","format":false,"excerpt":"\u2013 Pogranicze zawsze wyprzedza prawo \u2013 odezwa\u0142 si\u0119 Holden.\u2013 Prawda \u2013 zgodzi\u0142 si\u0119 Miller. \u2013 Ale tutaj by\u0142o ju\u017c miejsce zbrodni, jeszcze zanim tu dolecia\u0142e\u015b.\u2013 Wysadzenie ci\u0119\u017ckiego promu by\u0142o\u2026\u2013 Nie to \u2013 wci\u0105\u0142 si\u0119 Miller. \u2013 Chodzi mi o to wszystko. Wszystkie miejsca.\u2013 Mam wra\u017cenie, \u017ce ostatnio sp\u0119dzam mn\u00f3stwo czasu,\u2026","rel":"","context":"W \u201ez\u0142ote g\u0142oski&quot;","block_context":{"text":"z\u0142ote g\u0142oski","link":"https:\/\/www.volen.pl\/?cat=17"},"img":{"alt_text":"","src":"","width":0,"height":0},"classes":[]},{"id":150,"url":"https:\/\/www.volen.pl\/?p=150","url_meta":{"origin":3037,"position":1},"title":"samotno\u015b\u0107","author":"volen","date":"2014-02-20","format":false,"excerpt":"Boj\u0105 si\u0119 by\u0107 osamotnieni w swoich przekonaniach, a \u017cadna kobieta nie mog\u0142aby pokocha\u0107 kt\u00f3rego\u015b z nich na tyle, \u017ceby zdo\u0142a\u0142 zabi\u0107 swoj\u0105 samotno\u015b\u0107 w tej kobiecie albo stopi\u0107 j\u0105 z jej samotno\u015bci\u0105, albo zrobi\u0107 z t\u0105 kobiet\u0105 co\u015b, co sprawia, \u017ce wszystko inne jest niewa\u017cne. Ernest Hemingway \"Zielone wzg\u00f3rza Afryki\"","rel":"","context":"W \u201ez\u0142ote g\u0142oski&quot;","block_context":{"text":"z\u0142ote g\u0142oski","link":"https:\/\/www.volen.pl\/?cat=17"},"img":{"alt_text":"","src":"","width":0,"height":0},"classes":[]},{"id":2906,"url":"https:\/\/www.volen.pl\/?p=2906","url_meta":{"origin":3037,"position":2},"title":"dyskretny urok elegancji","author":"volen","date":"2018-07-16","format":false,"excerpt":"Od p\u00f3\u0142nocy pada deszcz, pada, si\u0105pi, leje, szumi, Olchon p\u0142acze na nasz odjazd... Rano wszystko mokre... a woda wci\u0105\u017c zwartym strumieniem z nieba p\u0142ynie. Zwin\u0105\u0142em namiot na \u0142apu - capu i wrzuci\u0142em na pak\u0119, wyschn\u0119 go p\u00f3\u017aniej. Wyjazd z wyspy dzi\u015b to ogromna b\u0142otna \u015blizgawka, nap\u0119d na cztery \u0142apki i\u2026","rel":"","context":"W \u201enawariata&quot;","block_context":{"text":"nawariata","link":"https:\/\/www.volen.pl\/?cat=93"},"img":{"alt_text":"","src":"https:\/\/i0.wp.com\/www.volen.pl\/wp-content\/uploads\/2018\/07\/wyjazd_VOL3949.jpg?fit=1200%2C619&ssl=1&resize=350%2C200","width":350,"height":200,"srcset":"https:\/\/i0.wp.com\/www.volen.pl\/wp-content\/uploads\/2018\/07\/wyjazd_VOL3949.jpg?fit=1200%2C619&ssl=1&resize=350%2C200 1x, https:\/\/i0.wp.com\/www.volen.pl\/wp-content\/uploads\/2018\/07\/wyjazd_VOL3949.jpg?fit=1200%2C619&ssl=1&resize=525%2C300 1.5x, https:\/\/i0.wp.com\/www.volen.pl\/wp-content\/uploads\/2018\/07\/wyjazd_VOL3949.jpg?fit=1200%2C619&ssl=1&resize=700%2C400 2x, https:\/\/i0.wp.com\/www.volen.pl\/wp-content\/uploads\/2018\/07\/wyjazd_VOL3949.jpg?fit=1200%2C619&ssl=1&resize=1050%2C600 3x"},"classes":[]},{"id":208,"url":"https:\/\/www.volen.pl\/?p=208","url_meta":{"origin":3037,"position":3},"title":"\u015amiertelne zm\u0119czenie","author":"volen","date":"2013-04-29","format":false,"excerpt":"Patrz\u0105c z perspektywy dnia dzisiejszego, t\u0119 tras\u0119 mo\u017cna spokojnie ochrzci\u0107 mianem z tytu\u0142u. Wsiedli\u015bmy z moj\u0105 choler\u0105 do poci\u0105gu, poczekali\u015bmy na Marcina i Ani\u0119, po czym ruszyli\u015bmy w drog\u0119. Na kt\u00f3rym\u015b z przystank\u00f3w Marcina ogarn\u0105\u0142 ch\u0142odny cie\u0144 przesz\u0142o\u015bci wraz ze swym partnerem, ale nie dali rady zepsu\u0107 nastroju. Bielsko przywita\u0142o\u2026","rel":"","context":"W \u201eBeskid \u015al\u0105ski 2013&quot;","block_context":{"text":"Beskid \u015al\u0105ski 2013","link":"https:\/\/www.volen.pl\/?cat=136"},"img":{"alt_text":"","src":"","width":0,"height":0},"classes":[]},{"id":3591,"url":"https:\/\/www.volen.pl\/?p=3591","url_meta":{"origin":3037,"position":4},"title":"Paluszek i g\u0142\u00f3wka","author":"volen","date":"2024-09-19","format":false,"excerpt":"Na dobry pocz\u0105tek spu\u015bci\u0142em sobie z rana na du\u017cy palec u nogi kawa\u0142ek, wydawa\u0142oby si\u0119, niewielkiej p\u0142yty pil\u015bniowej. Do wieczora palec zgranatowia\u0142 i boli jak cholera. Wsiad\u0142em w poci\u0105g relacji Gdynia G\u0142\u00f3wna - Krynica-Zdr\u00f3j o 19tej, taki wagonik bydl\u0119cy, bez przedzia\u0142\u00f3w, fotele sztywne, jarzeni\u00f3wka ca\u0142\u0105 noc na pe\u0142n\u0105 par\u0119, nie\u2026","rel":"","context":"W \u201eGSB&quot;","block_context":{"text":"GSB","link":"https:\/\/www.volen.pl\/?cat=457"},"img":{"alt_text":"","src":"https:\/\/i0.wp.com\/www.volen.pl\/wp-content\/uploads\/2025\/01\/OW_IMG_20240919_145008-scaled.jpg?fit=1200%2C900&ssl=1&resize=350%2C200","width":350,"height":200,"srcset":"https:\/\/i0.wp.com\/www.volen.pl\/wp-content\/uploads\/2025\/01\/OW_IMG_20240919_145008-scaled.jpg?fit=1200%2C900&ssl=1&resize=350%2C200 1x, https:\/\/i0.wp.com\/www.volen.pl\/wp-content\/uploads\/2025\/01\/OW_IMG_20240919_145008-scaled.jpg?fit=1200%2C900&ssl=1&resize=525%2C300 1.5x, https:\/\/i0.wp.com\/www.volen.pl\/wp-content\/uploads\/2025\/01\/OW_IMG_20240919_145008-scaled.jpg?fit=1200%2C900&ssl=1&resize=700%2C400 2x, https:\/\/i0.wp.com\/www.volen.pl\/wp-content\/uploads\/2025\/01\/OW_IMG_20240919_145008-scaled.jpg?fit=1200%2C900&ssl=1&resize=1050%2C600 3x"},"classes":[]},{"id":3161,"url":"https:\/\/www.volen.pl\/?p=3161","url_meta":{"origin":3037,"position":5},"title":"Przez Polsk\u0119","author":"volen","date":"2023-06-10","format":false,"excerpt":"Moje \u017cycie p\u0119dzi zawsze na ostatni moment. Ju\u017c dawno przesta\u0142o mnie dziwi\u0107, \u017ce spakowa\u0107 si\u0119 mog\u0119 dopiero tu\u017c przed wyjazdem, a plan wyprawy robi si\u0119 sam. Nawet nie walcz\u0119 z tym jako\u015b specjalnie, bo w zasadzie musia\u0142bym zmieni\u0107 swoje przyzwyczajenia, styl i spos\u00f3b \u017cycia, a dobrze mi, jak jest. Zacz\u0119\u0142o\u2026","rel":"","context":"W \u201epo byku&quot;","block_context":{"text":"po byku","link":"https:\/\/www.volen.pl\/?cat=474"},"img":{"alt_text":"","src":"https:\/\/i0.wp.com\/www.volen.pl\/wp-content\/uploads\/2023\/07\/photo_2023-06-10_16-40-40.jpg?fit=1200%2C900&ssl=1&resize=350%2C200","width":350,"height":200,"srcset":"https:\/\/i0.wp.com\/www.volen.pl\/wp-content\/uploads\/2023\/07\/photo_2023-06-10_16-40-40.jpg?fit=1200%2C900&ssl=1&resize=350%2C200 1x, https:\/\/i0.wp.com\/www.volen.pl\/wp-content\/uploads\/2023\/07\/photo_2023-06-10_16-40-40.jpg?fit=1200%2C900&ssl=1&resize=525%2C300 1.5x, https:\/\/i0.wp.com\/www.volen.pl\/wp-content\/uploads\/2023\/07\/photo_2023-06-10_16-40-40.jpg?fit=1200%2C900&ssl=1&resize=700%2C400 2x, https:\/\/i0.wp.com\/www.volen.pl\/wp-content\/uploads\/2023\/07\/photo_2023-06-10_16-40-40.jpg?fit=1200%2C900&ssl=1&resize=1050%2C600 3x"},"classes":[]}],"_links":{"self":[{"href":"https:\/\/www.volen.pl\/index.php?rest_route=\/wp\/v2\/posts\/3037","targetHints":{"allow":["GET"]}}],"collection":[{"href":"https:\/\/www.volen.pl\/index.php?rest_route=\/wp\/v2\/posts"}],"about":[{"href":"https:\/\/www.volen.pl\/index.php?rest_route=\/wp\/v2\/types\/post"}],"author":[{"embeddable":true,"href":"https:\/\/www.volen.pl\/index.php?rest_route=\/wp\/v2\/users\/1"}],"replies":[{"embeddable":true,"href":"https:\/\/www.volen.pl\/index.php?rest_route=%2Fwp%2Fv2%2Fcomments&post=3037"}],"version-history":[{"count":0,"href":"https:\/\/www.volen.pl\/index.php?rest_route=\/wp\/v2\/posts\/3037\/revisions"}],"wp:attachment":[{"href":"https:\/\/www.volen.pl\/index.php?rest_route=%2Fwp%2Fv2%2Fmedia&parent=3037"}],"wp:term":[{"taxonomy":"category","embeddable":true,"href":"https:\/\/www.volen.pl\/index.php?rest_route=%2Fwp%2Fv2%2Fcategories&post=3037"},{"taxonomy":"post_tag","embeddable":true,"href":"https:\/\/www.volen.pl\/index.php?rest_route=%2Fwp%2Fv2%2Ftags&post=3037"}],"curies":[{"name":"wp","href":"https:\/\/api.w.org\/{rel}","templated":true}]}}