{"id":3038,"date":"2021-09-09T22:02:45","date_gmt":"2021-09-09T20:02:45","guid":{"rendered":"https:\/\/www.volen.pl\/?p=3038"},"modified":"2021-09-09T22:02:45","modified_gmt":"2021-09-09T20:02:45","slug":"swiadomosc","status":"publish","type":"post","link":"https:\/\/www.volen.pl\/?p=3038","title":{"rendered":"\u015bwiadomo\u015b\u0107"},"content":{"rendered":"\n<p class=\"wp-block-paragraph\">&#8222;Czlowiek chce odnale\u017a\u0107 swoj\u0105 nisz\u0119, [\u017ceby] jako\u015b si\u0119 odr\u00f3\u017cnic&#8221;, m\u00f3wi\u0142 Waits na temat przygotowa\u0144 do nagrania p\u0142yty. &#8222;Przy pierwszej p\u0142ycie my\u015blisz sobie: \u00abTo jest m\u00f3j cel: nagra\u0107 album\u00bb. A potem nagrywasz ten album i my\u015blisz: \u00abNo to ju\u017c, nagra\u0142em album jak tysi\u0105ce innych. Co teraz? Mo\u017ce zgol\u0119 pa\u0142\u0119\u00bb&#8221;.<\/p>\n\n\n\n<p class=\"wp-block-paragraph\">Barney Hoskyns, Tom Waits \u017bycie na poboczu<\/p>\n","protected":false},"excerpt":{"rendered":"<p>&#8222;Czlowiek chce odnale\u017a\u0107 swoj\u0105 nisz\u0119, [\u017ceby] jako\u015b si\u0119 odr\u00f3\u017cnic&#8221;, m\u00f3wi\u0142 Waits na temat przygotowa\u0144 do&#8230;<\/p>\n<div class=\"more-link-wrapper\"><a class=\"more-link\" href=\"https:\/\/www.volen.pl\/?p=3038\">Read the post<span class=\"screen-reader-text\">\u015bwiadomo\u015b\u0107<\/span><\/a><\/div>\n","protected":false},"author":1,"featured_media":0,"comment_status":"open","ping_status":"open","sticky":false,"template":"","format":"standard","meta":{"_crdt_document":"","jetpack_post_was_ever_published":false,"_jetpack_newsletter_access":"","_jetpack_dont_email_post_to_subs":false,"_jetpack_newsletter_tier_id":0,"_jetpack_memberships_contains_paywalled_content":false,"_jetpack_memberships_contains_paid_content":false,"footnotes":"","jetpack_publicize_message":"","jetpack_publicize_feature_enabled":true,"jetpack_social_post_already_shared":true,"jetpack_social_options":{"image_generator_settings":{"template":"highway","default_image_id":0,"font":"","enabled":false},"version":2}},"categories":[17],"tags":[430,429,428,431,427],"class_list":["post-3038","post","type-post","status-publish","format-standard","hentry","category-cytaty","tag-album","tag-artysta","tag-barney-hoskyns","tag-plyta","tag-tom-waits","excerpt","zoom","full-without-featured","even","excerpt-0"],"jetpack_publicize_connections":[],"jetpack_featured_media_url":"","jetpack_shortlink":"https:\/\/wp.me\/p4lAri-N0","jetpack_sharing_enabled":true,"jetpack-related-posts":[{"id":3133,"url":"https:\/\/www.volen.pl\/?p=3133","url_meta":{"origin":3038,"position":0},"title":"Cisn\u0119 z Cisnej na Koma\u0144cz\u0119, czyli czemu to \u017cubr jest kr\u00f3lem Bieszczad","author":"volen","date":"2023-03-17","format":false,"excerpt":"Gdzie\u015b zaraz za Rzeszowem zatrzyma\u0142em si\u0119, by w spokoju pokontemplowa\u0107 pobocze i uderzy\u0142 mnie osza\u0142amiaj\u0105cy \u015bwiergot ptak\u00f3w - znak, \u017ce nadesz\u0142a wiosna. U nas jej jeszcze nie wida\u0107 - stoj\u0105 dwa czy trzy zmarzni\u0119te \u017curawie i klekocz\u0105 z zimna dziobami. Jeszcze z trasy wykona\u0142em telefon do Bac\u00f3wki pod Honem -\u2026","rel":"","context":"W \u201eGSB&quot;","block_context":{"text":"GSB","link":"https:\/\/www.volen.pl\/?cat=457"},"img":{"alt_text":"Photo taken by Gregoire Dubois","src":"https:\/\/i0.wp.com\/www.volen.pl\/wp-content\/uploads\/2023\/03\/niedzwiedz.jpg?fit=1200%2C800&ssl=1&resize=350%2C200","width":350,"height":200,"srcset":"https:\/\/i0.wp.com\/www.volen.pl\/wp-content\/uploads\/2023\/03\/niedzwiedz.jpg?fit=1200%2C800&ssl=1&resize=350%2C200 1x, https:\/\/i0.wp.com\/www.volen.pl\/wp-content\/uploads\/2023\/03\/niedzwiedz.jpg?fit=1200%2C800&ssl=1&resize=525%2C300 1.5x, https:\/\/i0.wp.com\/www.volen.pl\/wp-content\/uploads\/2023\/03\/niedzwiedz.jpg?fit=1200%2C800&ssl=1&resize=700%2C400 2x, https:\/\/i0.wp.com\/www.volen.pl\/wp-content\/uploads\/2023\/03\/niedzwiedz.jpg?fit=1200%2C800&ssl=1&resize=1050%2C600 3x"},"classes":[]},{"id":3313,"url":"https:\/\/www.volen.pl\/?p=3313","url_meta":{"origin":3038,"position":1},"title":"\u015awietliki","author":"volen","date":"2023-06-25","format":false,"excerpt":"Po\u017cegnali\u015bmy Wiktora i jego kemping i ruszyli\u015bmy na po\u0142udnie, z\u0142udnie zwiedzeni s\u0142odkimi opisami rewelacyjnych miejsc w tej okolicy. Na trasie Kot m\u00f3j wybra\u0142 restauracj\u0119 na podstawie opinii na mapach. Pomanewrowali\u015bmy troch\u0119 po kr\u0119tych, ciasnych uliczkach i trafili\u015bmy do Ivet w Czernomorcu. Nie zabra\u0142em z samochodu okular\u00f3w, co spowodowa\u0142o zamawianie troch\u0119\u2026","rel":"","context":"W \u201epo byku&quot;","block_context":{"text":"po byku","link":"https:\/\/www.volen.pl\/?cat=474"},"img":{"alt_text":"","src":"https:\/\/i0.wp.com\/www.volen.pl\/wp-content\/uploads\/2023\/07\/IMG_20230625_200729.jpg?fit=1200%2C900&ssl=1&resize=350%2C200","width":350,"height":200,"srcset":"https:\/\/i0.wp.com\/www.volen.pl\/wp-content\/uploads\/2023\/07\/IMG_20230625_200729.jpg?fit=1200%2C900&ssl=1&resize=350%2C200 1x, https:\/\/i0.wp.com\/www.volen.pl\/wp-content\/uploads\/2023\/07\/IMG_20230625_200729.jpg?fit=1200%2C900&ssl=1&resize=525%2C300 1.5x, https:\/\/i0.wp.com\/www.volen.pl\/wp-content\/uploads\/2023\/07\/IMG_20230625_200729.jpg?fit=1200%2C900&ssl=1&resize=700%2C400 2x, https:\/\/i0.wp.com\/www.volen.pl\/wp-content\/uploads\/2023\/07\/IMG_20230625_200729.jpg?fit=1200%2C900&ssl=1&resize=1050%2C600 3x"},"classes":[]},{"id":1418,"url":"https:\/\/www.volen.pl\/?p=1418","url_meta":{"origin":3038,"position":2},"title":"Nadchodzi Czerwony Ksi\u0119\u017cyc","author":"volen","date":"2015-10-02","format":false,"excerpt":"K...urza stopa, jaki zamr\u00f3z! Zmarz\u0142em we wszystkie stopy, jakie posiadam. Sama my\u015bl o wyj\u015bciu ze \u015bpiwora tchn\u0119\u0142a lodowym szale\u0144stwem. W Sankt Petersburgu kupi\u0142em kaw\u0119 mielon\u0105, 20% robusty, 80% arabiki. Chcia\u0142em zawie\u017a\u0107 t\u0119 zdobycz w charakterze \u0142upu do domu, ale okoliczno\u015bci zmusi\u0142y mnie do rezygnacji z tego planu. Tylko nagroda w\u2026","rel":"","context":"W \u201ematuszka Rosja&quot;","block_context":{"text":"matuszka Rosja","link":"https:\/\/www.volen.pl\/?cat=210"},"img":{"alt_text":"","src":"https:\/\/i0.wp.com\/www.volen.pl\/wp-content\/uploads\/2015\/10\/VOL2573.jpg?fit=1200%2C795&ssl=1&resize=350%2C200","width":350,"height":200,"srcset":"https:\/\/i0.wp.com\/www.volen.pl\/wp-content\/uploads\/2015\/10\/VOL2573.jpg?fit=1200%2C795&ssl=1&resize=350%2C200 1x, https:\/\/i0.wp.com\/www.volen.pl\/wp-content\/uploads\/2015\/10\/VOL2573.jpg?fit=1200%2C795&ssl=1&resize=525%2C300 1.5x, https:\/\/i0.wp.com\/www.volen.pl\/wp-content\/uploads\/2015\/10\/VOL2573.jpg?fit=1200%2C795&ssl=1&resize=700%2C400 2x, https:\/\/i0.wp.com\/www.volen.pl\/wp-content\/uploads\/2015\/10\/VOL2573.jpg?fit=1200%2C795&ssl=1&resize=1050%2C600 3x"},"classes":[]},{"id":3572,"url":"https:\/\/www.volen.pl\/?p=3572","url_meta":{"origin":3038,"position":3},"title":"Chatka trapera","author":"volen","date":"2024-08-29","format":false,"excerpt":"Z rana zrobi\u0142em ognisko. Poszed\u0142em po wod\u0119 do \u017ar\u00f3de\u0142ka. Zrobi\u0142em wiadro herbaty. Ludzie zacz\u0119li si\u0119 schodzi\u0107 po jakim\u015b czasie do tej herbaty, my zjedli\u015bmy \u015bniadanie i, po po\u017cegnaniu, ruszyli\u015bmy na szlak. Weszli\u015bmy na Kozie \u017bebro, do\u015b\u0107 stromo. Kozie \u017bebro zdoby\u0142 Mieszko. Na g\u00f3rze, zamiast da\u0107 maluchom batony, zap\u0119dzi\u0142em ch\u0142opak\u00f3w w\u2026","rel":"","context":"W \u201eGSB&quot;","block_context":{"text":"GSB","link":"https:\/\/www.volen.pl\/?cat=457"},"img":{"alt_text":"","src":"https:\/\/i0.wp.com\/www.volen.pl\/wp-content\/uploads\/2024\/10\/oIMG_20240829_182729.jpg?fit=1200%2C900&ssl=1&resize=350%2C200","width":350,"height":200,"srcset":"https:\/\/i0.wp.com\/www.volen.pl\/wp-content\/uploads\/2024\/10\/oIMG_20240829_182729.jpg?fit=1200%2C900&ssl=1&resize=350%2C200 1x, https:\/\/i0.wp.com\/www.volen.pl\/wp-content\/uploads\/2024\/10\/oIMG_20240829_182729.jpg?fit=1200%2C900&ssl=1&resize=525%2C300 1.5x, https:\/\/i0.wp.com\/www.volen.pl\/wp-content\/uploads\/2024\/10\/oIMG_20240829_182729.jpg?fit=1200%2C900&ssl=1&resize=700%2C400 2x, https:\/\/i0.wp.com\/www.volen.pl\/wp-content\/uploads\/2024\/10\/oIMG_20240829_182729.jpg?fit=1200%2C900&ssl=1&resize=1050%2C600 3x"},"classes":[]},{"id":3455,"url":"https:\/\/www.volen.pl\/?p=3455","url_meta":{"origin":3038,"position":4},"title":"Jak Mieszka szlak czerwony trafia","author":"volen","date":"2023-08-04","format":false,"excerpt":"Najwi\u0119kszym problemem tej cz\u0119\u015bci szlaku jest fakt, \u017ce nikt nie je\u017adzi do Koma\u0144czy. Nie zdawa\u0142em sobie dot\u0105d sprawy z tego, jak ci\u0119\u017cko jest z transportem w tych okolicach... Plan mia\u0142em taki, by znale\u017a\u0107 nocleg w Pu\u0142awach (takiej wioseczce na bok od trasy donik\u0105d), stamt\u0105d pojecha\u0107 czymsik do Koma\u0144czy i ruszy\u0107\u2026","rel":"","context":"W \u201eGSB&quot;","block_context":{"text":"GSB","link":"https:\/\/www.volen.pl\/?cat=457"},"img":{"alt_text":"","src":"https:\/\/i0.wp.com\/www.volen.pl\/wp-content\/uploads\/2023\/08\/IMG_20230804_124736.jpg?fit=1200%2C900&ssl=1&resize=350%2C200","width":350,"height":200,"srcset":"https:\/\/i0.wp.com\/www.volen.pl\/wp-content\/uploads\/2023\/08\/IMG_20230804_124736.jpg?fit=1200%2C900&ssl=1&resize=350%2C200 1x, https:\/\/i0.wp.com\/www.volen.pl\/wp-content\/uploads\/2023\/08\/IMG_20230804_124736.jpg?fit=1200%2C900&ssl=1&resize=525%2C300 1.5x, https:\/\/i0.wp.com\/www.volen.pl\/wp-content\/uploads\/2023\/08\/IMG_20230804_124736.jpg?fit=1200%2C900&ssl=1&resize=700%2C400 2x, https:\/\/i0.wp.com\/www.volen.pl\/wp-content\/uploads\/2023\/08\/IMG_20230804_124736.jpg?fit=1200%2C900&ssl=1&resize=1050%2C600 3x"},"classes":[]},{"id":2438,"url":"https:\/\/www.volen.pl\/?p=2438","url_meta":{"origin":3038,"position":5},"title":"Piasek, woda i gaszenie po\u017caru","author":"volen","date":"2018-06-09","format":false,"excerpt":"Koniki, kt\u00f3re wieczorem nas odwiedzi\u0142y, rano pas\u0142y si\u0119 nieopodal. Ca\u0142y dzie\u0144 w trasie, a trasy kropkowane na naszej nawigacji nie s\u0105 sta\u0142ymi, to raczej z grubsza okre\u015blenie azymutu, sugestia kierunku. Kto\u015b, kto w spos\u00f3b maniakalny b\u0119dzie usi\u0142owa\u0142 trzyma\u0107 si\u0119 drogi z mapy, szybko sko\u0144czy na manowcach. Mi\u0142ym zaskoczeniem naszej trasy\u2026","rel":"","context":"W \u201enawariata&quot;","block_context":{"text":"nawariata","link":"https:\/\/www.volen.pl\/?cat=93"},"img":{"alt_text":"","src":"https:\/\/i0.wp.com\/www.volen.pl\/wp-content\/uploads\/2018\/06\/VOL1261.jpg?resize=350%2C200","width":350,"height":200,"srcset":"https:\/\/i0.wp.com\/www.volen.pl\/wp-content\/uploads\/2018\/06\/VOL1261.jpg?resize=350%2C200 1x, https:\/\/i0.wp.com\/www.volen.pl\/wp-content\/uploads\/2018\/06\/VOL1261.jpg?resize=525%2C300 1.5x, https:\/\/i0.wp.com\/www.volen.pl\/wp-content\/uploads\/2018\/06\/VOL1261.jpg?resize=700%2C400 2x, https:\/\/i0.wp.com\/www.volen.pl\/wp-content\/uploads\/2018\/06\/VOL1261.jpg?resize=1050%2C600 3x, https:\/\/i0.wp.com\/www.volen.pl\/wp-content\/uploads\/2018\/06\/VOL1261.jpg?resize=1400%2C800 4x"},"classes":[]}],"_links":{"self":[{"href":"https:\/\/www.volen.pl\/index.php?rest_route=\/wp\/v2\/posts\/3038","targetHints":{"allow":["GET"]}}],"collection":[{"href":"https:\/\/www.volen.pl\/index.php?rest_route=\/wp\/v2\/posts"}],"about":[{"href":"https:\/\/www.volen.pl\/index.php?rest_route=\/wp\/v2\/types\/post"}],"author":[{"embeddable":true,"href":"https:\/\/www.volen.pl\/index.php?rest_route=\/wp\/v2\/users\/1"}],"replies":[{"embeddable":true,"href":"https:\/\/www.volen.pl\/index.php?rest_route=%2Fwp%2Fv2%2Fcomments&post=3038"}],"version-history":[{"count":0,"href":"https:\/\/www.volen.pl\/index.php?rest_route=\/wp\/v2\/posts\/3038\/revisions"}],"wp:attachment":[{"href":"https:\/\/www.volen.pl\/index.php?rest_route=%2Fwp%2Fv2%2Fmedia&parent=3038"}],"wp:term":[{"taxonomy":"category","embeddable":true,"href":"https:\/\/www.volen.pl\/index.php?rest_route=%2Fwp%2Fv2%2Fcategories&post=3038"},{"taxonomy":"post_tag","embeddable":true,"href":"https:\/\/www.volen.pl\/index.php?rest_route=%2Fwp%2Fv2%2Ftags&post=3038"}],"curies":[{"name":"wp","href":"https:\/\/api.w.org\/{rel}","templated":true}]}}