{"id":3040,"date":"2021-09-23T22:58:40","date_gmt":"2021-09-23T20:58:40","guid":{"rendered":"https:\/\/www.volen.pl\/?p=3040"},"modified":"2021-09-23T22:58:40","modified_gmt":"2021-09-23T20:58:40","slug":"starosc","status":"publish","type":"post","link":"https:\/\/www.volen.pl\/?p=3040","title":{"rendered":"Staro\u015b\u0107"},"content":{"rendered":"\n<p class=\"wp-block-paragraph\">Dlaczego jednak niekt\u00f3rzy starzej\u0105 si\u0119 o tyle gorzej od innych? \u2013 Nie mam poj\u0119cia \u2013 przyzna\u0142em \u2013 ale odnosz\u0119 wra\u017cenie, \u017ce ludzie, kt\u00f3rzy nie my\u015bl\u0105 zbyt wiele, wygl\u0105daj\u0105 m\u0142odziej.<\/p>\n\n\n\n<p class=\"wp-block-paragraph\">Charles Bukowski, Hollywood <\/p>\n","protected":false},"excerpt":{"rendered":"<p>Dlaczego jednak niekt\u00f3rzy starzej\u0105 si\u0119 o tyle gorzej od innych? \u2013 Nie mam poj\u0119cia \u2013&#8230;<\/p>\n<div class=\"more-link-wrapper\"><a class=\"more-link\" href=\"https:\/\/www.volen.pl\/?p=3040\">Read the post<span class=\"screen-reader-text\">Staro\u015b\u0107<\/span><\/a><\/div>\n","protected":false},"author":1,"featured_media":0,"comment_status":"open","ping_status":"open","sticky":false,"template":"","format":"standard","meta":{"_crdt_document":"","jetpack_post_was_ever_published":false,"_jetpack_newsletter_access":"","_jetpack_dont_email_post_to_subs":false,"_jetpack_newsletter_tier_id":0,"_jetpack_memberships_contains_paywalled_content":false,"_jetpack_memberships_contains_paid_content":false,"footnotes":"","jetpack_publicize_message":"","jetpack_publicize_feature_enabled":true,"jetpack_social_post_already_shared":true,"jetpack_social_options":{"image_generator_settings":{"template":"highway","default_image_id":0,"font":"","enabled":false},"version":2}},"categories":[17],"tags":[432,434],"class_list":["post-3040","post","type-post","status-publish","format-standard","hentry","category-cytaty","tag-bukowski","tag-starosc","excerpt","zoom","full-without-featured","even","excerpt-0"],"jetpack_publicize_connections":[],"jetpack_featured_media_url":"","jetpack_shortlink":"https:\/\/wp.me\/s4lAri-starosc","jetpack_sharing_enabled":true,"jetpack-related-posts":[{"id":3044,"url":"https:\/\/www.volen.pl\/?p=3044","url_meta":{"origin":3040,"position":0},"title":"Profesjonalizm","author":"volen","date":"2021-10-05","format":false,"excerpt":"Za\u0142oga dalej siedzia\u0142a w barze. Nie wygl\u0105dali nawet na deczko bardziej pijanych. Nie\u0142atwo zm\u00f3c profesjonalist\u00f3w Charles Bukowski, Hollywood","rel":"","context":"W \u201ez\u0142ote g\u0142oski&quot;","block_context":{"text":"z\u0142ote g\u0142oski","link":"https:\/\/www.volen.pl\/?cat=17"},"img":{"alt_text":"","src":"","width":0,"height":0},"classes":[]},{"id":3039,"url":"https:\/\/www.volen.pl\/?p=3039","url_meta":{"origin":3040,"position":1},"title":"Uczciwe zaj\u0119cie","author":"volen","date":"2021-09-13","format":false,"excerpt":"Przy ko\u0144cu baru siedzia\u0142 jaki\u015b go\u015b\u0107; gapi\u0142 si\u0119 na mnie bez ustanku.W ko\u0144cu popatrzy\u0142em na niego.\u2013 Dobra, czym si\u0119 zajmujesz? \u2013 spyta\u0142em.Chwil\u0119 pomilcza\u0142, napi\u0142 si\u0119 i znowu wpatrzy\u0142 si\u0119 we mnie.\u2013 Cholernie wstydz\u0119 si\u0119 przyzna\u0107, ale\u2026 robi\u0119 filmy.Go\u015b\u0107 okaza\u0142 si\u0119 Wennerem Zergogiem, znanym niemieckim re\u017cyserem. Mia\u0142 troch\u0119, jak to m\u00f3wi\u0105,\u2026","rel":"","context":"W \u201ez\u0142ote g\u0142oski&quot;","block_context":{"text":"z\u0142ote g\u0142oski","link":"https:\/\/www.volen.pl\/?cat=17"},"img":{"alt_text":"","src":"","width":0,"height":0},"classes":[]},{"id":3042,"url":"https:\/\/www.volen.pl\/?p=3042","url_meta":{"origin":3040,"position":2},"title":"Alkoholizm","author":"volen","date":"2021-09-24","format":false,"excerpt":"Moim zdaniem wi\u0119kszo\u015b\u0107 pij\u0105cych wcale nie jest alkoholikami, tylko si\u0119 za takich uwa\u017ca. Alkoholizm to proces, kt\u00f3rego nie spos\u00f3b przyspieszy\u0107. Potrzeba najmniej dwudziestu lat, \u017ceby zosta\u0107 przyzwoitym alkoholikiem. Ja pi\u0142em 45. rok i czu\u0142em, \u017ce dobrze wykorzysta\u0142em te lata. Charles Bukowski, Hollywood","rel":"","context":"W \u201ez\u0142ote g\u0142oski&quot;","block_context":{"text":"z\u0142ote g\u0142oski","link":"https:\/\/www.volen.pl\/?cat=17"},"img":{"alt_text":"","src":"","width":0,"height":0},"classes":[]},{"id":2944,"url":"https:\/\/www.volen.pl\/?p=2944","url_meta":{"origin":3040,"position":3},"title":"Atrakcje","author":"volen","date":"2018-07-24","format":false,"excerpt":"Po wyje\u017adzie z Nowosybirska opu\u015bcili\u015bmy Siberian Highway i wjechali\u015bmy na Irtysh Highway. Irtysh jest dop\u0142ywem Obu, jednej z najwi\u0119kszych rzek Azji i \u015bwiata w og\u00f3le. Za\u015b Ob, kt\u00f3rego m\u0119tne wody widzieli\u015bmy z mostu, stanowi naturaln\u0105 granic\u0119 mi\u0119dzy Nizin\u0105 Zachodniosyberyjsk\u0105 a pofalowan\u0105, wy\u017cynn\u0105 Syberi\u0105 wschodni\u0105. Wszystko sz\u0142o pi\u0119knie, a\u017c do czasu,\u2026","rel":"","context":"W \u201enawariata&quot;","block_context":{"text":"nawariata","link":"https:\/\/www.volen.pl\/?cat=93"},"img":{"alt_text":"","src":"","width":0,"height":0},"classes":[]},{"id":3043,"url":"https:\/\/www.volen.pl\/?p=3043","url_meta":{"origin":3040,"position":4},"title":"Dom","author":"volen","date":"2021-10-05","format":false,"excerpt":"\u2013 Znalaz\u0142em dom. Fran\u00e7ois jest ze mn\u0105. Pi\u0119kny dom, dwie kuchnie, w dodatku czynsz \u015bmiesznie niski.\u2013 Gdzie mieszkacie?\u2013 W getcie w Venice. Brooks Avenue, sami Czarni. Na ulicach wojna. Totalna destrukcja. Co\u015b przepi\u0119knego! Charles Bukowski, Hollywood","rel":"","context":"W \u201ez\u0142ote g\u0142oski&quot;","block_context":{"text":"z\u0142ote g\u0142oski","link":"https:\/\/www.volen.pl\/?cat=17"},"img":{"alt_text":"","src":"","width":0,"height":0},"classes":[]},{"id":2736,"url":"https:\/\/www.volen.pl\/?p=2736","url_meta":{"origin":3040,"position":5},"title":"nie","author":"volen","date":"2018-06-29","format":false,"excerpt":"Zaraz z samego rana wpad\u0142em na super pomys\u0142, \u017ceby ukr\u0119ci\u0107 \u015brub\u0119 przy kole... No, mo\u017ce nie do ko\u0144ca tak si\u0119 to odby\u0142o, ale efekt jaki jest, taki jest. Mamy luz na kole i ukr\u0119con\u0105 \u015brub\u0119. I to nie jedn\u0105 z 6-ciu szpilek, ale tak\u0105 znacznie wa\u017cniejsz\u0105, \u015brodkow\u0105. Z pr\u0119dko\u015bci\u0105 20km\/h\u2026","rel":"","context":"W \u201enawariata&quot;","block_context":{"text":"nawariata","link":"https:\/\/www.volen.pl\/?cat=93"},"img":{"alt_text":"","src":"https:\/\/i0.wp.com\/www.volen.pl\/wp-content\/uploads\/2018\/06\/geyz_VOL3001.jpg?fit=1200%2C795&ssl=1&resize=350%2C200","width":350,"height":200,"srcset":"https:\/\/i0.wp.com\/www.volen.pl\/wp-content\/uploads\/2018\/06\/geyz_VOL3001.jpg?fit=1200%2C795&ssl=1&resize=350%2C200 1x, https:\/\/i0.wp.com\/www.volen.pl\/wp-content\/uploads\/2018\/06\/geyz_VOL3001.jpg?fit=1200%2C795&ssl=1&resize=525%2C300 1.5x, https:\/\/i0.wp.com\/www.volen.pl\/wp-content\/uploads\/2018\/06\/geyz_VOL3001.jpg?fit=1200%2C795&ssl=1&resize=700%2C400 2x, https:\/\/i0.wp.com\/www.volen.pl\/wp-content\/uploads\/2018\/06\/geyz_VOL3001.jpg?fit=1200%2C795&ssl=1&resize=1050%2C600 3x"},"classes":[]}],"_links":{"self":[{"href":"https:\/\/www.volen.pl\/index.php?rest_route=\/wp\/v2\/posts\/3040","targetHints":{"allow":["GET"]}}],"collection":[{"href":"https:\/\/www.volen.pl\/index.php?rest_route=\/wp\/v2\/posts"}],"about":[{"href":"https:\/\/www.volen.pl\/index.php?rest_route=\/wp\/v2\/types\/post"}],"author":[{"embeddable":true,"href":"https:\/\/www.volen.pl\/index.php?rest_route=\/wp\/v2\/users\/1"}],"replies":[{"embeddable":true,"href":"https:\/\/www.volen.pl\/index.php?rest_route=%2Fwp%2Fv2%2Fcomments&post=3040"}],"version-history":[{"count":0,"href":"https:\/\/www.volen.pl\/index.php?rest_route=\/wp\/v2\/posts\/3040\/revisions"}],"wp:attachment":[{"href":"https:\/\/www.volen.pl\/index.php?rest_route=%2Fwp%2Fv2%2Fmedia&parent=3040"}],"wp:term":[{"taxonomy":"category","embeddable":true,"href":"https:\/\/www.volen.pl\/index.php?rest_route=%2Fwp%2Fv2%2Fcategories&post=3040"},{"taxonomy":"post_tag","embeddable":true,"href":"https:\/\/www.volen.pl\/index.php?rest_route=%2Fwp%2Fv2%2Ftags&post=3040"}],"curies":[{"name":"wp","href":"https:\/\/api.w.org\/{rel}","templated":true}]}}