{"id":3042,"date":"2021-09-24T23:57:48","date_gmt":"2021-09-24T21:57:48","guid":{"rendered":"https:\/\/www.volen.pl\/?p=3042"},"modified":"2021-09-24T23:57:48","modified_gmt":"2021-09-24T21:57:48","slug":"alkoholizm","status":"publish","type":"post","link":"https:\/\/www.volen.pl\/?p=3042","title":{"rendered":"Alkoholizm"},"content":{"rendered":"\n<p class=\"wp-block-paragraph\">Moim zdaniem wi\u0119kszo\u015b\u0107 pij\u0105cych wcale nie jest alkoholikami, tylko si\u0119 za takich uwa\u017ca. Alkoholizm to proces, kt\u00f3rego nie spos\u00f3b przyspieszy\u0107. Potrzeba najmniej dwudziestu lat, \u017ceby zosta\u0107 przyzwoitym alkoholikiem. Ja pi\u0142em 45. rok i czu\u0142em, \u017ce dobrze wykorzysta\u0142em te lata.<\/p>\n\n\n\n<p class=\"wp-block-paragraph\">Charles Bukowski, Hollywood <\/p>\n","protected":false},"excerpt":{"rendered":"<p>Moim zdaniem wi\u0119kszo\u015b\u0107 pij\u0105cych wcale nie jest alkoholikami, tylko si\u0119 za takich uwa\u017ca. Alkoholizm to&#8230;<\/p>\n<div class=\"more-link-wrapper\"><a class=\"more-link\" href=\"https:\/\/www.volen.pl\/?p=3042\">Read the post<span class=\"screen-reader-text\">Alkoholizm<\/span><\/a><\/div>\n","protected":false},"author":1,"featured_media":0,"comment_status":"open","ping_status":"open","sticky":false,"template":"","format":"standard","meta":{"_crdt_document":"","jetpack_post_was_ever_published":false,"_jetpack_newsletter_access":"","_jetpack_dont_email_post_to_subs":false,"_jetpack_newsletter_tier_id":0,"_jetpack_memberships_contains_paywalled_content":false,"_jetpack_memberships_contains_paid_content":false,"footnotes":"","jetpack_publicize_message":"","jetpack_publicize_feature_enabled":true,"jetpack_social_post_already_shared":true,"jetpack_social_options":{"image_generator_settings":{"template":"highway","default_image_id":0,"font":"","enabled":false},"version":2}},"categories":[17],"tags":[435],"class_list":["post-3042","post","type-post","status-publish","format-standard","hentry","category-cytaty","tag-alkohol","excerpt","zoom","full-without-featured","even","excerpt-0"],"jetpack_publicize_connections":[],"jetpack_featured_media_url":"","jetpack_shortlink":"https:\/\/wp.me\/p4lAri-N4","jetpack_sharing_enabled":true,"jetpack-related-posts":[{"id":2736,"url":"https:\/\/www.volen.pl\/?p=2736","url_meta":{"origin":3042,"position":0},"title":"nie","author":"volen","date":"2018-06-29","format":false,"excerpt":"Zaraz z samego rana wpad\u0142em na super pomys\u0142, \u017ceby ukr\u0119ci\u0107 \u015brub\u0119 przy kole... No, mo\u017ce nie do ko\u0144ca tak si\u0119 to odby\u0142o, ale efekt jaki jest, taki jest. Mamy luz na kole i ukr\u0119con\u0105 \u015brub\u0119. I to nie jedn\u0105 z 6-ciu szpilek, ale tak\u0105 znacznie wa\u017cniejsz\u0105, \u015brodkow\u0105. Z pr\u0119dko\u015bci\u0105 20km\/h\u2026","rel":"","context":"W \u201enawariata&quot;","block_context":{"text":"nawariata","link":"https:\/\/www.volen.pl\/?cat=93"},"img":{"alt_text":"","src":"https:\/\/i0.wp.com\/www.volen.pl\/wp-content\/uploads\/2018\/06\/geyz_VOL3001.jpg?fit=1200%2C795&ssl=1&resize=350%2C200","width":350,"height":200,"srcset":"https:\/\/i0.wp.com\/www.volen.pl\/wp-content\/uploads\/2018\/06\/geyz_VOL3001.jpg?fit=1200%2C795&ssl=1&resize=350%2C200 1x, https:\/\/i0.wp.com\/www.volen.pl\/wp-content\/uploads\/2018\/06\/geyz_VOL3001.jpg?fit=1200%2C795&ssl=1&resize=525%2C300 1.5x, https:\/\/i0.wp.com\/www.volen.pl\/wp-content\/uploads\/2018\/06\/geyz_VOL3001.jpg?fit=1200%2C795&ssl=1&resize=700%2C400 2x, https:\/\/i0.wp.com\/www.volen.pl\/wp-content\/uploads\/2018\/06\/geyz_VOL3001.jpg?fit=1200%2C795&ssl=1&resize=1050%2C600 3x"},"classes":[]},{"id":2750,"url":"https:\/\/www.volen.pl\/?p=2750","url_meta":{"origin":3042,"position":1},"title":"Mongolia jest pi\u0119kna","author":"volen","date":"2018-07-02","format":false,"excerpt":"Od wczoraj jedziemy maksymaln\u0105 pr\u0119dko\u015bci\u0105 60km\/h, \u017ceby nawet, gdyby mia\u0142o si\u0119 co\u015b sta\u0107, sta\u0142o si\u0119 tak, by uda\u0142o si\u0119 uj\u015b\u0107 z \u017cyciem. Odwiedzili\u015bmy Kosz-Agacz, wymienili\u015bmy kas\u0119, zatankowali\u015bmy do pe\u0142na i pe\u0142ni zapa\u0142u pojechali\u015bmy posta\u0107 na granicy. Kosmiczny burdel, nie do opowiedzenia. Prawie jak w finansowaniu polskiej s\u0142u\u017cby zdrowia. Cho\u0107 w\u2026","rel":"","context":"W \u201enawariata&quot;","block_context":{"text":"nawariata","link":"https:\/\/www.volen.pl\/?cat=93"},"img":{"alt_text":"","src":"https:\/\/i0.wp.com\/www.volen.pl\/wp-content\/uploads\/2018\/06\/VOL3105.jpg?fit=1200%2C795&ssl=1&resize=350%2C200","width":350,"height":200,"srcset":"https:\/\/i0.wp.com\/www.volen.pl\/wp-content\/uploads\/2018\/06\/VOL3105.jpg?fit=1200%2C795&ssl=1&resize=350%2C200 1x, https:\/\/i0.wp.com\/www.volen.pl\/wp-content\/uploads\/2018\/06\/VOL3105.jpg?fit=1200%2C795&ssl=1&resize=525%2C300 1.5x, https:\/\/i0.wp.com\/www.volen.pl\/wp-content\/uploads\/2018\/06\/VOL3105.jpg?fit=1200%2C795&ssl=1&resize=700%2C400 2x, https:\/\/i0.wp.com\/www.volen.pl\/wp-content\/uploads\/2018\/06\/VOL3105.jpg?fit=1200%2C795&ssl=1&resize=1050%2C600 3x"},"classes":[]},{"id":2051,"url":"https:\/\/www.volen.pl\/?p=2051","url_meta":{"origin":3042,"position":2},"title":"To\u017csamo\u015b\u0107","author":"volen","date":"2017-02-12","format":false,"excerpt":"Dlatego te\u017c wszystkie problemy to\u017csamo\u015bci, o kt\u00f3ry\u015b si\u0119 teraz tak cz\u0119sto i z takim upodobaniem tr\u0105bi, wydaj\u0105 mi si\u0119 zupe\u0142nie bezprzedmiotowe. Jedno z dwojga: albo ma si\u0119 autentyczn\u0105 to\u017csamo\u015b\u0107, a w takim razie nie mo\u017cna jej utraci\u0107, albo si\u0119 jej nie ma, i nie warto marnowa\u0107 si\u0142 w obronie czego\u015b,\u2026","rel":"","context":"W \u201ez\u0142ote g\u0142oski&quot;","block_context":{"text":"z\u0142ote g\u0142oski","link":"https:\/\/www.volen.pl\/?cat=17"},"img":{"alt_text":"","src":"","width":0,"height":0},"classes":[]},{"id":2979,"url":"https:\/\/www.volen.pl\/?p=2979","url_meta":{"origin":3042,"position":3},"title":"elegant","author":"volen","date":"2019-02-07","format":false,"excerpt":"Nie jestem elegantem, ale lubi\u0119 czasem ubra\u0107 si\u0119 tak, \u017ceby zrobi\u0107 wra\u017cenie, chocia\u017c jak wi\u0119kszo\u015b\u0107 gliniarzy nie nosz\u0119 wielu b\u0142yskotek, zgodnie z zasad\u0105, \u017ceby nigdy nie mie\u0107 na szyi niczego, czym nie chcia\u0142bym zosta\u0107 uduszony. Ben Aaronovitch - Rzeki Londynu","rel":"","context":"W \u201ez\u0142ote g\u0142oski&quot;","block_context":{"text":"z\u0142ote g\u0142oski","link":"https:\/\/www.volen.pl\/?cat=17"},"img":{"alt_text":"","src":"","width":0,"height":0},"classes":[]},{"id":2130,"url":"https:\/\/www.volen.pl\/?p=2130","url_meta":{"origin":3042,"position":4},"title":"Przesyt","author":"volen","date":"2016-11-19","format":false,"excerpt":"Dzi\u015b w nocy po raz pierwszy nie szarpa\u0142o moj\u0105 sypialni\u0105. Wsta\u0142em wcze\u015bnie, wypi\u0142em kaw\u0119, zjad\u0142em \u015bniadanie i pojecha\u0142em na fotograficzne safari. Od Vik a\u017c po drog\u0119 na Hamragar\u00f0ahei\u00f0i w okolicach Seljalandsfoss, czyli praktycznie wszystko, co wzbudzi\u0142o moje wczorajsze WOW! Zajecha\u0142em w miejsca, o kt\u00f3rych nawet nie my\u015bla\u0142em, \u017ce do nich\u2026","rel":"","context":"W \u201eIslandia: snj\u00f3r, \u00eds og eldur&quot;","block_context":{"text":"Islandia: snj\u00f3r, \u00eds og eldur","link":"https:\/\/www.volen.pl\/?cat=268"},"img":{"alt_text":"","src":"https:\/\/i0.wp.com\/www.volen.pl\/wp-content\/uploads\/2017\/06\/30kmh_VOL5803s.jpg?resize=350%2C200","width":350,"height":200,"srcset":"https:\/\/i0.wp.com\/www.volen.pl\/wp-content\/uploads\/2017\/06\/30kmh_VOL5803s.jpg?resize=350%2C200 1x, https:\/\/i0.wp.com\/www.volen.pl\/wp-content\/uploads\/2017\/06\/30kmh_VOL5803s.jpg?resize=525%2C300 1.5x, https:\/\/i0.wp.com\/www.volen.pl\/wp-content\/uploads\/2017\/06\/30kmh_VOL5803s.jpg?resize=700%2C400 2x, https:\/\/i0.wp.com\/www.volen.pl\/wp-content\/uploads\/2017\/06\/30kmh_VOL5803s.jpg?resize=1050%2C600 3x, https:\/\/i0.wp.com\/www.volen.pl\/wp-content\/uploads\/2017\/06\/30kmh_VOL5803s.jpg?resize=1400%2C800 4x"},"classes":[]},{"id":549,"url":"https:\/\/www.volen.pl\/?p=549","url_meta":{"origin":3042,"position":5},"title":"Last hope","author":"volen","date":"2014-05-22","format":false,"excerpt":"Os habent et non loquentur, oculos habent et non videbunt. Aures habent et non audient, nares habent et non odorabunt. Maj\u0105 usta, ale nie m\u00f3wi\u0105; oczy maj\u0105, ale nie widz\u0105. Maj\u0105 uszy, ale nie s\u0142ysz\u0105; nozdrza maj\u0105, ale nie czuj\u0105 zapachu. Ps 115:5\u20136","rel":"","context":"W \u201eschizofretka&quot;","block_context":{"text":"schizofretka","link":"https:\/\/www.volen.pl\/?cat=4"},"img":{"alt_text":"","src":"https:\/\/i0.wp.com\/www.volen.pl\/wp-content\/uploads\/2014\/05\/last-hope-_DSC8728.jpg?fit=1200%2C795&ssl=1&resize=350%2C200","width":350,"height":200,"srcset":"https:\/\/i0.wp.com\/www.volen.pl\/wp-content\/uploads\/2014\/05\/last-hope-_DSC8728.jpg?fit=1200%2C795&ssl=1&resize=350%2C200 1x, https:\/\/i0.wp.com\/www.volen.pl\/wp-content\/uploads\/2014\/05\/last-hope-_DSC8728.jpg?fit=1200%2C795&ssl=1&resize=525%2C300 1.5x, https:\/\/i0.wp.com\/www.volen.pl\/wp-content\/uploads\/2014\/05\/last-hope-_DSC8728.jpg?fit=1200%2C795&ssl=1&resize=700%2C400 2x, https:\/\/i0.wp.com\/www.volen.pl\/wp-content\/uploads\/2014\/05\/last-hope-_DSC8728.jpg?fit=1200%2C795&ssl=1&resize=1050%2C600 3x"},"classes":[]}],"_links":{"self":[{"href":"https:\/\/www.volen.pl\/index.php?rest_route=\/wp\/v2\/posts\/3042","targetHints":{"allow":["GET"]}}],"collection":[{"href":"https:\/\/www.volen.pl\/index.php?rest_route=\/wp\/v2\/posts"}],"about":[{"href":"https:\/\/www.volen.pl\/index.php?rest_route=\/wp\/v2\/types\/post"}],"author":[{"embeddable":true,"href":"https:\/\/www.volen.pl\/index.php?rest_route=\/wp\/v2\/users\/1"}],"replies":[{"embeddable":true,"href":"https:\/\/www.volen.pl\/index.php?rest_route=%2Fwp%2Fv2%2Fcomments&post=3042"}],"version-history":[{"count":0,"href":"https:\/\/www.volen.pl\/index.php?rest_route=\/wp\/v2\/posts\/3042\/revisions"}],"wp:attachment":[{"href":"https:\/\/www.volen.pl\/index.php?rest_route=%2Fwp%2Fv2%2Fmedia&parent=3042"}],"wp:term":[{"taxonomy":"category","embeddable":true,"href":"https:\/\/www.volen.pl\/index.php?rest_route=%2Fwp%2Fv2%2Fcategories&post=3042"},{"taxonomy":"post_tag","embeddable":true,"href":"https:\/\/www.volen.pl\/index.php?rest_route=%2Fwp%2Fv2%2Ftags&post=3042"}],"curies":[{"name":"wp","href":"https:\/\/api.w.org\/{rel}","templated":true}]}}