{"id":3043,"date":"2021-10-05T21:52:59","date_gmt":"2021-10-05T19:52:59","guid":{"rendered":"http:\/\/www.volen.pl\/?p=3043"},"modified":"2021-10-05T21:52:59","modified_gmt":"2021-10-05T19:52:59","slug":"dom-2","status":"publish","type":"post","link":"https:\/\/www.volen.pl\/?p=3043","title":{"rendered":"Dom"},"content":{"rendered":"\n<p class=\"wp-block-paragraph\">\u2013 Znalaz\u0142em dom. Fran\u00e7ois jest ze mn\u0105. Pi\u0119kny dom, dwie kuchnie, w dodatku czynsz \u015bmiesznie niski.<br \/>\u2013 Gdzie mieszkacie?<br \/>\u2013 W getcie w Venice. Brooks Avenue, sami Czarni. Na ulicach wojna. Totalna destrukcja. Co\u015b przepi\u0119knego!<\/p>\n\n\n\n<p class=\"wp-block-paragraph\">Charles Bukowski, Hollywood <\/p>\n","protected":false},"excerpt":{"rendered":"<p>\u2013 Znalaz\u0142em dom. Fran\u00e7ois jest ze mn\u0105. Pi\u0119kny dom, dwie kuchnie, w dodatku czynsz \u015bmiesznie&#8230;<\/p>\n<div class=\"more-link-wrapper\"><a class=\"more-link\" href=\"https:\/\/www.volen.pl\/?p=3043\">Read the post<span class=\"screen-reader-text\">Dom<\/span><\/a><\/div>\n","protected":false},"author":1,"featured_media":0,"comment_status":"open","ping_status":"open","sticky":false,"template":"","format":"standard","meta":{"_crdt_document":"","jetpack_post_was_ever_published":false,"_jetpack_newsletter_access":"","_jetpack_dont_email_post_to_subs":false,"_jetpack_newsletter_tier_id":0,"_jetpack_memberships_contains_paywalled_content":false,"_jetpack_memberships_contains_paid_content":false,"footnotes":"","jetpack_publicize_message":"","jetpack_publicize_feature_enabled":true,"jetpack_social_post_already_shared":true,"jetpack_social_options":{"image_generator_settings":{"template":"highway","default_image_id":0,"font":"","enabled":false},"version":2}},"categories":[17],"tags":[432,437,436],"class_list":["post-3043","post","type-post","status-publish","format-standard","hentry","category-cytaty","tag-bukowski","tag-destrukcja","tag-dom","excerpt","zoom","full-without-featured","even","excerpt-0"],"jetpack_publicize_connections":[],"jetpack_featured_media_url":"","jetpack_shortlink":"https:\/\/wp.me\/p4lAri-N5","jetpack_sharing_enabled":true,"jetpack-related-posts":[{"id":3044,"url":"https:\/\/www.volen.pl\/?p=3044","url_meta":{"origin":3043,"position":0},"title":"Profesjonalizm","author":"volen","date":"2021-10-05","format":false,"excerpt":"Za\u0142oga dalej siedzia\u0142a w barze. Nie wygl\u0105dali nawet na deczko bardziej pijanych. Nie\u0142atwo zm\u00f3c profesjonalist\u00f3w Charles Bukowski, Hollywood","rel":"","context":"W \u201ez\u0142ote g\u0142oski&quot;","block_context":{"text":"z\u0142ote g\u0142oski","link":"https:\/\/www.volen.pl\/?cat=17"},"img":{"alt_text":"","src":"","width":0,"height":0},"classes":[]},{"id":3039,"url":"https:\/\/www.volen.pl\/?p=3039","url_meta":{"origin":3043,"position":1},"title":"Uczciwe zaj\u0119cie","author":"volen","date":"2021-09-13","format":false,"excerpt":"Przy ko\u0144cu baru siedzia\u0142 jaki\u015b go\u015b\u0107; gapi\u0142 si\u0119 na mnie bez ustanku.W ko\u0144cu popatrzy\u0142em na niego.\u2013 Dobra, czym si\u0119 zajmujesz? \u2013 spyta\u0142em.Chwil\u0119 pomilcza\u0142, napi\u0142 si\u0119 i znowu wpatrzy\u0142 si\u0119 we mnie.\u2013 Cholernie wstydz\u0119 si\u0119 przyzna\u0107, ale\u2026 robi\u0119 filmy.Go\u015b\u0107 okaza\u0142 si\u0119 Wennerem Zergogiem, znanym niemieckim re\u017cyserem. Mia\u0142 troch\u0119, jak to m\u00f3wi\u0105,\u2026","rel":"","context":"W \u201ez\u0142ote g\u0142oski&quot;","block_context":{"text":"z\u0142ote g\u0142oski","link":"https:\/\/www.volen.pl\/?cat=17"},"img":{"alt_text":"","src":"","width":0,"height":0},"classes":[]},{"id":1067,"url":"https:\/\/www.volen.pl\/?p=1067","url_meta":{"origin":3043,"position":2},"title":"martwy dom","author":"volen","date":"2014-11-16","format":false,"excerpt":"Pi\u0119kny drewniany dom, miejsce niegdy\u015b t\u0119tni\u0105ce \u017cyciem, dzi\u015b popadaj\u0105cy z wolna w ruin\u0119: porozbijane szyby, wyrwane drzwi i pod\u0142ogi, wal\u0105ce si\u0119 \u015bciany - doskona\u0142e miejsce na szybk\u0105 sesj\u0119. Nie psujcie opuszczonych dom\u00f3w... \u00a0","rel":"","context":"W \u201eschizofretka&quot;","block_context":{"text":"schizofretka","link":"https:\/\/www.volen.pl\/?cat=4"},"img":{"alt_text":"","src":"https:\/\/i0.wp.com\/www.volen.pl\/wp-content\/uploads\/2014\/11\/DSC2811s.jpg?fit=1200%2C795&ssl=1&resize=350%2C200","width":350,"height":200,"srcset":"https:\/\/i0.wp.com\/www.volen.pl\/wp-content\/uploads\/2014\/11\/DSC2811s.jpg?fit=1200%2C795&ssl=1&resize=350%2C200 1x, https:\/\/i0.wp.com\/www.volen.pl\/wp-content\/uploads\/2014\/11\/DSC2811s.jpg?fit=1200%2C795&ssl=1&resize=525%2C300 1.5x, https:\/\/i0.wp.com\/www.volen.pl\/wp-content\/uploads\/2014\/11\/DSC2811s.jpg?fit=1200%2C795&ssl=1&resize=700%2C400 2x, https:\/\/i0.wp.com\/www.volen.pl\/wp-content\/uploads\/2014\/11\/DSC2811s.jpg?fit=1200%2C795&ssl=1&resize=1050%2C600 3x"},"classes":[]},{"id":3040,"url":"https:\/\/www.volen.pl\/?p=3040","url_meta":{"origin":3043,"position":3},"title":"Staro\u015b\u0107","author":"volen","date":"2021-09-23","format":false,"excerpt":"Dlaczego jednak niekt\u00f3rzy starzej\u0105 si\u0119 o tyle gorzej od innych? \u2013 Nie mam poj\u0119cia \u2013 przyzna\u0142em \u2013 ale odnosz\u0119 wra\u017cenie, \u017ce ludzie, kt\u00f3rzy nie my\u015bl\u0105 zbyt wiele, wygl\u0105daj\u0105 m\u0142odziej. Charles Bukowski, Hollywood","rel":"","context":"W \u201ez\u0142ote g\u0142oski&quot;","block_context":{"text":"z\u0142ote g\u0142oski","link":"https:\/\/www.volen.pl\/?cat=17"},"img":{"alt_text":"","src":"","width":0,"height":0},"classes":[]},{"id":1333,"url":"https:\/\/www.volen.pl\/?p=1333","url_meta":{"origin":3043,"position":4},"title":"Takie ostatnie miejsce","author":"volen","date":"2015-08-12","format":false,"excerpt":"do kt\u00f3rego\u015bmy pojechali le\u017cy w Polsce. Musia\u0142em troch\u0119 ponaci\u0105ga\u0107 fakty, i\u017cby Kot si\u0119 zgodzi\u0142 tam pojecha\u0107, ale - patrz\u0105c na to z odpowiedniej perspektywy - takie naci\u0105ganie nie ma \u017cadnego znaczenia w obliczu wieczno\u015bci. Zanim jednak wjedziemy do Rzeczpospolitej, po\u017cegna\u0142a nas S\u0142owacja dwoma jeziorami: vodn\u00e1 n\u00e1dr\u017e Zempl\u00ednska \u0160\u00edrava nad kt\u00f3r\u0105\u2026","rel":"","context":"W \u201eBalkan eXpress&quot;","block_context":{"text":"Balkan eXpress","link":"https:\/\/www.volen.pl\/?cat=194"},"img":{"alt_text":"","src":"https:\/\/i0.wp.com\/www.volen.pl\/wp-content\/uploads\/2015\/08\/VOL1006ca.jpg?fit=1200%2C633&ssl=1&resize=350%2C200","width":350,"height":200,"srcset":"https:\/\/i0.wp.com\/www.volen.pl\/wp-content\/uploads\/2015\/08\/VOL1006ca.jpg?fit=1200%2C633&ssl=1&resize=350%2C200 1x, https:\/\/i0.wp.com\/www.volen.pl\/wp-content\/uploads\/2015\/08\/VOL1006ca.jpg?fit=1200%2C633&ssl=1&resize=525%2C300 1.5x, https:\/\/i0.wp.com\/www.volen.pl\/wp-content\/uploads\/2015\/08\/VOL1006ca.jpg?fit=1200%2C633&ssl=1&resize=700%2C400 2x, https:\/\/i0.wp.com\/www.volen.pl\/wp-content\/uploads\/2015\/08\/VOL1006ca.jpg?fit=1200%2C633&ssl=1&resize=1050%2C600 3x"},"classes":[]},{"id":3042,"url":"https:\/\/www.volen.pl\/?p=3042","url_meta":{"origin":3043,"position":5},"title":"Alkoholizm","author":"volen","date":"2021-09-24","format":false,"excerpt":"Moim zdaniem wi\u0119kszo\u015b\u0107 pij\u0105cych wcale nie jest alkoholikami, tylko si\u0119 za takich uwa\u017ca. Alkoholizm to proces, kt\u00f3rego nie spos\u00f3b przyspieszy\u0107. Potrzeba najmniej dwudziestu lat, \u017ceby zosta\u0107 przyzwoitym alkoholikiem. Ja pi\u0142em 45. rok i czu\u0142em, \u017ce dobrze wykorzysta\u0142em te lata. Charles Bukowski, Hollywood","rel":"","context":"W \u201ez\u0142ote g\u0142oski&quot;","block_context":{"text":"z\u0142ote g\u0142oski","link":"https:\/\/www.volen.pl\/?cat=17"},"img":{"alt_text":"","src":"","width":0,"height":0},"classes":[]}],"_links":{"self":[{"href":"https:\/\/www.volen.pl\/index.php?rest_route=\/wp\/v2\/posts\/3043","targetHints":{"allow":["GET"]}}],"collection":[{"href":"https:\/\/www.volen.pl\/index.php?rest_route=\/wp\/v2\/posts"}],"about":[{"href":"https:\/\/www.volen.pl\/index.php?rest_route=\/wp\/v2\/types\/post"}],"author":[{"embeddable":true,"href":"https:\/\/www.volen.pl\/index.php?rest_route=\/wp\/v2\/users\/1"}],"replies":[{"embeddable":true,"href":"https:\/\/www.volen.pl\/index.php?rest_route=%2Fwp%2Fv2%2Fcomments&post=3043"}],"version-history":[{"count":0,"href":"https:\/\/www.volen.pl\/index.php?rest_route=\/wp\/v2\/posts\/3043\/revisions"}],"wp:attachment":[{"href":"https:\/\/www.volen.pl\/index.php?rest_route=%2Fwp%2Fv2%2Fmedia&parent=3043"}],"wp:term":[{"taxonomy":"category","embeddable":true,"href":"https:\/\/www.volen.pl\/index.php?rest_route=%2Fwp%2Fv2%2Fcategories&post=3043"},{"taxonomy":"post_tag","embeddable":true,"href":"https:\/\/www.volen.pl\/index.php?rest_route=%2Fwp%2Fv2%2Ftags&post=3043"}],"curies":[{"name":"wp","href":"https:\/\/api.w.org\/{rel}","templated":true}]}}