{"id":3044,"date":"2021-10-05T23:02:25","date_gmt":"2021-10-05T21:02:25","guid":{"rendered":"https:\/\/www.volen.pl\/?p=3044"},"modified":"2021-10-05T23:02:25","modified_gmt":"2021-10-05T21:02:25","slug":"profesjonalizm","status":"publish","type":"post","link":"https:\/\/www.volen.pl\/?p=3044","title":{"rendered":"Profesjonalizm"},"content":{"rendered":"\n<p class=\"wp-block-paragraph\">Za\u0142oga dalej siedzia\u0142a w barze. Nie wygl\u0105dali nawet na deczko bardziej pijanych. Nie\u0142atwo zm\u00f3c profesjonalist\u00f3w<\/p>\n\n\n\n<p class=\"wp-block-paragraph\">Charles Bukowski, Hollywood <\/p>\n","protected":false},"excerpt":{"rendered":"<p>Za\u0142oga dalej siedzia\u0142a w barze. Nie wygl\u0105dali nawet na deczko bardziej pijanych. Nie\u0142atwo zm\u00f3c profesjonalist\u00f3w&#8230;<\/p>\n<div class=\"more-link-wrapper\"><a class=\"more-link\" href=\"https:\/\/www.volen.pl\/?p=3044\">Read the post<span class=\"screen-reader-text\">Profesjonalizm<\/span><\/a><\/div>\n","protected":false},"author":1,"featured_media":0,"comment_status":"open","ping_status":"open","sticky":false,"template":"","format":"standard","meta":{"_crdt_document":"","jetpack_post_was_ever_published":false,"_jetpack_newsletter_access":"","_jetpack_dont_email_post_to_subs":false,"_jetpack_newsletter_tier_id":0,"_jetpack_memberships_contains_paywalled_content":false,"_jetpack_memberships_contains_paid_content":false,"footnotes":"","jetpack_publicize_message":"","jetpack_publicize_feature_enabled":true,"jetpack_social_post_already_shared":true,"jetpack_social_options":{"image_generator_settings":{"template":"highway","default_image_id":0,"font":"","enabled":false},"version":2}},"categories":[17],"tags":[435,432,433,438],"class_list":["post-3044","post","type-post","status-publish","format-standard","hentry","category-cytaty","tag-alkohol","tag-bukowski","tag-hollywood","tag-profesjonalizm","excerpt","zoom","full-without-featured","even","excerpt-0"],"jetpack_publicize_connections":[],"jetpack_featured_media_url":"","jetpack_shortlink":"https:\/\/wp.me\/p4lAri-N6","jetpack_sharing_enabled":true,"jetpack-related-posts":[{"id":3040,"url":"https:\/\/www.volen.pl\/?p=3040","url_meta":{"origin":3044,"position":0},"title":"Staro\u015b\u0107","author":"volen","date":"2021-09-23","format":false,"excerpt":"Dlaczego jednak niekt\u00f3rzy starzej\u0105 si\u0119 o tyle gorzej od innych? \u2013 Nie mam poj\u0119cia \u2013 przyzna\u0142em \u2013 ale odnosz\u0119 wra\u017cenie, \u017ce ludzie, kt\u00f3rzy nie my\u015bl\u0105 zbyt wiele, wygl\u0105daj\u0105 m\u0142odziej. Charles Bukowski, Hollywood","rel":"","context":"W \u201ez\u0142ote g\u0142oski&quot;","block_context":{"text":"z\u0142ote g\u0142oski","link":"https:\/\/www.volen.pl\/?cat=17"},"img":{"alt_text":"","src":"","width":0,"height":0},"classes":[]},{"id":3043,"url":"https:\/\/www.volen.pl\/?p=3043","url_meta":{"origin":3044,"position":1},"title":"Dom","author":"volen","date":"2021-10-05","format":false,"excerpt":"\u2013 Znalaz\u0142em dom. Fran\u00e7ois jest ze mn\u0105. Pi\u0119kny dom, dwie kuchnie, w dodatku czynsz \u015bmiesznie niski.\u2013 Gdzie mieszkacie?\u2013 W getcie w Venice. Brooks Avenue, sami Czarni. Na ulicach wojna. Totalna destrukcja. Co\u015b przepi\u0119knego! Charles Bukowski, Hollywood","rel":"","context":"W \u201ez\u0142ote g\u0142oski&quot;","block_context":{"text":"z\u0142ote g\u0142oski","link":"https:\/\/www.volen.pl\/?cat=17"},"img":{"alt_text":"","src":"","width":0,"height":0},"classes":[]},{"id":3039,"url":"https:\/\/www.volen.pl\/?p=3039","url_meta":{"origin":3044,"position":2},"title":"Uczciwe zaj\u0119cie","author":"volen","date":"2021-09-13","format":false,"excerpt":"Przy ko\u0144cu baru siedzia\u0142 jaki\u015b go\u015b\u0107; gapi\u0142 si\u0119 na mnie bez ustanku.W ko\u0144cu popatrzy\u0142em na niego.\u2013 Dobra, czym si\u0119 zajmujesz? \u2013 spyta\u0142em.Chwil\u0119 pomilcza\u0142, napi\u0142 si\u0119 i znowu wpatrzy\u0142 si\u0119 we mnie.\u2013 Cholernie wstydz\u0119 si\u0119 przyzna\u0107, ale\u2026 robi\u0119 filmy.Go\u015b\u0107 okaza\u0142 si\u0119 Wennerem Zergogiem, znanym niemieckim re\u017cyserem. Mia\u0142 troch\u0119, jak to m\u00f3wi\u0105,\u2026","rel":"","context":"W \u201ez\u0142ote g\u0142oski&quot;","block_context":{"text":"z\u0142ote g\u0142oski","link":"https:\/\/www.volen.pl\/?cat=17"},"img":{"alt_text":"","src":"","width":0,"height":0},"classes":[]},{"id":3042,"url":"https:\/\/www.volen.pl\/?p=3042","url_meta":{"origin":3044,"position":3},"title":"Alkoholizm","author":"volen","date":"2021-09-24","format":false,"excerpt":"Moim zdaniem wi\u0119kszo\u015b\u0107 pij\u0105cych wcale nie jest alkoholikami, tylko si\u0119 za takich uwa\u017ca. Alkoholizm to proces, kt\u00f3rego nie spos\u00f3b przyspieszy\u0107. Potrzeba najmniej dwudziestu lat, \u017ceby zosta\u0107 przyzwoitym alkoholikiem. Ja pi\u0142em 45. rok i czu\u0142em, \u017ce dobrze wykorzysta\u0142em te lata. Charles Bukowski, Hollywood","rel":"","context":"W \u201ez\u0142ote g\u0142oski&quot;","block_context":{"text":"z\u0142ote g\u0142oski","link":"https:\/\/www.volen.pl\/?cat=17"},"img":{"alt_text":"","src":"","width":0,"height":0},"classes":[]}],"_links":{"self":[{"href":"https:\/\/www.volen.pl\/index.php?rest_route=\/wp\/v2\/posts\/3044","targetHints":{"allow":["GET"]}}],"collection":[{"href":"https:\/\/www.volen.pl\/index.php?rest_route=\/wp\/v2\/posts"}],"about":[{"href":"https:\/\/www.volen.pl\/index.php?rest_route=\/wp\/v2\/types\/post"}],"author":[{"embeddable":true,"href":"https:\/\/www.volen.pl\/index.php?rest_route=\/wp\/v2\/users\/1"}],"replies":[{"embeddable":true,"href":"https:\/\/www.volen.pl\/index.php?rest_route=%2Fwp%2Fv2%2Fcomments&post=3044"}],"version-history":[{"count":0,"href":"https:\/\/www.volen.pl\/index.php?rest_route=\/wp\/v2\/posts\/3044\/revisions"}],"wp:attachment":[{"href":"https:\/\/www.volen.pl\/index.php?rest_route=%2Fwp%2Fv2%2Fmedia&parent=3044"}],"wp:term":[{"taxonomy":"category","embeddable":true,"href":"https:\/\/www.volen.pl\/index.php?rest_route=%2Fwp%2Fv2%2Fcategories&post=3044"},{"taxonomy":"post_tag","embeddable":true,"href":"https:\/\/www.volen.pl\/index.php?rest_route=%2Fwp%2Fv2%2Ftags&post=3044"}],"curies":[{"name":"wp","href":"https:\/\/api.w.org\/{rel}","templated":true}]}}