{"id":3045,"date":"2021-10-22T10:45:11","date_gmt":"2021-10-22T08:45:11","guid":{"rendered":"http:\/\/www.volen.pl\/?p=3045"},"modified":"2021-10-22T10:45:11","modified_gmt":"2021-10-22T08:45:11","slug":"oczy","status":"publish","type":"post","link":"https:\/\/www.volen.pl\/?p=3045","title":{"rendered":"Oczy"},"content":{"rendered":"\n<p class=\"wp-block-paragraph\">Patrzy\u0142a na mnie uwa\u017cnie. I powa\u017cnie. Popatrzy\u0142em i ja na ni\u0105. Ma\u0142y, puszysty, lekki jak z nasion dmuchawca berecik-czapeczka, odrobin\u0119 przekrzywiony, nadawa\u0142 twarzy zadziorny czy te\u017c mo\u017ce zawadiacki wygl\u0105d. Szarozielone, z przewag\u0105 szaro\u015bci oczy by\u0142y stworzone do \u015bmiechu, kobiety z takimi oczami id\u0105 przez \u017cycie rado\u015bnie, ra\u017anie, i najcz\u0119\u015bciej przed czterdziestk\u0105 za\u0142amuj\u0105 si\u0119 ca\u0142kowicie i ko\u0144cz\u0105 skokiem w przepa\u015b\u0107. <\/p>\n\n\n\n<p class=\"wp-block-paragraph\">Eugeniusz D\u0119bski, Flashback<\/p>\n","protected":false},"excerpt":{"rendered":"<p>Patrzy\u0142a na mnie uwa\u017cnie. I powa\u017cnie. Popatrzy\u0142em i ja na ni\u0105. Ma\u0142y, puszysty, lekki jak&#8230;<\/p>\n<div class=\"more-link-wrapper\"><a class=\"more-link\" href=\"https:\/\/www.volen.pl\/?p=3045\">Read the post<span class=\"screen-reader-text\">Oczy<\/span><\/a><\/div>\n","protected":false},"author":1,"featured_media":0,"comment_status":"open","ping_status":"open","sticky":false,"template":"","format":"standard","meta":{"_crdt_document":"","jetpack_post_was_ever_published":false,"_jetpack_newsletter_access":"","_jetpack_dont_email_post_to_subs":false,"_jetpack_newsletter_tier_id":0,"_jetpack_memberships_contains_paywalled_content":false,"_jetpack_memberships_contains_paid_content":false,"footnotes":"","jetpack_publicize_message":"","jetpack_publicize_feature_enabled":true,"jetpack_social_post_already_shared":true,"jetpack_social_options":{"image_generator_settings":{"template":"highway","default_image_id":0,"font":"","enabled":false},"version":2}},"categories":[17],"tags":[441,52,439,440],"class_list":["post-3045","post","type-post","status-publish","format-standard","hentry","category-cytaty","tag-debski","tag-kobieta","tag-oczy","tag-szarozielone","excerpt","zoom","full-without-featured","even","excerpt-0"],"jetpack_publicize_connections":[],"jetpack_featured_media_url":"","jetpack_shortlink":"https:\/\/wp.me\/s4lAri-oczy","jetpack_sharing_enabled":true,"jetpack-related-posts":[{"id":3046,"url":"https:\/\/www.volen.pl\/?p=3046","url_meta":{"origin":3045,"position":0},"title":"Baza","author":"volen","date":"2021-10-22","format":false,"excerpt":"\u2013 Nie wiem, czy wiesz, \u017ce mam na Ksi\u0119\u017cycu ma\u0142\u0105 baz\u0119\u2026\u2013 Dlaczeg\u00f3\u017c by nie? Skoro ja mam dwa samochody? Eugeniusz D\u0119bski, Flashback","rel":"","context":"W \u201ez\u0142ote g\u0142oski&quot;","block_context":{"text":"z\u0142ote g\u0142oski","link":"https:\/\/www.volen.pl\/?cat=17"},"img":{"alt_text":"","src":"","width":0,"height":0},"classes":[]},{"id":3320,"url":"https:\/\/www.volen.pl\/?p=3320","url_meta":{"origin":3045,"position":1},"title":"Mistrzostwo \u015bwiata","author":"volen","date":"2023-06-26","format":false,"excerpt":"Bu\u0142garzy s\u0105 absolutnymi mistrzami \u015bwiata w unikaniu spojrzenia w oczy. \u017badnej odpowiedzi na proste 'Dzie\u0144 dobry!' od nikogo si\u0119 nie doczekali\u015bmy poza trzema wyj\u0105tkami: dziewczyna od Bobbiego, ekspedientka w sklepie i para Szwajcar\u00f3w. Dziewczyna od Bobbiego to ciekawa sprawa: przysz\u0142a do nas za synem o imieniu Bojan i z marszu\u2026","rel":"","context":"W \u201epo byku&quot;","block_context":{"text":"po byku","link":"https:\/\/www.volen.pl\/?cat=474"},"img":{"alt_text":"","src":"https:\/\/i0.wp.com\/www.volen.pl\/wp-content\/uploads\/2023\/07\/IMG_20230626_211709.jpg?fit=1200%2C900&ssl=1&resize=350%2C200","width":350,"height":200,"srcset":"https:\/\/i0.wp.com\/www.volen.pl\/wp-content\/uploads\/2023\/07\/IMG_20230626_211709.jpg?fit=1200%2C900&ssl=1&resize=350%2C200 1x, https:\/\/i0.wp.com\/www.volen.pl\/wp-content\/uploads\/2023\/07\/IMG_20230626_211709.jpg?fit=1200%2C900&ssl=1&resize=525%2C300 1.5x, https:\/\/i0.wp.com\/www.volen.pl\/wp-content\/uploads\/2023\/07\/IMG_20230626_211709.jpg?fit=1200%2C900&ssl=1&resize=700%2C400 2x, https:\/\/i0.wp.com\/www.volen.pl\/wp-content\/uploads\/2023\/07\/IMG_20230626_211709.jpg?fit=1200%2C900&ssl=1&resize=1050%2C600 3x"},"classes":[]},{"id":2852,"url":"https:\/\/www.volen.pl\/?p=2852","url_meta":{"origin":3045,"position":2},"title":"Bajka\u0142","author":"volen","date":"2018-07-11","format":false,"excerpt":"Ruszyli\u015bmy znad jeziora G\u0119siego. Rano woda jeszcze lepsza do k\u0105pieli. Jechali\u015bmy w\u015br\u00f3d \u0142agodnie pofalowanych wzg\u00f3rz poro\u015bni\u0119tych rzadkim lasem brzozowo - sosnowym... Z chwili na chwil\u0119, moje przyzwyczajone do br\u0105zu i \u017c\u00f3\u0142ci stepu oczy zacz\u0119\u0142y pa\u015b\u0107 si\u0119 soczyst\u0105 zieleni\u0105 \u0142\u0105k i las\u00f3w. Po drodze zjechali\u015bmy do chramu w Mostovce, gdzie trafili\u015bmy\u2026","rel":"","context":"W \u201enawariata&quot;","block_context":{"text":"nawariata","link":"https:\/\/www.volen.pl\/?cat=93"},"img":{"alt_text":"","src":"https:\/\/i0.wp.com\/www.volen.pl\/wp-content\/uploads\/2018\/07\/rozlewiska_przy_po%C5%82udniowym_bajkale_VOL3683.jpg?fit=1200%2C707&ssl=1&resize=350%2C200","width":350,"height":200,"srcset":"https:\/\/i0.wp.com\/www.volen.pl\/wp-content\/uploads\/2018\/07\/rozlewiska_przy_po%C5%82udniowym_bajkale_VOL3683.jpg?fit=1200%2C707&ssl=1&resize=350%2C200 1x, https:\/\/i0.wp.com\/www.volen.pl\/wp-content\/uploads\/2018\/07\/rozlewiska_przy_po%C5%82udniowym_bajkale_VOL3683.jpg?fit=1200%2C707&ssl=1&resize=525%2C300 1.5x, https:\/\/i0.wp.com\/www.volen.pl\/wp-content\/uploads\/2018\/07\/rozlewiska_przy_po%C5%82udniowym_bajkale_VOL3683.jpg?fit=1200%2C707&ssl=1&resize=700%2C400 2x, https:\/\/i0.wp.com\/www.volen.pl\/wp-content\/uploads\/2018\/07\/rozlewiska_przy_po%C5%82udniowym_bajkale_VOL3683.jpg?fit=1200%2C707&ssl=1&resize=1050%2C600 3x"},"classes":[]},{"id":1267,"url":"https:\/\/www.volen.pl\/?p=1267","url_meta":{"origin":3045,"position":3},"title":"Alba\u0144ska szko\u0142a jazdy","author":"volen","date":"2015-08-05","format":false,"excerpt":"Ze z\u0142o\u015bci na serbsk\u0105 biurokracj\u0119 postanowili\u015bmy nie tankowa\u0107 w tym - pi\u0119knym sk\u0105din\u0105d - kraju. Na pierwszej napotkanej stacji czarnog\u00f3rskiego Wr\u00f3blenu zatankowali\u015bmy do pe\u0142na z niewielk\u0105 g\u00f3rk\u0105, po czym zjechali\u015bmy do Bijelego Polja, zatrzymali\u015bmy si\u0119 w przydro\u017cnym hotelu i poszli\u015bmy spa\u0107. Trawersata Montenegro by\u0142a czyst\u0105 przyjemno\u015bci\u0105. Prowadzi\u0142 pewn\u0105 \u0142apk\u0105 dzielny\u2026","rel":"","context":"W \u201eBalkan eXpress&quot;","block_context":{"text":"Balkan eXpress","link":"https:\/\/www.volen.pl\/?cat=194"},"img":{"alt_text":"","src":"https:\/\/i0.wp.com\/www.volen.pl\/wp-content\/uploads\/2015\/08\/VOL0251.jpg?fit=1200%2C795&ssl=1&resize=350%2C200","width":350,"height":200,"srcset":"https:\/\/i0.wp.com\/www.volen.pl\/wp-content\/uploads\/2015\/08\/VOL0251.jpg?fit=1200%2C795&ssl=1&resize=350%2C200 1x, https:\/\/i0.wp.com\/www.volen.pl\/wp-content\/uploads\/2015\/08\/VOL0251.jpg?fit=1200%2C795&ssl=1&resize=525%2C300 1.5x, https:\/\/i0.wp.com\/www.volen.pl\/wp-content\/uploads\/2015\/08\/VOL0251.jpg?fit=1200%2C795&ssl=1&resize=700%2C400 2x, https:\/\/i0.wp.com\/www.volen.pl\/wp-content\/uploads\/2015\/08\/VOL0251.jpg?fit=1200%2C795&ssl=1&resize=1050%2C600 3x"},"classes":[]},{"id":766,"url":"https:\/\/www.volen.pl\/?p=766","url_meta":{"origin":3045,"position":4},"title":"gaz \u0142zawi\u0105cy","author":"volen","date":"2014-10-24","format":false,"excerpt":"Potworny b\u00f3l g\u0142owy. Piek\u0105ce oczy. Kaszel i krztuszenie si\u0119. Zawsze tak jest, jak policja r\u0105bie w cz\u0142owieka gazem \u0142zawi\u0105cym. A nie chcieli\u015bmy nic z\u0142ego. Po prostu napi\u0107 si\u0119 kawy. Ale po kolei... Na \u015bniadanie w hotelu nie by\u0142o co liczy\u0107, poszli\u015bmy wi\u0119c do restauracji, gdzie po omacku zamawiaj\u0105c dostali\u015bmy jajecznic\u0119\u2026","rel":"","context":"W \u201ea la conquista de Am\u00e9rica&quot;","block_context":{"text":"a la conquista de Am\u00e9rica","link":"https:\/\/www.volen.pl\/?cat=138"},"img":{"alt_text":"","src":"https:\/\/i0.wp.com\/www.volen.pl\/wp-content\/uploads\/2014\/10\/r_DSC0323.jpg?fit=1200%2C795&ssl=1&resize=350%2C200","width":350,"height":200,"srcset":"https:\/\/i0.wp.com\/www.volen.pl\/wp-content\/uploads\/2014\/10\/r_DSC0323.jpg?fit=1200%2C795&ssl=1&resize=350%2C200 1x, https:\/\/i0.wp.com\/www.volen.pl\/wp-content\/uploads\/2014\/10\/r_DSC0323.jpg?fit=1200%2C795&ssl=1&resize=525%2C300 1.5x, https:\/\/i0.wp.com\/www.volen.pl\/wp-content\/uploads\/2014\/10\/r_DSC0323.jpg?fit=1200%2C795&ssl=1&resize=700%2C400 2x, https:\/\/i0.wp.com\/www.volen.pl\/wp-content\/uploads\/2014\/10\/r_DSC0323.jpg?fit=1200%2C795&ssl=1&resize=1050%2C600 3x"},"classes":[]},{"id":574,"url":"https:\/\/www.volen.pl\/?p=574","url_meta":{"origin":3045,"position":5},"title":"Zosia","author":"volen","date":"2014-07-01","format":false,"excerpt":"by\u0142 pi\u0119kny dzie\u0144, s\u0142o\u0144ce \u015bwieci\u0142o, deszcz pada\u0142, wiatr powiewa\u0142 uroczo kosmykami w\u0142os\u00f3w a my, zanurzeni w bezmiarze przestrzeni, kradli\u015bmy przyrodzie to, co najlepsze oto moja ju\u017cNieTakaMalusia Zosia kochany szkrabek, lat 7 i troch\u0119, par\u0119 z\u0119b\u00f3w, czekoladowe oczy i serce pe\u0142ne mi\u0142o\u015bci dziecko zmienia si\u0119 niezauwa\u017cenie, podczas gdy my wci\u0105\u017c staramy\u2026","rel":"","context":"W \u201edreptak&quot;","block_context":{"text":"dreptak","link":"https:\/\/www.volen.pl\/?cat=18"},"img":{"alt_text":"","src":"https:\/\/i0.wp.com\/www.volen.pl\/wp-content\/uploads\/2014\/07\/wietrzny-portret-_DSC3662s.jpg?fit=1200%2C795&ssl=1&resize=350%2C200","width":350,"height":200,"srcset":"https:\/\/i0.wp.com\/www.volen.pl\/wp-content\/uploads\/2014\/07\/wietrzny-portret-_DSC3662s.jpg?fit=1200%2C795&ssl=1&resize=350%2C200 1x, https:\/\/i0.wp.com\/www.volen.pl\/wp-content\/uploads\/2014\/07\/wietrzny-portret-_DSC3662s.jpg?fit=1200%2C795&ssl=1&resize=525%2C300 1.5x, https:\/\/i0.wp.com\/www.volen.pl\/wp-content\/uploads\/2014\/07\/wietrzny-portret-_DSC3662s.jpg?fit=1200%2C795&ssl=1&resize=700%2C400 2x, https:\/\/i0.wp.com\/www.volen.pl\/wp-content\/uploads\/2014\/07\/wietrzny-portret-_DSC3662s.jpg?fit=1200%2C795&ssl=1&resize=1050%2C600 3x"},"classes":[]}],"_links":{"self":[{"href":"https:\/\/www.volen.pl\/index.php?rest_route=\/wp\/v2\/posts\/3045","targetHints":{"allow":["GET"]}}],"collection":[{"href":"https:\/\/www.volen.pl\/index.php?rest_route=\/wp\/v2\/posts"}],"about":[{"href":"https:\/\/www.volen.pl\/index.php?rest_route=\/wp\/v2\/types\/post"}],"author":[{"embeddable":true,"href":"https:\/\/www.volen.pl\/index.php?rest_route=\/wp\/v2\/users\/1"}],"replies":[{"embeddable":true,"href":"https:\/\/www.volen.pl\/index.php?rest_route=%2Fwp%2Fv2%2Fcomments&post=3045"}],"version-history":[{"count":0,"href":"https:\/\/www.volen.pl\/index.php?rest_route=\/wp\/v2\/posts\/3045\/revisions"}],"wp:attachment":[{"href":"https:\/\/www.volen.pl\/index.php?rest_route=%2Fwp%2Fv2%2Fmedia&parent=3045"}],"wp:term":[{"taxonomy":"category","embeddable":true,"href":"https:\/\/www.volen.pl\/index.php?rest_route=%2Fwp%2Fv2%2Fcategories&post=3045"},{"taxonomy":"post_tag","embeddable":true,"href":"https:\/\/www.volen.pl\/index.php?rest_route=%2Fwp%2Fv2%2Ftags&post=3045"}],"curies":[{"name":"wp","href":"https:\/\/api.w.org\/{rel}","templated":true}]}}