{"id":3046,"date":"2021-10-22T11:11:32","date_gmt":"2021-10-22T09:11:32","guid":{"rendered":"http:\/\/www.volen.pl\/?p=3046"},"modified":"2021-10-22T11:11:32","modified_gmt":"2021-10-22T09:11:32","slug":"baza","status":"publish","type":"post","link":"https:\/\/www.volen.pl\/?p=3046","title":{"rendered":"Baza"},"content":{"rendered":"\n<p class=\"wp-block-paragraph\">\u2013 Nie wiem, czy wiesz, \u017ce mam na Ksi\u0119\u017cycu ma\u0142\u0105 baz\u0119\u2026<br \/>\u2013 Dlaczeg\u00f3\u017c by nie? Skoro ja mam dwa samochody?<\/p>\n\n\n\n<p class=\"wp-block-paragraph\">Eugeniusz D\u0119bski, Flashback <\/p>\n","protected":false},"excerpt":{"rendered":"<p>\u2013 Nie wiem, czy wiesz, \u017ce mam na Ksi\u0119\u017cycu ma\u0142\u0105 baz\u0119\u2026\u2013 Dlaczeg\u00f3\u017c by nie? Skoro&#8230;<\/p>\n<div class=\"more-link-wrapper\"><a class=\"more-link\" href=\"https:\/\/www.volen.pl\/?p=3046\">Read the post<span class=\"screen-reader-text\">Baza<\/span><\/a><\/div>\n","protected":false},"author":1,"featured_media":0,"comment_status":"open","ping_status":"open","sticky":false,"template":"","format":"standard","meta":{"_crdt_document":"","jetpack_post_was_ever_published":false,"_jetpack_newsletter_access":"","_jetpack_dont_email_post_to_subs":false,"_jetpack_newsletter_tier_id":0,"_jetpack_memberships_contains_paywalled_content":false,"_jetpack_memberships_contains_paid_content":false,"footnotes":"","jetpack_publicize_message":"","jetpack_publicize_feature_enabled":true,"jetpack_social_post_already_shared":true,"jetpack_social_options":{"image_generator_settings":{"template":"highway","default_image_id":0,"font":"","enabled":false},"version":2}},"categories":[17],"tags":[444,442,443],"class_list":["post-3046","post","type-post","status-publish","format-standard","hentry","category-cytaty","tag-ksiezyc","tag-posiadanie","tag-status","excerpt","zoom","full-without-featured","even","excerpt-0"],"jetpack_publicize_connections":[],"jetpack_featured_media_url":"","jetpack_shortlink":"https:\/\/wp.me\/s4lAri-baza","jetpack_sharing_enabled":true,"jetpack-related-posts":[{"id":3040,"url":"https:\/\/www.volen.pl\/?p=3040","url_meta":{"origin":3046,"position":0},"title":"Staro\u015b\u0107","author":"volen","date":"2021-09-23","format":false,"excerpt":"Dlaczego jednak niekt\u00f3rzy starzej\u0105 si\u0119 o tyle gorzej od innych? \u2013 Nie mam poj\u0119cia \u2013 przyzna\u0142em \u2013 ale odnosz\u0119 wra\u017cenie, \u017ce ludzie, kt\u00f3rzy nie my\u015bl\u0105 zbyt wiele, wygl\u0105daj\u0105 m\u0142odziej. Charles Bukowski, Hollywood","rel":"","context":"W \u201ez\u0142ote g\u0142oski&quot;","block_context":{"text":"z\u0142ote g\u0142oski","link":"https:\/\/www.volen.pl\/?cat=17"},"img":{"alt_text":"","src":"","width":0,"height":0},"classes":[]},{"id":2974,"url":"https:\/\/www.volen.pl\/?p=2974","url_meta":{"origin":3046,"position":1},"title":"znacz\u0105cy wk\u0142ad","author":"volen","date":"2019-02-03","format":false,"excerpt":"O, to jest rasowy glina - powiedzia\u0142 Neblett. Spojrza\u0142 na mnie i zmarszczy\u0142 czo\u0142o. - A je\u015bli idzie o ciebie - doda\u0142 - to nie mam poj\u0119cia, co my\u015ble\u0107. - Z zaanga\u017cowaniem wnosz\u0119 znacz\u0105cy wk\u0142ad, panie inspektorze - powiedzia\u0142em. Ben Aaronovitch - Rzeki Londynu","rel":"","context":"W \u201ez\u0142ote g\u0142oski&quot;","block_context":{"text":"z\u0142ote g\u0142oski","link":"https:\/\/www.volen.pl\/?cat=17"},"img":{"alt_text":"","src":"","width":0,"height":0},"classes":[]},{"id":3133,"url":"https:\/\/www.volen.pl\/?p=3133","url_meta":{"origin":3046,"position":2},"title":"Cisn\u0119 z Cisnej na Koma\u0144cz\u0119, czyli czemu to \u017cubr jest kr\u00f3lem Bieszczad","author":"volen","date":"2023-03-17","format":false,"excerpt":"Gdzie\u015b zaraz za Rzeszowem zatrzyma\u0142em si\u0119, by w spokoju pokontemplowa\u0107 pobocze i uderzy\u0142 mnie osza\u0142amiaj\u0105cy \u015bwiergot ptak\u00f3w - znak, \u017ce nadesz\u0142a wiosna. U nas jej jeszcze nie wida\u0107 - stoj\u0105 dwa czy trzy zmarzni\u0119te \u017curawie i klekocz\u0105 z zimna dziobami. Jeszcze z trasy wykona\u0142em telefon do Bac\u00f3wki pod Honem -\u2026","rel":"","context":"W \u201eGSB&quot;","block_context":{"text":"GSB","link":"https:\/\/www.volen.pl\/?cat=457"},"img":{"alt_text":"Photo taken by Gregoire Dubois","src":"https:\/\/i0.wp.com\/www.volen.pl\/wp-content\/uploads\/2023\/03\/niedzwiedz.jpg?fit=1200%2C800&ssl=1&resize=350%2C200","width":350,"height":200,"srcset":"https:\/\/i0.wp.com\/www.volen.pl\/wp-content\/uploads\/2023\/03\/niedzwiedz.jpg?fit=1200%2C800&ssl=1&resize=350%2C200 1x, https:\/\/i0.wp.com\/www.volen.pl\/wp-content\/uploads\/2023\/03\/niedzwiedz.jpg?fit=1200%2C800&ssl=1&resize=525%2C300 1.5x, https:\/\/i0.wp.com\/www.volen.pl\/wp-content\/uploads\/2023\/03\/niedzwiedz.jpg?fit=1200%2C800&ssl=1&resize=700%2C400 2x, https:\/\/i0.wp.com\/www.volen.pl\/wp-content\/uploads\/2023\/03\/niedzwiedz.jpg?fit=1200%2C800&ssl=1&resize=1050%2C600 3x"},"classes":[]},{"id":3034,"url":"https:\/\/www.volen.pl\/?p=3034","url_meta":{"origin":3046,"position":3},"title":"Ja\u015bniej","author":"volen","date":"2021-06-08","format":false,"excerpt":"\u2013 Pogranicze zawsze wyprzedza prawo \u2013 odezwa\u0142 si\u0119 Holden.\u2013 Prawda \u2013 zgodzi\u0142 si\u0119 Miller. \u2013 Ale tutaj by\u0142o ju\u017c miejsce zbrodni, jeszcze zanim tu dolecia\u0142e\u015b.\u2013 Wysadzenie ci\u0119\u017ckiego promu by\u0142o\u2026\u2013 Nie to \u2013 wci\u0105\u0142 si\u0119 Miller. \u2013 Chodzi mi o to wszystko. Wszystkie miejsca.\u2013 Mam wra\u017cenie, \u017ce ostatnio sp\u0119dzam mn\u00f3stwo czasu,\u2026","rel":"","context":"W \u201ez\u0142ote g\u0142oski&quot;","block_context":{"text":"z\u0142ote g\u0142oski","link":"https:\/\/www.volen.pl\/?cat=17"},"img":{"alt_text":"","src":"","width":0,"height":0},"classes":[]},{"id":2119,"url":"https:\/\/www.volen.pl\/?p=2119","url_meta":{"origin":3046,"position":4},"title":"Wielki odwr\u00f3t","author":"volen","date":"2016-11-18","format":false,"excerpt":"Zjad\u0142em kanapk\u0119 z sa\u0142atk\u0105, kawy sobie nie robi\u0142em, gdy\u017c o 8.00 otwierali stacj\u0119, dok\u0105d uda\u0142em si\u0119 po \u015bniadaniu. Kawa i wiadomo\u015bci. Otwarto drog\u0119 nr 1 na p\u00f3\u0142noc - jest szansa obejrze\u0107 Hvitserkur. To tylko 60km ode mnie. Droga oblodzona, dwa razy wiatr zakr\u0119ci\u0142 autem, jak ba\u0144k\u0105 mydlan\u0105. Po zje\u017adzie z\u2026","rel":"","context":"W \u201eIslandia: snj\u00f3r, \u00eds og eldur&quot;","block_context":{"text":"Islandia: snj\u00f3r, \u00eds og eldur","link":"https:\/\/www.volen.pl\/?cat=268"},"img":{"alt_text":"","src":"https:\/\/i0.wp.com\/www.volen.pl\/wp-content\/uploads\/2017\/05\/koniki-DSC_8557-1.jpg?fit=1200%2C593&ssl=1&resize=350%2C200","width":350,"height":200,"srcset":"https:\/\/i0.wp.com\/www.volen.pl\/wp-content\/uploads\/2017\/05\/koniki-DSC_8557-1.jpg?fit=1200%2C593&ssl=1&resize=350%2C200 1x, https:\/\/i0.wp.com\/www.volen.pl\/wp-content\/uploads\/2017\/05\/koniki-DSC_8557-1.jpg?fit=1200%2C593&ssl=1&resize=525%2C300 1.5x, https:\/\/i0.wp.com\/www.volen.pl\/wp-content\/uploads\/2017\/05\/koniki-DSC_8557-1.jpg?fit=1200%2C593&ssl=1&resize=700%2C400 2x, https:\/\/i0.wp.com\/www.volen.pl\/wp-content\/uploads\/2017\/05\/koniki-DSC_8557-1.jpg?fit=1200%2C593&ssl=1&resize=1050%2C600 3x"},"classes":[]},{"id":3065,"url":"https:\/\/www.volen.pl\/?p=3065","url_meta":{"origin":3046,"position":5},"title":"Omsk","author":"volen","date":"2018-10-09","format":false,"excerpt":"Wstalem o 12tej. Ksenia, dyrektorka hostelu Millennium, odda\u0142a mi m\u00f3j zagubiony prawie trzy miesi\u0105ce temu telefon. Szczerze ucieszy\u0142a si\u0119 na m\u00f3j widok, wi\u0119c z tej rado\u015bci, nie bardzo wiedz\u0105c, jak to okaza\u0107, trzasn\u0119\u0142a rosyjskiego misia raz, potem zmiana ramion i drugi raz, a na koniec machn\u0119\u0142a r\u0119k\u0105 i trzeci raz\u2026","rel":"","context":"W \u201enawariata&quot;","block_context":{"text":"nawariata","link":"https:\/\/www.volen.pl\/?cat=93"},"img":{"alt_text":"","src":"https:\/\/i0.wp.com\/www.volen.pl\/wp-content\/uploads\/2023\/02\/50993923247_113aeaae68_o.jpg?fit=1200%2C795&ssl=1&resize=350%2C200","width":350,"height":200,"srcset":"https:\/\/i0.wp.com\/www.volen.pl\/wp-content\/uploads\/2023\/02\/50993923247_113aeaae68_o.jpg?fit=1200%2C795&ssl=1&resize=350%2C200 1x, https:\/\/i0.wp.com\/www.volen.pl\/wp-content\/uploads\/2023\/02\/50993923247_113aeaae68_o.jpg?fit=1200%2C795&ssl=1&resize=525%2C300 1.5x, https:\/\/i0.wp.com\/www.volen.pl\/wp-content\/uploads\/2023\/02\/50993923247_113aeaae68_o.jpg?fit=1200%2C795&ssl=1&resize=700%2C400 2x, https:\/\/i0.wp.com\/www.volen.pl\/wp-content\/uploads\/2023\/02\/50993923247_113aeaae68_o.jpg?fit=1200%2C795&ssl=1&resize=1050%2C600 3x"},"classes":[]}],"_links":{"self":[{"href":"https:\/\/www.volen.pl\/index.php?rest_route=\/wp\/v2\/posts\/3046","targetHints":{"allow":["GET"]}}],"collection":[{"href":"https:\/\/www.volen.pl\/index.php?rest_route=\/wp\/v2\/posts"}],"about":[{"href":"https:\/\/www.volen.pl\/index.php?rest_route=\/wp\/v2\/types\/post"}],"author":[{"embeddable":true,"href":"https:\/\/www.volen.pl\/index.php?rest_route=\/wp\/v2\/users\/1"}],"replies":[{"embeddable":true,"href":"https:\/\/www.volen.pl\/index.php?rest_route=%2Fwp%2Fv2%2Fcomments&post=3046"}],"version-history":[{"count":0,"href":"https:\/\/www.volen.pl\/index.php?rest_route=\/wp\/v2\/posts\/3046\/revisions"}],"wp:attachment":[{"href":"https:\/\/www.volen.pl\/index.php?rest_route=%2Fwp%2Fv2%2Fmedia&parent=3046"}],"wp:term":[{"taxonomy":"category","embeddable":true,"href":"https:\/\/www.volen.pl\/index.php?rest_route=%2Fwp%2Fv2%2Fcategories&post=3046"},{"taxonomy":"post_tag","embeddable":true,"href":"https:\/\/www.volen.pl\/index.php?rest_route=%2Fwp%2Fv2%2Ftags&post=3046"}],"curies":[{"name":"wp","href":"https:\/\/api.w.org\/{rel}","templated":true}]}}