{"id":307,"date":"2014-03-25T17:40:42","date_gmt":"2014-03-25T16:40:42","guid":{"rendered":"http:\/\/www.volen.pl\/?p=307"},"modified":"2014-10-09T17:43:58","modified_gmt":"2014-10-09T15:43:58","slug":"komu-w-droge-temu","status":"publish","type":"post","link":"https:\/\/www.volen.pl\/?p=307","title":{"rendered":"komu w drog\u0119, temu&#8230;"},"content":{"rendered":"<p>jak na razie zimno i mokro&#8230;<\/p>\n<p>i choroba m\u0119czy&#8230;<\/p>\n<p>ale ju\u017c za par\u0119 godzin wsi\u0105dziemy w kolejk\u0119, nast\u0119pnie w autokar, potem w metro albo autobus tylko po to, by dotrze\u0107 na lotnisko, sk\u0105d przelecimy za morze<\/p>\n<p>bo Podr\u00f3\u017c to Podr\u00f3\u017c &#8211; ma swoje wymagania<\/p>\n<p>i niewa\u017cne, \u017ce chorzy, \u017ce zimno czy mokro&#8230;<\/p>\n<p>co\u015b ci\u015bnie, co\u015b gna, co\u015b zmusza, by i\u015b\u0107, by zobaczy\u0107, by sprawdzi\u0107, co znajduje si\u0119 tam, daleko, hen, za wzg\u00f3rzem, za morzem<\/p>\n<p>i prawdziwa Podr\u00f3\u017c zaczyna si\u0119 wcze\u015bniej, ni\u017c zgrzyt klucza w zamku<\/p>\n<p>zaczyna si\u0119 gdzie\u015b w sercu, w duszy<\/p>\n<p>i nikt naprawd\u0119 nie wie, kiedy?<\/p>\n<p>mo\u017ce jest tam od zawsze?<\/p>\n","protected":false},"excerpt":{"rendered":"<p>jak na razie zimno i mokro&#8230; i choroba m\u0119czy&#8230; ale ju\u017c za par\u0119 godzin wsi\u0105dziemy&#8230;<\/p>\n<div class=\"more-link-wrapper\"><a class=\"more-link\" href=\"https:\/\/www.volen.pl\/?p=307\">Read the post<span class=\"screen-reader-text\">komu w drog\u0119, temu&#8230;<\/span><\/a><\/div>\n","protected":false},"author":1,"featured_media":0,"comment_status":"closed","ping_status":"closed","sticky":false,"template":"","format":"standard","meta":{"_crdt_document":"","jetpack_post_was_ever_published":false,"_jetpack_newsletter_access":"","_jetpack_dont_email_post_to_subs":false,"_jetpack_newsletter_tier_id":0,"_jetpack_memberships_contains_paywalled_content":false,"_jetpack_memberships_contains_paid_content":false,"footnotes":"","jetpack_publicize_message":"","jetpack_publicize_feature_enabled":true,"jetpack_social_post_already_shared":true,"jetpack_social_options":{"image_generator_settings":{"template":"highway","default_image_id":0,"font":"","enabled":false},"version":2}},"categories":[133,93],"tags":[92,205,60],"class_list":["post-307","post","type-post","status-publish","format-standard","hentry","category-gruzja2014","category-nawariata","tag-gruzja","tag-nawariata","tag-podroze","excerpt","zoom","full-without-featured","even","excerpt-0"],"jetpack_publicize_connections":[],"jetpack_featured_media_url":"","jetpack_shortlink":"https:\/\/wp.me\/p4lAri-4X","jetpack_sharing_enabled":true,"jetpack-related-posts":[{"id":408,"url":"https:\/\/www.volen.pl\/?p=408","url_meta":{"origin":307,"position":0},"title":"czasem szcz\u0119\u015bciu dopom\u00f3c trzeba kopem","author":"volen","date":"2014-03-30","format":false,"excerpt":"Przesta\u0142o pada\u0107! By\u0142o w miar\u0119 sucho. Za to przyroda nie posk\u0105pi\u0142a niespodzianki i zes\u0142a\u0142a mr\u00f3z i \u015bniegiem umai\u0142a chodniki. Nie musz\u0119 dodawa\u0107, \u017ce do Gruzji wybrali\u015bmy si\u0119 w do\u015b\u0107 przewiewnym obuwiu, by nie rzec, \u017ce niekt\u00f3rzy z nas wr\u0119cz w sanda\u0142ach? Tak, czy owak, po wypiciu g\u0119stej kawy, udali\u015bmy si\u0119\u2026","rel":"","context":"W \u201eGruzja 2014&quot;","block_context":{"text":"Gruzja 2014","link":"https:\/\/www.volen.pl\/?cat=133"},"img":{"alt_text":"","src":"https:\/\/i0.wp.com\/www.volen.pl\/wp-content\/uploads\/2014\/03\/kolekcja-_DSC6160.jpg?fit=1200%2C795&ssl=1&resize=350%2C200","width":350,"height":200,"srcset":"https:\/\/i0.wp.com\/www.volen.pl\/wp-content\/uploads\/2014\/03\/kolekcja-_DSC6160.jpg?fit=1200%2C795&ssl=1&resize=350%2C200 1x, https:\/\/i0.wp.com\/www.volen.pl\/wp-content\/uploads\/2014\/03\/kolekcja-_DSC6160.jpg?fit=1200%2C795&ssl=1&resize=525%2C300 1.5x, https:\/\/i0.wp.com\/www.volen.pl\/wp-content\/uploads\/2014\/03\/kolekcja-_DSC6160.jpg?fit=1200%2C795&ssl=1&resize=700%2C400 2x, https:\/\/i0.wp.com\/www.volen.pl\/wp-content\/uploads\/2014\/03\/kolekcja-_DSC6160.jpg?fit=1200%2C795&ssl=1&resize=1050%2C600 3x"},"classes":[]},{"id":396,"url":"https:\/\/www.volen.pl\/?p=396","url_meta":{"origin":307,"position":1},"title":"Zestaponi &#8211; na bakier z prawami fizyki?","author":"volen","date":"2014-03-29","format":false,"excerpt":"Wiecie, jak to jest, robi\u0107 za statyst\u0119 w Rodzinie Soprano? Przede wszystkim zi\u0105b, zimno, l\u00f3d, nogi spod ko\u0142dry nie chce si\u0119 wyci\u0105ga\u0107, bo zsinieje i og\u00f3lnie niezdrowo zacznie wygl\u0105da\u0107... W ka\u017cdym razie w ko\u0144cu wzi\u0119li, wstali, poszli na kaw\u0119 do trz\u0119s\u0105cej mccheta\u0144skim rynkiem glamour gospodyni. Dostali\u015bmy chleb w jajku obtoczony,\u2026","rel":"","context":"W \u201eGruzja 2014&quot;","block_context":{"text":"Gruzja 2014","link":"https:\/\/www.volen.pl\/?cat=133"},"img":{"alt_text":"","src":"https:\/\/i0.wp.com\/www.volen.pl\/wp-content\/uploads\/2014\/03\/autobus-_DSC6145.jpg?fit=1200%2C795&ssl=1&resize=350%2C200","width":350,"height":200,"srcset":"https:\/\/i0.wp.com\/www.volen.pl\/wp-content\/uploads\/2014\/03\/autobus-_DSC6145.jpg?fit=1200%2C795&ssl=1&resize=350%2C200 1x, https:\/\/i0.wp.com\/www.volen.pl\/wp-content\/uploads\/2014\/03\/autobus-_DSC6145.jpg?fit=1200%2C795&ssl=1&resize=525%2C300 1.5x, https:\/\/i0.wp.com\/www.volen.pl\/wp-content\/uploads\/2014\/03\/autobus-_DSC6145.jpg?fit=1200%2C795&ssl=1&resize=700%2C400 2x, https:\/\/i0.wp.com\/www.volen.pl\/wp-content\/uploads\/2014\/03\/autobus-_DSC6145.jpg?fit=1200%2C795&ssl=1&resize=1050%2C600 3x"},"classes":[]},{"id":1585,"url":"https:\/\/www.volen.pl\/?p=1585","url_meta":{"origin":307,"position":2},"title":"z Gruzji do domu &#8211; 7000km","author":"volen","date":"2012-10-22","format":false,"excerpt":"Polecieli\u015bmy, zobaczyli\u015bmy, wygrali\u015bmy... Tylko, \u017ce powr\u00f3t zaplanowali\u015bmy do ostatniego szczeg\u00f3\u0142u: wracamy jak B\u00f3g da, l\u0105dem przez Turcj\u0119 albo promem do Konstancy, albo si\u0119 zobaczy jeszcze... Start by\u0142 d\u0142ugi i m\u0119cz\u0105cy, gdy\u017c najpierw by\u0142a 1. Ryga, w kt\u00f3rej zjedli\u015bmy tosty, a potem dopiero przywita\u0142a nas 2. gruzi\u0144ska Stra\u017c Graniczna cz\u0119stuj\u0105ca nas\u2026","rel":"","context":"W \u201e7000km - 2012&quot;","block_context":{"text":"7000km - 2012","link":"https:\/\/www.volen.pl\/?cat=135"},"img":{"alt_text":"","src":"","width":0,"height":0},"classes":[]},{"id":467,"url":"https:\/\/www.volen.pl\/?p=467","url_meta":{"origin":307,"position":3},"title":"\u10ed\u10d8\u10d0\u10dc\u10ed\u10d5\u10d4\u10da\u10d4\u10d1\u10d8\u10e1 &#8211; mr\u00f3weczki","author":"volen","date":"2014-03-31","format":false,"excerpt":"Pocz\u0105tek dnia, opr\u00f3cz \u015bniadania w mi\u0142ym towarzystwie, przyni\u00f3s\u0142 opady \u015bniegu. Nie przypuszczali\u015bmy, \u017ce b\u0119dzie tu tak zimowo. Nugzari i Gia zawie\u017ali nas do marszrutki, kt\u00f3ra okaza\u0142a si\u0119 marszrutk\u0105 do Poti, gdzie mieli\u015bmy si\u0119 przesi\u0105\u015b\u0107. Nie by\u0142oby nic do dodania, gdyby nie fakt, i\u017c ten wehiku\u0142 pozbawiony by\u0142 zupe\u0142nie amortyzator\u00f3w oraz\u2026","rel":"","context":"W \u201eGruzja 2014&quot;","block_context":{"text":"Gruzja 2014","link":"https:\/\/www.volen.pl\/?cat=133"},"img":{"alt_text":"","src":"https:\/\/i0.wp.com\/www.volen.pl\/wp-content\/uploads\/2014\/04\/zugdidi-golibroda-_DSC6428.jpg?fit=1200%2C795&ssl=1&resize=350%2C200","width":350,"height":200,"srcset":"https:\/\/i0.wp.com\/www.volen.pl\/wp-content\/uploads\/2014\/04\/zugdidi-golibroda-_DSC6428.jpg?fit=1200%2C795&ssl=1&resize=350%2C200 1x, https:\/\/i0.wp.com\/www.volen.pl\/wp-content\/uploads\/2014\/04\/zugdidi-golibroda-_DSC6428.jpg?fit=1200%2C795&ssl=1&resize=525%2C300 1.5x, https:\/\/i0.wp.com\/www.volen.pl\/wp-content\/uploads\/2014\/04\/zugdidi-golibroda-_DSC6428.jpg?fit=1200%2C795&ssl=1&resize=700%2C400 2x, https:\/\/i0.wp.com\/www.volen.pl\/wp-content\/uploads\/2014\/04\/zugdidi-golibroda-_DSC6428.jpg?fit=1200%2C795&ssl=1&resize=1050%2C600 3x"},"classes":[]},{"id":727,"url":"https:\/\/www.volen.pl\/?p=727","url_meta":{"origin":307,"position":4},"title":"psotnik","author":"volen","date":"2014-10-21","format":false,"excerpt":"Anula popsu\u0142a pas bezpiecze\u0144stwa. Ma\u0142e to takie, s\u0142odkie, cz\u0142owiek da\u0142by sobie r\u0119k\u0119 uci\u0105\u0107, \u017ce nie b\u0119dzie psoci\u0107 i masz: trzeba by po\u017cegna\u0107 si\u0119 z r\u0119k\u0105. Anulka wydar\u0142a zapi\u0119cie pasa z fotela i z min\u0105 niewini\u0105tka stwierdzi\u0142a, \u017ce autokar popsuty... Droga do Cusco mia\u0142a zaj\u0105\u0107 14 godzin, ale ze wzgl\u0119du na\u2026","rel":"","context":"W \u201ea la conquista de Am\u00e9rica&quot;","block_context":{"text":"a la conquista de Am\u00e9rica","link":"https:\/\/www.volen.pl\/?cat=138"},"img":{"alt_text":"","src":"https:\/\/i0.wp.com\/www.volen.pl\/wp-content\/uploads\/2014\/10\/DSC9970_01.jpg?fit=1200%2C795&ssl=1&resize=350%2C200","width":350,"height":200,"srcset":"https:\/\/i0.wp.com\/www.volen.pl\/wp-content\/uploads\/2014\/10\/DSC9970_01.jpg?fit=1200%2C795&ssl=1&resize=350%2C200 1x, https:\/\/i0.wp.com\/www.volen.pl\/wp-content\/uploads\/2014\/10\/DSC9970_01.jpg?fit=1200%2C795&ssl=1&resize=525%2C300 1.5x, https:\/\/i0.wp.com\/www.volen.pl\/wp-content\/uploads\/2014\/10\/DSC9970_01.jpg?fit=1200%2C795&ssl=1&resize=700%2C400 2x, https:\/\/i0.wp.com\/www.volen.pl\/wp-content\/uploads\/2014\/10\/DSC9970_01.jpg?fit=1200%2C795&ssl=1&resize=1050%2C600 3x"},"classes":[]},{"id":1243,"url":"https:\/\/www.volen.pl\/?p=1243","url_meta":{"origin":307,"position":5},"title":"3, 2, 1&#8230; start!","author":"volen","date":"2015-08-01","format":false,"excerpt":"Inaczej ni\u017c zazwyczaj, aktualna podr\u00f3\u017c i zaczyna si\u0119 inaczej i odbywa\u0107 si\u0119 b\u0119dzie te\u017c inaczej. Normalnie, odsprzedawali\u015bmy dzieciaki w ci\u0119\u017ck\u0105 niewol\u0119 do kator\u017cniczej pracy, za\u0142atwiali\u015bmy opiek\u0119 dla ps\u00f3w i kota, po czym \u0142adowali\u015bmy si\u0119 w po\u015bpiechu do samolotu, cz\u0119sto na granicy sp\u00f3\u017anienia i odlatywali\u015bmy rado\u015bni zostawiaj\u0105c za sob\u0105 jedynie smr\u00f3d\u2026","rel":"","context":"W \u201eBalkan eXpress&quot;","block_context":{"text":"Balkan eXpress","link":"https:\/\/www.volen.pl\/?cat=194"},"img":{"alt_text":"","src":"https:\/\/i0.wp.com\/www.volen.pl\/wp-content\/uploads\/2015\/08\/kia-_VOL0089.jpg?fit=1200%2C675&ssl=1&resize=350%2C200","width":350,"height":200,"srcset":"https:\/\/i0.wp.com\/www.volen.pl\/wp-content\/uploads\/2015\/08\/kia-_VOL0089.jpg?fit=1200%2C675&ssl=1&resize=350%2C200 1x, https:\/\/i0.wp.com\/www.volen.pl\/wp-content\/uploads\/2015\/08\/kia-_VOL0089.jpg?fit=1200%2C675&ssl=1&resize=525%2C300 1.5x, https:\/\/i0.wp.com\/www.volen.pl\/wp-content\/uploads\/2015\/08\/kia-_VOL0089.jpg?fit=1200%2C675&ssl=1&resize=700%2C400 2x, https:\/\/i0.wp.com\/www.volen.pl\/wp-content\/uploads\/2015\/08\/kia-_VOL0089.jpg?fit=1200%2C675&ssl=1&resize=1050%2C600 3x"},"classes":[]}],"_links":{"self":[{"href":"https:\/\/www.volen.pl\/index.php?rest_route=\/wp\/v2\/posts\/307","targetHints":{"allow":["GET"]}}],"collection":[{"href":"https:\/\/www.volen.pl\/index.php?rest_route=\/wp\/v2\/posts"}],"about":[{"href":"https:\/\/www.volen.pl\/index.php?rest_route=\/wp\/v2\/types\/post"}],"author":[{"embeddable":true,"href":"https:\/\/www.volen.pl\/index.php?rest_route=\/wp\/v2\/users\/1"}],"replies":[{"embeddable":true,"href":"https:\/\/www.volen.pl\/index.php?rest_route=%2Fwp%2Fv2%2Fcomments&post=307"}],"version-history":[{"count":1,"href":"https:\/\/www.volen.pl\/index.php?rest_route=\/wp\/v2\/posts\/307\/revisions"}],"predecessor-version":[{"id":358,"href":"https:\/\/www.volen.pl\/index.php?rest_route=\/wp\/v2\/posts\/307\/revisions\/358"}],"wp:attachment":[{"href":"https:\/\/www.volen.pl\/index.php?rest_route=%2Fwp%2Fv2%2Fmedia&parent=307"}],"wp:term":[{"taxonomy":"category","embeddable":true,"href":"https:\/\/www.volen.pl\/index.php?rest_route=%2Fwp%2Fv2%2Fcategories&post=307"},{"taxonomy":"post_tag","embeddable":true,"href":"https:\/\/www.volen.pl\/index.php?rest_route=%2Fwp%2Fv2%2Ftags&post=307"}],"curies":[{"name":"wp","href":"https:\/\/api.w.org\/{rel}","templated":true}]}}