{"id":3099,"date":"2023-01-26T21:30:57","date_gmt":"2023-01-26T20:30:57","guid":{"rendered":"https:\/\/www.volen.pl\/?p=3099"},"modified":"2023-02-11T13:33:10","modified_gmt":"2023-02-11T12:33:10","slug":"3099","status":"publish","type":"post","link":"https:\/\/www.volen.pl\/?p=3099","title":{"rendered":"Droga krzy\u017cowa"},"content":{"rendered":"\n<p class=\"wp-block-paragraph\">G\u0142\u00f3wny Szlak Beskidzki chodzi\u0142 za mn\u0105 i chodzi\u0142 i czarowa\u0142 i urzeka\u0142 i n\u0119ci\u0142 od wielu ju\u017c lat. I jako\u015b tak si\u0119 z\u0142o\u017cy\u0142o, \u017ce w tym roku nadszed\u0142 czas. Nawet nie wiem jak i kiedy, ale poczu\u0142em, \u017ce to w\u0142a\u015bnie teraz.<\/p>\n\n\n\n<p class=\"wp-block-paragraph\">Z paczki moich le\u015bnych ludzi jedynie Daniel wyrazi\u0142 ch\u0119\u0107 i gotowo\u015b\u0107 do zmierzenia si\u0119 ze szlakiem czerwonym. Pod koniec stycznia, po porz\u0105dnej analizie potrzeb i mo\u017cliwo\u015bci, spakowa\u0142em si\u0119, jak umia\u0142em najlepiej, on podobnie\u017c, i ruszyli\u015bmy.<\/p>\n\n\n\n<p class=\"wp-block-paragraph\">Po przynudnawej je\u017adzie przez ca\u0142y kraj dotarli\u015bmy do celu: Ustrzyki G\u00f3rne. Nocleg znale\u017ali\u015bmy u Anety i Wojtka. Kiedy\u015b wspomina\u0142em, \u017ce dziwne losu koleje pchaj\u0105 mnie w obj\u0119cia r\u00f3\u017cnych stra\u017cy granicznych? Oto przyklad. Wojtek jest, co oczywiste, funkcjonariuszem SG.<\/p>\n\n\n\n<p class=\"wp-block-paragraph\">Dostali\u015bmy pok\u00f3j, wynegocjowali\u015bmy \u015bniadanie w rozs\u0105dnej cenie i podw\u00f3zk\u0119 przez Wojtka na pocz\u0105tek szlaku.<\/p>\n\n\n\n<p class=\"wp-block-paragraph\">We czwartek, 26 stycznia 2023, ruszyli\u015bmy.<br \/>Plecaki wypchane na full, ze sprz\u0119tem surwiwalowo &#8211; kuchenno &#8211; turystycznym, troch\u0119 jedzenia, par\u0119 ciuch\u00f3w\u2026 Poszli\u015bmy jak dzik w \u017co\u0142\u0119dzie.<\/p>\n\n\n\n<p class=\"wp-block-paragraph\">Okazuje si\u0119, \u017ce G\u0142\u00f3wny Szlak Beskidzki rozpoczyna si\u0119 drog\u0105 krzy\u017cow\u0105, co wyda\u0142o si\u0119 nam do\u015b\u0107 osobliwym symbolem wchodzenia na szlak czerwony.<\/p>\n\n\n\n<p class=\"wp-block-paragraph\">Daniel ma to do siebie, \u017ce zawsze pakuje si\u0119 3 razy. No nie ma lito\u015bci, zawsze trzy: na pocz\u0105tek bierze wszystkie rzeczy, kt\u00f3re kiedykolwiek mog\u0105 si\u0119 przyda\u0107 i je pakuje w r\u00f3\u017cne plecaki i torby, potem wywala w diab\u0142y to, co spakowa\u0142 i robi totaln\u0105 rozwa\u0142k\u0119 ca\u0142ego sprz\u0119tu na podlodze i wtedy pakuje si\u0119 po raz drugi, a na koniec pakuje si\u0119 na szlaku. Tak wi\u0119c, w okolicach czwartej stacji drogi krzy\u017cowej, zapragn\u0105\u0142 spakowa\u0107 si\u0119 po raz ostatni, a przy okazji, w panice, zacz\u0105\u0142 szuka\u0107 kluczyk\u00f3w od samochodu, kt\u00f3re, co zrozumia\u0142e, znalaz\u0142y si\u0119 przemy\u015blnie schowane w saszetce w plecaku.<br \/>Czeka\u0142em grzecznie, a\u017c si\u0119 ogarnie, po czym ruszyli\u015bmy w g\u00f3r\u0119. Jeden ludek min\u0105\u0142 nas w wielkim p\u0119dzie, ledwo zd\u0105\u017caj\u0105c odpowiedzie\u0107 na nasze gromkie powitanie. Po drodze widzieli\u015bmy te\u017c \u015bmieszne takie \u015blady na \u015bniegu, kt\u00f3re w naszej wyobra\u017ani sta\u0142y si\u0119 \u015bladami <strong>Zaj\u0105ca Beskidzkiego<\/strong>, specjalnego gatunku zaj\u0105ca, kt\u00f3remu bez problemu przychodzi radzi\u0107 sobie z nied\u017awiedziami.<\/p>\n\n\n\n<p class=\"wp-block-paragraph\">Na Prze\u0142\u0119czy Bukowskiej zrobili\u015bmy sobie zas\u0142u\u017con\u0105 przerw\u0119, podczas kt\u00f3rej okaza\u0142o si\u0119, \u017ce Daniel zapragn\u0105\u0142 i\u015b\u0107 w stron\u0119 X muzy i nagra\u0142 28-minutow\u0105 nowel\u0119, tzw. szorta z kieszeni. Film pouczaj\u0105cy, ciekawy, nietuzinkowy i bardzo wa\u017cny w jego karierze.<\/p>\n\n\n\n<figure class=\"wp-block-image size-large\"><img data-recalc-dims=\"1\" loading=\"lazy\" decoding=\"async\" width=\"2048\" height=\"1536\" data-attachment-id=\"3112\" data-permalink=\"https:\/\/www.volen.pl\/?attachment_id=3112\" data-orig-file=\"https:\/\/i0.wp.com\/www.volen.pl\/wp-content\/uploads\/2023\/02\/IMG_20230126_122519-scaled.jpg?fit=2560%2C1920&amp;ssl=1\" data-orig-size=\"2560,1920\" data-comments-opened=\"1\" data-image-meta=\"{&quot;aperture&quot;:&quot;1.6&quot;,&quot;credit&quot;:&quot;&quot;,&quot;camera&quot;:&quot;VOG-L29&quot;,&quot;caption&quot;:&quot;&quot;,&quot;created_timestamp&quot;:&quot;1674735923&quot;,&quot;copyright&quot;:&quot;&quot;,&quot;focal_length&quot;:&quot;5.56&quot;,&quot;iso&quot;:&quot;50&quot;,&quot;shutter_speed&quot;:&quot;0.001148&quot;,&quot;title&quot;:&quot;&quot;,&quot;orientation&quot;:&quot;0&quot;}\" data-image-title=\"IMG_20230126_122519\" data-image-description=\"\" data-image-caption=\"\" data-large-file=\"https:\/\/i0.wp.com\/www.volen.pl\/wp-content\/uploads\/2023\/02\/IMG_20230126_122519-scaled.jpg?fit=2048%2C1536&amp;ssl=1\" src=\"https:\/\/i0.wp.com\/www.volen.pl\/wp-content\/uploads\/2023\/02\/IMG_20230126_122519.jpg?resize=2048%2C1536&#038;ssl=1\" alt=\"\" class=\"wp-image-3112\" srcset=\"https:\/\/i0.wp.com\/www.volen.pl\/wp-content\/uploads\/2023\/02\/IMG_20230126_122519-scaled.jpg?resize=2048%2C1536&amp;ssl=1 2048w, https:\/\/i0.wp.com\/www.volen.pl\/wp-content\/uploads\/2023\/02\/IMG_20230126_122519-scaled.jpg?resize=1024%2C768&amp;ssl=1 1024w, https:\/\/i0.wp.com\/www.volen.pl\/wp-content\/uploads\/2023\/02\/IMG_20230126_122519-scaled.jpg?resize=1536%2C1152&amp;ssl=1 1536w, https:\/\/i0.wp.com\/www.volen.pl\/wp-content\/uploads\/2023\/02\/IMG_20230126_122519-scaled.jpg?resize=160%2C120&amp;ssl=1 160w\" sizes=\"auto, (max-width: 1000px) 100vw, 1000px\" \/><figcaption class=\"wp-element-caption\">widok z Prze\u0142\u0119czy Bukowskiej na Pliszk\u0119<\/figcaption><\/figure>\n\n\n\n<p class=\"wp-block-paragraph\">Sama prze\u0142\u0119cz, spoko, z\u0142ego s\u0142owa nie powiem, bardzo \u0142adna, nawet toalet\u0119 ma. Ch\u0142op, co przed nami szed\u0142, to jak nas zobaczy\u0142, to si\u0119 wzi\u0105\u0142 i zawin\u0105\u0142. Ale dosz\u0142a rodzina: ojciec, matka, c\u00f3rka. Rzucili mi si\u0119 od razu w oczy z kilku powod\u00f3w. Raz, \u017ce nie uciekli, dwa, \u017ce jednak to ludzie; na szlaku, gdzie g\u0142\u00f3wnie \u015blady zaj\u0119cy, a trzy, \u017ce mieli na butach raczki. Raczki dokladnie takie same, jak te, kt\u00f3re sam zakupi\u0142em i nios\u0142em przymocowane w charakterze amuletu przeciwpo\u015blizgowego do plecaka. Jako\u015b tak mn\u0105 to wstrz\u0105sn\u0119\u0142o na tyle, \u017ce przyodzia\u0142em owe raczki, potupta\u0142em troch\u0119 dla animuszu i\u2026 nie zdejmowa\u0142em ich ju\u017c odt\u0105d w g\u00f3rach wcale.<\/p>\n\n\n\n<p class=\"wp-block-paragraph\">Pole\u017ali\u015bmy dalej, na Rozsypaniec i Halicz. Po drodze raczki przydawa\u0142y si\u0119 w spos\u00f3b wr\u0119cz niewyobra\u017calny. Czasem tak mam, \u017ce niby co\u015b s\u0142ysza\u0142em, niby organicznie co\u015b rozumiem, ale dopiero skorzystanie z czego\u015b u\u015bwiadamia mi to tak do g\u0142\u0119bi. No wyprawa zim\u0105 w g\u00f3ry bez raczk\u00f3w\u2026 Naprawd\u0119? A bez kurtki? Bez czo\u0142\u00f3wki? Bez czapki? Ha! No w\u0142a\u015bnie.<\/p>\n\n\n\n<figure class=\"wp-block-embed is-type-video is-provider-youtube wp-block-embed-youtube wp-embed-aspect-16-9 wp-has-aspect-ratio\"><div class=\"wp-block-embed__wrapper\">\n<span class=\"embed-youtube\" style=\"text-align:center; display: block;\"><iframe loading=\"lazy\" class=\"youtube-player\" width=\"640\" height=\"360\" src=\"https:\/\/www.youtube.com\/embed\/cWj2MgZNKSw?version=3&#038;rel=1&#038;showsearch=0&#038;showinfo=1&#038;iv_load_policy=1&#038;fs=1&#038;hl=pl-PL&#038;autohide=2&#038;wmode=transparent\" allowfullscreen=\"true\" style=\"border:0;\" sandbox=\"allow-scripts allow-same-origin allow-popups allow-presentation allow-popups-to-escape-sandbox\"><\/iframe><\/span>\n<\/div><\/figure>\n\n\n\n<p class=\"wp-block-paragraph\">A\u017c do Prze\u0142\u0119czy Goprowskiej nic specjalnego si\u0119 nie dzia\u0142o, mo\u017ce poza spotkaniem przesympatycznej pary, z kt\u00f3r\u0105 zamienili\u015bmy kilka s\u0142\u00f3w, szli z Wo\u0142osatego do Wo\u0142osatego, zupe\u0142nie bez obci\u0105\u017cenia.<\/p>\n\n\n\n<figure class=\"wp-block-image size-large\"><img data-recalc-dims=\"1\" loading=\"lazy\" decoding=\"async\" width=\"1536\" height=\"2048\" data-attachment-id=\"3114\" data-permalink=\"https:\/\/www.volen.pl\/?attachment_id=3114\" data-orig-file=\"https:\/\/i0.wp.com\/www.volen.pl\/wp-content\/uploads\/2023\/02\/IMG_20230126_154304-scaled.jpg?fit=1920%2C2560&amp;ssl=1\" data-orig-size=\"1920,2560\" data-comments-opened=\"1\" data-image-meta=\"{&quot;aperture&quot;:&quot;1.6&quot;,&quot;credit&quot;:&quot;&quot;,&quot;camera&quot;:&quot;VOG-L29&quot;,&quot;caption&quot;:&quot;&quot;,&quot;created_timestamp&quot;:&quot;1674747784&quot;,&quot;copyright&quot;:&quot;&quot;,&quot;focal_length&quot;:&quot;5.56&quot;,&quot;iso&quot;:&quot;50&quot;,&quot;shutter_speed&quot;:&quot;0.00084&quot;,&quot;title&quot;:&quot;&quot;,&quot;orientation&quot;:&quot;0&quot;}\" data-image-title=\"IMG_20230126_154304\" data-image-description=\"\" data-image-caption=\"\" data-large-file=\"https:\/\/i0.wp.com\/www.volen.pl\/wp-content\/uploads\/2023\/02\/IMG_20230126_154304-scaled.jpg?fit=1536%2C2048&amp;ssl=1\" src=\"https:\/\/i0.wp.com\/www.volen.pl\/wp-content\/uploads\/2023\/02\/IMG_20230126_154304.jpg?resize=1536%2C2048&#038;ssl=1\" alt=\"\" class=\"wp-image-3114\" srcset=\"https:\/\/i0.wp.com\/www.volen.pl\/wp-content\/uploads\/2023\/02\/IMG_20230126_154304-scaled.jpg?resize=1536%2C2048&amp;ssl=1 1536w, https:\/\/i0.wp.com\/www.volen.pl\/wp-content\/uploads\/2023\/02\/IMG_20230126_154304-scaled.jpg?resize=768%2C1024&amp;ssl=1 768w, https:\/\/i0.wp.com\/www.volen.pl\/wp-content\/uploads\/2023\/02\/IMG_20230126_154304-scaled.jpg?resize=1152%2C1536&amp;ssl=1 1152w, https:\/\/i0.wp.com\/www.volen.pl\/wp-content\/uploads\/2023\/02\/IMG_20230126_154304-scaled.jpg?w=1920&amp;ssl=1 1920w\" sizes=\"auto, (max-width: 1000px) 100vw, 1000px\" \/><\/figure>\n\n\n\n<p class=\"wp-block-paragraph\">A my nie. Taszczyli\u015bmy po 20kg na plecach w nieustaj\u0105cej nadziei na to, \u017ce nic z tego, co taszczymy si\u0119 nie przyda. Namiot, \u015bpiwory, maty, kuchenki, \u017carcie, ciuchy, powerbanki, naczynia\u2026 Taaaa\u2026 Na Prze\u0142\u0119czy Goprowskiej, w gro\u017c\u0105cej niechybnym i nieodwo\u0142alnym rozpadem wiatce z kategorycznym zakazem wst\u0119pu, zrobili\u015bmy sobie obiad &#8211; jakie\u015b liofilizowane dania: wieprzowinka z zielonym pieprzem i strogonow. Nawet smaczne, cho\u0107 moim zdaniem zbyt du\u017co pieprzu.<\/p>\n\n\n\n<p class=\"wp-block-paragraph\">Tu w\u0142a\u015bnie dotar\u0142o do nas w ca\u0142ej okaza\u0142o\u015bci pi\u0119kno Bieszczad i ogrom bezsensu naszego psychologicznego uwarunkowania na po\u0142\u0105czenie surwiwalu z przemierzaniem szlaku. Mieli\u015bmy za du\u017co kilogram\u00f3w i za du\u017co trasy i za ma\u0142o si\u0142 i za ma\u0142o czasu. Porzucili\u015bmy mrzonki z namiotem. Weszli\u015bmy na Prze\u0142\u0119cz pod Tarnic\u0105 i pognali\u015bmy (<em>he, he<\/em>) Szerokim Wierchem w stron\u0119 Ustrzyk. Kr\u00f3tki telefon do Anety uspokoi\u0142 nas, \u017ce pok\u00f3j b\u0119dzie, cho\u0107 inny. W naszym stanie, nie by\u0142o w zasadzie istotne, jaki to pok\u00f3j i czy na \u0142\u00f3\u017cku, czy na szmacie w gara\u017cu.<\/p>\n\n\n\n<p class=\"wp-block-paragraph\">Dotarli\u015bmy na miejsce skonani, \u015bwiec\u0105c sobie czo\u0142\u00f3wkami w lesie. W mi\u0119dzyczasie, podczas schodzenia, prze\u017cy\u0142em katharsis po\u0142\u0105czone z o\u015bwieceniem. Minimalizujemy baga\u017c, minimalizujemy oczekiwania, robimy szlak. Po to tu jeste\u015bmy.<\/p>\n\n\n\n<p class=\"wp-block-paragraph\">Naszprycowali\u015bmy si\u0119 lekami. Nasze organizmy \u0142ka\u0142y o pomoc. Wszystkie mi\u0119\u015bnie bola\u0142y, oczy \u0142zawi\u0142y, sz\u0142a gor\u0105czka. Na\u017carli\u015bmy si\u0119 wi\u0119c sprytnie zabranych lek\u00f3w i zamiast kolacji poszli\u015bmy spa\u0107.<\/p>\n","protected":false},"excerpt":{"rendered":"<p>G\u0142\u00f3wny Szlak Beskidzki chodzi\u0142 za mn\u0105 i chodzi\u0142 i czarowa\u0142 i urzeka\u0142 i n\u0119ci\u0142 od&#8230;<\/p>\n<div class=\"more-link-wrapper\"><a class=\"more-link\" href=\"https:\/\/www.volen.pl\/?p=3099\">Read the post<span class=\"screen-reader-text\">Droga krzy\u017cowa<\/span><\/a><\/div>\n","protected":false},"author":1,"featured_media":3116,"comment_status":"open","ping_status":"open","sticky":false,"template":"","format":"standard","meta":{"_crdt_document":"","jetpack_post_was_ever_published":false,"_jetpack_newsletter_access":"","_jetpack_dont_email_post_to_subs":false,"_jetpack_newsletter_tier_id":0,"_jetpack_memberships_contains_paywalled_content":false,"_jetpack_memberships_contains_paid_content":false,"footnotes":"","jetpack_publicize_message":"","jetpack_publicize_feature_enabled":true,"jetpack_social_post_already_shared":true,"jetpack_social_options":{"image_generator_settings":{"template":"highway","default_image_id":0,"font":"","enabled":false},"version":2}},"categories":[457,93],"tags":[462,460,458,205,72,461,7],"class_list":["post-3099","post","type-post","status-publish","format-standard","has-post-thumbnail","hentry","category-gsb","category-nawariata","tag-462","tag-bieszczady","tag-gsb","tag-nawariata","tag-polska","tag-szlak-czerwony","tag-zima","excerpt","zoom","full-without-featured","even","excerpt-0"],"jetpack_publicize_connections":[],"jetpack_featured_media_url":"https:\/\/i0.wp.com\/www.volen.pl\/wp-content\/uploads\/2023\/02\/IMG_20230126_084152-scaled.jpg?fit=1920%2C2560&ssl=1","jetpack_shortlink":"https:\/\/wp.me\/s4lAri-3099","jetpack_sharing_enabled":true,"jetpack-related-posts":[{"id":3777,"url":"https:\/\/www.volen.pl\/?p=3777","url_meta":{"origin":3099,"position":0},"title":"Hydropiek\u0142owst\u0105pienie","author":"volen","date":"2025-04-25","format":false,"excerpt":"Dzi\u015b muzycznie. Utopi\u0119 wasz\u0105 utopi\u0119.Utopi\u0119 wasz\u0105 utopi\u0119.Ja utopi\u0119 wasz\u0105 utopi\u0119,Utopi\u0119 w potopie.Zarz\u0105dzam pe\u0142ne zanurzenie.Utopi\u0119 wasz\u0105 utopi\u0119,Utopi\u0119 w potopie.Hydropiek\u0142owst\u0105pienie! Zacz\u0105\u0142em cytatem z Lao Che, poniewa\u017c, jak Boga kocham, to, co si\u0119 tam dzia\u0142o, jest ju\u017c pi\u0119knie podsumowane w tym cytacie. Pewnego dnia wcze\u015bniej, jako\u015b tak par\u0119 miesi\u0119cy temu, gdy pojecha\u0142em na\u2026","rel":"","context":"W \u201eGSB&quot;","block_context":{"text":"GSB","link":"https:\/\/www.volen.pl\/?cat=457"},"img":{"alt_text":"","src":"https:\/\/i0.wp.com\/www.volen.pl\/wp-content\/uploads\/2025\/05\/IMG_20250425_105459.jpg?fit=1200%2C900&ssl=1&resize=350%2C200","width":350,"height":200,"srcset":"https:\/\/i0.wp.com\/www.volen.pl\/wp-content\/uploads\/2025\/05\/IMG_20250425_105459.jpg?fit=1200%2C900&ssl=1&resize=350%2C200 1x, https:\/\/i0.wp.com\/www.volen.pl\/wp-content\/uploads\/2025\/05\/IMG_20250425_105459.jpg?fit=1200%2C900&ssl=1&resize=525%2C300 1.5x, https:\/\/i0.wp.com\/www.volen.pl\/wp-content\/uploads\/2025\/05\/IMG_20250425_105459.jpg?fit=1200%2C900&ssl=1&resize=700%2C400 2x, https:\/\/i0.wp.com\/www.volen.pl\/wp-content\/uploads\/2025\/05\/IMG_20250425_105459.jpg?fit=1200%2C900&ssl=1&resize=1050%2C600 3x"},"classes":[]},{"id":3940,"url":"https:\/\/www.volen.pl\/?p=3940","url_meta":{"origin":3099,"position":1},"title":"Wielki Sto\u017cek","author":"volen","date":"2025-12-04","format":false,"excerpt":"Zanim wyszed\u0142em na szlak, pogada\u0142em z obs\u0142ug\u0105 schroniska, a kilka metr\u00f3w ni\u017cej spotka\u0142em w koncu jakich\u015b turyst\u00f3w. Co najmniej cztery sztuki. Po kilku minutach pojawi\u0142 si\u0119 te\u017c pi\u0105ty... i na tym koniec. Znowu ludzi wymiot\u0142o dokumentnie. Gdyby nie herbata w Karczmie na Kubalonce, to nie mia\u0142bym z kim zamieni\u0107 nawet\u2026","rel":"","context":"W \u201eGSB&quot;","block_context":{"text":"GSB","link":"https:\/\/www.volen.pl\/?cat=457"},"img":{"alt_text":"","src":"https:\/\/i0.wp.com\/www.volen.pl\/wp-content\/uploads\/2025\/12\/IMG_20251204_154338-1.jpg?fit=1200%2C874&ssl=1&resize=350%2C200","width":350,"height":200,"srcset":"https:\/\/i0.wp.com\/www.volen.pl\/wp-content\/uploads\/2025\/12\/IMG_20251204_154338-1.jpg?fit=1200%2C874&ssl=1&resize=350%2C200 1x, https:\/\/i0.wp.com\/www.volen.pl\/wp-content\/uploads\/2025\/12\/IMG_20251204_154338-1.jpg?fit=1200%2C874&ssl=1&resize=525%2C300 1.5x, https:\/\/i0.wp.com\/www.volen.pl\/wp-content\/uploads\/2025\/12\/IMG_20251204_154338-1.jpg?fit=1200%2C874&ssl=1&resize=700%2C400 2x, https:\/\/i0.wp.com\/www.volen.pl\/wp-content\/uploads\/2025\/12\/IMG_20251204_154338-1.jpg?fit=1200%2C874&ssl=1&resize=1050%2C600 3x"},"classes":[]},{"id":3110,"url":"https:\/\/www.volen.pl\/?p=3110","url_meta":{"origin":3099,"position":2},"title":"Nieumarli","author":"volen","date":"2023-01-29","format":false,"excerpt":"Wbrew wczorajszym ostrze\u017ceniom z rana, tym razem naprawd\u0119, z rana, poszli\u015bmy na Fereczat\u0105 i dalej, do Cisnej. Zaraz na starcie, za cmentarzem, wyprzedzi\u0142a nas malutka dziewczyna w czerwonym paletku, kt\u00f3r\u0105 ze zrozumia\u0142ych wzgl\u0119d\u00f3w pu\u015bcili\u015bmy przodem: nasze tempo, dobrze rozregulowanych sze\u015b\u0107dziesi\u0119ciolatk\u00f3w, nie pozwoli\u0142oby nam utrzyma\u0107 prowadzenia. Mieli\u015bmy do wyboru dwie drogi:\u2026","rel":"","context":"W \u201eGSB&quot;","block_context":{"text":"GSB","link":"https:\/\/www.volen.pl\/?cat=457"},"img":{"alt_text":"","src":"https:\/\/i0.wp.com\/www.volen.pl\/wp-content\/uploads\/2023\/02\/IMG_20230129_135147-scaled.jpg?fit=1200%2C900&ssl=1&resize=350%2C200","width":350,"height":200,"srcset":"https:\/\/i0.wp.com\/www.volen.pl\/wp-content\/uploads\/2023\/02\/IMG_20230129_135147-scaled.jpg?fit=1200%2C900&ssl=1&resize=350%2C200 1x, https:\/\/i0.wp.com\/www.volen.pl\/wp-content\/uploads\/2023\/02\/IMG_20230129_135147-scaled.jpg?fit=1200%2C900&ssl=1&resize=525%2C300 1.5x, https:\/\/i0.wp.com\/www.volen.pl\/wp-content\/uploads\/2023\/02\/IMG_20230129_135147-scaled.jpg?fit=1200%2C900&ssl=1&resize=700%2C400 2x, https:\/\/i0.wp.com\/www.volen.pl\/wp-content\/uploads\/2023\/02\/IMG_20230129_135147-scaled.jpg?fit=1200%2C900&ssl=1&resize=1050%2C600 3x"},"classes":[]},{"id":3793,"url":"https:\/\/www.volen.pl\/?p=3793","url_meta":{"origin":3099,"position":3},"title":"Hala \u015amietanowa","author":"volen","date":"2025-04-26","format":false,"excerpt":"Wsta\u0142 nowy, pi\u0119kny dzie\u0144, kt\u00f3ry zupe\u0142nie nie pami\u0119ta\u0142 poprzedniego. Ciep\u0142o, sucho, s\u0142onecznie... przyjemnie. Tak mo\u017cna i\u015b\u0107. Jordan\u00f3w najbardziej zdumiewaj\u0105cy zwierz na szlaku ja g\u0142upkowato u\u015bmiechni\u0119ty Wiele si\u0119 nie dzia\u0142o. Ot, szed\u0142em, pies mnie obszczeka\u0142, zamieni\u0142em z kim\u015b kilka s\u0142\u00f3w. Taki przyjemny dzie\u0144. Dopiero, gdy dotar\u0142em do schroniska na Hali Krupowej,\u2026","rel":"","context":"W \u201eGSB&quot;","block_context":{"text":"GSB","link":"https:\/\/www.volen.pl\/?cat=457"},"img":{"alt_text":"","src":"https:\/\/i0.wp.com\/www.volen.pl\/wp-content\/uploads\/2025\/05\/IMG_20250426_133710.jpg?fit=1200%2C900&ssl=1&resize=350%2C200","width":350,"height":200,"srcset":"https:\/\/i0.wp.com\/www.volen.pl\/wp-content\/uploads\/2025\/05\/IMG_20250426_133710.jpg?fit=1200%2C900&ssl=1&resize=350%2C200 1x, https:\/\/i0.wp.com\/www.volen.pl\/wp-content\/uploads\/2025\/05\/IMG_20250426_133710.jpg?fit=1200%2C900&ssl=1&resize=525%2C300 1.5x, https:\/\/i0.wp.com\/www.volen.pl\/wp-content\/uploads\/2025\/05\/IMG_20250426_133710.jpg?fit=1200%2C900&ssl=1&resize=700%2C400 2x, https:\/\/i0.wp.com\/www.volen.pl\/wp-content\/uploads\/2025\/05\/IMG_20250426_133710.jpg?fit=1200%2C900&ssl=1&resize=1050%2C600 3x"},"classes":[]},{"id":3747,"url":"https:\/\/www.volen.pl\/?p=3747","url_meta":{"origin":3099,"position":4},"title":"rumu\u0144skie lisy","author":"volen","date":"2024-10-20","format":false,"excerpt":"\u015aniadanie zjad\u0142em w towarzystwie ch\u0142opca, nazwijmy go Kub\u0105, kt\u00f3ry r\u00f3wnie\u017c przemierza GSB. Opowiedzia\u0142 mi on histori\u0119 swojego znajomego: Ot\u00f3\u017c \u00f3w znajomy postanowi\u0142 pojecha\u0107 z dziewczyn\u0105 do Rumunii pod namioty. Wszystko przebiega\u0142o super i zgodnie z planem, trekking udawa\u0142 si\u0119 znakomicie, Rumunia by\u0142a pi\u0119kna i powabna, obydwoje chodzili sobie do\u015b\u0107 intensywnie\u2026","rel":"","context":"W \u201eGSB&quot;","block_context":{"text":"GSB","link":"https:\/\/www.volen.pl\/?cat=457"},"img":{"alt_text":"","src":"https:\/\/i0.wp.com\/www.volen.pl\/wp-content\/uploads\/2025\/05\/IMG_20241019_163429.jpg?fit=1200%2C900&ssl=1&resize=350%2C200","width":350,"height":200,"srcset":"https:\/\/i0.wp.com\/www.volen.pl\/wp-content\/uploads\/2025\/05\/IMG_20241019_163429.jpg?fit=1200%2C900&ssl=1&resize=350%2C200 1x, https:\/\/i0.wp.com\/www.volen.pl\/wp-content\/uploads\/2025\/05\/IMG_20241019_163429.jpg?fit=1200%2C900&ssl=1&resize=525%2C300 1.5x, https:\/\/i0.wp.com\/www.volen.pl\/wp-content\/uploads\/2025\/05\/IMG_20241019_163429.jpg?fit=1200%2C900&ssl=1&resize=700%2C400 2x, https:\/\/i0.wp.com\/www.volen.pl\/wp-content\/uploads\/2025\/05\/IMG_20241019_163429.jpg?fit=1200%2C900&ssl=1&resize=1050%2C600 3x"},"classes":[]},{"id":3848,"url":"https:\/\/www.volen.pl\/?p=3848","url_meta":{"origin":3099,"position":5},"title":"Polowanie na pokemony","author":"volen","date":"2025-05-17","format":false,"excerpt":"Nocleg w Markowych Szczawinach, hmmm\u2026 Ba\u0142em si\u0119 troch\u0119, \u017ce Gniewko b\u0119dzie dokazywa\u0142, ale chyba zdepta\u0142em go wystarczaj\u0105co. Po kolacji i zaj\u0119ciu miejsc noclegowych zeszli\u015bmy do living roomu przy suszarni i si\u0119 suszyli\u015bmy, pili\u015bmy herbat\u0119, czytali\u015bmy ksi\u0105\u017ck\u0119 (ja) i ogl\u0105dali\u015bmy bajki (oni). Po jakim\u015b czasie poszli\u015bmy spa\u0107, razem z nami w\u2026","rel":"","context":"W \u201eGSB&quot;","block_context":{"text":"GSB","link":"https:\/\/www.volen.pl\/?cat=457"},"img":{"alt_text":"","src":"https:\/\/i0.wp.com\/www.volen.pl\/wp-content\/uploads\/2025\/09\/IMG_20250517_124114.jpg?fit=1200%2C900&ssl=1&resize=350%2C200","width":350,"height":200,"srcset":"https:\/\/i0.wp.com\/www.volen.pl\/wp-content\/uploads\/2025\/09\/IMG_20250517_124114.jpg?fit=1200%2C900&ssl=1&resize=350%2C200 1x, https:\/\/i0.wp.com\/www.volen.pl\/wp-content\/uploads\/2025\/09\/IMG_20250517_124114.jpg?fit=1200%2C900&ssl=1&resize=525%2C300 1.5x, https:\/\/i0.wp.com\/www.volen.pl\/wp-content\/uploads\/2025\/09\/IMG_20250517_124114.jpg?fit=1200%2C900&ssl=1&resize=700%2C400 2x, https:\/\/i0.wp.com\/www.volen.pl\/wp-content\/uploads\/2025\/09\/IMG_20250517_124114.jpg?fit=1200%2C900&ssl=1&resize=1050%2C600 3x"},"classes":[]}],"_links":{"self":[{"href":"https:\/\/www.volen.pl\/index.php?rest_route=\/wp\/v2\/posts\/3099","targetHints":{"allow":["GET"]}}],"collection":[{"href":"https:\/\/www.volen.pl\/index.php?rest_route=\/wp\/v2\/posts"}],"about":[{"href":"https:\/\/www.volen.pl\/index.php?rest_route=\/wp\/v2\/types\/post"}],"author":[{"embeddable":true,"href":"https:\/\/www.volen.pl\/index.php?rest_route=\/wp\/v2\/users\/1"}],"replies":[{"embeddable":true,"href":"https:\/\/www.volen.pl\/index.php?rest_route=%2Fwp%2Fv2%2Fcomments&post=3099"}],"version-history":[{"count":5,"href":"https:\/\/www.volen.pl\/index.php?rest_route=\/wp\/v2\/posts\/3099\/revisions"}],"predecessor-version":[{"id":3115,"href":"https:\/\/www.volen.pl\/index.php?rest_route=\/wp\/v2\/posts\/3099\/revisions\/3115"}],"wp:featuredmedia":[{"embeddable":true,"href":"https:\/\/www.volen.pl\/index.php?rest_route=\/wp\/v2\/media\/3116"}],"wp:attachment":[{"href":"https:\/\/www.volen.pl\/index.php?rest_route=%2Fwp%2Fv2%2Fmedia&parent=3099"}],"wp:term":[{"taxonomy":"category","embeddable":true,"href":"https:\/\/www.volen.pl\/index.php?rest_route=%2Fwp%2Fv2%2Fcategories&post=3099"},{"taxonomy":"post_tag","embeddable":true,"href":"https:\/\/www.volen.pl\/index.php?rest_route=%2Fwp%2Fv2%2Ftags&post=3099"}],"curies":[{"name":"wp","href":"https:\/\/api.w.org\/{rel}","templated":true}]}}