{"id":3109,"date":"2023-01-28T21:45:28","date_gmt":"2023-01-28T20:45:28","guid":{"rendered":"https:\/\/www.volen.pl\/?p=3109"},"modified":"2023-02-11T14:04:54","modified_gmt":"2023-02-11T13:04:54","slug":"smerek-cukierek","status":"publish","type":"post","link":"https:\/\/www.volen.pl\/?p=3109","title":{"rendered":"Smerek, cukierek"},"content":{"rendered":"\n<p class=\"wp-block-paragraph\">Sobota stoi pod znakiem przeprowadzki. Ostatecznie po\u017cegnali\u015bmy si\u0119 z Anet\u0105 i Wojtkiem i pojechali\u015bmy do, uwaga, Smerka; lub Smereka, je\u015bli kto woli inn\u0105 odmian\u0119. Serce sk\u0142ania si\u0119 do Smerek, Smerka, Smerku, ale ludzie naok\u00f3\u0142 godojo Smerek, Smereka, Smereku. Sam diabe\u0142 si\u0119 w tym nie rozezna, ale\u0107 obstawi\u0119 jednak normaln\u0105 odmian\u0119.Wzorowa\u0107 si\u0119 b\u0119d\u0119 na 'cukierek&#8217;, wi\u0119c cukierka (Smerka) a nie cukiereka (Smereka).<\/p>\n\n\n\n<p class=\"wp-block-paragraph\">Stan\u0119li\u015bmy zajazdem w Niemczuk\u00f3wce u Justyny z Niemczuk\u00f3w, bardzo sympatycznej gospodyni, kt\u00f3ra zatroskana nasz\u0105 niefrasobliwo\u015bci\u0105 czasow\u0105, wybi\u0142a z rytmu Daniela. Stwierdzi\u0142a, \u017ce 11-ta to do\u015b\u0107 p\u00f3\u017ana pora, by zrobi\u0107 tras\u0119 Brzegi &#8211; Smerek i mo\u017ce doj\u015b\u0107 do konieczno\u015bci zej\u015bcia wcze\u015bniej, \u017c\u00f3\u0142tym szlakiem do Wetliny.<\/p>\n\n\n\n<p class=\"wp-block-paragraph\"><br>Do Brzeg\u00f3w zawi\u00f3z\u0142 nas cichy Marek, fotograf &#8211; amator, kt\u00f3ry odradza\u0142 nam z ca\u0142ego serca jutrzejsze podej\u015bcie na Fereczat\u0105, bo fatalne jest i wiosn\u0105 i latem i lepiej pcha\u0107 si\u0119 od Cisnej. Ale &#8211; ad rem.<br>Ruszyli\u015bmy pod g\u00f3r\u0119, z Brzeg\u00f3w do Puchatka, gdzie prze\u017cyli\u015bmy powt\u00f3rk\u0119 z rozrywki, je\u015bli chodzi tak o podej\u015bcie, jak i wichur\u0119 na g\u00f3rze. Stromo, panie, stromo, \u015blisko i generalnie pod g\u00f3rk\u0119, a na dodatek wiatr taki, \u017ce w\u0142osy w nosie przelicza.<\/p>\n\n\n\n<p class=\"wp-block-paragraph\"><br>W zasadzie bez przyg\u00f3d dotarli\u015bmy do nowej Chatki Puchatka, otwartej dopiero co, bo w zesz\u0142ym roku we wrze\u015bniu. M\u00f3wi\u0105, \u017ce 60 z\u0142 na glebie i bior\u0105 ka\u017cdego. <\/p>\n\n\n\n<figure class=\"wp-block-image size-large\"><img data-recalc-dims=\"1\" loading=\"lazy\" decoding=\"async\" width=\"2048\" height=\"1536\" data-attachment-id=\"3122\" data-permalink=\"https:\/\/www.volen.pl\/?attachment_id=3122\" data-orig-file=\"https:\/\/i0.wp.com\/www.volen.pl\/wp-content\/uploads\/2023\/02\/IMG_20230128_130434-scaled.jpg?fit=2560%2C1920&amp;ssl=1\" data-orig-size=\"2560,1920\" data-comments-opened=\"1\" data-image-meta=\"{&quot;aperture&quot;:&quot;1.6&quot;,&quot;credit&quot;:&quot;&quot;,&quot;camera&quot;:&quot;VOG-L29&quot;,&quot;caption&quot;:&quot;&quot;,&quot;created_timestamp&quot;:&quot;1674911076&quot;,&quot;copyright&quot;:&quot;&quot;,&quot;focal_length&quot;:&quot;5.56&quot;,&quot;iso&quot;:&quot;50&quot;,&quot;shutter_speed&quot;:&quot;0.000204&quot;,&quot;title&quot;:&quot;&quot;,&quot;orientation&quot;:&quot;0&quot;}\" data-image-title=\"IMG_20230128_130434\" data-image-description=\"\" data-image-caption=\"\" data-large-file=\"https:\/\/i0.wp.com\/www.volen.pl\/wp-content\/uploads\/2023\/02\/IMG_20230128_130434-scaled.jpg?fit=2048%2C1536&amp;ssl=1\" src=\"https:\/\/i0.wp.com\/www.volen.pl\/wp-content\/uploads\/2023\/02\/IMG_20230128_130434.jpg?resize=2048%2C1536&#038;ssl=1\" alt=\"\" class=\"wp-image-3122\" srcset=\"https:\/\/i0.wp.com\/www.volen.pl\/wp-content\/uploads\/2023\/02\/IMG_20230128_130434-scaled.jpg?resize=2048%2C1536&amp;ssl=1 2048w, https:\/\/i0.wp.com\/www.volen.pl\/wp-content\/uploads\/2023\/02\/IMG_20230128_130434-scaled.jpg?resize=1024%2C768&amp;ssl=1 1024w, https:\/\/i0.wp.com\/www.volen.pl\/wp-content\/uploads\/2023\/02\/IMG_20230128_130434-scaled.jpg?resize=1536%2C1152&amp;ssl=1 1536w, https:\/\/i0.wp.com\/www.volen.pl\/wp-content\/uploads\/2023\/02\/IMG_20230128_130434-scaled.jpg?resize=160%2C120&amp;ssl=1 160w\" sizes=\"auto, (max-width: 1000px) 100vw, 1000px\" \/><figcaption class=\"wp-element-caption\">Nowa Chatka Puchatka <\/figcaption><\/figure>\n\n\n\n<p class=\"wp-block-paragraph\">W schronie kupa ludzi, siedli\u015bmy, zjedli\u015bmy, pogadali\u015bmy z Irkiem, biegaczem, kt\u00f3ry dworowa\u0142 sobie troch\u0119 z naszego oprzyrz\u0105dowania do g\u00f3rskiej \u0142az\u0119gi. Stwierdzi\u0142 np. \u017ce r\u0119kawiczek to jeszcze nigdy nie potrzebowa\u0142, a raczki subtelnie wyszydzi\u0142, ale w spos\u00f3b do\u015b\u0107 pogodny, jako cz\u0142owiek, kt\u00f3ry zdoby\u0142 4-te miejsce w biegu na 20km po g\u00f3rach. Pogratulowali\u015bmy mu szczerze i pobrn\u0119li\u015bmy, rado\u015bnie chrz\u0119szcz\u0105c odn\u00f3\u017cami na zlodowacia\u0142ym \u015bniegu, na szczyt Smerek, po drodze przystaj\u0105c tu i \u00f3wdzie, by pogada\u0107 z innymi schizolami.<\/p>\n\n\n\n<figure class=\"wp-block-embed is-type-video is-provider-youtube wp-block-embed-youtube wp-embed-aspect-16-9 wp-has-aspect-ratio\"><div class=\"wp-block-embed__wrapper\">\n<span class=\"embed-youtube\" style=\"text-align:center; display: block;\"><iframe loading=\"lazy\" class=\"youtube-player\" width=\"640\" height=\"360\" src=\"https:\/\/www.youtube.com\/embed\/2IQSnkQZfzw?version=3&#038;rel=1&#038;showsearch=0&#038;showinfo=1&#038;iv_load_policy=1&#038;fs=1&#038;hl=pl-PL&#038;autohide=2&#038;wmode=transparent\" allowfullscreen=\"true\" style=\"border:0;\" sandbox=\"allow-scripts allow-same-origin allow-popups allow-presentation allow-popups-to-escape-sandbox\"><\/iframe><\/span>\n<\/div><figcaption class=\"wp-element-caption\">Nied\u017awiedzie mi\u0119so <\/figcaption><\/figure>\n\n\n\n<p class=\"wp-block-paragraph\">Dla zachowania wewn\u0119trznej sp\u00f3jno\u015bci schodzili\u015bmy znowu w ca\u0142kowitych ciemno\u015bciach, by po paru godzinach zameldowa\u0107 si\u0119 na asfalcie i przedyga\u0107 par\u0119 kilos\u00f3w z powrotem do Smerka, do Niemczyk\u00f3wki. A potem do Paw\u0142a nie ca\u0142kiem \u015bwi\u0119tego, kt\u00f3ry naprawd\u0119 spoko \u017carcie daje, polecamy.<\/p>\n","protected":false},"excerpt":{"rendered":"<p>Sobota stoi pod znakiem przeprowadzki. Ostatecznie po\u017cegnali\u015bmy si\u0119 z Anet\u0105 i Wojtkiem i pojechali\u015bmy do,&#8230;<\/p>\n<div class=\"more-link-wrapper\"><a class=\"more-link\" href=\"https:\/\/www.volen.pl\/?p=3109\">Read the post<span class=\"screen-reader-text\">Smerek, cukierek<\/span><\/a><\/div>\n","protected":false},"author":1,"featured_media":3123,"comment_status":"open","ping_status":"open","sticky":false,"template":"","format":"standard","meta":{"_crdt_document":"","jetpack_post_was_ever_published":false,"_jetpack_newsletter_access":"","_jetpack_dont_email_post_to_subs":false,"_jetpack_newsletter_tier_id":0,"_jetpack_memberships_contains_paywalled_content":false,"_jetpack_memberships_contains_paid_content":false,"footnotes":"","jetpack_publicize_message":"","jetpack_publicize_feature_enabled":true,"jetpack_social_post_already_shared":true,"jetpack_social_options":{"image_generator_settings":{"template":"highway","default_image_id":0,"font":"","enabled":false},"version":2}},"categories":[457,93],"tags":[460,458,76,205,461],"class_list":["post-3109","post","type-post","status-publish","format-standard","has-post-thumbnail","hentry","category-gsb","category-nawariata","tag-bieszczady","tag-gsb","tag-glowny-szlak-beskidzki","tag-nawariata","tag-szlak-czerwony","excerpt","zoom","full-without-featured","even","excerpt-0"],"jetpack_publicize_connections":[],"jetpack_featured_media_url":"https:\/\/i0.wp.com\/www.volen.pl\/wp-content\/uploads\/2023\/02\/IMG_20230128_130437-scaled.jpg?fit=2560%2C1920&ssl=1","jetpack_shortlink":"https:\/\/wp.me\/p4lAri-O9","jetpack_sharing_enabled":true,"jetpack-related-posts":[{"id":3940,"url":"https:\/\/www.volen.pl\/?p=3940","url_meta":{"origin":3109,"position":0},"title":"Wielki Sto\u017cek","author":"volen","date":"2025-12-04","format":false,"excerpt":"Zanim wyszed\u0142em na szlak, pogada\u0142em z obs\u0142ug\u0105 schroniska, a kilka metr\u00f3w ni\u017cej spotka\u0142em w koncu jakich\u015b turyst\u00f3w. Co najmniej cztery sztuki. Po kilku minutach pojawi\u0142 si\u0119 te\u017c pi\u0105ty... i na tym koniec. Znowu ludzi wymiot\u0142o dokumentnie. Gdyby nie herbata w Karczmie na Kubalonce, to nie mia\u0142bym z kim zamieni\u0107 nawet\u2026","rel":"","context":"W \u201eGSB&quot;","block_context":{"text":"GSB","link":"https:\/\/www.volen.pl\/?cat=457"},"img":{"alt_text":"","src":"https:\/\/i0.wp.com\/www.volen.pl\/wp-content\/uploads\/2025\/12\/IMG_20251204_154338-1.jpg?fit=1200%2C874&ssl=1&resize=350%2C200","width":350,"height":200,"srcset":"https:\/\/i0.wp.com\/www.volen.pl\/wp-content\/uploads\/2025\/12\/IMG_20251204_154338-1.jpg?fit=1200%2C874&ssl=1&resize=350%2C200 1x, https:\/\/i0.wp.com\/www.volen.pl\/wp-content\/uploads\/2025\/12\/IMG_20251204_154338-1.jpg?fit=1200%2C874&ssl=1&resize=525%2C300 1.5x, https:\/\/i0.wp.com\/www.volen.pl\/wp-content\/uploads\/2025\/12\/IMG_20251204_154338-1.jpg?fit=1200%2C874&ssl=1&resize=700%2C400 2x, https:\/\/i0.wp.com\/www.volen.pl\/wp-content\/uploads\/2025\/12\/IMG_20251204_154338-1.jpg?fit=1200%2C874&ssl=1&resize=1050%2C600 3x"},"classes":[]},{"id":3793,"url":"https:\/\/www.volen.pl\/?p=3793","url_meta":{"origin":3109,"position":1},"title":"Hala \u015amietanowa","author":"volen","date":"2025-04-26","format":false,"excerpt":"Wsta\u0142 nowy, pi\u0119kny dzie\u0144, kt\u00f3ry zupe\u0142nie nie pami\u0119ta\u0142 poprzedniego. Ciep\u0142o, sucho, s\u0142onecznie... przyjemnie. Tak mo\u017cna i\u015b\u0107. Jordan\u00f3w najbardziej zdumiewaj\u0105cy zwierz na szlaku ja g\u0142upkowato u\u015bmiechni\u0119ty Wiele si\u0119 nie dzia\u0142o. Ot, szed\u0142em, pies mnie obszczeka\u0142, zamieni\u0142em z kim\u015b kilka s\u0142\u00f3w. Taki przyjemny dzie\u0144. Dopiero, gdy dotar\u0142em do schroniska na Hali Krupowej,\u2026","rel":"","context":"W \u201eGSB&quot;","block_context":{"text":"GSB","link":"https:\/\/www.volen.pl\/?cat=457"},"img":{"alt_text":"","src":"https:\/\/i0.wp.com\/www.volen.pl\/wp-content\/uploads\/2025\/05\/IMG_20250426_133710.jpg?fit=1200%2C900&ssl=1&resize=350%2C200","width":350,"height":200,"srcset":"https:\/\/i0.wp.com\/www.volen.pl\/wp-content\/uploads\/2025\/05\/IMG_20250426_133710.jpg?fit=1200%2C900&ssl=1&resize=350%2C200 1x, https:\/\/i0.wp.com\/www.volen.pl\/wp-content\/uploads\/2025\/05\/IMG_20250426_133710.jpg?fit=1200%2C900&ssl=1&resize=525%2C300 1.5x, https:\/\/i0.wp.com\/www.volen.pl\/wp-content\/uploads\/2025\/05\/IMG_20250426_133710.jpg?fit=1200%2C900&ssl=1&resize=700%2C400 2x, https:\/\/i0.wp.com\/www.volen.pl\/wp-content\/uploads\/2025\/05\/IMG_20250426_133710.jpg?fit=1200%2C900&ssl=1&resize=1050%2C600 3x"},"classes":[]},{"id":3777,"url":"https:\/\/www.volen.pl\/?p=3777","url_meta":{"origin":3109,"position":2},"title":"Hydropiek\u0142owst\u0105pienie","author":"volen","date":"2025-04-25","format":false,"excerpt":"Dzi\u015b muzycznie. Utopi\u0119 wasz\u0105 utopi\u0119.Utopi\u0119 wasz\u0105 utopi\u0119.Ja utopi\u0119 wasz\u0105 utopi\u0119,Utopi\u0119 w potopie.Zarz\u0105dzam pe\u0142ne zanurzenie.Utopi\u0119 wasz\u0105 utopi\u0119,Utopi\u0119 w potopie.Hydropiek\u0142owst\u0105pienie! Zacz\u0105\u0142em cytatem z Lao Che, poniewa\u017c, jak Boga kocham, to, co si\u0119 tam dzia\u0142o, jest ju\u017c pi\u0119knie podsumowane w tym cytacie. Pewnego dnia wcze\u015bniej, jako\u015b tak par\u0119 miesi\u0119cy temu, gdy pojecha\u0142em na\u2026","rel":"","context":"W \u201eGSB&quot;","block_context":{"text":"GSB","link":"https:\/\/www.volen.pl\/?cat=457"},"img":{"alt_text":"","src":"https:\/\/i0.wp.com\/www.volen.pl\/wp-content\/uploads\/2025\/05\/IMG_20250425_105459.jpg?fit=1200%2C900&ssl=1&resize=350%2C200","width":350,"height":200,"srcset":"https:\/\/i0.wp.com\/www.volen.pl\/wp-content\/uploads\/2025\/05\/IMG_20250425_105459.jpg?fit=1200%2C900&ssl=1&resize=350%2C200 1x, https:\/\/i0.wp.com\/www.volen.pl\/wp-content\/uploads\/2025\/05\/IMG_20250425_105459.jpg?fit=1200%2C900&ssl=1&resize=525%2C300 1.5x, https:\/\/i0.wp.com\/www.volen.pl\/wp-content\/uploads\/2025\/05\/IMG_20250425_105459.jpg?fit=1200%2C900&ssl=1&resize=700%2C400 2x, https:\/\/i0.wp.com\/www.volen.pl\/wp-content\/uploads\/2025\/05\/IMG_20250425_105459.jpg?fit=1200%2C900&ssl=1&resize=1050%2C600 3x"},"classes":[]},{"id":3572,"url":"https:\/\/www.volen.pl\/?p=3572","url_meta":{"origin":3109,"position":3},"title":"Chatka trapera","author":"volen","date":"2024-08-29","format":false,"excerpt":"Z rana zrobi\u0142em ognisko. Poszed\u0142em po wod\u0119 do \u017ar\u00f3de\u0142ka. Zrobi\u0142em wiadro herbaty. Ludzie zacz\u0119li si\u0119 schodzi\u0107 po jakim\u015b czasie do tej herbaty, my zjedli\u015bmy \u015bniadanie i, po po\u017cegnaniu, ruszyli\u015bmy na szlak. Weszli\u015bmy na Kozie \u017bebro, do\u015b\u0107 stromo. Kozie \u017bebro zdoby\u0142 Mieszko. Na g\u00f3rze, zamiast da\u0107 maluchom batony, zap\u0119dzi\u0142em ch\u0142opak\u00f3w w\u2026","rel":"","context":"W \u201eGSB&quot;","block_context":{"text":"GSB","link":"https:\/\/www.volen.pl\/?cat=457"},"img":{"alt_text":"","src":"https:\/\/i0.wp.com\/www.volen.pl\/wp-content\/uploads\/2024\/10\/oIMG_20240829_182729.jpg?fit=1200%2C900&ssl=1&resize=350%2C200","width":350,"height":200,"srcset":"https:\/\/i0.wp.com\/www.volen.pl\/wp-content\/uploads\/2024\/10\/oIMG_20240829_182729.jpg?fit=1200%2C900&ssl=1&resize=350%2C200 1x, https:\/\/i0.wp.com\/www.volen.pl\/wp-content\/uploads\/2024\/10\/oIMG_20240829_182729.jpg?fit=1200%2C900&ssl=1&resize=525%2C300 1.5x, https:\/\/i0.wp.com\/www.volen.pl\/wp-content\/uploads\/2024\/10\/oIMG_20240829_182729.jpg?fit=1200%2C900&ssl=1&resize=700%2C400 2x, https:\/\/i0.wp.com\/www.volen.pl\/wp-content\/uploads\/2024\/10\/oIMG_20240829_182729.jpg?fit=1200%2C900&ssl=1&resize=1050%2C600 3x"},"classes":[]},{"id":3107,"url":"https:\/\/www.volen.pl\/?p=3107","url_meta":{"origin":3109,"position":4},"title":"Polska Antarktyda","author":"volen","date":"2023-01-27","format":false,"excerpt":"Pi\u0105tkowy poranek. Zmartwychwstanie. https:\/\/youtu.be\/5nWNUjOhU14 Jemy daktyle Aneta zrobi\u0142a \u015bniadanie na 8.30, o 10.00 wyszli\u015bmy z domku (Daniel zawsze pakuje si\u0119 3x...), \u017cwawym kroczkiem pensjonariuszy zak\u0142adu geriatrycznego ruszyli\u015bmy w stron\u0119 tutejszego sklepu spo\u017cywczego. Generalnie nie wieje od sprzedawczyni jak\u0105\u015b ogromn\u0105 sympati\u0105 do ludzi, wi\u0119c po kilku pr\u00f3bach odpu\u015bcili\u015bmy sobie pogaw\u0119dki i\u2026","rel":"","context":"W \u201eGSB&quot;","block_context":{"text":"GSB","link":"https:\/\/www.volen.pl\/?cat=457"},"img":{"alt_text":"","src":"https:\/\/i0.wp.com\/www.volen.pl\/wp-content\/uploads\/2023\/02\/IMG_20230127_152412-scaled.jpg?fit=1200%2C900&ssl=1&resize=350%2C200","width":350,"height":200,"srcset":"https:\/\/i0.wp.com\/www.volen.pl\/wp-content\/uploads\/2023\/02\/IMG_20230127_152412-scaled.jpg?fit=1200%2C900&ssl=1&resize=350%2C200 1x, https:\/\/i0.wp.com\/www.volen.pl\/wp-content\/uploads\/2023\/02\/IMG_20230127_152412-scaled.jpg?fit=1200%2C900&ssl=1&resize=525%2C300 1.5x, https:\/\/i0.wp.com\/www.volen.pl\/wp-content\/uploads\/2023\/02\/IMG_20230127_152412-scaled.jpg?fit=1200%2C900&ssl=1&resize=700%2C400 2x, https:\/\/i0.wp.com\/www.volen.pl\/wp-content\/uploads\/2023\/02\/IMG_20230127_152412-scaled.jpg?fit=1200%2C900&ssl=1&resize=1050%2C600 3x"},"classes":[]},{"id":3110,"url":"https:\/\/www.volen.pl\/?p=3110","url_meta":{"origin":3109,"position":5},"title":"Nieumarli","author":"volen","date":"2023-01-29","format":false,"excerpt":"Wbrew wczorajszym ostrze\u017ceniom z rana, tym razem naprawd\u0119, z rana, poszli\u015bmy na Fereczat\u0105 i dalej, do Cisnej. Zaraz na starcie, za cmentarzem, wyprzedzi\u0142a nas malutka dziewczyna w czerwonym paletku, kt\u00f3r\u0105 ze zrozumia\u0142ych wzgl\u0119d\u00f3w pu\u015bcili\u015bmy przodem: nasze tempo, dobrze rozregulowanych sze\u015b\u0107dziesi\u0119ciolatk\u00f3w, nie pozwoli\u0142oby nam utrzyma\u0107 prowadzenia. Mieli\u015bmy do wyboru dwie drogi:\u2026","rel":"","context":"W \u201eGSB&quot;","block_context":{"text":"GSB","link":"https:\/\/www.volen.pl\/?cat=457"},"img":{"alt_text":"","src":"https:\/\/i0.wp.com\/www.volen.pl\/wp-content\/uploads\/2023\/02\/IMG_20230129_135147-scaled.jpg?fit=1200%2C900&ssl=1&resize=350%2C200","width":350,"height":200,"srcset":"https:\/\/i0.wp.com\/www.volen.pl\/wp-content\/uploads\/2023\/02\/IMG_20230129_135147-scaled.jpg?fit=1200%2C900&ssl=1&resize=350%2C200 1x, https:\/\/i0.wp.com\/www.volen.pl\/wp-content\/uploads\/2023\/02\/IMG_20230129_135147-scaled.jpg?fit=1200%2C900&ssl=1&resize=525%2C300 1.5x, https:\/\/i0.wp.com\/www.volen.pl\/wp-content\/uploads\/2023\/02\/IMG_20230129_135147-scaled.jpg?fit=1200%2C900&ssl=1&resize=700%2C400 2x, https:\/\/i0.wp.com\/www.volen.pl\/wp-content\/uploads\/2023\/02\/IMG_20230129_135147-scaled.jpg?fit=1200%2C900&ssl=1&resize=1050%2C600 3x"},"classes":[]}],"_links":{"self":[{"href":"https:\/\/www.volen.pl\/index.php?rest_route=\/wp\/v2\/posts\/3109","targetHints":{"allow":["GET"]}}],"collection":[{"href":"https:\/\/www.volen.pl\/index.php?rest_route=\/wp\/v2\/posts"}],"about":[{"href":"https:\/\/www.volen.pl\/index.php?rest_route=\/wp\/v2\/types\/post"}],"author":[{"embeddable":true,"href":"https:\/\/www.volen.pl\/index.php?rest_route=\/wp\/v2\/users\/1"}],"replies":[{"embeddable":true,"href":"https:\/\/www.volen.pl\/index.php?rest_route=%2Fwp%2Fv2%2Fcomments&post=3109"}],"version-history":[{"count":2,"href":"https:\/\/www.volen.pl\/index.php?rest_route=\/wp\/v2\/posts\/3109\/revisions"}],"predecessor-version":[{"id":3124,"href":"https:\/\/www.volen.pl\/index.php?rest_route=\/wp\/v2\/posts\/3109\/revisions\/3124"}],"wp:featuredmedia":[{"embeddable":true,"href":"https:\/\/www.volen.pl\/index.php?rest_route=\/wp\/v2\/media\/3123"}],"wp:attachment":[{"href":"https:\/\/www.volen.pl\/index.php?rest_route=%2Fwp%2Fv2%2Fmedia&parent=3109"}],"wp:term":[{"taxonomy":"category","embeddable":true,"href":"https:\/\/www.volen.pl\/index.php?rest_route=%2Fwp%2Fv2%2Fcategories&post=3109"},{"taxonomy":"post_tag","embeddable":true,"href":"https:\/\/www.volen.pl\/index.php?rest_route=%2Fwp%2Fv2%2Ftags&post=3109"}],"curies":[{"name":"wp","href":"https:\/\/api.w.org\/{rel}","templated":true}]}}