{"id":3110,"date":"2023-01-29T20:58:02","date_gmt":"2023-01-29T19:58:02","guid":{"rendered":"https:\/\/www.volen.pl\/?p=3110"},"modified":"2023-02-11T15:00:06","modified_gmt":"2023-02-11T14:00:06","slug":"nieumarli","status":"publish","type":"post","link":"https:\/\/www.volen.pl\/?p=3110","title":{"rendered":"Nieumarli"},"content":{"rendered":"\n<p class=\"wp-block-paragraph\">Wbrew wczorajszym ostrze\u017ceniom z rana, tym razem naprawd\u0119, z rana, poszli\u015bmy na Fereczat\u0105 i dalej, do Cisnej. Zaraz na starcie, za cmentarzem, wyprzedzi\u0142a nas malutka dziewczyna w czerwonym paletku, kt\u00f3r\u0105 ze zrozumia\u0142ych wzgl\u0119d\u00f3w pu\u015bcili\u015bmy przodem: nasze tempo, dobrze rozregulowanych sze\u015b\u0107dziesi\u0119ciolatk\u00f3w, nie pozwoli\u0142oby nam utrzyma\u0107 prowadzenia. Mieli\u015bmy do wyboru dwie drogi: d\u017centelme\u0144sko pu\u015bci\u0107 pani\u0105 przodem albo ulec ambicji i biec przed ni\u0105, by pa\u015b\u0107 na zawa\u0142 jakie\u015b 200 metr\u00f3w dalej.<\/p>\n\n\n\n<p class=\"wp-block-paragraph\">Rzeczywi\u015bcie, wiosn\u0105, latem, czy jesieni\u0105 kl\u0119liby\u015bmy, jak szewcy, jako \u017ce podejscie jest \u015brodkiem strugi jakowej\u015b, ale teraz wszystko zamarzni\u0119te w choler\u0119 i sz\u0142o si\u0119 dobrze. Podej\u015bcie bardzo przyzwoite, \u017cadnych hardkor\u00f3w, pi\u0119kny zimowy las, lekko pod g\u00f3r\u0119, chcia\u0142oby si\u0119 rzec, tanecznym krokiem weszli\u015bmy na Fereczat\u0105, a potem dalej, na Okr\u0105glik.<\/p>\n\n\n\n<figure class=\"wp-block-embed is-type-video is-provider-youtube wp-block-embed-youtube wp-embed-aspect-16-9 wp-has-aspect-ratio\"><div class=\"wp-block-embed__wrapper\">\n<span class=\"embed-youtube\" style=\"text-align:center; display: block;\"><iframe loading=\"lazy\" class=\"youtube-player\" width=\"640\" height=\"360\" src=\"https:\/\/www.youtube.com\/embed\/OAxTZxJBb3Y?version=3&#038;rel=1&#038;showsearch=0&#038;showinfo=1&#038;iv_load_policy=1&#038;fs=1&#038;hl=pl-PL&#038;autohide=2&#038;wmode=transparent\" allowfullscreen=\"true\" style=\"border:0;\" sandbox=\"allow-scripts allow-same-origin allow-popups allow-presentation allow-popups-to-escape-sandbox\"><\/iframe><\/span>\n<\/div><\/figure>\n\n\n\n<p class=\"wp-block-paragraph\">Przez d\u0142ugi czas \u015blady dziewczyny w czerwieni by\u0142y jedynymi, kt\u00f3rs widzieli\u015bmy na szlaku, a\u017c znienacka, gdy z jakich\u015b powod\u00f3w g\u0142o\u015bno przeklinali\u015bmy, wy\u0142oni\u0142a si\u0119 zza drzew inna dziewczyna, z kt\u00f3r\u0105 mi\u0142o pogadali\u015bmy usi\u0142uj\u0105c zatrze\u0107 niekorzystne wra\u017cenie. Agnieszka, bo tak mia\u0142a na imi\u0119, sz\u0142a r\u00f3wnie\u017c GSB tylko w przeciwn\u0105 stron\u0119, ale bez map, kompas\u00f3w, telefon\u00f3w i giepees\u00f3w. Opowiedzia\u0142a nam, jak straci\u0142a w\u0105tek w okolicach Chryszczatej na tyle, \u017ce porzuci\u0142a plecak i szuka\u0142a po bukowym lesie jakich\u015b wskaz\u00f3wek. Generalnie odwa\u017cna dziewczyna, trzymamy za ni\u0105 kciuki.<\/p>\n\n\n\n<figure class=\"wp-block-image size-large\"><img data-recalc-dims=\"1\" loading=\"lazy\" decoding=\"async\" width=\"1536\" height=\"2048\" data-attachment-id=\"3125\" data-permalink=\"https:\/\/www.volen.pl\/?attachment_id=3125\" data-orig-file=\"https:\/\/i0.wp.com\/www.volen.pl\/wp-content\/uploads\/2023\/02\/IMG_20230129_143129-scaled.jpg?fit=1920%2C2560&amp;ssl=1\" data-orig-size=\"1920,2560\" data-comments-opened=\"1\" data-image-meta=\"{&quot;aperture&quot;:&quot;2&quot;,&quot;credit&quot;:&quot;&quot;,&quot;camera&quot;:&quot;VOG-L29&quot;,&quot;caption&quot;:&quot;&quot;,&quot;created_timestamp&quot;:&quot;1675002691&quot;,&quot;copyright&quot;:&quot;&quot;,&quot;focal_length&quot;:&quot;3.36&quot;,&quot;iso&quot;:&quot;50&quot;,&quot;shutter_speed&quot;:&quot;0.004514&quot;,&quot;title&quot;:&quot;&quot;,&quot;orientation&quot;:&quot;0&quot;}\" data-image-title=\"IMG_20230129_143129\" data-image-description=\"\" data-image-caption=\"\" data-large-file=\"https:\/\/i0.wp.com\/www.volen.pl\/wp-content\/uploads\/2023\/02\/IMG_20230129_143129-scaled.jpg?fit=1536%2C2048&amp;ssl=1\" src=\"https:\/\/i0.wp.com\/www.volen.pl\/wp-content\/uploads\/2023\/02\/IMG_20230129_143129.jpg?resize=1536%2C2048&#038;ssl=1\" alt=\"\" class=\"wp-image-3125\" srcset=\"https:\/\/i0.wp.com\/www.volen.pl\/wp-content\/uploads\/2023\/02\/IMG_20230129_143129-scaled.jpg?resize=1536%2C2048&amp;ssl=1 1536w, https:\/\/i0.wp.com\/www.volen.pl\/wp-content\/uploads\/2023\/02\/IMG_20230129_143129-scaled.jpg?resize=768%2C1024&amp;ssl=1 768w, https:\/\/i0.wp.com\/www.volen.pl\/wp-content\/uploads\/2023\/02\/IMG_20230129_143129-scaled.jpg?resize=1152%2C1536&amp;ssl=1 1152w, https:\/\/i0.wp.com\/www.volen.pl\/wp-content\/uploads\/2023\/02\/IMG_20230129_143129-scaled.jpg?w=1920&amp;ssl=1 1920w\" sizes=\"auto, (max-width: 1000px) 100vw, 1000px\" \/><\/figure>\n\n\n\n<p class=\"wp-block-paragraph\"><br \/>T\u0142ok na szlaku, bo zaraz potem inny biegacz si\u0119 pokaza\u0142, wzniecaj\u0105c za sob\u0105 kurzaw\u0119, te\u017c chwil\u0119 pogadali\u015bmy i pogna\u0142 dalej.<\/p>\n\n\n\n<figure class=\"wp-block-image size-large\"><img data-recalc-dims=\"1\" loading=\"lazy\" decoding=\"async\" width=\"2048\" height=\"1536\" data-attachment-id=\"3126\" data-permalink=\"https:\/\/www.volen.pl\/?attachment_id=3126\" data-orig-file=\"https:\/\/i0.wp.com\/www.volen.pl\/wp-content\/uploads\/2023\/02\/IMG_20230129_160604-scaled.jpg?fit=2560%2C1920&amp;ssl=1\" data-orig-size=\"2560,1920\" data-comments-opened=\"1\" data-image-meta=\"{&quot;aperture&quot;:&quot;1.6&quot;,&quot;credit&quot;:&quot;&quot;,&quot;camera&quot;:&quot;VOG-L29&quot;,&quot;caption&quot;:&quot;&quot;,&quot;created_timestamp&quot;:&quot;1675008367&quot;,&quot;copyright&quot;:&quot;&quot;,&quot;focal_length&quot;:&quot;5.56&quot;,&quot;iso&quot;:&quot;64&quot;,&quot;shutter_speed&quot;:&quot;0.01&quot;,&quot;title&quot;:&quot;&quot;,&quot;orientation&quot;:&quot;0&quot;}\" data-image-title=\"IMG_20230129_160604\" data-image-description=\"\" data-image-caption=\"\" data-large-file=\"https:\/\/i0.wp.com\/www.volen.pl\/wp-content\/uploads\/2023\/02\/IMG_20230129_160604-scaled.jpg?fit=2048%2C1536&amp;ssl=1\" src=\"https:\/\/i0.wp.com\/www.volen.pl\/wp-content\/uploads\/2023\/02\/IMG_20230129_160604.jpg?resize=2048%2C1536&#038;ssl=1\" alt=\"\" class=\"wp-image-3126\" srcset=\"https:\/\/i0.wp.com\/www.volen.pl\/wp-content\/uploads\/2023\/02\/IMG_20230129_160604-scaled.jpg?resize=2048%2C1536&amp;ssl=1 2048w, https:\/\/i0.wp.com\/www.volen.pl\/wp-content\/uploads\/2023\/02\/IMG_20230129_160604-scaled.jpg?resize=1024%2C768&amp;ssl=1 1024w, https:\/\/i0.wp.com\/www.volen.pl\/wp-content\/uploads\/2023\/02\/IMG_20230129_160604-scaled.jpg?resize=1536%2C1152&amp;ssl=1 1536w, https:\/\/i0.wp.com\/www.volen.pl\/wp-content\/uploads\/2023\/02\/IMG_20230129_160604-scaled.jpg?resize=160%2C120&amp;ssl=1 160w\" sizes=\"auto, (max-width: 1000px) 100vw, 1000px\" \/><\/figure>\n\n\n\n<p class=\"wp-block-paragraph\"><br \/>Tak sobie szli\u015bmy, a\u017c w okolicach Ma\u0142ego Jas\u0142a wpadli\u015bmy na podejrzanie mi\u0142\u0105 rodzink\u0119, tatu\u015b, mamusia, dwie c\u00f3ruchny. Jeszcze wtedy nie wiedzieli\u015bmy, co to za gagatki. Pytali o Du\u017ce Jas\u0142o, udawali, \u017ce tam si\u0119 b\u0119d\u0105 wybiera\u0107, a my poszli\u015bmy w stron\u0119 Cisnej. Gdy kilka kilometr\u00f3w dalej zatrzymali\u015bmy si\u0119, by w\u0142\u0105czy\u0107 czo\u0142\u00f3wki (no, jak\u017ceby inaczej), na chwil\u0119 nas dogonili: okaza\u0142o si\u0119, \u017ce postanowili ruszy\u0107 naszym \u015bladem do Cisnej, ale z\u0142apali nas przygotowanych i poszli w prz\u00f3d, by zn\u00f3w zaczai\u0107 si\u0119 na nas kilka drzew dalej. Dopiero, jak zapad\u0142a ca\u0142kowita ciemno\u015b\u0107 nasz\u0142a mnie my\u015bl, \u017ce jest to pewnie rodzina Nieumar\u0142ych, kt\u00f3ra po prostu wysz\u0142a na ryneczek, zaczerpn\u0105\u0107 \u015bwie\u017cej krwi.<\/p>\n\n\n\n<p class=\"wp-block-paragraph\">I tak przyspieszyli\u015bmy tempa staraj\u0105c si\u0119 utrzyma\u0107 z przodu, a\u017c wyszli\u015bmy na tory w Cisnej, gdzie, jak patrzyli\u015bmy z daleka, rodzinka odpu\u015bci\u0142a dalszy po\u015bcig, lub straci\u0142a trop.<br \/><\/p>\n\n\n\n<p class=\"wp-block-paragraph\">Zasi\u0119gn\u0119li\u015bmy j\u0119zyka co do mo\u017cliwo\u015bci przejazdu na Smerek, po czym, zmachani, zrezygnowani, z\u0142apali\u015bmy stopa. Ojciec z synem wracali z nart te\u017c do Smerka, podrzucili nas praktycznie pod wjazd do Niemczyk\u00f3wki.<br \/><\/p>\n\n\n\n<p class=\"wp-block-paragraph\">\u015awi\u0119towali\u015bmy udan\u0105 ucieczk\u0119, \u015bwi\u0119towali\u015bmy udan\u0105 wycieczk\u0119 znowu u Paw\u0142a nie do ko\u0144ca \u015bwi\u0119tego i uzgodnilismy, \u017ce to ju\u017c czas po\u017cegna\u0107 si\u0119 z Bieszczadami.<br \/><\/p>\n\n\n\n<p class=\"wp-block-paragraph\">A ju\u017c w drodze powrotnej, nastepnego dnia, w\u0142a\u015bciciel sklepu w Lesku b\u0119d\u0105cego jednocze\u015bnie informacj\u0105 turystyczn\u0105, opowiedzia\u0142 nam par\u0119 historii o licencjonowanych, s\u0142owackich \u0142owcach wampir\u00f3w, cmentarzach pe\u0142nych zw\u0142ok z poprzebijanymi klatkami piersiowymi i gwo\u017ad\u017ami w g\u0142owach i o Czarnej Pani z Leska.<br \/>Bieszczady to czysta magia.<\/p>\n","protected":false},"excerpt":{"rendered":"<p>Wbrew wczorajszym ostrze\u017ceniom z rana, tym razem naprawd\u0119, z rana, poszli\u015bmy na Fereczat\u0105 i dalej,&#8230;<\/p>\n<div class=\"more-link-wrapper\"><a class=\"more-link\" href=\"https:\/\/www.volen.pl\/?p=3110\">Read the post<span class=\"screen-reader-text\">Nieumarli<\/span><\/a><\/div>\n","protected":false},"author":1,"featured_media":3128,"comment_status":"open","ping_status":"open","sticky":false,"template":"","format":"standard","meta":{"_crdt_document":"","jetpack_post_was_ever_published":false,"_jetpack_newsletter_access":"","_jetpack_dont_email_post_to_subs":false,"_jetpack_newsletter_tier_id":0,"_jetpack_memberships_contains_paywalled_content":false,"_jetpack_memberships_contains_paid_content":false,"footnotes":"","jetpack_publicize_message":"","jetpack_publicize_feature_enabled":true,"jetpack_social_post_already_shared":true,"jetpack_social_options":{"image_generator_settings":{"template":"highway","default_image_id":0,"font":"","enabled":false},"version":2}},"categories":[457,93],"tags":[462,460,458,76,205,461],"class_list":["post-3110","post","type-post","status-publish","format-standard","has-post-thumbnail","hentry","category-gsb","category-nawariata","tag-462","tag-bieszczady","tag-gsb","tag-glowny-szlak-beskidzki","tag-nawariata","tag-szlak-czerwony","excerpt","zoom","full-without-featured","even","excerpt-0"],"jetpack_publicize_connections":[],"jetpack_featured_media_url":"https:\/\/i0.wp.com\/www.volen.pl\/wp-content\/uploads\/2023\/02\/IMG_20230129_135147-scaled.jpg?fit=2560%2C1920&ssl=1","jetpack_shortlink":"https:\/\/wp.me\/p4lAri-Oa","jetpack_sharing_enabled":true,"jetpack-related-posts":[{"id":3572,"url":"https:\/\/www.volen.pl\/?p=3572","url_meta":{"origin":3110,"position":0},"title":"Chatka trapera","author":"volen","date":"2024-08-29","format":false,"excerpt":"Z rana zrobi\u0142em ognisko. Poszed\u0142em po wod\u0119 do \u017ar\u00f3de\u0142ka. Zrobi\u0142em wiadro herbaty. Ludzie zacz\u0119li si\u0119 schodzi\u0107 po jakim\u015b czasie do tej herbaty, my zjedli\u015bmy \u015bniadanie i, po po\u017cegnaniu, ruszyli\u015bmy na szlak. Weszli\u015bmy na Kozie \u017bebro, do\u015b\u0107 stromo. Kozie \u017bebro zdoby\u0142 Mieszko. Na g\u00f3rze, zamiast da\u0107 maluchom batony, zap\u0119dzi\u0142em ch\u0142opak\u00f3w w\u2026","rel":"","context":"W \u201eGSB&quot;","block_context":{"text":"GSB","link":"https:\/\/www.volen.pl\/?cat=457"},"img":{"alt_text":"","src":"https:\/\/i0.wp.com\/www.volen.pl\/wp-content\/uploads\/2024\/10\/oIMG_20240829_182729.jpg?fit=1200%2C900&ssl=1&resize=350%2C200","width":350,"height":200,"srcset":"https:\/\/i0.wp.com\/www.volen.pl\/wp-content\/uploads\/2024\/10\/oIMG_20240829_182729.jpg?fit=1200%2C900&ssl=1&resize=350%2C200 1x, https:\/\/i0.wp.com\/www.volen.pl\/wp-content\/uploads\/2024\/10\/oIMG_20240829_182729.jpg?fit=1200%2C900&ssl=1&resize=525%2C300 1.5x, https:\/\/i0.wp.com\/www.volen.pl\/wp-content\/uploads\/2024\/10\/oIMG_20240829_182729.jpg?fit=1200%2C900&ssl=1&resize=700%2C400 2x, https:\/\/i0.wp.com\/www.volen.pl\/wp-content\/uploads\/2024\/10\/oIMG_20240829_182729.jpg?fit=1200%2C900&ssl=1&resize=1050%2C600 3x"},"classes":[]},{"id":3747,"url":"https:\/\/www.volen.pl\/?p=3747","url_meta":{"origin":3110,"position":1},"title":"rumu\u0144skie lisy","author":"volen","date":"2024-10-20","format":false,"excerpt":"\u015aniadanie zjad\u0142em w towarzystwie ch\u0142opca, nazwijmy go Kub\u0105, kt\u00f3ry r\u00f3wnie\u017c przemierza GSB. Opowiedzia\u0142 mi on histori\u0119 swojego znajomego: Ot\u00f3\u017c \u00f3w znajomy postanowi\u0142 pojecha\u0107 z dziewczyn\u0105 do Rumunii pod namioty. Wszystko przebiega\u0142o super i zgodnie z planem, trekking udawa\u0142 si\u0119 znakomicie, Rumunia by\u0142a pi\u0119kna i powabna, obydwoje chodzili sobie do\u015b\u0107 intensywnie\u2026","rel":"","context":"W \u201eGSB&quot;","block_context":{"text":"GSB","link":"https:\/\/www.volen.pl\/?cat=457"},"img":{"alt_text":"","src":"https:\/\/i0.wp.com\/www.volen.pl\/wp-content\/uploads\/2025\/05\/IMG_20241019_163429.jpg?fit=1200%2C900&ssl=1&resize=350%2C200","width":350,"height":200,"srcset":"https:\/\/i0.wp.com\/www.volen.pl\/wp-content\/uploads\/2025\/05\/IMG_20241019_163429.jpg?fit=1200%2C900&ssl=1&resize=350%2C200 1x, https:\/\/i0.wp.com\/www.volen.pl\/wp-content\/uploads\/2025\/05\/IMG_20241019_163429.jpg?fit=1200%2C900&ssl=1&resize=525%2C300 1.5x, https:\/\/i0.wp.com\/www.volen.pl\/wp-content\/uploads\/2025\/05\/IMG_20241019_163429.jpg?fit=1200%2C900&ssl=1&resize=700%2C400 2x, https:\/\/i0.wp.com\/www.volen.pl\/wp-content\/uploads\/2025\/05\/IMG_20241019_163429.jpg?fit=1200%2C900&ssl=1&resize=1050%2C600 3x"},"classes":[]},{"id":3940,"url":"https:\/\/www.volen.pl\/?p=3940","url_meta":{"origin":3110,"position":2},"title":"Wielki Sto\u017cek","author":"volen","date":"2025-12-04","format":false,"excerpt":"Zanim wyszed\u0142em na szlak, pogada\u0142em z obs\u0142ug\u0105 schroniska, a kilka metr\u00f3w ni\u017cej spotka\u0142em w koncu jakich\u015b turyst\u00f3w. Co najmniej cztery sztuki. Po kilku minutach pojawi\u0142 si\u0119 te\u017c pi\u0105ty... i na tym koniec. Znowu ludzi wymiot\u0142o dokumentnie. Gdyby nie herbata w Karczmie na Kubalonce, to nie mia\u0142bym z kim zamieni\u0107 nawet\u2026","rel":"","context":"W \u201eGSB&quot;","block_context":{"text":"GSB","link":"https:\/\/www.volen.pl\/?cat=457"},"img":{"alt_text":"","src":"https:\/\/i0.wp.com\/www.volen.pl\/wp-content\/uploads\/2025\/12\/IMG_20251204_154338-1.jpg?fit=1200%2C874&ssl=1&resize=350%2C200","width":350,"height":200,"srcset":"https:\/\/i0.wp.com\/www.volen.pl\/wp-content\/uploads\/2025\/12\/IMG_20251204_154338-1.jpg?fit=1200%2C874&ssl=1&resize=350%2C200 1x, https:\/\/i0.wp.com\/www.volen.pl\/wp-content\/uploads\/2025\/12\/IMG_20251204_154338-1.jpg?fit=1200%2C874&ssl=1&resize=525%2C300 1.5x, https:\/\/i0.wp.com\/www.volen.pl\/wp-content\/uploads\/2025\/12\/IMG_20251204_154338-1.jpg?fit=1200%2C874&ssl=1&resize=700%2C400 2x, https:\/\/i0.wp.com\/www.volen.pl\/wp-content\/uploads\/2025\/12\/IMG_20251204_154338-1.jpg?fit=1200%2C874&ssl=1&resize=1050%2C600 3x"},"classes":[]},{"id":3591,"url":"https:\/\/www.volen.pl\/?p=3591","url_meta":{"origin":3110,"position":3},"title":"Paluszek i g\u0142\u00f3wka","author":"volen","date":"2024-09-19","format":false,"excerpt":"Na dobry pocz\u0105tek spu\u015bci\u0142em sobie z rana na du\u017cy palec u nogi kawa\u0142ek, wydawa\u0142oby si\u0119, niewielkiej p\u0142yty pil\u015bniowej. Do wieczora palec zgranatowia\u0142 i boli jak cholera. Wsiad\u0142em w poci\u0105g relacji Gdynia G\u0142\u00f3wna - Krynica-Zdr\u00f3j o 19tej, taki wagonik bydl\u0119cy, bez przedzia\u0142\u00f3w, fotele sztywne, jarzeni\u00f3wka ca\u0142\u0105 noc na pe\u0142n\u0105 par\u0119, nie\u2026","rel":"","context":"W \u201eGSB&quot;","block_context":{"text":"GSB","link":"https:\/\/www.volen.pl\/?cat=457"},"img":{"alt_text":"","src":"https:\/\/i0.wp.com\/www.volen.pl\/wp-content\/uploads\/2025\/01\/OW_IMG_20240919_145008-scaled.jpg?fit=1200%2C900&ssl=1&resize=350%2C200","width":350,"height":200,"srcset":"https:\/\/i0.wp.com\/www.volen.pl\/wp-content\/uploads\/2025\/01\/OW_IMG_20240919_145008-scaled.jpg?fit=1200%2C900&ssl=1&resize=350%2C200 1x, https:\/\/i0.wp.com\/www.volen.pl\/wp-content\/uploads\/2025\/01\/OW_IMG_20240919_145008-scaled.jpg?fit=1200%2C900&ssl=1&resize=525%2C300 1.5x, https:\/\/i0.wp.com\/www.volen.pl\/wp-content\/uploads\/2025\/01\/OW_IMG_20240919_145008-scaled.jpg?fit=1200%2C900&ssl=1&resize=700%2C400 2x, https:\/\/i0.wp.com\/www.volen.pl\/wp-content\/uploads\/2025\/01\/OW_IMG_20240919_145008-scaled.jpg?fit=1200%2C900&ssl=1&resize=1050%2C600 3x"},"classes":[]},{"id":3109,"url":"https:\/\/www.volen.pl\/?p=3109","url_meta":{"origin":3110,"position":4},"title":"Smerek, cukierek","author":"volen","date":"2023-01-28","format":false,"excerpt":"Sobota stoi pod znakiem przeprowadzki. Ostatecznie po\u017cegnali\u015bmy si\u0119 z Anet\u0105 i Wojtkiem i pojechali\u015bmy do, uwaga, Smerka; lub Smereka, je\u015bli kto woli inn\u0105 odmian\u0119. Serce sk\u0142ania si\u0119 do Smerek, Smerka, Smerku, ale ludzie naok\u00f3\u0142 godojo Smerek, Smereka, Smereku. Sam diabe\u0142 si\u0119 w tym nie rozezna, ale\u0107 obstawi\u0119 jednak normaln\u0105 odmian\u0119.Wzorowa\u0107\u2026","rel":"","context":"W \u201eGSB&quot;","block_context":{"text":"GSB","link":"https:\/\/www.volen.pl\/?cat=457"},"img":{"alt_text":"","src":"https:\/\/i0.wp.com\/www.volen.pl\/wp-content\/uploads\/2023\/02\/IMG_20230128_130437-scaled.jpg?fit=1200%2C900&ssl=1&resize=350%2C200","width":350,"height":200,"srcset":"https:\/\/i0.wp.com\/www.volen.pl\/wp-content\/uploads\/2023\/02\/IMG_20230128_130437-scaled.jpg?fit=1200%2C900&ssl=1&resize=350%2C200 1x, https:\/\/i0.wp.com\/www.volen.pl\/wp-content\/uploads\/2023\/02\/IMG_20230128_130437-scaled.jpg?fit=1200%2C900&ssl=1&resize=525%2C300 1.5x, https:\/\/i0.wp.com\/www.volen.pl\/wp-content\/uploads\/2023\/02\/IMG_20230128_130437-scaled.jpg?fit=1200%2C900&ssl=1&resize=700%2C400 2x, https:\/\/i0.wp.com\/www.volen.pl\/wp-content\/uploads\/2023\/02\/IMG_20230128_130437-scaled.jpg?fit=1200%2C900&ssl=1&resize=1050%2C600 3x"},"classes":[]},{"id":3574,"url":"https:\/\/www.volen.pl\/?p=3574","url_meta":{"origin":3110,"position":5},"title":"do Krynicy &#8211; Zdroju","author":"volen","date":"2024-08-30","format":false,"excerpt":"Herbatka z ogniska, czynno\u015bci kosmetyczne oraz pakowanie zaj\u0119\u0142y czas od 6.30 do 9.00. Standard. herbatka Ogarn\u0119li\u015bmy chatk\u0119, w mi\u0119dzyczasie przysz\u0142a mama z tr\u00f3jk\u0105 nastolatk\u00f3w, do\u015b\u0107 ciekawskie stworzenia, troch\u0119 pogadali\u015bmy i poszli\u015bmy. Po drodze drwale i jakie\u015b mostoroby, ale bardzo introwertyczne, bez specjalnejnch\u0119ci integracji. Zupe\u0142nie na mi\u0119kko weszli\u015bmy na g\u00f3rk\u0119, posmakowali\u015bmy\u2026","rel":"","context":"W \u201eGSB&quot;","block_context":{"text":"GSB","link":"https:\/\/www.volen.pl\/?cat=457"},"img":{"alt_text":"","src":"https:\/\/i0.wp.com\/www.volen.pl\/wp-content\/uploads\/2024\/10\/IMG_20240830_114523.jpg?fit=1200%2C900&ssl=1&resize=350%2C200","width":350,"height":200,"srcset":"https:\/\/i0.wp.com\/www.volen.pl\/wp-content\/uploads\/2024\/10\/IMG_20240830_114523.jpg?fit=1200%2C900&ssl=1&resize=350%2C200 1x, https:\/\/i0.wp.com\/www.volen.pl\/wp-content\/uploads\/2024\/10\/IMG_20240830_114523.jpg?fit=1200%2C900&ssl=1&resize=525%2C300 1.5x, https:\/\/i0.wp.com\/www.volen.pl\/wp-content\/uploads\/2024\/10\/IMG_20240830_114523.jpg?fit=1200%2C900&ssl=1&resize=700%2C400 2x, https:\/\/i0.wp.com\/www.volen.pl\/wp-content\/uploads\/2024\/10\/IMG_20240830_114523.jpg?fit=1200%2C900&ssl=1&resize=1050%2C600 3x"},"classes":[]}],"_links":{"self":[{"href":"https:\/\/www.volen.pl\/index.php?rest_route=\/wp\/v2\/posts\/3110","targetHints":{"allow":["GET"]}}],"collection":[{"href":"https:\/\/www.volen.pl\/index.php?rest_route=\/wp\/v2\/posts"}],"about":[{"href":"https:\/\/www.volen.pl\/index.php?rest_route=\/wp\/v2\/types\/post"}],"author":[{"embeddable":true,"href":"https:\/\/www.volen.pl\/index.php?rest_route=\/wp\/v2\/users\/1"}],"replies":[{"embeddable":true,"href":"https:\/\/www.volen.pl\/index.php?rest_route=%2Fwp%2Fv2%2Fcomments&post=3110"}],"version-history":[{"count":3,"href":"https:\/\/www.volen.pl\/index.php?rest_route=\/wp\/v2\/posts\/3110\/revisions"}],"predecessor-version":[{"id":3129,"href":"https:\/\/www.volen.pl\/index.php?rest_route=\/wp\/v2\/posts\/3110\/revisions\/3129"}],"wp:featuredmedia":[{"embeddable":true,"href":"https:\/\/www.volen.pl\/index.php?rest_route=\/wp\/v2\/media\/3128"}],"wp:attachment":[{"href":"https:\/\/www.volen.pl\/index.php?rest_route=%2Fwp%2Fv2%2Fmedia&parent=3110"}],"wp:term":[{"taxonomy":"category","embeddable":true,"href":"https:\/\/www.volen.pl\/index.php?rest_route=%2Fwp%2Fv2%2Fcategories&post=3110"},{"taxonomy":"post_tag","embeddable":true,"href":"https:\/\/www.volen.pl\/index.php?rest_route=%2Fwp%2Fv2%2Ftags&post=3110"}],"curies":[{"name":"wp","href":"https:\/\/api.w.org\/{rel}","templated":true}]}}