{"id":3133,"date":"2023-03-17T21:18:27","date_gmt":"2023-03-17T20:18:27","guid":{"rendered":"https:\/\/www.volen.pl\/?p=3133"},"modified":"2023-03-20T21:21:15","modified_gmt":"2023-03-20T20:21:15","slug":"cisne-z-cisnej-na-komancze-czyli-czemu-to-zubr-jest-krolem-bieszczad","status":"publish","type":"post","link":"https:\/\/www.volen.pl\/?p=3133","title":{"rendered":"Cisn\u0119 z Cisnej na Koma\u0144cz\u0119, czyli czemu to \u017cubr jest kr\u00f3lem Bieszczad"},"content":{"rendered":"\n<p class=\"wp-block-paragraph\">Gdzie\u015b zaraz za Rzeszowem zatrzyma\u0142em si\u0119, by w spokoju pokontemplowa\u0107 pobocze i uderzy\u0142 mnie osza\u0142amiaj\u0105cy \u015bwiergot ptak\u00f3w &#8211; znak, \u017ce nadesz\u0142a wiosna. U nas jej jeszcze nie wida\u0107 &#8211; stoj\u0105  dwa czy trzy zmarzni\u0119te \u017curawie i klekocz\u0105 z zimna dziobami.<\/p>\n\n\n\n<p class=\"wp-block-paragraph\">Jeszcze z trasy wykona\u0142em telefon do Bac\u00f3wki pod Honem &#8211; od stycznia dzier\u017cawc\u0105 jest Sebastian, mieszka\u0142 do niedawna na gda\u0144skiej Zaspie, na Leszczy\u0144skich, wi\u0119c krajan. W Bac\u00f3wce remont, ale znalaz\u0142 si\u0119 dla mnie apartament &#8211; pok\u00f3j nr5, dwa \u0142\u00f3\u017cka, czysto, schludnie mimo remontu.<\/p>\n\n\n\n<p class=\"wp-block-paragraph\">Auto na pocz\u0105tku postawi\u0142em w lesie, ale sta\u0142o tam smutne i a\u017c dziwne w swojej motoryzacyjnej obecno\u015bci w\u015br\u00f3d drzew, krzew\u00f3w i b\u0142ota, wi\u0119c przestawi\u0142em je po przepakowaniu do Nadle\u015bnictwa, na parking przy OSW Wo\u0142osa\u0144, gdzie pogaw\u0119dzi\u0142em chwil\u0119 z mi\u0142\u0105 recepcjonistk\u0105, \u017con\u0105 le\u015bniczego. Ostrzeg\u0142a przed nied\u017awiedziami, kt\u00f3rych jest w okolicy kilkadziesi\u0105t i opowiedzia\u0142a, \u017ce kiedy\u015b natkn\u0119\u0142a si\u0119 na misia na skrzy\u017cowaniu w Cisnej &#8211; wydoby\u0142a go z mroku \u015bwiat\u0142ami samochodu. Prze\u017cy\u0142a nielichy szok, podobnie jak stoj\u0105cy obok niego pasa\u017cerowie oczekuj\u0105cy w mi\u0142ej nie\u015bwiadomo\u015bci na autobus.<\/p>\n\n\n\n<p class=\"wp-block-paragraph\">Pobudka nie by\u0142a nag\u0142a, jako\u015b powoli si\u0119 wybudzi\u0142em i tak wcze\u015bniej, ale dzwonek uderzy\u0142 w powietrze z nieust\u0119pliwo\u015bci\u0105 poborcy podatkowego o godzinie 6.00. <\/p>\n\n\n\n<p class=\"wp-block-paragraph\">Ruszy\u0142em o 7.00 pod g\u00f3r\u0119, przez zasypane \u015bniegiem pole namiotowe, pod wyci\u0105g, gdzie za\u0142o\u017cy\u0142em raczki i ra\u017ano maszerowa\u0142em przed siebie. Na pierwszym wzg\u00f3rku spotka\u0142em dziewcz\u0119, uczestniczk\u0119 jakowego\u015b mistycznego kursu z le\u015bnikami. Ona z kolei twierdzi\u0142a, i\u017c m\u00f3wiono jej, \u017ce misie jeszcze nie ruszy\u0142y, bo \u015blad\u00f3w brak. Gdzie\u015b po drodze, ju\u017c za Osin\u0105, zobaczy\u0142em wypoczywaj\u0105c\u0105 w \u015bniegu \u017cab\u0119 &#8211; ewidentnie \u0142apa\u0142a witamin\u0119 D i niczym si\u0119 nie przejmowa\u0142a.<\/p>\n\n\n\n<p class=\"wp-block-paragraph\">Droga by\u0142a ca\u0142kowicie zasypana, do Wo\u0142osania by\u0142em jedyn\u0105 osob\u0105 na szlaku, tam dopiero wszed\u0142em w \u015blady jakiego\u015b innego psychopaty, kt\u00f3ry szed\u0142 czerwonym w przeciwnym kierunku, ale z Wo\u0142osania zszed\u0142 gdzie\u015b zielonym szlakiem.<\/p>\n\n\n\n<p class=\"wp-block-paragraph\">Generalnie droga bardzo ci\u0119\u017cka, \u015bnieg na pocz\u0105tku sypki, gdzie raczki pomaga\u0142y, razem ze s\u0142onkiem powoli migrowa\u0142 w stron\u0119 \u015bniegu lepkiego, bardziej mokrego, gdzie raczki ju\u017c tylko przeszkadza\u0142y, bo przylepione do nich kule wa\u017cy\u0142y po 2 kilogramy. Ciekawa rzecz, \u017ce warto sobie obserwowa\u0107, sk\u0105d wieje wiatr, bo przy takiej pogodzie po stronie zawietrznej \u015bnieg by\u0142 wymieciony prawie do czysta i mo\u017cna by\u0142o i\u015b\u0107 przez jaki\u015b czas po skorupie. Oczywi\u015bcie gorzej, gdy owa skorupa poddawa\u0142a si\u0119 naciskowi i noga wpada\u0142a po kolano wg\u0142\u0105b. Zaspy dochodzi\u0142y do oko\u0142o 60 cm, wi\u0119c parcie naprz\u00f3d obarczone by\u0142o dodatkowym wysi\u0142kiem. Zmiana konsystencji \u015bniegu powodowa\u0142a te\u017c, \u017ce w og\u00f3le wszystko zamok\u0142o w diab\u0142y, wi\u0119c tak naprawd\u0119, chlupota\u0142em weso\u0142o. S\u0142oneczko \u015bwieci\u0142o nieprzerwanie, temperatura ros\u0142a.<\/p>\n\n\n\n<p class=\"wp-block-paragraph\">Oko\u0142o 13.00 wbi\u0142em na Prze\u0142\u0119cz \u017bebrak. P\u00f3\u0142torej godziny d\u0142u\u017cej, ni\u017c na znakach &#8211; a\u017c si\u0119 zdumia\u0142em, bo zazwyczaj mam tempo maszeruj\u0105cego o balkoniku emeryta i spokojnie mog\u0142em liczy\u0107 czas razy dwa. Pierwotny plan zak\u0142ada\u0142, \u017ce gdybym na Prze\u0142\u0119cz dotar\u0142 bardzo p\u00f3\u017ano, to zrobi\u0142bym sobie tu nocleg w wiacie, ale trzynasta? Po szybkich konsultacjach z moim wewn\u0119rznym ja doszed\u0142em do wniosku, \u017ce cisn\u0119 dalej, jako\u015b to b\u0119dzie.<\/p>\n\n\n\n<figure class=\"wp-block-image size-large\"><img data-recalc-dims=\"1\" loading=\"lazy\" decoding=\"async\" width=\"2048\" height=\"1536\" data-attachment-id=\"3151\" data-permalink=\"https:\/\/www.volen.pl\/?attachment_id=3151\" data-orig-file=\"https:\/\/i0.wp.com\/www.volen.pl\/wp-content\/uploads\/2023\/03\/IMG_20230317_130830_edit_238312031405301-scaled.jpg?fit=2560%2C1920&amp;ssl=1\" data-orig-size=\"2560,1920\" data-comments-opened=\"1\" data-image-meta=\"{&quot;aperture&quot;:&quot;2&quot;,&quot;credit&quot;:&quot;&quot;,&quot;camera&quot;:&quot;VOG-L29&quot;,&quot;caption&quot;:&quot;fbthdr&quot;,&quot;created_timestamp&quot;:&quot;1679058512&quot;,&quot;copyright&quot;:&quot;&quot;,&quot;focal_length&quot;:&quot;3.36&quot;,&quot;iso&quot;:&quot;50&quot;,&quot;shutter_speed&quot;:&quot;0.002368&quot;,&quot;title&quot;:&quot;fbthdr&quot;,&quot;orientation&quot;:&quot;1&quot;}\" data-image-title=\"fbthdr\" data-image-description=\"\" data-image-caption=\"&lt;p&gt;fbthdr&lt;\/p&gt;\n\" data-large-file=\"https:\/\/i0.wp.com\/www.volen.pl\/wp-content\/uploads\/2023\/03\/IMG_20230317_130830_edit_238312031405301-scaled.jpg?fit=2048%2C1536&amp;ssl=1\" src=\"https:\/\/i0.wp.com\/www.volen.pl\/wp-content\/uploads\/2023\/03\/IMG_20230317_130830_edit_238312031405301.jpg?resize=2048%2C1536&#038;ssl=1\" alt=\"\" class=\"wp-image-3151\" srcset=\"https:\/\/i0.wp.com\/www.volen.pl\/wp-content\/uploads\/2023\/03\/IMG_20230317_130830_edit_238312031405301-scaled.jpg?resize=2048%2C1536&amp;ssl=1 2048w, https:\/\/i0.wp.com\/www.volen.pl\/wp-content\/uploads\/2023\/03\/IMG_20230317_130830_edit_238312031405301-scaled.jpg?resize=1024%2C768&amp;ssl=1 1024w, https:\/\/i0.wp.com\/www.volen.pl\/wp-content\/uploads\/2023\/03\/IMG_20230317_130830_edit_238312031405301-scaled.jpg?resize=1536%2C1152&amp;ssl=1 1536w, https:\/\/i0.wp.com\/www.volen.pl\/wp-content\/uploads\/2023\/03\/IMG_20230317_130830_edit_238312031405301-scaled.jpg?resize=160%2C120&amp;ssl=1 160w\" sizes=\"auto, (max-width: 1000px) 100vw, 1000px\" \/><figcaption class=\"wp-element-caption\">W\u0142\u00f3cz\u0119ga na Prze\u0142\u0119czy \u017bebrak<\/figcaption><\/figure>\n\n\n\n<p class=\"wp-block-paragraph\">Od Prze\u0142\u0119czy szlak znowu nieprzetarty, tzn. nie, przepraszam. \u017ble si\u0119 wyrazi\u0142em. Cz\u0142owiek nie dotkn\u0105\u0142 \u015bniegu, na pewno. Ale by\u0142 przede mn\u0105 jaki\u015b zwierzak, chyba lisek &#8211; borsuka nie podejrzewam &#8211; zasuwa\u0142 ca\u0142y czas po GSB, jak po sznurku. Zauwa\u017cy\u0142em te\u017c, \u017ce wybiera\u0142 instynktownie najlepsz\u0105 tras\u0119, czyli tak\u0105, gdzie nie by\u0142o zapadlisk. Jak zacz\u0105\u0142em kierowa\u0107 si\u0119 tym \u015bladem, zdecydowanie rzadziej mia\u0142em wpadki po kolana.<\/p>\n\n\n\n<p class=\"wp-block-paragraph\">W nie\u015bwiadomo\u015bci swojej postanowi\u0142em zje\u015b\u0107 obiad na Chryszczatej i brn\u0105\u0142em dalej wci\u0105\u017c maj\u0105c nadziej\u0119, \u017ce ta nast\u0119pna g\u00f3rka to w\u0142a\u015bnie ona. Coraz cz\u0119\u015bciej czu\u0142em, \u017ce nogi same prosz\u0105 o odpoczynek. W og\u00f3le odkry\u0142em kilka uniwersalnych prawd podczas tej trasy. <\/p>\n\n\n\n<ul>Uwaga, oto <i>uniwersalne prawdy<\/i> w\u0119dr\u00f3wek po g\u00f3rach:\n<li>w najbardziej mokrych butach znajdzie si\u0119 zawsze miejsce na kolejne p\u00f3\u0142 szklanki wody<\/li>\n<li>g\u00f3rka, na kt\u00f3rej planujesz zje\u015b\u0107 obiad jest zawsze dalej ni\u017c jeste\u015b sobie to w stanie wyobrazi\u0107<\/li>\n<li>je\u017celi po\u015blizgn\u0105\u0142e\u015b si\u0119 na czym\u015b pod \u015bniegiem trzy, cztery razy z rz\u0119du i my\u015blisz, \u017ce to koniec, nast\u0119pny krok spowoduje, \u017ce wywalisz si\u0119 w ko\u0144cu trac\u0105c oddech i kilka z\u0119b\u00f3w lub \u0142ami\u0105c ko\u0144czyn\u0119<\/li>\n<\/ul>\n\n\n\n<p class=\"wp-block-paragraph\">Pe\u0142no krzy\u017cy na trasie. Oko\u0142o 15.30 wlaz\u0142em w ko\u0144cu na Chryszczat\u0105. Nie jest \u017ale, nieprawda\u017c? Ha, ha, ha. Oto niespodzianki. Pierwsza, nie taka najgorsza &#8211; na Chryszczatej stoi wiatka. Taka tam sobie konstrukcja, do\u015b\u0107 nieszczelna, w \u015brodku pe\u0142no \u015bniegu, ale s\u0105 \u0142aweczki, jak i stolik. Ale druga niespodzianka, to ta, kt\u00f3ra dotar\u0142a do mojej \u015bwiadomo\u015bci dopiero tu. Do Koma\u0144czy 3h! Jest 15.30, najszybciej za p\u00f3\u0142 godziny rusz\u0119 dalej, czyli w Koma\u0144czy b\u0119d\u0119 co nejmniej 4 godziny p\u00f3\u017aniej, czyli o 20.00! Jak wr\u00f3\u0107i\u0107 do Cisnej z Koma\u0144czy nawet nie wiedzia\u0142em.<\/p>\n\n\n\n<p class=\"wp-block-paragraph\">Pierwszy raz zjad\u0142em dzi\u015b renifera. A konkretnie &#8211; gulasz z renifera. Jestem pod wra\u017ceniem, bardzo smaczny, cho\u0107 drogi jak jasna cholera. No ale smaczny w diab\u0142y, wi\u0119c warto. Liofilizat Real Turmat. Polecam, niebo w g\u0119bie.<\/p>\n\n\n\n<p class=\"wp-block-paragraph\">Podczas spo\u017cywania mojego gulaszu us\u0142ysza\u0142em takie \u015bmieszne szuranie gdzie\u015b za wiatk\u0105, ale nie wzbudzi\u0142o mojego zainteresowania. Spakowa\u0142em wszystko, posprz\u0105ta\u0142em troch\u0119 po poprzednikach i ruszy\u0142em dalej, za sob\u0105 zostawiaj\u0105c Chryszczat\u0105 z jej wiatk\u0105, krzy\u017cem i obeliskiem. I jako\u015b po oko\u0142o 200m wbi\u0142em w \u015bwie\u017cutkie \u015blady nied\u017cwiedzia! A\u017c si\u0119 cofn\u0105\u0142em, by to uwieczni\u0107. By\u0142y ca\u0142kiem \u015bwie\u017ce, niema\u0142e, nied\u017awiedziowate w tre\u015bci i formie! Zakl\u0105\u0142em szpetnie w duszy, bo nie wiem, jak mia\u0142bym misiowi wyt\u0142umaczy\u0107, \u017ce nie ma dok\u0142adki i zacz\u0105\u0142em, chc\u0105c nie chc\u0105c, chy\u017cym truchtem dyga\u0107 na d\u00f3\u0142. <\/p>\n\n\n\n<figure class=\"wp-block-image size-full\"><img data-recalc-dims=\"1\" loading=\"lazy\" decoding=\"async\" width=\"1080\" height=\"1421\" data-attachment-id=\"3149\" data-permalink=\"https:\/\/www.volen.pl\/?attachment_id=3149\" data-orig-file=\"https:\/\/i0.wp.com\/www.volen.pl\/wp-content\/uploads\/2023\/03\/vlcsnap-2023-03-20-20h53m24s776.png?fit=1080%2C1421&amp;ssl=1\" data-orig-size=\"1080,1421\" data-comments-opened=\"1\" data-image-meta=\"{&quot;aperture&quot;:&quot;0&quot;,&quot;credit&quot;:&quot;&quot;,&quot;camera&quot;:&quot;&quot;,&quot;caption&quot;:&quot;&quot;,&quot;created_timestamp&quot;:&quot;0&quot;,&quot;copyright&quot;:&quot;&quot;,&quot;focal_length&quot;:&quot;0&quot;,&quot;iso&quot;:&quot;0&quot;,&quot;shutter_speed&quot;:&quot;0&quot;,&quot;title&quot;:&quot;&quot;,&quot;orientation&quot;:&quot;0&quot;}\" data-image-title=\"vlcsnap-2023-03-20-20h53m24s776\" data-image-description=\"\" data-image-caption=\"\" data-large-file=\"https:\/\/i0.wp.com\/www.volen.pl\/wp-content\/uploads\/2023\/03\/vlcsnap-2023-03-20-20h53m24s776.png?fit=1080%2C1421&amp;ssl=1\" src=\"https:\/\/i0.wp.com\/www.volen.pl\/wp-content\/uploads\/2023\/03\/vlcsnap-2023-03-20-20h53m24s776.png?resize=1080%2C1421&#038;ssl=1\" alt=\"\" class=\"wp-image-3149\" srcset=\"https:\/\/i0.wp.com\/www.volen.pl\/wp-content\/uploads\/2023\/03\/vlcsnap-2023-03-20-20h53m24s776.png?w=1080&amp;ssl=1 1080w, https:\/\/i0.wp.com\/www.volen.pl\/wp-content\/uploads\/2023\/03\/vlcsnap-2023-03-20-20h53m24s776.png?resize=778%2C1024&amp;ssl=1 778w\" sizes=\"auto, (max-width: 1000px) 100vw, 1000px\" \/><\/figure>\n\n\n\n<p class=\"wp-block-paragraph\">I dopiero teraz zrozumia\u0142em, o czym m\u00f3wi\u0142a Agnieszka spotkana w styczniu. Szlakiem w tym miejscu zajmuj\u0105 si\u0119 jacy\u015b monstrualnie por\u0105bani psychopaci. Oznaczenia w ogromnych odleg\u0142o\u015bciach od siebie, najlepiej schowane przemy\u015blnie za jakimi\u015b krzakami, nieod\u015bwie\u017cane, zapomniane. Jakby komu\u015b sprawia\u0142o chor\u0105 radoch\u0119, \u017ce ludzie (zw\u0142aszcza w stresie) musz\u0105 gania\u0107 mi\u0119dzy drzewami na czuja. Beznadzieja. Jestem tym odcinkiem rozczarowany. Zw\u0142aszcza bior\u0105c pod uwag\u0119, \u017ce nikt nie usuwa padni\u0119tych drzew, cz\u0119sto trzeba szuka\u0107 drogi naoko\u0142o, bo le\u017cy wielki buk (daj B\u00f3g nie mia\u0142 na sobie oznaczenia, gdy\u017c wtedy leci si\u0119 na azymut 160 metr\u00f3w w nadziei, \u017ce to t\u0119dy), masakra panie, wstyd i poruta.<\/p>\n\n\n\n<p class=\"wp-block-paragraph\">Tak sobie my\u015bla\u0142em p\u0119dz\u0105c na z\u0142amanie karku, ale nie wiedzia\u0142em, \u017ce za przepi\u0119knymi jeziorkami Duszaty\u0144skimi w Rezerwacie Zwiez\u0142o utrzymanie GSB wznios\u0142o si\u0119 na wy\u017cyny: nikomu nie chce si\u0119 po\u0142o\u017cy\u0107 pnia, po kt\u00f3rym mo\u017cnaby przej\u015b\u0107 na drug\u0105 stron\u0119 strumienia Olchowatego, a szlak idzie raz jednym brzegiem, raz drugim. Wi\u0119c nie do\u015b\u0107, \u017ce po przepi\u0119knym, s\u0142onecznym dniu ca\u0142y \u015bnieg czeka\u0142 tylko na dotkni\u0119cie, by zamieni\u0107 si\u0119 w wod\u0119, to przy zapadaj\u0105cej ciemno\u015bci tapla\u0142em si\u0119 w Olchowatym \u0142a\u017c\u0105c raz w lewo, raz w prawo, czasem wpe\u0142zaj\u0105c na b\u0142otne urwiska, czasem z nich zje\u017cd\u017caj\u0105c na \u0142eb, na szyj\u0119. Oczywi\u015bcie wci\u0105\u017c rozpaczliwie rozgl\u0105daj\u0105c si\u0119 za oznaczeniami szlaku. Nie musz\u0119 dodawa\u0107, \u017ce wzd\u0142u\u017c strumienia jest wycinka i zrywka drzew, zakaz wst\u0119pu itp, w ci\u0105gu dnia pe\u0142no ludzi i sprz\u0119tu, ale nikomu nie przyjdzie do g\u0142owy przeci\u0105\u0107 ogromnego drzewa, przez kt\u00f3re nie spos\u00f3b przej\u015b\u0107 szlakiem. Dobra, ju\u017c ko\u0144cz\u0119 to narzekanie. GSB mi\u0119dzy Chryszczat\u0105 a Koma\u0144cz\u0105 to bardziej taka wirtualna koncepcja szlaku, bo na razie to tam \u015bwinie pasa\u0107, nie ludzi gania\u0107. Mo\u017ce p\u00f3\u017aniej wiosn\u0105 kto\u015b to ogarnie, bo ja wiem?<\/p>\n\n\n\n<p class=\"wp-block-paragraph\">Zapad\u0142a ciemno\u015b\u0107. Gwiazdy tu s\u0105 na wyci\u0105gni\u0119cie r\u0119ki. Nigdzie jeszcze nie by\u0142y tak blisko, niesamowite. Min\u0105\u0142em Duszatyn, wbi\u0142em w Pre\u0142uki, Olchowaty zla\u0142 si\u0119 z Os\u0142aw\u0105, kt\u00f3rej szum towarzyszy\u0142 mi w w\u0119dr\u00f3wce. Ciemno, cho\u0107 oko wykol. <\/p>\n\n\n\n<figure class=\"wp-block-image size-large\"><img data-recalc-dims=\"1\" loading=\"lazy\" decoding=\"async\" width=\"2048\" height=\"1536\" data-attachment-id=\"3153\" data-permalink=\"https:\/\/www.volen.pl\/?attachment_id=3153\" data-orig-file=\"https:\/\/i0.wp.com\/www.volen.pl\/wp-content\/uploads\/2023\/03\/ww-scaled.jpg?fit=2560%2C1920&amp;ssl=1\" data-orig-size=\"2560,1920\" data-comments-opened=\"1\" data-image-meta=\"{&quot;aperture&quot;:&quot;1.6&quot;,&quot;credit&quot;:&quot;&quot;,&quot;camera&quot;:&quot;VOG-L29&quot;,&quot;caption&quot;:&quot;&quot;,&quot;created_timestamp&quot;:&quot;1679079776&quot;,&quot;copyright&quot;:&quot;&quot;,&quot;focal_length&quot;:&quot;5.56&quot;,&quot;iso&quot;:&quot;65535&quot;,&quot;shutter_speed&quot;:&quot;0.5&quot;,&quot;title&quot;:&quot;&quot;,&quot;orientation&quot;:&quot;0&quot;}\" data-image-title=\"ww\" data-image-description=\"\" data-image-caption=\"\" data-large-file=\"https:\/\/i0.wp.com\/www.volen.pl\/wp-content\/uploads\/2023\/03\/ww-scaled.jpg?fit=2048%2C1536&amp;ssl=1\" src=\"https:\/\/i0.wp.com\/www.volen.pl\/wp-content\/uploads\/2023\/03\/ww.jpg?resize=2048%2C1536&#038;ssl=1\" alt=\"\" class=\"wp-image-3153\" srcset=\"https:\/\/i0.wp.com\/www.volen.pl\/wp-content\/uploads\/2023\/03\/ww-scaled.jpg?resize=2048%2C1536&amp;ssl=1 2048w, https:\/\/i0.wp.com\/www.volen.pl\/wp-content\/uploads\/2023\/03\/ww-scaled.jpg?resize=1024%2C768&amp;ssl=1 1024w, https:\/\/i0.wp.com\/www.volen.pl\/wp-content\/uploads\/2023\/03\/ww-scaled.jpg?resize=1536%2C1152&amp;ssl=1 1536w, https:\/\/i0.wp.com\/www.volen.pl\/wp-content\/uploads\/2023\/03\/ww-scaled.jpg?resize=160%2C120&amp;ssl=1 160w\" sizes=\"auto, (max-width: 1000px) 100vw, 1000px\" \/><figcaption class=\"wp-element-caption\">Stoj\u0105cy na dyszlu Wielki W\u00f3z &#8211; zdj\u0119cie z r\u0119ki z telefonu<\/figcaption><\/figure>\n\n\n\n<p class=\"wp-block-paragraph\">Dodyga\u0142em w ciemno\u015bci do Koma\u0144czy. Przywita\u0142 mnie jaki\u015b go\u015b\u0107 z 13-to letnim husky na smyczy. Jedyna osoba, kt\u00f3ra w tej ciemno\u015bci pojawi\u0142a si\u0119 na chwil\u0119 i zaraz znikn\u0119\u0142a. Postanowi\u0142em dotrze\u0107 do ulicy i ustawi\u0107 si\u0119 na wyje\u017adzie w stron\u0119 Cisnej. Jestem ca\u0142y mokry, monumentalnie zm\u0119czony, temperatura spad\u0142a do minus 6. Daniel, z kt\u00f3rym szed\u0142em pierwsz\u0105 cz\u0119\u015b\u0107 szlaku w styczniu mia\u0142 dobre wyczucie &#8211; zadzwoni\u0142 spyta\u0107, czy wszystko gra akurat jak wchodzi\u0142em na skrzy\u017cowanie tras 892 z 897, by zaczai\u0107 si\u0119 na stopa.<\/p>\n\n\n\n<p class=\"wp-block-paragraph\">Ciemno jak&#8230; sami wiecie. Zrobi\u0142o si\u0119 jeszcze zimniej, zaczynam pow\u0105tpiewa\u0107, czy uda si\u0119 kogokolwiek zatrzyma\u0107, bo po prostu nikogo nie by\u0142o. A jak by\u0142, to si\u0119 nie zatrzymywa\u0142. Rozpocz\u0105\u0142em poszukiwania &#8211; telefon do Pod Kominkiem, nie pomog\u0105, nie s\u0105 na miejscu, nie jest otwarte, nie znaj\u0105 niekogo. Dzi\u0119kuj\u0119 z ca\u0142ego serca. Telefon do K85 Baza Noclegowa &#8211; facet przeszed\u0142 od razu na ty, wszystko super, miejsca nie ma, znaczy jest, ale brudno, ale nie ogrzewane, ale jednak nie ma, ale nie zna nikogo, ale godzina taka, \u017ce zaraz kto\u015b sko\u0144czy zmian\u0119 i b\u0119dzie dobrze. Super, 5 gwiazdek prosz\u0119 pana za empati\u0119 i ch\u0119\u0107 pomocy. Niedaleko jest posterunek ogar\u00f3w systemu, ciemno tam, jak wsz\u0119dzie, ale furtka otwarta, przynajmiej us\u0142ysz\u0119, jak co\u015b b\u0119dzie pr\u00f3bowa\u0142o sforsowa\u0107 p\u0142ot, tam si\u0119 roz\u0142o\u017c\u0119 obozem: mam nrc, mam karimat\u0119, mam \u015bpiw\u00f3r, mam mokre buty, mokre spodnie, nie mam skarpet na zmian\u0119, ale jako\u015b przetrwam do rana, bo do Cisnej 33 kilometry, za diab\u0142a nie dojd\u0119. Nogi jak ko\u0142ki, ledwo si\u0119 ruszam, ale poszed\u0142em w stron\u0119 komisariatu.<\/p>\n\n\n\n<p class=\"wp-block-paragraph\">Zaraz jak ruszy\u0142em, pokaza\u0142y si\u0119 \u015bwiat\u0142a samochodu. Z rozpacz\u0105 zamacha\u0142em, chwila wahania i &#8211; jest! Auto si\u0119 zatrzyma\u0142o. <em>Podbieg\u0142em<\/em> (ha, ha) do okna i m\u00f3wi\u0119: &#8222;do Cisnej, zlaz\u0142em ze szlaku, padam na twarz, generalnie 3 \u0107wierci do \u015bmierci, zap\u0142ac\u0119 za paliwo&#8221;. Ch\u0142opak patrzy\u0142 na mnie chwil\u0119 i m\u00f3wi, \u017ce generalnie no tam nie jedzie, bo skr\u0119ca na Wis\u0142ok Wielki. No w przeciwn\u0105 stron\u0119. Patrzymy sobie w oczy chwil\u0119 i m\u00f3wi, dobra, wsiadaj, zawioz\u0119 ci\u0119. <\/p>\n\n\n\n<p class=\"wp-block-paragraph\">No i tak pozna\u0142em Karola. Zajmuje si\u0119 hodowl\u0105 kr\u00f3w. Jest off-roadowcem i surwiwalist\u0105. Rozmawiali\u015bmy o nied\u017awiedziach, wilkach, kt\u00f3re mu w zesz\u0142ym roku ogarn\u0119\u0142y p\u00f3\u0142tonowego byka, snuli\u015bmy pogaw\u0119dk\u0119 przez jaki\u015b czas. Dowi\u00f3z\u0142 mnie do OSW Wo\u0142osa\u0144. I, je\u015bli kto\u015b uwa\u017cnie czyta, zauwa\u017cy, \u017ce co do diaska z tym \u017cubrem? Prosta rzecz. Karol, jak zobaczy\u0142, w jakim jestem stanie, wyci\u0105gn\u0105\u0142 sk\u0105d\u015b <strong>\u017bubra<\/strong> mocnego. W \u017cyciu nie pi\u0142em nic lepszego.<\/p>\n\n\n\n<pre class=\"wp-block-preformatted\">Bear photo taken by Gregoire Dubois\n<a href=\"https:\/\/www.flickr.com\/photos\/wildlifepictures\/\" data-type=\"URL\" data-id=\"https:\/\/www.flickr.com\/photos\/wildlifepictures\/\">https:\/\/www.flickr.com\/photos\/wildlifepictures\/<\/a><\/pre>\n","protected":false},"excerpt":{"rendered":"<p>Gdzie\u015b zaraz za Rzeszowem zatrzyma\u0142em si\u0119, by w spokoju pokontemplowa\u0107 pobocze i uderzy\u0142 mnie osza\u0142amiaj\u0105cy&#8230;<\/p>\n<div class=\"more-link-wrapper\"><a class=\"more-link\" href=\"https:\/\/www.volen.pl\/?p=3133\">Read the post<span class=\"screen-reader-text\">Cisn\u0119 z Cisnej na Koma\u0144cz\u0119, czyli czemu to \u017cubr jest kr\u00f3lem Bieszczad<\/span><\/a><\/div>\n","protected":false},"author":1,"featured_media":3146,"comment_status":"open","ping_status":"open","sticky":false,"template":"","format":"standard","meta":{"_crdt_document":"","jetpack_post_was_ever_published":false,"_jetpack_newsletter_access":"","_jetpack_dont_email_post_to_subs":false,"_jetpack_newsletter_tier_id":0,"_jetpack_memberships_contains_paywalled_content":false,"_jetpack_memberships_contains_paid_content":false,"footnotes":"","jetpack_publicize_message":"","jetpack_publicize_feature_enabled":true,"jetpack_social_post_already_shared":true,"jetpack_social_options":{"image_generator_settings":{"template":"highway","default_image_id":0,"font":"","enabled":false},"version":2}},"categories":[457,93],"tags":[462,460,466,465,467,205,469,72,464,468],"class_list":["post-3133","post","type-post","status-publish","format-standard","has-post-thumbnail","hentry","category-gsb","category-nawariata","tag-462","tag-bieszczady","tag-chryszczata","tag-cisna","tag-komancza","tag-nawariata","tag-niedzwiedz","tag-polska","tag-uniwersalne-prawdy","tag-zubr","excerpt","zoom","full-without-featured","even","excerpt-0"],"jetpack_publicize_connections":[],"jetpack_featured_media_url":"https:\/\/i0.wp.com\/www.volen.pl\/wp-content\/uploads\/2023\/03\/niedzwiedz.jpg?fit=2047%2C1365&ssl=1","jetpack_shortlink":"https:\/\/wp.me\/p4lAri-Ox","jetpack_sharing_enabled":true,"jetpack-related-posts":[{"id":2149,"url":"https:\/\/www.volen.pl\/?p=2149","url_meta":{"origin":3133,"position":0},"title":"K\u0142opotliwe numerki","author":"volen","date":"2016-11-20","format":false,"excerpt":"Rano wsta\u0142em i z niepokojem w sercu przypomnia\u0142em sobie, \u017ce wodospad Seljalandsfoss, obok kt\u00f3rego przycupn\u0105\u0142 skromnie kemping (maj\u0105cy zreszt\u0105 sw\u00f3j w\u0142asny, ukryty wodospadzik), by\u0142 pod\u015bwietlony ca\u0142\u0105 noc, a wci\u0105\u017c jest jeszcze ciemno! W pop\u0142ochu zjad\u0142em \u015bniadanie, skorzysta\u0142em z toalety na kempingu i z piskiem opon ruszy\u0142em. I mam. Bo zaraz\u2026","rel":"","context":"W \u201eIslandia: snj\u00f3r, \u00eds og eldur&quot;","block_context":{"text":"Islandia: snj\u00f3r, \u00eds og eldur","link":"https:\/\/www.volen.pl\/?cat=268"},"img":{"alt_text":"","src":"https:\/\/i0.wp.com\/www.volen.pl\/wp-content\/uploads\/2017\/06\/Bjork-20161120_192601.jpg?fit=1200%2C767&ssl=1&resize=350%2C200","width":350,"height":200,"srcset":"https:\/\/i0.wp.com\/www.volen.pl\/wp-content\/uploads\/2017\/06\/Bjork-20161120_192601.jpg?fit=1200%2C767&ssl=1&resize=350%2C200 1x, https:\/\/i0.wp.com\/www.volen.pl\/wp-content\/uploads\/2017\/06\/Bjork-20161120_192601.jpg?fit=1200%2C767&ssl=1&resize=525%2C300 1.5x, https:\/\/i0.wp.com\/www.volen.pl\/wp-content\/uploads\/2017\/06\/Bjork-20161120_192601.jpg?fit=1200%2C767&ssl=1&resize=700%2C400 2x, https:\/\/i0.wp.com\/www.volen.pl\/wp-content\/uploads\/2017\/06\/Bjork-20161120_192601.jpg?fit=1200%2C767&ssl=1&resize=1050%2C600 3x"},"classes":[]},{"id":3527,"url":"https:\/\/www.volen.pl\/?p=3527","url_meta":{"origin":3133,"position":1},"title":"Ma g\u00f3ra, Magura","author":"volen","date":"2024-01-20","format":false,"excerpt":"Wsiedli\u015bmy z Danielem w jego czarn\u0105 limuzyn\u0119 i pognali\u015bmy w K\u0105ty z wielkim postanowieniem. Postanowienie to dotyczy\u0142o, oczywi\u015bcie, szlaku czerwonego i by\u0142o wielkie, ogromne, szumne, niezaprzeczalne i patriotyczne w brzmieniu. Po nic nie wnosz\u0105cej do historii podr\u00f3\u017cy przez ca\u0142\u0105 Polsk\u0119 dojechali\u015bmy gdzie\u015b w okolice Nowego \u017bmigrodu, gdzie wkopa\u0142em autko w\u2026","rel":"","context":"W \u201eGSB&quot;","block_context":{"text":"GSB","link":"https:\/\/www.volen.pl\/?cat=457"},"img":{"alt_text":"","src":"https:\/\/i0.wp.com\/www.volen.pl\/wp-content\/uploads\/2024\/09\/p_IMG_20240118_122643-scaled.jpg?fit=1200%2C900&ssl=1&resize=350%2C200","width":350,"height":200,"srcset":"https:\/\/i0.wp.com\/www.volen.pl\/wp-content\/uploads\/2024\/09\/p_IMG_20240118_122643-scaled.jpg?fit=1200%2C900&ssl=1&resize=350%2C200 1x, https:\/\/i0.wp.com\/www.volen.pl\/wp-content\/uploads\/2024\/09\/p_IMG_20240118_122643-scaled.jpg?fit=1200%2C900&ssl=1&resize=525%2C300 1.5x, https:\/\/i0.wp.com\/www.volen.pl\/wp-content\/uploads\/2024\/09\/p_IMG_20240118_122643-scaled.jpg?fit=1200%2C900&ssl=1&resize=700%2C400 2x, https:\/\/i0.wp.com\/www.volen.pl\/wp-content\/uploads\/2024\/09\/p_IMG_20240118_122643-scaled.jpg?fit=1200%2C900&ssl=1&resize=1050%2C600 3x"},"classes":[]},{"id":3161,"url":"https:\/\/www.volen.pl\/?p=3161","url_meta":{"origin":3133,"position":2},"title":"Przez Polsk\u0119","author":"volen","date":"2023-06-10","format":false,"excerpt":"Moje \u017cycie p\u0119dzi zawsze na ostatni moment. Ju\u017c dawno przesta\u0142o mnie dziwi\u0107, \u017ce spakowa\u0107 si\u0119 mog\u0119 dopiero tu\u017c przed wyjazdem, a plan wyprawy robi si\u0119 sam. Nawet nie walcz\u0119 z tym jako\u015b specjalnie, bo w zasadzie musia\u0142bym zmieni\u0107 swoje przyzwyczajenia, styl i spos\u00f3b \u017cycia, a dobrze mi, jak jest. Zacz\u0119\u0142o\u2026","rel":"","context":"W \u201epo byku&quot;","block_context":{"text":"po byku","link":"https:\/\/www.volen.pl\/?cat=474"},"img":{"alt_text":"","src":"https:\/\/i0.wp.com\/www.volen.pl\/wp-content\/uploads\/2023\/07\/photo_2023-06-10_16-40-40.jpg?fit=1200%2C900&ssl=1&resize=350%2C200","width":350,"height":200,"srcset":"https:\/\/i0.wp.com\/www.volen.pl\/wp-content\/uploads\/2023\/07\/photo_2023-06-10_16-40-40.jpg?fit=1200%2C900&ssl=1&resize=350%2C200 1x, https:\/\/i0.wp.com\/www.volen.pl\/wp-content\/uploads\/2023\/07\/photo_2023-06-10_16-40-40.jpg?fit=1200%2C900&ssl=1&resize=525%2C300 1.5x, https:\/\/i0.wp.com\/www.volen.pl\/wp-content\/uploads\/2023\/07\/photo_2023-06-10_16-40-40.jpg?fit=1200%2C900&ssl=1&resize=700%2C400 2x, https:\/\/i0.wp.com\/www.volen.pl\/wp-content\/uploads\/2023\/07\/photo_2023-06-10_16-40-40.jpg?fit=1200%2C900&ssl=1&resize=1050%2C600 3x"},"classes":[]},{"id":2505,"url":"https:\/\/www.volen.pl\/?p=2505","url_meta":{"origin":3133,"position":3},"title":"K\u0142opot z pami\u0119ci\u0105. I ch\u0119ci\u0105.","author":"volen","date":"2018-06-14","format":false,"excerpt":"Pobudka w d\u017awi\u0119kach bzyczenia komar\u00f3w, szybkie pakowanie jak przed nadchodz\u0105cym frontem, czarna, s\u0142odka kawa i jazda przed siebie. Na kr\u00f3tkim postoju jeszcze par\u0119 zdj\u0119\u0107, przy okazji znalaz\u0142em kilka dodatkowych skamienia\u0142o\u015bci skorupiak\u00f3w. Opu\u015bcili\u015bmy brzegi jeziora kr\u00f3tk\u0105 wspinaczk\u0105 na p\u0142aski jak st\u00f3\u0142 p\u0142askowy\u017c. Nakopali\u015bmy sadzonek na dzia\u0142k\u0119. Nie wiemy, czy to legalne.\u2026","rel":"","context":"W \u201enawariata&quot;","block_context":{"text":"nawariata","link":"https:\/\/www.volen.pl\/?cat=93"},"img":{"alt_text":"","src":"https:\/\/i0.wp.com\/www.volen.pl\/wp-content\/uploads\/2018\/06\/VOL1780.jpg?fit=1200%2C795&ssl=1&resize=350%2C200","width":350,"height":200,"srcset":"https:\/\/i0.wp.com\/www.volen.pl\/wp-content\/uploads\/2018\/06\/VOL1780.jpg?fit=1200%2C795&ssl=1&resize=350%2C200 1x, https:\/\/i0.wp.com\/www.volen.pl\/wp-content\/uploads\/2018\/06\/VOL1780.jpg?fit=1200%2C795&ssl=1&resize=525%2C300 1.5x, https:\/\/i0.wp.com\/www.volen.pl\/wp-content\/uploads\/2018\/06\/VOL1780.jpg?fit=1200%2C795&ssl=1&resize=700%2C400 2x, https:\/\/i0.wp.com\/www.volen.pl\/wp-content\/uploads\/2018\/06\/VOL1780.jpg?fit=1200%2C795&ssl=1&resize=1050%2C600 3x"},"classes":[]},{"id":1979,"url":"https:\/\/www.volen.pl\/?p=1979","url_meta":{"origin":3133,"position":4},"title":"zemsta Allaha","author":"volen","date":"2016-12-10","format":false,"excerpt":"Kemping \u00f3w by\u0142 tylko miejscem na mapie, w kt\u00f3rym znajdowa\u0142 si\u0119 ogr\u00f3d botaniczny, wielka chluba Batumi. Skr\u0119ci\u0142em wi\u0119c w uliczk\u0119 obok i widz\u0105c przechodz\u0105c\u0105 mimo kobiet\u0119, zapyta\u0142em, czy nie ma przypadkiem jakiego\u015b miejsca do spania i zalegli\u015bmy w ko\u0144cu u niej, w jej sypialni, z kt\u00f3rej si\u0119 chwilowo wynios\u0142a, bo\u2026","rel":"","context":"W \u201enawariata&quot;","block_context":{"text":"nawariata","link":"https:\/\/www.volen.pl\/?cat=93"},"img":{"alt_text":"","src":"https:\/\/i0.wp.com\/www.volen.pl\/wp-content\/uploads\/2016\/12\/flaga_VOL2659.jpg?fit=1200%2C795&ssl=1&resize=350%2C200","width":350,"height":200,"srcset":"https:\/\/i0.wp.com\/www.volen.pl\/wp-content\/uploads\/2016\/12\/flaga_VOL2659.jpg?fit=1200%2C795&ssl=1&resize=350%2C200 1x, https:\/\/i0.wp.com\/www.volen.pl\/wp-content\/uploads\/2016\/12\/flaga_VOL2659.jpg?fit=1200%2C795&ssl=1&resize=525%2C300 1.5x, https:\/\/i0.wp.com\/www.volen.pl\/wp-content\/uploads\/2016\/12\/flaga_VOL2659.jpg?fit=1200%2C795&ssl=1&resize=700%2C400 2x, https:\/\/i0.wp.com\/www.volen.pl\/wp-content\/uploads\/2016\/12\/flaga_VOL2659.jpg?fit=1200%2C795&ssl=1&resize=1050%2C600 3x"},"classes":[]},{"id":1445,"url":"https:\/\/www.volen.pl\/?p=1445","url_meta":{"origin":3133,"position":5},"title":"W\u0142odek, pob\u0142ogos\u0142aw","author":"volen","date":"2015-10-05","format":false,"excerpt":"W nocy nie mog\u0142em zasn\u0105\u0107, a jak zasn\u0105\u0142em, zerwa\u0142 si\u0119 wicher znad jeziora i coraz natarczywiej dobiera\u0142 si\u0119 do namiotu. Wia\u0142o tak, i\u017c zupe\u0142nie powa\u017cnie zacz\u0105\u0142em rozwa\u017ca\u0107 odprawienie obrz\u0119d\u00f3w w intencji, tylko zapomnia\u0142em odpowiednich s\u0142\u00f3w. A jak ju\u017c si\u0119 obudzi\u0142em, tak nie mog\u0142em zasn\u0105\u0107, wiadomo. Rano obudzi\u0142y si\u0119 komary. Lata\u0142o\u2026","rel":"","context":"W \u201ematuszka Rosja&quot;","block_context":{"text":"matuszka Rosja","link":"https:\/\/www.volen.pl\/?cat=210"},"img":{"alt_text":"","src":"https:\/\/i0.wp.com\/www.volen.pl\/wp-content\/uploads\/2015\/10\/VOL2782-e1443820138251.jpg?fit=795%2C1200&ssl=1&resize=350%2C200","width":350,"height":200,"srcset":"https:\/\/i0.wp.com\/www.volen.pl\/wp-content\/uploads\/2015\/10\/VOL2782-e1443820138251.jpg?fit=795%2C1200&ssl=1&resize=350%2C200 1x, https:\/\/i0.wp.com\/www.volen.pl\/wp-content\/uploads\/2015\/10\/VOL2782-e1443820138251.jpg?fit=795%2C1200&ssl=1&resize=525%2C300 1.5x, https:\/\/i0.wp.com\/www.volen.pl\/wp-content\/uploads\/2015\/10\/VOL2782-e1443820138251.jpg?fit=795%2C1200&ssl=1&resize=700%2C400 2x"},"classes":[]}],"_links":{"self":[{"href":"https:\/\/www.volen.pl\/index.php?rest_route=\/wp\/v2\/posts\/3133","targetHints":{"allow":["GET"]}}],"collection":[{"href":"https:\/\/www.volen.pl\/index.php?rest_route=\/wp\/v2\/posts"}],"about":[{"href":"https:\/\/www.volen.pl\/index.php?rest_route=\/wp\/v2\/types\/post"}],"author":[{"embeddable":true,"href":"https:\/\/www.volen.pl\/index.php?rest_route=\/wp\/v2\/users\/1"}],"replies":[{"embeddable":true,"href":"https:\/\/www.volen.pl\/index.php?rest_route=%2Fwp%2Fv2%2Fcomments&post=3133"}],"version-history":[{"count":17,"href":"https:\/\/www.volen.pl\/index.php?rest_route=\/wp\/v2\/posts\/3133\/revisions"}],"predecessor-version":[{"id":3155,"href":"https:\/\/www.volen.pl\/index.php?rest_route=\/wp\/v2\/posts\/3133\/revisions\/3155"}],"wp:featuredmedia":[{"embeddable":true,"href":"https:\/\/www.volen.pl\/index.php?rest_route=\/wp\/v2\/media\/3146"}],"wp:attachment":[{"href":"https:\/\/www.volen.pl\/index.php?rest_route=%2Fwp%2Fv2%2Fmedia&parent=3133"}],"wp:term":[{"taxonomy":"category","embeddable":true,"href":"https:\/\/www.volen.pl\/index.php?rest_route=%2Fwp%2Fv2%2Fcategories&post=3133"},{"taxonomy":"post_tag","embeddable":true,"href":"https:\/\/www.volen.pl\/index.php?rest_route=%2Fwp%2Fv2%2Ftags&post=3133"}],"curies":[{"name":"wp","href":"https:\/\/api.w.org\/{rel}","templated":true}]}}