{"id":3161,"date":"2023-06-10T12:05:50","date_gmt":"2023-06-10T10:05:50","guid":{"rendered":"https:\/\/www.volen.pl\/?p=3161"},"modified":"2023-07-11T12:09:30","modified_gmt":"2023-07-11T10:09:30","slug":"przez-polske","status":"publish","type":"post","link":"https:\/\/www.volen.pl\/?p=3161","title":{"rendered":"Przez Polsk\u0119"},"content":{"rendered":"\n<p class=\"wp-block-paragraph\">Moje \u017cycie p\u0119dzi zawsze na ostatni moment. Ju\u017c dawno przesta\u0142o mnie dziwi\u0107, \u017ce spakowa\u0107 si\u0119 mog\u0119 dopiero tu\u017c przed wyjazdem, a plan wyprawy robi si\u0119 sam. Nawet nie walcz\u0119 z tym jako\u015b specjalnie, bo w zasadzie musia\u0142bym zmieni\u0107 swoje przyzwyczajenia, styl i spos\u00f3b \u017cycia, a dobrze mi, jak jest.<\/p>\n\n\n\n<p class=\"wp-block-paragraph\">Zacz\u0119\u0142o si\u0119 od tego, \u017ce Anula wyr\u017cn\u0119\u0142a nosem w okr\u0105g\u0142\u0105 rocznic\u0119 urodzin, a ja postanowi\u0142em zrobi\u0107 Jej niespodziank\u0119 i zabra\u0107 na wypraw\u0119, jak za starych czas\u00f3w, by uczci\u0107 to wydarzenie. I jako\u015b tak wypad\u0142o, \u017ce pad\u0142o na Rumuni\u0119, Bu\u0142gari\u0119, a mo\u017ce nawet, ho, ho, Grecj\u0119, ale zobaczymy, co si\u0119 wydarzy, gdy\u017c ze mn\u0105 nigdy nic nie wiadomo.<\/p>\n\n\n\n<p class=\"wp-block-paragraph\">Tym razem na wypraw\u0119 <em>nawariata<\/em> zabrali\u015bmy nasze ma\u0142e wilczki, Mieszka i Gniewka. Dodatkowo postanowili\u015bmy jecha\u0107 nie Pche\u0142k\u0105, lecz tramwajem dla emeryt\u00f3w, kt\u00f3ry wci\u0105\u017c czeka na swoje prawdziwe imi\u0119, a \u017ce w baga\u017cniku miejsca nie za zbytnio, to wpad\u0142em na ca\u0142kiem naturalny dla mnie pomys\u0142, by skonstruowa\u0107 do zestawu specjaln\u0105 przyczepk\u0119, by nie sknerzy\u0107 na baga\u017cu. <\/p>\n\n\n\n<p class=\"wp-block-paragraph\">Do pojazdu zakupili\u015bmy hak, z oczywistych wzgl\u0119d\u00f3w elektrycznie niekompatybilny z przyczepk\u0105, kt\u00f3ra pos\u0142u\u017cy\u0142a z podstaw\u0119 konstrukcji, po czym zacz\u0105\u0142em zabaw\u0119 z projektowaniem i wykonaniem przyczepki wed\u0142ug robionego na kolanie pomys\u0142u. Do\u015b\u0107 rzec, \u017ce dwa razy pom\u00f3g\u0142 mi Pawe\u0142, a Anula opr\u00f3cz tego, \u017ce musia\u0142a pomaga\u0107 codziennie, to jeszcze wybra\u0142a i wykona\u0142a na przyczepie pow\u0142ok\u0119 lakiernicz\u0105, za co im wielkie dzi\u0119ki niniejszym sk\u0142adam.<\/p>\n\n\n\n<figure class=\"wp-block-image size-large\"><img data-recalc-dims=\"1\" loading=\"lazy\" decoding=\"async\" width=\"2048\" height=\"1105\" data-attachment-id=\"3164\" data-permalink=\"https:\/\/www.volen.pl\/?attachment_id=3164\" data-orig-file=\"https:\/\/i0.wp.com\/www.volen.pl\/wp-content\/uploads\/2023\/07\/IMG_20230606_204009-scaled.jpg?fit=2560%2C1381&amp;ssl=1\" data-orig-size=\"2560,1381\" data-comments-opened=\"1\" data-image-meta=\"{&quot;aperture&quot;:&quot;2&quot;,&quot;credit&quot;:&quot;&quot;,&quot;camera&quot;:&quot;HUAWEI P60 Pro&quot;,&quot;caption&quot;:&quot;_cuva&quot;,&quot;created_timestamp&quot;:&quot;1686084009&quot;,&quot;copyright&quot;:&quot;&quot;,&quot;focal_length&quot;:&quot;6.35&quot;,&quot;iso&quot;:&quot;50&quot;,&quot;shutter_speed&quot;:&quot;0.003629&quot;,&quot;title&quot;:&quot;_cuva&quot;,&quot;orientation&quot;:&quot;0&quot;}\" data-image-title=\"_cuva\" data-image-description=\"\" data-image-caption=\"&lt;p&gt;_cuva&lt;\/p&gt;\n\" data-large-file=\"https:\/\/i0.wp.com\/www.volen.pl\/wp-content\/uploads\/2023\/07\/IMG_20230606_204009-scaled.jpg?fit=2048%2C1105&amp;ssl=1\" src=\"https:\/\/i0.wp.com\/www.volen.pl\/wp-content\/uploads\/2023\/07\/IMG_20230606_204009.jpg?resize=2048%2C1105&#038;ssl=1\" alt=\"\" class=\"wp-image-3164\" srcset=\"https:\/\/i0.wp.com\/www.volen.pl\/wp-content\/uploads\/2023\/07\/IMG_20230606_204009-scaled.jpg?resize=2048%2C1105&amp;ssl=1 2048w, https:\/\/i0.wp.com\/www.volen.pl\/wp-content\/uploads\/2023\/07\/IMG_20230606_204009-scaled.jpg?resize=1024%2C552&amp;ssl=1 1024w, https:\/\/i0.wp.com\/www.volen.pl\/wp-content\/uploads\/2023\/07\/IMG_20230606_204009-scaled.jpg?resize=1536%2C829&amp;ssl=1 1536w\" sizes=\"auto, (max-width: 1000px) 100vw, 1000px\" \/><figcaption class=\"wp-element-caption\">cyga\u0144ski tabor<\/figcaption><\/figure>\n\n\n\n<p class=\"wp-block-paragraph\">Ostatniego dnia jeszcze okaza\u0142o si\u0119, \u017ce podczas monta\u017cu \u0142o\u017cysk przedobrzy\u0142em i docisn\u0105\u0142em je zbyt mocno, skutkiem czego jedno ko\u0142o stawa\u0142o w p\u0142omieniach i musia\u0142em rozbebeszy\u0107 wszystko jeszcze raz i kupi\u0107 nowe \u0142o\u017cyska i g\u0142adzi\u0107 czop i czy\u015bci\u0107 piast\u0119 i skr\u0119ci\u0107 to do kupy, ale ju\u017c tak, \u017ceby nie za mocno by\u0142o i \u017ceby si\u0119 wszystko dobrze \u015blizga\u0142o i raczej \u017ceby na zimno sun\u0105\u0107 przed siebie. To przesun\u0119\u0142o wyjazd o ca\u0142y dzie\u0144 w zasadzie. Takie rzeczy ucz\u0105 pokory i ostro\u017cnego planowania.<\/p>\n\n\n\n<p class=\"wp-block-paragraph\">No i w Bo\u017ce Cia\u0142o si\u0119 spakowali\u015bmy i wybrali\u015bmy z grubsza kierunek i ruszyli\u015bmy na po\u0142udnie. Cho\u0107 mo\u017ce nie do ko\u0144ca na po\u0142udnie, bo jako\u015b znios\u0142o nas w ko\u0144cu do \u0141om\u017cy, bo\u015bmy nigdy jej nie widzieli, a ona nas.<\/p>\n\n\n\n<p class=\"wp-block-paragraph\">Po drodze zajechali\u015bmy na obiadek do Austerii, gdzie okaza\u0142o si\u0119, \u017ce jako\u015b\u0107 i obs\u0142ugi i jedzenia spad\u0142y razem na pysk i ju\u017c nikomu tego miejsca nie polecam.<\/p>\n\n\n\n<p class=\"wp-block-paragraph\">W \u0141om\u017cy zajechali\u015bmy na kemping MOSiRu w porcie przy rzeczce i by\u0142o ca\u0142kiem fajnie, cho\u0107 w nocy g\u0142o\u015bno, bo \u0142om\u017caki uznaj\u0105 jedynie gaz i hamulec, a im kto\u015b ma g\u0142o\u015bniejszy wydech, tym \u017cycie ma pe\u0142niejsze i wi\u0119ksze stada niewiast si\u0119 za takim ogl\u0105daj\u0105. I nowy materacyk zanaby\u0142em dmuchany, \u017ceby Anulce pod dupk\u0105 mi\u0119kko by\u0142o, ale w instrukcji jak byk sta\u0142o, \u017ce powietrze mo\u017ce si\u0119 gdzie\u015b rozprzestrzenia\u0107 i nie jest to wad\u0105 materaca, wi\u0119c ostatecznie trzy razy dodmuchiwa\u0142em go, za ka\u017cdym razem budzony b\u00f3lem biodra. Podobno ma si\u0119 to uspokoi\u0107 za czas jaki\u015b, gdy materac przyzwyczai si\u0119 do nas, a my do niego.<\/p>\n\n\n\n<p class=\"wp-block-paragraph\">Wstali\u015bmy wi\u0119c skonani i po kilku kawach i ma\u0142ych zakupach obuwniczych ockn\u0119li\u015bmy si\u0119 w Siedlcach, w Kochan\u00f3wce, kt\u00f3r\u0105 dla odmiany polecamy, gdy\u017c maj\u0105 fantastyczne \u017carcie kresowe (czebureki, kartacze i tym podobne pyszno\u015bci). <\/p>\n\n\n\n<p class=\"wp-block-paragraph\">Nast\u0119pny nocleg zrobili\u015bmy w Pisklakach, a jak\u017ce, te\u017c na kempingu &#8211; ciche, spokojne, pe\u0142ne komar\u00f3w i meszek urocze miejsce, gdzie kwitnie polski karawaning, uprzejmo\u015b\u0107 i polska kultura, wi\u0119c by\u0142o ca\u0142kiem, ca\u0142kiem. Dzieci\u0105tka pobiega\u0142y sobie po trawie, pobawi\u0142y si\u0119, a my mogli\u015bmy w ko\u0144cu w spokoju posiedzie\u0107 oganiaj\u0105c si\u0119 rozpaczliwie od owad\u00f3w. A\u017c przypomnia\u0142em sobie o ukradzionych od Tadzika &#8222;Kurze \u0141apki&#8221; p\u0142ynach przeciwowadzich i jeden z nich naprawd\u0119 zadzia\u0142a\u0142, wi\u0119c spryska\u0142em obficie wszystkich po kilka razy, a\u017c Kot Oblizuch przeczyta\u0142 na etykiecie, \u017ce to dla doros\u0142ych tylko i jedynie raz dziennie i czaszka z piszczelami i generalnie biohazard, wi\u0119c przesta\u0142em. Ale naprawd\u0119 wszystko tam wygin\u0119\u0142o w okolicy.<\/p>\n\n\n\n<p class=\"wp-block-paragraph\">Materac w nocy st\u0119kn\u0105\u0142 raz i raz go dopompowa\u0142em, wi\u0119c mo\u017ce to i prawda, co pisze producent, kto go tam wie.<\/p>\n\n\n\n<p class=\"wp-block-paragraph\">Anula nie wzi\u0119\u0142a ze sob\u0105 prawa jazdy. Dlatego prowadzi na ochotnika w Rzeczpospolitej, bo potem b\u0119dzie si\u0119 ba\u0142a. Ja te\u017c troch\u0119 prowadz\u0119, ale mniej, gdy\u017c oszcz\u0119dzam si\u0119 na zagranic\u0119. I skierowali\u015bmy opony ku granicy ze S\u0142owacj\u0105, a tu jak na z\u0142o\u015b\u0107, Bieszczady. W Lesku nowa knajpa, M\u0105ka i Wino, pyszna groch\u00f3wka, kopytka z batat\u00f3w i carbonara, pyszne po prostu. Rewelacja. I jaki\u015b targ zrobili te\u017c, kupi\u0142em sobie solniczk\u0119 z rogu jelenia, b\u0119dzie super tabakier\u0105.<\/p>\n\n\n\n<figure class=\"wp-block-image size-full\"><img data-recalc-dims=\"1\" loading=\"lazy\" decoding=\"async\" width=\"2048\" height=\"1536\" data-attachment-id=\"3165\" data-permalink=\"https:\/\/www.volen.pl\/?attachment_id=3165\" data-orig-file=\"https:\/\/i0.wp.com\/www.volen.pl\/wp-content\/uploads\/2023\/07\/IMG_20230610_120402.jpg?fit=2048%2C1536&amp;ssl=1\" data-orig-size=\"2048,1536\" data-comments-opened=\"1\" data-image-meta=\"{&quot;aperture&quot;:&quot;2.4&quot;,&quot;credit&quot;:&quot;&quot;,&quot;camera&quot;:&quot;HUAWEI P60 Pro&quot;,&quot;caption&quot;:&quot;_cuva&quot;,&quot;created_timestamp&quot;:&quot;1686398642&quot;,&quot;copyright&quot;:&quot;&quot;,&quot;focal_length&quot;:&quot;2.7&quot;,&quot;iso&quot;:&quot;50&quot;,&quot;shutter_speed&quot;:&quot;0.001282&quot;,&quot;title&quot;:&quot;_cuva&quot;,&quot;orientation&quot;:&quot;0&quot;}\" data-image-title=\"_cuva\" data-image-description=\"\" data-image-caption=\"&lt;p&gt;_cuva&lt;\/p&gt;\n\" data-large-file=\"https:\/\/i0.wp.com\/www.volen.pl\/wp-content\/uploads\/2023\/07\/IMG_20230610_120402.jpg?fit=2048%2C1536&amp;ssl=1\" src=\"https:\/\/i0.wp.com\/www.volen.pl\/wp-content\/uploads\/2023\/07\/IMG_20230610_120402.jpg?resize=2048%2C1536&#038;ssl=1\" alt=\"\" class=\"wp-image-3165\" srcset=\"https:\/\/i0.wp.com\/www.volen.pl\/wp-content\/uploads\/2023\/07\/IMG_20230610_120402.jpg?w=2048&amp;ssl=1 2048w, https:\/\/i0.wp.com\/www.volen.pl\/wp-content\/uploads\/2023\/07\/IMG_20230610_120402.jpg?resize=1024%2C768&amp;ssl=1 1024w, https:\/\/i0.wp.com\/www.volen.pl\/wp-content\/uploads\/2023\/07\/IMG_20230610_120402.jpg?resize=1536%2C1152&amp;ssl=1 1536w, https:\/\/i0.wp.com\/www.volen.pl\/wp-content\/uploads\/2023\/07\/IMG_20230610_120402.jpg?resize=160%2C120&amp;ssl=1 160w\" sizes=\"auto, (max-width: 1000px) 100vw, 1000px\" \/><figcaption class=\"wp-element-caption\">przydro\u017cne maki<\/figcaption><\/figure>\n\n\n\n<p class=\"wp-block-paragraph\">Dzieciaki ju\u017c zm\u0119czone troch\u0119 podr\u00f3\u017c\u0105, wi\u0119c zamiast cisn\u0105\u0107 nad sam\u0105 granic\u0119, zatrzymali\u015bmy si\u0119 w strugach deszczu w OSW Wo\u0142osa\u0144, kt\u00f3rego go\u015bcinne progi ju\u017c w tym roku odwiedza\u0142em, gdy goni\u0142em za nied\u017awiedziami na GSB w marcu. Dostali\u015bmy spoko pok\u00f3j, zrobiony z dw\u00f3ch go\u0142\u0119bnik\u00f3w na poddaszu, sporo miejsca do biegania, s\u0142ycha\u0107 wi\u0119c w ca\u0142ym O\u015brodku tupot ma\u0142ych st\u00f3p. I szum deszczu.<\/p>\n\n\n\n<figure class=\"wp-block-image size-full\"><img data-recalc-dims=\"1\" loading=\"lazy\" decoding=\"async\" width=\"2048\" height=\"1536\" data-attachment-id=\"3166\" data-permalink=\"https:\/\/www.volen.pl\/?attachment_id=3166\" data-orig-file=\"https:\/\/i0.wp.com\/www.volen.pl\/wp-content\/uploads\/2023\/07\/IMG_20230611_092421.jpg?fit=2048%2C1536&amp;ssl=1\" data-orig-size=\"2048,1536\" data-comments-opened=\"1\" data-image-meta=\"{&quot;aperture&quot;:&quot;2&quot;,&quot;credit&quot;:&quot;&quot;,&quot;camera&quot;:&quot;HUAWEI P60 Pro&quot;,&quot;caption&quot;:&quot;_cuva&quot;,&quot;created_timestamp&quot;:&quot;1686475461&quot;,&quot;copyright&quot;:&quot;&quot;,&quot;focal_length&quot;:&quot;6.35&quot;,&quot;iso&quot;:&quot;640&quot;,&quot;shutter_speed&quot;:&quot;0.01&quot;,&quot;title&quot;:&quot;_cuva&quot;,&quot;orientation&quot;:&quot;0&quot;}\" data-image-title=\"_cuva\" data-image-description=\"\" data-image-caption=\"&lt;p&gt;_cuva&lt;\/p&gt;\n\" data-large-file=\"https:\/\/i0.wp.com\/www.volen.pl\/wp-content\/uploads\/2023\/07\/IMG_20230611_092421.jpg?fit=2048%2C1536&amp;ssl=1\" src=\"https:\/\/i0.wp.com\/www.volen.pl\/wp-content\/uploads\/2023\/07\/IMG_20230611_092421.jpg?resize=2048%2C1536&#038;ssl=1\" alt=\"\" class=\"wp-image-3166\" srcset=\"https:\/\/i0.wp.com\/www.volen.pl\/wp-content\/uploads\/2023\/07\/IMG_20230611_092421.jpg?w=2048&amp;ssl=1 2048w, https:\/\/i0.wp.com\/www.volen.pl\/wp-content\/uploads\/2023\/07\/IMG_20230611_092421.jpg?resize=1024%2C768&amp;ssl=1 1024w, https:\/\/i0.wp.com\/www.volen.pl\/wp-content\/uploads\/2023\/07\/IMG_20230611_092421.jpg?resize=1536%2C1152&amp;ssl=1 1536w, https:\/\/i0.wp.com\/www.volen.pl\/wp-content\/uploads\/2023\/07\/IMG_20230611_092421.jpg?resize=160%2C120&amp;ssl=1 160w\" sizes=\"auto, (max-width: 1000px) 100vw, 1000px\" \/><figcaption class=\"wp-element-caption\">scenka le\u015bna w OSW Wo\u0142osa\u0144<\/figcaption><\/figure>\n","protected":false},"excerpt":{"rendered":"<p>Moje \u017cycie p\u0119dzi zawsze na ostatni moment. Ju\u017c dawno przesta\u0142o mnie dziwi\u0107, \u017ce spakowa\u0107 si\u0119&#8230;<\/p>\n<div class=\"more-link-wrapper\"><a class=\"more-link\" href=\"https:\/\/www.volen.pl\/?p=3161\">Read the post<span class=\"screen-reader-text\">Przez Polsk\u0119<\/span><\/a><\/div>\n","protected":false},"author":1,"featured_media":3167,"comment_status":"open","ping_status":"open","sticky":false,"template":"","format":"standard","meta":{"_crdt_document":"","jetpack_post_was_ever_published":false,"_jetpack_newsletter_access":"","_jetpack_dont_email_post_to_subs":false,"_jetpack_newsletter_tier_id":0,"_jetpack_memberships_contains_paywalled_content":false,"_jetpack_memberships_contains_paid_content":false,"footnotes":"","jetpack_publicize_message":"","jetpack_publicize_feature_enabled":true,"jetpack_social_post_already_shared":true,"jetpack_social_options":{"image_generator_settings":{"template":"highway","default_image_id":0,"font":"","enabled":false},"version":2}},"categories":[474],"tags":[462,471,205,475,476,72,473,472],"class_list":["post-3161","post","type-post","status-publish","format-standard","has-post-thumbnail","hentry","category-pobyku","tag-462","tag-cyganskie-zycie","tag-nawariata","tag-osw-wolosan","tag-po-byku","tag-polska","tag-przyczepka","tag-lomza","excerpt","zoom","full-without-featured","even","excerpt-0"],"jetpack_publicize_connections":[],"jetpack_featured_media_url":"https:\/\/i0.wp.com\/www.volen.pl\/wp-content\/uploads\/2023\/07\/photo_2023-06-10_16-40-40.jpg?fit=1280%2C960&ssl=1","jetpack_shortlink":"https:\/\/wp.me\/p4lAri-OZ","jetpack_sharing_enabled":true,"jetpack-related-posts":[{"id":3320,"url":"https:\/\/www.volen.pl\/?p=3320","url_meta":{"origin":3161,"position":0},"title":"Mistrzostwo \u015bwiata","author":"volen","date":"2023-06-26","format":false,"excerpt":"Bu\u0142garzy s\u0105 absolutnymi mistrzami \u015bwiata w unikaniu spojrzenia w oczy. \u017badnej odpowiedzi na proste 'Dzie\u0144 dobry!' od nikogo si\u0119 nie doczekali\u015bmy poza trzema wyj\u0105tkami: dziewczyna od Bobbiego, ekspedientka w sklepie i para Szwajcar\u00f3w. Dziewczyna od Bobbiego to ciekawa sprawa: przysz\u0142a do nas za synem o imieniu Bojan i z marszu\u2026","rel":"","context":"W \u201epo byku&quot;","block_context":{"text":"po byku","link":"https:\/\/www.volen.pl\/?cat=474"},"img":{"alt_text":"","src":"https:\/\/i0.wp.com\/www.volen.pl\/wp-content\/uploads\/2023\/07\/IMG_20230626_211709.jpg?fit=1200%2C900&ssl=1&resize=350%2C200","width":350,"height":200,"srcset":"https:\/\/i0.wp.com\/www.volen.pl\/wp-content\/uploads\/2023\/07\/IMG_20230626_211709.jpg?fit=1200%2C900&ssl=1&resize=350%2C200 1x, https:\/\/i0.wp.com\/www.volen.pl\/wp-content\/uploads\/2023\/07\/IMG_20230626_211709.jpg?fit=1200%2C900&ssl=1&resize=525%2C300 1.5x, https:\/\/i0.wp.com\/www.volen.pl\/wp-content\/uploads\/2023\/07\/IMG_20230626_211709.jpg?fit=1200%2C900&ssl=1&resize=700%2C400 2x, https:\/\/i0.wp.com\/www.volen.pl\/wp-content\/uploads\/2023\/07\/IMG_20230626_211709.jpg?fit=1200%2C900&ssl=1&resize=1050%2C600 3x"},"classes":[]},{"id":3192,"url":"https:\/\/www.volen.pl\/?p=3192","url_meta":{"origin":3161,"position":1},"title":"Dragan","author":"volen","date":"2023-06-14","format":false,"excerpt":"Gdyby kto\u015b si\u0119 zastanawia\u0142, to tak, w Rumunii rosn\u0105 brzozy. A pod brzozami siedz\u0105 sobie psy albo owce albo inne jakie\u015b bo\u017ce stworzenie.Moszu to taka inteligentniejsza wersja Maszy. Potrafi z\u0142apa\u0107 smako\u0142yk w locie, potrafi go te\u017c odszuka\u0107, jak upadnie gdzie\u015b dalej, ale spojrzenie ma takie samo, jak Masza. Kempingu strzeg\u0142a\u2026","rel":"","context":"W \u201epo byku&quot;","block_context":{"text":"po byku","link":"https:\/\/www.volen.pl\/?cat=474"},"img":{"alt_text":"","src":"https:\/\/i0.wp.com\/www.volen.pl\/wp-content\/uploads\/2023\/07\/IMG_20230614_160611.jpg?fit=1200%2C761&ssl=1&resize=350%2C200","width":350,"height":200,"srcset":"https:\/\/i0.wp.com\/www.volen.pl\/wp-content\/uploads\/2023\/07\/IMG_20230614_160611.jpg?fit=1200%2C761&ssl=1&resize=350%2C200 1x, https:\/\/i0.wp.com\/www.volen.pl\/wp-content\/uploads\/2023\/07\/IMG_20230614_160611.jpg?fit=1200%2C761&ssl=1&resize=525%2C300 1.5x, https:\/\/i0.wp.com\/www.volen.pl\/wp-content\/uploads\/2023\/07\/IMG_20230614_160611.jpg?fit=1200%2C761&ssl=1&resize=700%2C400 2x, https:\/\/i0.wp.com\/www.volen.pl\/wp-content\/uploads\/2023\/07\/IMG_20230614_160611.jpg?fit=1200%2C761&ssl=1&resize=1050%2C600 3x"},"classes":[]},{"id":3355,"url":"https:\/\/www.volen.pl\/?p=3355","url_meta":{"origin":3161,"position":2},"title":"Antypanda","author":"volen","date":"2023-07-02","format":false,"excerpt":"Postanowili\u015bmy zosta\u0107 i odpocz\u0105\u0107 i nacieszy\u0107 si\u0119 nadchodz\u0105cym zgie\u0142kiem pocz\u0105tku sezonu.Zostali\u015bmy ca\u0142y czwartek, w nocy obudzi\u0142a nas sroga impreza gdzie\u015b na wzg\u00f3rzach okalaj\u0105cych Skorpilovtchi, a potem w pi\u0105tek co\u015b chcieli\u015bmy zrobi\u0107, ju\u017c nie pami\u0119tam, co, i okaza\u0142o si\u0119, \u017ce autko nam zasn\u0119\u0142o snem wiekuistym. Nie reaguje na kluczyk, g\u0142askanie, sapanie,\u2026","rel":"","context":"W \u201epo byku&quot;","block_context":{"text":"po byku","link":"https:\/\/www.volen.pl\/?cat=474"},"img":{"alt_text":"","src":"https:\/\/i0.wp.com\/www.volen.pl\/wp-content\/uploads\/2023\/07\/IMG_20230701_162213.jpg?fit=1200%2C900&ssl=1&resize=350%2C200","width":350,"height":200,"srcset":"https:\/\/i0.wp.com\/www.volen.pl\/wp-content\/uploads\/2023\/07\/IMG_20230701_162213.jpg?fit=1200%2C900&ssl=1&resize=350%2C200 1x, https:\/\/i0.wp.com\/www.volen.pl\/wp-content\/uploads\/2023\/07\/IMG_20230701_162213.jpg?fit=1200%2C900&ssl=1&resize=525%2C300 1.5x, https:\/\/i0.wp.com\/www.volen.pl\/wp-content\/uploads\/2023\/07\/IMG_20230701_162213.jpg?fit=1200%2C900&ssl=1&resize=700%2C400 2x, https:\/\/i0.wp.com\/www.volen.pl\/wp-content\/uploads\/2023\/07\/IMG_20230701_162213.jpg?fit=1200%2C900&ssl=1&resize=1050%2C600 3x"},"classes":[]},{"id":3253,"url":"https:\/\/www.volen.pl\/?p=3253","url_meta":{"origin":3161,"position":3},"title":"Klify","author":"volen","date":"2023-06-19","format":false,"excerpt":"Nie zna\u0142em Bu\u0142garii z tej strony. Klify jak na Islandii. Tyle, \u017ce cieplej w dupki...No dobrze, ale po kolei, kronikarski obowi\u0105zek wzywa, lecimy. Poszed\u0142em z dzie\u0107mi do tutejszej \u017babki (market Dori) kupi\u0107 jajka, bo nas za jajecznic\u0105 \u015bcisn\u0119\u0142o. Po takim po\u017cywnym \u015bniadaniu poszli\u015bmy si\u0119 wyk\u0105pa\u0107 w zatoczce nieopodal, po jakim\u015b\u2026","rel":"","context":"W \u201epo byku&quot;","block_context":{"text":"po byku","link":"https:\/\/www.volen.pl\/?cat=474"},"img":{"alt_text":"","src":"https:\/\/i0.wp.com\/www.volen.pl\/wp-content\/uploads\/2023\/07\/IMG_20230619_152551.jpg?fit=1200%2C900&ssl=1&resize=350%2C200","width":350,"height":200,"srcset":"https:\/\/i0.wp.com\/www.volen.pl\/wp-content\/uploads\/2023\/07\/IMG_20230619_152551.jpg?fit=1200%2C900&ssl=1&resize=350%2C200 1x, https:\/\/i0.wp.com\/www.volen.pl\/wp-content\/uploads\/2023\/07\/IMG_20230619_152551.jpg?fit=1200%2C900&ssl=1&resize=525%2C300 1.5x, https:\/\/i0.wp.com\/www.volen.pl\/wp-content\/uploads\/2023\/07\/IMG_20230619_152551.jpg?fit=1200%2C900&ssl=1&resize=700%2C400 2x, https:\/\/i0.wp.com\/www.volen.pl\/wp-content\/uploads\/2023\/07\/IMG_20230619_152551.jpg?fit=1200%2C900&ssl=1&resize=1050%2C600 3x"},"classes":[]},{"id":3170,"url":"https:\/\/www.volen.pl\/?p=3170","url_meta":{"origin":3161,"position":4},"title":"Cheile Turzii","author":"volen","date":"2023-06-14","format":false,"excerpt":"Przep\u0119dzili\u015bmy przez S\u0142owacj\u0119. Gdyby nie Hrad Brekov, to pewnie wcale by\u015bmy si\u0119 nie zatrzymali, ale nasi mali odkrywcy wyci\u0105gn\u0119li nas za \u0142achy z samochodu i wci\u0105gn\u0119li na g\u00f3r\u0119. Ca\u0142kiem sympatyczne ruiny - S\u0142owacy troch\u0119 na p\u00f3\u0142 gwizdka dzia\u0142aj\u0105 - wida\u0107, \u017ce prace ciesielskie id\u0105 pe\u0142n\u0105 par\u0105, ale kamieniarzy ani widu,\u2026","rel":"","context":"W \u201epo byku&quot;","block_context":{"text":"po byku","link":"https:\/\/www.volen.pl\/?cat=474"},"img":{"alt_text":"","src":"https:\/\/i0.wp.com\/www.volen.pl\/wp-content\/uploads\/2023\/07\/IMG_20230613_162458.jpg?fit=1200%2C900&ssl=1&resize=350%2C200","width":350,"height":200,"srcset":"https:\/\/i0.wp.com\/www.volen.pl\/wp-content\/uploads\/2023\/07\/IMG_20230613_162458.jpg?fit=1200%2C900&ssl=1&resize=350%2C200 1x, https:\/\/i0.wp.com\/www.volen.pl\/wp-content\/uploads\/2023\/07\/IMG_20230613_162458.jpg?fit=1200%2C900&ssl=1&resize=525%2C300 1.5x, https:\/\/i0.wp.com\/www.volen.pl\/wp-content\/uploads\/2023\/07\/IMG_20230613_162458.jpg?fit=1200%2C900&ssl=1&resize=700%2C400 2x, https:\/\/i0.wp.com\/www.volen.pl\/wp-content\/uploads\/2023\/07\/IMG_20230613_162458.jpg?fit=1200%2C900&ssl=1&resize=1050%2C600 3x"},"classes":[]},{"id":3433,"url":"https:\/\/www.volen.pl\/?p=3433","url_meta":{"origin":3161,"position":5},"title":"Po co te W\u0119gry w og\u00f3le?","author":"volen","date":"2023-07-06","format":false,"excerpt":"Jestem wyko\u0144czony\u2026 Wsta\u0142em, zdaje si\u0119, po kilku minutach spania, a tu 8:30. Ogarn\u0119li\u015bmy \u015bniadanie, dostali\u015bmy zapas \u015bwie\u017cej s\u0142odkiej, ch\u0142odnej, studziennej wody i pojechali\u015bmy. Trasa do Oradei jest niezwykle ruchliwa. Pe\u0142no samochod\u00f3w wszelakiego autoramentu, TIR na TIRze, rowerzy\u015bci, psiaki, czego tu nie ma. Mocno anga\u017cuj\u0105ca droga, po czym wbili\u015bmy do miasta.\u2026","rel":"","context":"W \u201epo byku&quot;","block_context":{"text":"po byku","link":"https:\/\/www.volen.pl\/?cat=474"},"img":{"alt_text":"","src":"https:\/\/i0.wp.com\/www.volen.pl\/wp-content\/uploads\/2023\/07\/IMG_20230706_111729.jpg?fit=1200%2C900&ssl=1&resize=350%2C200","width":350,"height":200,"srcset":"https:\/\/i0.wp.com\/www.volen.pl\/wp-content\/uploads\/2023\/07\/IMG_20230706_111729.jpg?fit=1200%2C900&ssl=1&resize=350%2C200 1x, https:\/\/i0.wp.com\/www.volen.pl\/wp-content\/uploads\/2023\/07\/IMG_20230706_111729.jpg?fit=1200%2C900&ssl=1&resize=525%2C300 1.5x, https:\/\/i0.wp.com\/www.volen.pl\/wp-content\/uploads\/2023\/07\/IMG_20230706_111729.jpg?fit=1200%2C900&ssl=1&resize=700%2C400 2x, https:\/\/i0.wp.com\/www.volen.pl\/wp-content\/uploads\/2023\/07\/IMG_20230706_111729.jpg?fit=1200%2C900&ssl=1&resize=1050%2C600 3x"},"classes":[]}],"_links":{"self":[{"href":"https:\/\/www.volen.pl\/index.php?rest_route=\/wp\/v2\/posts\/3161","targetHints":{"allow":["GET"]}}],"collection":[{"href":"https:\/\/www.volen.pl\/index.php?rest_route=\/wp\/v2\/posts"}],"about":[{"href":"https:\/\/www.volen.pl\/index.php?rest_route=\/wp\/v2\/types\/post"}],"author":[{"embeddable":true,"href":"https:\/\/www.volen.pl\/index.php?rest_route=\/wp\/v2\/users\/1"}],"replies":[{"embeddable":true,"href":"https:\/\/www.volen.pl\/index.php?rest_route=%2Fwp%2Fv2%2Fcomments&post=3161"}],"version-history":[{"count":2,"href":"https:\/\/www.volen.pl\/index.php?rest_route=\/wp\/v2\/posts\/3161\/revisions"}],"predecessor-version":[{"id":3168,"href":"https:\/\/www.volen.pl\/index.php?rest_route=\/wp\/v2\/posts\/3161\/revisions\/3168"}],"wp:featuredmedia":[{"embeddable":true,"href":"https:\/\/www.volen.pl\/index.php?rest_route=\/wp\/v2\/media\/3167"}],"wp:attachment":[{"href":"https:\/\/www.volen.pl\/index.php?rest_route=%2Fwp%2Fv2%2Fmedia&parent=3161"}],"wp:term":[{"taxonomy":"category","embeddable":true,"href":"https:\/\/www.volen.pl\/index.php?rest_route=%2Fwp%2Fv2%2Fcategories&post=3161"},{"taxonomy":"post_tag","embeddable":true,"href":"https:\/\/www.volen.pl\/index.php?rest_route=%2Fwp%2Fv2%2Ftags&post=3161"}],"curies":[{"name":"wp","href":"https:\/\/api.w.org\/{rel}","templated":true}]}}