{"id":3264,"date":"2023-06-20T19:51:39","date_gmt":"2023-06-20T17:51:39","guid":{"rendered":"https:\/\/www.volen.pl\/?p=3264"},"modified":"2023-07-13T15:39:52","modified_gmt":"2023-07-13T13:39:52","slug":"rumunska-krolowa-delfiny-i-bezdroza-bulgarii","status":"publish","type":"post","link":"https:\/\/www.volen.pl\/?p=3264","title":{"rendered":"Rumu\u0144ska kr\u00f3lowa, delfiny i bezdro\u017ca Bu\u0142garii"},"content":{"rendered":"\n<p class=\"wp-block-paragraph\">Okazuje si\u0119, \u017ce nasze dzieci uwielbiaj\u0105 zespo\u0142y parkowo &#8211; pa\u0142acowe. Po rutynowych czynno\u015bciach obozowych, w tym udzielaniu wywiad\u00f3w, jedzeniu \u015bniadania, k\u0105pieli w morzu, pojechali\u015bmy do Ba\u0142cziku. <\/p>\n\n\n\n<p class=\"wp-block-paragraph\">Znajduje si\u0119 tam bardzo ciekawy ogr\u00f3d botaniczny, kt\u00f3ry zrobi\u0142 na nas ogromne wra\u017cenie. Za\u0142o\u017cony na pocz\u0105tku XXw. przez rumu\u0144sk\u0105 kr\u00f3low\u0105 Mari\u0119 Koburg. W trakcie zwiedzania przysz\u0142a nawa\u0142nica, dzi\u0119ki czemu ukryli\u015bmy si\u0119 w ogromnej szklarni z wieloma okazami kaktus\u00f3w i mogli\u015bmy je na spokojnie obejrze\u0107. By\u0142 tam r\u00f3wnie\u017c krzaczek kawy arabica, dzi\u0119ki czemu wiemy, jak wygl\u0105da nasze poranne uzale\u017cnienie.<\/p>\n\n\n\n<figure class=\"wp-block-gallery has-nested-images columns-default is-cropped wp-block-gallery-1 is-layout-flex wp-block-gallery-is-layout-flex\">\n<figure class=\"wp-block-image size-large\"><img data-recalc-dims=\"1\" loading=\"lazy\" decoding=\"async\" width=\"2048\" height=\"1536\" data-attachment-id=\"3267\" data-permalink=\"https:\/\/www.volen.pl\/?attachment_id=3267\" data-orig-file=\"https:\/\/i0.wp.com\/www.volen.pl\/wp-content\/uploads\/2023\/07\/IMG_20230620_162549.jpg?fit=2048%2C1536&amp;ssl=1\" data-orig-size=\"2048,1536\" data-comments-opened=\"1\" data-image-meta=\"{&quot;aperture&quot;:&quot;2.1&quot;,&quot;credit&quot;:&quot;&quot;,&quot;camera&quot;:&quot;HUAWEI P60 Pro&quot;,&quot;caption&quot;:&quot;_cuva&quot;,&quot;created_timestamp&quot;:&quot;1687278349&quot;,&quot;copyright&quot;:&quot;&quot;,&quot;focal_length&quot;:&quot;14.552&quot;,&quot;iso&quot;:&quot;64&quot;,&quot;shutter_speed&quot;:&quot;0.01&quot;,&quot;title&quot;:&quot;_cuva&quot;,&quot;orientation&quot;:&quot;0&quot;}\" data-image-title=\"_cuva\" data-image-description=\"\" data-image-caption=\"&lt;p&gt;_cuva&lt;\/p&gt;\n\" data-large-file=\"https:\/\/i0.wp.com\/www.volen.pl\/wp-content\/uploads\/2023\/07\/IMG_20230620_162549.jpg?fit=2048%2C1536&amp;ssl=1\" data-id=\"3267\" src=\"https:\/\/i0.wp.com\/www.volen.pl\/wp-content\/uploads\/2023\/07\/IMG_20230620_162549.jpg?resize=2048%2C1536&#038;ssl=1\" alt=\"\" class=\"wp-image-3267\" srcset=\"https:\/\/i0.wp.com\/www.volen.pl\/wp-content\/uploads\/2023\/07\/IMG_20230620_162549.jpg?w=2048&amp;ssl=1 2048w, https:\/\/i0.wp.com\/www.volen.pl\/wp-content\/uploads\/2023\/07\/IMG_20230620_162549.jpg?resize=1024%2C768&amp;ssl=1 1024w, https:\/\/i0.wp.com\/www.volen.pl\/wp-content\/uploads\/2023\/07\/IMG_20230620_162549.jpg?resize=1536%2C1152&amp;ssl=1 1536w, https:\/\/i0.wp.com\/www.volen.pl\/wp-content\/uploads\/2023\/07\/IMG_20230620_162549.jpg?resize=160%2C120&amp;ssl=1 160w\" sizes=\"auto, (max-width: 1000px) 100vw, 1000px\" \/><figcaption class=\"wp-element-caption\">Zesp\u00f3\u0142 architektoniczno-parkowy Dworeca w Ba\u0142cziku<\/figcaption><\/figure>\n\n\n\n<figure class=\"wp-block-image size-large\"><img data-recalc-dims=\"1\" loading=\"lazy\" decoding=\"async\" width=\"2048\" height=\"1536\" data-attachment-id=\"3268\" data-permalink=\"https:\/\/www.volen.pl\/?attachment_id=3268\" data-orig-file=\"https:\/\/i0.wp.com\/www.volen.pl\/wp-content\/uploads\/2023\/07\/IMG_20230620_165842.jpg?fit=2048%2C1536&amp;ssl=1\" data-orig-size=\"2048,1536\" data-comments-opened=\"1\" data-image-meta=\"{&quot;aperture&quot;:&quot;2&quot;,&quot;credit&quot;:&quot;&quot;,&quot;camera&quot;:&quot;HUAWEI P60 Pro&quot;,&quot;caption&quot;:&quot;_cuva&quot;,&quot;created_timestamp&quot;:&quot;1687280322&quot;,&quot;copyright&quot;:&quot;&quot;,&quot;focal_length&quot;:&quot;6.35&quot;,&quot;iso&quot;:&quot;50&quot;,&quot;shutter_speed&quot;:&quot;0.000945&quot;,&quot;title&quot;:&quot;_cuva&quot;,&quot;orientation&quot;:&quot;0&quot;}\" data-image-title=\"_cuva\" data-image-description=\"\" data-image-caption=\"&lt;p&gt;_cuva&lt;\/p&gt;\n\" data-large-file=\"https:\/\/i0.wp.com\/www.volen.pl\/wp-content\/uploads\/2023\/07\/IMG_20230620_165842.jpg?fit=2048%2C1536&amp;ssl=1\" data-id=\"3268\" src=\"https:\/\/i0.wp.com\/www.volen.pl\/wp-content\/uploads\/2023\/07\/IMG_20230620_165842.jpg?resize=2048%2C1536&#038;ssl=1\" alt=\"\" class=\"wp-image-3268\" srcset=\"https:\/\/i0.wp.com\/www.volen.pl\/wp-content\/uploads\/2023\/07\/IMG_20230620_165842.jpg?w=2048&amp;ssl=1 2048w, https:\/\/i0.wp.com\/www.volen.pl\/wp-content\/uploads\/2023\/07\/IMG_20230620_165842.jpg?resize=1024%2C768&amp;ssl=1 1024w, https:\/\/i0.wp.com\/www.volen.pl\/wp-content\/uploads\/2023\/07\/IMG_20230620_165842.jpg?resize=1536%2C1152&amp;ssl=1 1536w, https:\/\/i0.wp.com\/www.volen.pl\/wp-content\/uploads\/2023\/07\/IMG_20230620_165842.jpg?resize=160%2C120&amp;ssl=1 160w\" sizes=\"auto, (max-width: 1000px) 100vw, 1000px\" \/><figcaption class=\"wp-element-caption\">kr\u00f3lowa Rumu\u0144ska<\/figcaption><\/figure>\n\n\n\n<figure class=\"wp-block-image size-large\"><img data-recalc-dims=\"1\" loading=\"lazy\" decoding=\"async\" width=\"2048\" height=\"1356\" data-attachment-id=\"3272\" data-permalink=\"https:\/\/www.volen.pl\/?attachment_id=3272\" data-orig-file=\"https:\/\/i0.wp.com\/www.volen.pl\/wp-content\/uploads\/2023\/07\/VOL9268-1.jpg?fit=2464%2C1632&amp;ssl=1\" data-orig-size=\"2464,1632\" data-comments-opened=\"1\" data-image-meta=\"{&quot;aperture&quot;:&quot;8&quot;,&quot;credit&quot;:&quot;Przemyslaw &#039;volen&#039; Wollenszleger&quot;,&quot;camera&quot;:&quot;NIKON D7000&quot;,&quot;caption&quot;:&quot;&quot;,&quot;created_timestamp&quot;:&quot;1687265139&quot;,&quot;copyright&quot;:&quot;&quot;,&quot;focal_length&quot;:&quot;58&quot;,&quot;iso&quot;:&quot;1600&quot;,&quot;shutter_speed&quot;:&quot;0.0125&quot;,&quot;title&quot;:&quot;&quot;,&quot;orientation&quot;:&quot;1&quot;}\" data-image-title=\"VOL9268-1\" data-image-description=\"\" data-image-caption=\"\" data-large-file=\"https:\/\/i0.wp.com\/www.volen.pl\/wp-content\/uploads\/2023\/07\/VOL9268-1.jpg?fit=2048%2C1356&amp;ssl=1\" data-id=\"3272\" src=\"https:\/\/i0.wp.com\/www.volen.pl\/wp-content\/uploads\/2023\/07\/VOL9268-1.jpg?resize=2048%2C1356&#038;ssl=1\" alt=\"\" class=\"wp-image-3272\" srcset=\"https:\/\/i0.wp.com\/www.volen.pl\/wp-content\/uploads\/2023\/07\/VOL9268-1.jpg?resize=2048%2C1356&amp;ssl=1 2048w, https:\/\/i0.wp.com\/www.volen.pl\/wp-content\/uploads\/2023\/07\/VOL9268-1.jpg?resize=1024%2C678&amp;ssl=1 1024w, https:\/\/i0.wp.com\/www.volen.pl\/wp-content\/uploads\/2023\/07\/VOL9268-1.jpg?resize=1536%2C1017&amp;ssl=1 1536w, https:\/\/i0.wp.com\/www.volen.pl\/wp-content\/uploads\/2023\/07\/VOL9268-1.jpg?resize=120%2C80&amp;ssl=1 120w\" sizes=\"auto, (max-width: 1000px) 100vw, 1000px\" \/><figcaption class=\"wp-element-caption\">Zesp\u00f3\u0142 architektoniczno-parkowy Dworeca w Ba\u0142cziku<\/figcaption><\/figure>\n\n\n\n<figure class=\"wp-block-image size-large\"><img data-recalc-dims=\"1\" loading=\"lazy\" decoding=\"async\" width=\"2048\" height=\"1356\" data-attachment-id=\"3270\" data-permalink=\"https:\/\/www.volen.pl\/?attachment_id=3270\" data-orig-file=\"https:\/\/i0.wp.com\/www.volen.pl\/wp-content\/uploads\/2023\/07\/VOL9276.jpg?fit=2464%2C1632&amp;ssl=1\" data-orig-size=\"2464,1632\" data-comments-opened=\"1\" data-image-meta=\"{&quot;aperture&quot;:&quot;8&quot;,&quot;credit&quot;:&quot;Przemyslaw &#039;volen&#039; Wollenszleger&quot;,&quot;camera&quot;:&quot;NIKON D7000&quot;,&quot;caption&quot;:&quot;&quot;,&quot;created_timestamp&quot;:&quot;1687265292&quot;,&quot;copyright&quot;:&quot;&quot;,&quot;focal_length&quot;:&quot;58&quot;,&quot;iso&quot;:&quot;1600&quot;,&quot;shutter_speed&quot;:&quot;0.01&quot;,&quot;title&quot;:&quot;&quot;,&quot;orientation&quot;:&quot;1&quot;}\" data-image-title=\"VOL9276\" data-image-description=\"\" data-image-caption=\"\" data-large-file=\"https:\/\/i0.wp.com\/www.volen.pl\/wp-content\/uploads\/2023\/07\/VOL9276.jpg?fit=2048%2C1356&amp;ssl=1\" data-id=\"3270\" src=\"https:\/\/i0.wp.com\/www.volen.pl\/wp-content\/uploads\/2023\/07\/VOL9276.jpg?resize=2048%2C1356&#038;ssl=1\" alt=\"\" class=\"wp-image-3270\" srcset=\"https:\/\/i0.wp.com\/www.volen.pl\/wp-content\/uploads\/2023\/07\/VOL9276.jpg?resize=2048%2C1356&amp;ssl=1 2048w, https:\/\/i0.wp.com\/www.volen.pl\/wp-content\/uploads\/2023\/07\/VOL9276.jpg?resize=1024%2C678&amp;ssl=1 1024w, https:\/\/i0.wp.com\/www.volen.pl\/wp-content\/uploads\/2023\/07\/VOL9276.jpg?resize=1536%2C1017&amp;ssl=1 1536w, https:\/\/i0.wp.com\/www.volen.pl\/wp-content\/uploads\/2023\/07\/VOL9276.jpg?resize=120%2C80&amp;ssl=1 120w\" sizes=\"auto, (max-width: 1000px) 100vw, 1000px\" \/><figcaption class=\"wp-element-caption\">zachwyt<\/figcaption><\/figure>\n\n\n\n<figure class=\"wp-block-image size-large\"><img data-recalc-dims=\"1\" loading=\"lazy\" decoding=\"async\" width=\"2048\" height=\"1356\" data-attachment-id=\"3271\" data-permalink=\"https:\/\/www.volen.pl\/?attachment_id=3271\" data-orig-file=\"https:\/\/i0.wp.com\/www.volen.pl\/wp-content\/uploads\/2023\/07\/VOL9288.jpg?fit=2464%2C1632&amp;ssl=1\" data-orig-size=\"2464,1632\" data-comments-opened=\"1\" data-image-meta=\"{&quot;aperture&quot;:&quot;8&quot;,&quot;credit&quot;:&quot;Przemyslaw &#039;volen&#039; Wollenszleger&quot;,&quot;camera&quot;:&quot;NIKON D7000&quot;,&quot;caption&quot;:&quot;&quot;,&quot;created_timestamp&quot;:&quot;1687267113&quot;,&quot;copyright&quot;:&quot;&quot;,&quot;focal_length&quot;:&quot;58&quot;,&quot;iso&quot;:&quot;1600&quot;,&quot;shutter_speed&quot;:&quot;0.008&quot;,&quot;title&quot;:&quot;&quot;,&quot;orientation&quot;:&quot;1&quot;}\" data-image-title=\"VOL9288\" data-image-description=\"\" data-image-caption=\"\" data-large-file=\"https:\/\/i0.wp.com\/www.volen.pl\/wp-content\/uploads\/2023\/07\/VOL9288.jpg?fit=2048%2C1356&amp;ssl=1\" data-id=\"3271\" src=\"https:\/\/i0.wp.com\/www.volen.pl\/wp-content\/uploads\/2023\/07\/VOL9288.jpg?resize=2048%2C1356&#038;ssl=1\" alt=\"\" class=\"wp-image-3271\" srcset=\"https:\/\/i0.wp.com\/www.volen.pl\/wp-content\/uploads\/2023\/07\/VOL9288.jpg?resize=2048%2C1356&amp;ssl=1 2048w, https:\/\/i0.wp.com\/www.volen.pl\/wp-content\/uploads\/2023\/07\/VOL9288.jpg?resize=1024%2C678&amp;ssl=1 1024w, https:\/\/i0.wp.com\/www.volen.pl\/wp-content\/uploads\/2023\/07\/VOL9288.jpg?resize=1536%2C1017&amp;ssl=1 1536w, https:\/\/i0.wp.com\/www.volen.pl\/wp-content\/uploads\/2023\/07\/VOL9288.jpg?resize=120%2C80&amp;ssl=1 120w\" sizes=\"auto, (max-width: 1000px) 100vw, 1000px\" \/><figcaption class=\"wp-element-caption\">Zesp\u00f3\u0142 architektoniczno-parkowy Dworeca w Ba\u0142cziku<\/figcaption><\/figure>\n\n\n\n<figure class=\"wp-block-image size-large\"><img data-recalc-dims=\"1\" loading=\"lazy\" decoding=\"async\" width=\"2048\" height=\"1356\" data-attachment-id=\"3269\" data-permalink=\"https:\/\/www.volen.pl\/?attachment_id=3269\" data-orig-file=\"https:\/\/i0.wp.com\/www.volen.pl\/wp-content\/uploads\/2023\/07\/VOL9307.jpg?fit=2464%2C1632&amp;ssl=1\" data-orig-size=\"2464,1632\" data-comments-opened=\"1\" data-image-meta=\"{&quot;aperture&quot;:&quot;8&quot;,&quot;credit&quot;:&quot;Przemyslaw &#039;volen&#039; Wollenszleger&quot;,&quot;camera&quot;:&quot;NIKON D7000&quot;,&quot;caption&quot;:&quot;&quot;,&quot;created_timestamp&quot;:&quot;1687267366&quot;,&quot;copyright&quot;:&quot;&quot;,&quot;focal_length&quot;:&quot;165&quot;,&quot;iso&quot;:&quot;1400&quot;,&quot;shutter_speed&quot;:&quot;0.003125&quot;,&quot;title&quot;:&quot;&quot;,&quot;orientation&quot;:&quot;1&quot;}\" data-image-title=\"VOL9307\" data-image-description=\"\" data-image-caption=\"\" data-large-file=\"https:\/\/i0.wp.com\/www.volen.pl\/wp-content\/uploads\/2023\/07\/VOL9307.jpg?fit=2048%2C1356&amp;ssl=1\" data-id=\"3269\" src=\"https:\/\/i0.wp.com\/www.volen.pl\/wp-content\/uploads\/2023\/07\/VOL9307.jpg?resize=2048%2C1356&#038;ssl=1\" alt=\"\" class=\"wp-image-3269\" srcset=\"https:\/\/i0.wp.com\/www.volen.pl\/wp-content\/uploads\/2023\/07\/VOL9307.jpg?resize=2048%2C1356&amp;ssl=1 2048w, https:\/\/i0.wp.com\/www.volen.pl\/wp-content\/uploads\/2023\/07\/VOL9307.jpg?resize=1024%2C678&amp;ssl=1 1024w, https:\/\/i0.wp.com\/www.volen.pl\/wp-content\/uploads\/2023\/07\/VOL9307.jpg?resize=1536%2C1017&amp;ssl=1 1536w, https:\/\/i0.wp.com\/www.volen.pl\/wp-content\/uploads\/2023\/07\/VOL9307.jpg?resize=120%2C80&amp;ssl=1 120w\" sizes=\"auto, (max-width: 1000px) 100vw, 1000px\" \/><figcaption class=\"wp-element-caption\">Zesp\u00f3\u0142 architektoniczno-parkowy Dworeca w Ba\u0142cziku<\/figcaption><\/figure>\n\n\n\n<figure class=\"wp-block-image size-large\"><img data-recalc-dims=\"1\" loading=\"lazy\" decoding=\"async\" width=\"2048\" height=\"1356\" data-attachment-id=\"3274\" data-permalink=\"https:\/\/www.volen.pl\/?attachment_id=3274\" data-orig-file=\"https:\/\/i0.wp.com\/www.volen.pl\/wp-content\/uploads\/2023\/07\/VOL9314.jpg?fit=2464%2C1632&amp;ssl=1\" data-orig-size=\"2464,1632\" data-comments-opened=\"1\" data-image-meta=\"{&quot;aperture&quot;:&quot;8&quot;,&quot;credit&quot;:&quot;Przemyslaw &#039;volen&#039; Wollenszleger&quot;,&quot;camera&quot;:&quot;NIKON D7000&quot;,&quot;caption&quot;:&quot;&quot;,&quot;created_timestamp&quot;:&quot;1687267395&quot;,&quot;copyright&quot;:&quot;&quot;,&quot;focal_length&quot;:&quot;185&quot;,&quot;iso&quot;:&quot;1400&quot;,&quot;shutter_speed&quot;:&quot;0.003125&quot;,&quot;title&quot;:&quot;&quot;,&quot;orientation&quot;:&quot;1&quot;}\" data-image-title=\"VOL9314\" data-image-description=\"\" data-image-caption=\"\" data-large-file=\"https:\/\/i0.wp.com\/www.volen.pl\/wp-content\/uploads\/2023\/07\/VOL9314.jpg?fit=2048%2C1356&amp;ssl=1\" data-id=\"3274\" src=\"https:\/\/i0.wp.com\/www.volen.pl\/wp-content\/uploads\/2023\/07\/VOL9314.jpg?resize=2048%2C1356&#038;ssl=1\" alt=\"\" class=\"wp-image-3274\" srcset=\"https:\/\/i0.wp.com\/www.volen.pl\/wp-content\/uploads\/2023\/07\/VOL9314.jpg?resize=2048%2C1356&amp;ssl=1 2048w, https:\/\/i0.wp.com\/www.volen.pl\/wp-content\/uploads\/2023\/07\/VOL9314.jpg?resize=1024%2C678&amp;ssl=1 1024w, https:\/\/i0.wp.com\/www.volen.pl\/wp-content\/uploads\/2023\/07\/VOL9314.jpg?resize=1536%2C1017&amp;ssl=1 1536w, https:\/\/i0.wp.com\/www.volen.pl\/wp-content\/uploads\/2023\/07\/VOL9314.jpg?resize=120%2C80&amp;ssl=1 120w\" sizes=\"auto, (max-width: 1000px) 100vw, 1000px\" \/><figcaption class=\"wp-element-caption\">kr\u00f3lewicz<\/figcaption><\/figure>\n\n\n\n<figure class=\"wp-block-image size-large\"><img data-recalc-dims=\"1\" loading=\"lazy\" decoding=\"async\" width=\"2048\" height=\"1356\" data-attachment-id=\"3273\" data-permalink=\"https:\/\/www.volen.pl\/?attachment_id=3273\" data-orig-file=\"https:\/\/i0.wp.com\/www.volen.pl\/wp-content\/uploads\/2023\/07\/VOL9337.jpg?fit=2464%2C1632&amp;ssl=1\" data-orig-size=\"2464,1632\" data-comments-opened=\"1\" data-image-meta=\"{&quot;aperture&quot;:&quot;8&quot;,&quot;credit&quot;:&quot;Przemyslaw &#039;volen&#039; Wollenszleger&quot;,&quot;camera&quot;:&quot;NIKON D7000&quot;,&quot;caption&quot;:&quot;&quot;,&quot;created_timestamp&quot;:&quot;1687267498&quot;,&quot;copyright&quot;:&quot;&quot;,&quot;focal_length&quot;:&quot;240&quot;,&quot;iso&quot;:&quot;800&quot;,&quot;shutter_speed&quot;:&quot;0.003125&quot;,&quot;title&quot;:&quot;&quot;,&quot;orientation&quot;:&quot;1&quot;}\" data-image-title=\"VOL9337\" data-image-description=\"\" data-image-caption=\"\" data-large-file=\"https:\/\/i0.wp.com\/www.volen.pl\/wp-content\/uploads\/2023\/07\/VOL9337.jpg?fit=2048%2C1356&amp;ssl=1\" data-id=\"3273\" src=\"https:\/\/i0.wp.com\/www.volen.pl\/wp-content\/uploads\/2023\/07\/VOL9337.jpg?resize=2048%2C1356&#038;ssl=1\" alt=\"\" class=\"wp-image-3273\" srcset=\"https:\/\/i0.wp.com\/www.volen.pl\/wp-content\/uploads\/2023\/07\/VOL9337.jpg?resize=2048%2C1356&amp;ssl=1 2048w, https:\/\/i0.wp.com\/www.volen.pl\/wp-content\/uploads\/2023\/07\/VOL9337.jpg?resize=1024%2C678&amp;ssl=1 1024w, https:\/\/i0.wp.com\/www.volen.pl\/wp-content\/uploads\/2023\/07\/VOL9337.jpg?resize=1536%2C1017&amp;ssl=1 1536w, https:\/\/i0.wp.com\/www.volen.pl\/wp-content\/uploads\/2023\/07\/VOL9337.jpg?resize=120%2C80&amp;ssl=1 120w\" sizes=\"auto, (max-width: 1000px) 100vw, 1000px\" \/><figcaption class=\"wp-element-caption\">rudy kote\u0142<\/figcaption><\/figure>\n\n\n\n<figure class=\"wp-block-image size-large\"><img data-recalc-dims=\"1\" loading=\"lazy\" decoding=\"async\" width=\"2048\" height=\"1356\" data-attachment-id=\"3275\" data-permalink=\"https:\/\/www.volen.pl\/?attachment_id=3275\" data-orig-file=\"https:\/\/i0.wp.com\/www.volen.pl\/wp-content\/uploads\/2023\/07\/VOL9345.jpg?fit=2464%2C1632&amp;ssl=1\" data-orig-size=\"2464,1632\" data-comments-opened=\"1\" data-image-meta=\"{&quot;aperture&quot;:&quot;8&quot;,&quot;credit&quot;:&quot;Przemyslaw &#039;volen&#039; Wollenszleger&quot;,&quot;camera&quot;:&quot;NIKON D7000&quot;,&quot;caption&quot;:&quot;&quot;,&quot;created_timestamp&quot;:&quot;1687268224&quot;,&quot;copyright&quot;:&quot;&quot;,&quot;focal_length&quot;:&quot;150&quot;,&quot;iso&quot;:&quot;1600&quot;,&quot;shutter_speed&quot;:&quot;0.005&quot;,&quot;title&quot;:&quot;&quot;,&quot;orientation&quot;:&quot;1&quot;}\" data-image-title=\"VOL9345\" data-image-description=\"\" data-image-caption=\"\" data-large-file=\"https:\/\/i0.wp.com\/www.volen.pl\/wp-content\/uploads\/2023\/07\/VOL9345.jpg?fit=2048%2C1356&amp;ssl=1\" data-id=\"3275\" src=\"https:\/\/i0.wp.com\/www.volen.pl\/wp-content\/uploads\/2023\/07\/VOL9345.jpg?resize=2048%2C1356&#038;ssl=1\" alt=\"\" class=\"wp-image-3275\" srcset=\"https:\/\/i0.wp.com\/www.volen.pl\/wp-content\/uploads\/2023\/07\/VOL9345.jpg?resize=2048%2C1356&amp;ssl=1 2048w, https:\/\/i0.wp.com\/www.volen.pl\/wp-content\/uploads\/2023\/07\/VOL9345.jpg?resize=1024%2C678&amp;ssl=1 1024w, https:\/\/i0.wp.com\/www.volen.pl\/wp-content\/uploads\/2023\/07\/VOL9345.jpg?resize=1536%2C1017&amp;ssl=1 1536w, https:\/\/i0.wp.com\/www.volen.pl\/wp-content\/uploads\/2023\/07\/VOL9345.jpg?resize=120%2C80&amp;ssl=1 120w\" sizes=\"auto, (max-width: 1000px) 100vw, 1000px\" \/><figcaption class=\"wp-element-caption\">ojciec i syn<\/figcaption><\/figure>\n\n\n\n<figure class=\"wp-block-image size-large\"><img data-recalc-dims=\"1\" loading=\"lazy\" decoding=\"async\" width=\"2048\" height=\"1356\" data-attachment-id=\"3276\" data-permalink=\"https:\/\/www.volen.pl\/?attachment_id=3276\" data-orig-file=\"https:\/\/i0.wp.com\/www.volen.pl\/wp-content\/uploads\/2023\/07\/VOL9354.jpg?fit=2464%2C1632&amp;ssl=1\" data-orig-size=\"2464,1632\" data-comments-opened=\"1\" data-image-meta=\"{&quot;aperture&quot;:&quot;8&quot;,&quot;credit&quot;:&quot;Przemyslaw &#039;volen&#039; Wollenszleger&quot;,&quot;camera&quot;:&quot;NIKON D7000&quot;,&quot;caption&quot;:&quot;&quot;,&quot;created_timestamp&quot;:&quot;1687268449&quot;,&quot;copyright&quot;:&quot;&quot;,&quot;focal_length&quot;:&quot;16&quot;,&quot;iso&quot;:&quot;450&quot;,&quot;shutter_speed&quot;:&quot;0.003125&quot;,&quot;title&quot;:&quot;&quot;,&quot;orientation&quot;:&quot;1&quot;}\" data-image-title=\"VOL9354\" data-image-description=\"\" data-image-caption=\"\" data-large-file=\"https:\/\/i0.wp.com\/www.volen.pl\/wp-content\/uploads\/2023\/07\/VOL9354.jpg?fit=2048%2C1356&amp;ssl=1\" data-id=\"3276\" src=\"https:\/\/i0.wp.com\/www.volen.pl\/wp-content\/uploads\/2023\/07\/VOL9354.jpg?resize=2048%2C1356&#038;ssl=1\" alt=\"\" class=\"wp-image-3276\" srcset=\"https:\/\/i0.wp.com\/www.volen.pl\/wp-content\/uploads\/2023\/07\/VOL9354.jpg?resize=2048%2C1356&amp;ssl=1 2048w, https:\/\/i0.wp.com\/www.volen.pl\/wp-content\/uploads\/2023\/07\/VOL9354.jpg?resize=1024%2C678&amp;ssl=1 1024w, https:\/\/i0.wp.com\/www.volen.pl\/wp-content\/uploads\/2023\/07\/VOL9354.jpg?resize=1536%2C1017&amp;ssl=1 1536w, https:\/\/i0.wp.com\/www.volen.pl\/wp-content\/uploads\/2023\/07\/VOL9354.jpg?resize=120%2C80&amp;ssl=1 120w\" sizes=\"auto, (max-width: 1000px) 100vw, 1000px\" \/><figcaption class=\"wp-element-caption\">Zesp\u00f3\u0142 architektoniczno-parkowy Dworeca w Ba\u0142cziku<\/figcaption><\/figure>\n\n\n\n<figure class=\"wp-block-image size-large\"><img data-recalc-dims=\"1\" loading=\"lazy\" decoding=\"async\" width=\"2048\" height=\"1356\" data-attachment-id=\"3277\" data-permalink=\"https:\/\/www.volen.pl\/?attachment_id=3277\" data-orig-file=\"https:\/\/i0.wp.com\/www.volen.pl\/wp-content\/uploads\/2023\/07\/VOL9372.jpg?fit=2464%2C1632&amp;ssl=1\" data-orig-size=\"2464,1632\" data-comments-opened=\"1\" data-image-meta=\"{&quot;aperture&quot;:&quot;8&quot;,&quot;credit&quot;:&quot;Przemyslaw &#039;volen&#039; Wollenszleger&quot;,&quot;camera&quot;:&quot;NIKON D7000&quot;,&quot;caption&quot;:&quot;&quot;,&quot;created_timestamp&quot;:&quot;1687269383&quot;,&quot;copyright&quot;:&quot;&quot;,&quot;focal_length&quot;:&quot;16&quot;,&quot;iso&quot;:&quot;1600&quot;,&quot;shutter_speed&quot;:&quot;0.0125&quot;,&quot;title&quot;:&quot;&quot;,&quot;orientation&quot;:&quot;1&quot;}\" data-image-title=\"VOL9372\" data-image-description=\"\" data-image-caption=\"\" data-large-file=\"https:\/\/i0.wp.com\/www.volen.pl\/wp-content\/uploads\/2023\/07\/VOL9372.jpg?fit=2048%2C1356&amp;ssl=1\" data-id=\"3277\" src=\"https:\/\/i0.wp.com\/www.volen.pl\/wp-content\/uploads\/2023\/07\/VOL9372.jpg?resize=2048%2C1356&#038;ssl=1\" alt=\"\" class=\"wp-image-3277\" srcset=\"https:\/\/i0.wp.com\/www.volen.pl\/wp-content\/uploads\/2023\/07\/VOL9372.jpg?resize=2048%2C1356&amp;ssl=1 2048w, https:\/\/i0.wp.com\/www.volen.pl\/wp-content\/uploads\/2023\/07\/VOL9372.jpg?resize=1024%2C678&amp;ssl=1 1024w, https:\/\/i0.wp.com\/www.volen.pl\/wp-content\/uploads\/2023\/07\/VOL9372.jpg?resize=1536%2C1017&amp;ssl=1 1536w, https:\/\/i0.wp.com\/www.volen.pl\/wp-content\/uploads\/2023\/07\/VOL9372.jpg?resize=120%2C80&amp;ssl=1 120w\" sizes=\"auto, (max-width: 1000px) 100vw, 1000px\" \/><figcaption class=\"wp-element-caption\">Mieszko<\/figcaption><\/figure>\n<\/figure>\n\n\n\n<p class=\"wp-block-paragraph\">Rosn\u0105cy cicho w zak\u0105tku chwast\u00f3w i zi\u00f3\u0142 rozmaryn spowodowa\u0142, \u017ce wr\u00f3cili\u015bmy przed wyj\u015bciem raz jeszcze, by ukra\u015b\u0107 aromatyczne ga\u0142\u0105zki. <\/p>\n\n\n\n<p class=\"wp-block-paragraph\">Obiadek na wyj\u015bciu w jednej z wielu restauracji oko\u0142opa\u0142acowych, bardzo smaczny, lubi\u0119 bu\u0142garskie \u017carcie.<\/p>\n\n\n\n<figure class=\"wp-block-image size-full\"><img data-recalc-dims=\"1\" loading=\"lazy\" decoding=\"async\" width=\"2048\" height=\"1536\" data-attachment-id=\"3279\" data-permalink=\"https:\/\/www.volen.pl\/?attachment_id=3279\" data-orig-file=\"https:\/\/i0.wp.com\/www.volen.pl\/wp-content\/uploads\/2023\/07\/zIMG_20230620_182344.jpg?fit=2048%2C1536&amp;ssl=1\" data-orig-size=\"2048,1536\" data-comments-opened=\"1\" data-image-meta=\"{&quot;aperture&quot;:&quot;2.1&quot;,&quot;credit&quot;:&quot;&quot;,&quot;camera&quot;:&quot;HUAWEI P60 Pro&quot;,&quot;caption&quot;:&quot;_cuva&quot;,&quot;created_timestamp&quot;:&quot;1687285424&quot;,&quot;copyright&quot;:&quot;&quot;,&quot;focal_length&quot;:&quot;14.552&quot;,&quot;iso&quot;:&quot;50&quot;,&quot;shutter_speed&quot;:&quot;0.003476&quot;,&quot;title&quot;:&quot;_cuva&quot;,&quot;orientation&quot;:&quot;0&quot;}\" data-image-title=\"_cuva\" data-image-description=\"\" data-image-caption=\"&lt;p&gt;_cuva&lt;\/p&gt;\n\" data-large-file=\"https:\/\/i0.wp.com\/www.volen.pl\/wp-content\/uploads\/2023\/07\/zIMG_20230620_182344.jpg?fit=2048%2C1536&amp;ssl=1\" src=\"https:\/\/i0.wp.com\/www.volen.pl\/wp-content\/uploads\/2023\/07\/zIMG_20230620_182344.jpg?resize=2048%2C1536&#038;ssl=1\" alt=\"\" class=\"wp-image-3279\" srcset=\"https:\/\/i0.wp.com\/www.volen.pl\/wp-content\/uploads\/2023\/07\/zIMG_20230620_182344.jpg?w=2048&amp;ssl=1 2048w, https:\/\/i0.wp.com\/www.volen.pl\/wp-content\/uploads\/2023\/07\/zIMG_20230620_182344.jpg?resize=1024%2C768&amp;ssl=1 1024w, https:\/\/i0.wp.com\/www.volen.pl\/wp-content\/uploads\/2023\/07\/zIMG_20230620_182344.jpg?resize=1536%2C1152&amp;ssl=1 1536w, https:\/\/i0.wp.com\/www.volen.pl\/wp-content\/uploads\/2023\/07\/zIMG_20230620_182344.jpg?resize=160%2C120&amp;ssl=1 160w\" sizes=\"auto, (max-width: 1000px) 100vw, 1000px\" \/><figcaption class=\"wp-element-caption\">bu\u0142garskie \u017carcie<\/figcaption><\/figure>\n\n\n\n<p class=\"wp-block-paragraph\">W samym za\u015b ogrodzie, w kr\u00f3lewskiej winiarni, zakupili\u015bmy kilka butelek wina i rakii z dostaw\u0105 do domu. W sensie do Polski. I przysz\u0142o.<\/p>\n\n\n\n<p class=\"wp-block-paragraph\">Spokojny dzie\u0144, Jutro p\u0119dzimy na po\u0142udnie. Jeszcze tylko nielegalnie uruchomi\u0142em kempingowy basen dla Mieszka i poszli\u015bmy spa\u0107.<\/p>\n\n\n\n<p class=\"wp-block-paragraph\">Rano pod znakiem pakowania i nadchodz\u0105cego wielkimi krokami show w delfinarium. Pojawi\u0142a si\u0119 na chwil\u0119 Antonia, ale nie by\u0142o nam dane si\u0119 po\u017cegna\u0107.<\/p>\n\n\n\n<p class=\"wp-block-paragraph\">Jeden z delfin\u00f3w, jeszcze przed show, pogada\u0142 ze mn\u0105 niezobowi\u0105zuj\u0105co, ugruntowuj\u0105c w oczach dzieci nadprzyrodzone mo\u017cliwo\u015bci ich ojca (rok wcze\u015bniej przeprowadzi\u0142em na ich oczach wywiad z or\u0142em w Kadzid\u0142owie). Delfiny bardzo mi si\u0119 spodoba\u0142y, bardzo ciekawe zwierzaki. <\/p>\n\n\n\n<p class=\"wp-block-paragraph\">Potem pop\u0119dzili\u015bmy dalej, w poszukiwaniu jakiej\u015b fajnej miejsc\u00f3wki. Irakli Wild Camping, mimo wielu przychylnych opinii, w og\u00f3le nie przypad\u0142 nam do gustu, droga do\u0144, jak po wojnie, beznadzieja. Wr\u00f3cili\u015bmy do miejscowo\u015bci Obzor, gdzie zakotwiczyli\u015bmy u Wiktora, jeszcze nie wiemy, na jak d\u0142ugo.<\/p>\n","protected":false},"excerpt":{"rendered":"<p>Okazuje si\u0119, \u017ce nasze dzieci uwielbiaj\u0105 zespo\u0142y parkowo &#8211; pa\u0142acowe. Po rutynowych czynno\u015bciach obozowych, w&#8230;<\/p>\n<div class=\"more-link-wrapper\"><a class=\"more-link\" href=\"https:\/\/www.volen.pl\/?p=3264\">Read the post<span class=\"screen-reader-text\">Rumu\u0144ska kr\u00f3lowa, delfiny i bezdro\u017ca Bu\u0142garii<\/span><\/a><\/div>\n","protected":false},"author":1,"featured_media":3276,"comment_status":"open","ping_status":"open","sticky":false,"template":"","format":"standard","meta":{"_crdt_document":"","jetpack_post_was_ever_published":false,"_jetpack_newsletter_access":"","_jetpack_dont_email_post_to_subs":false,"_jetpack_newsletter_tier_id":0,"_jetpack_memberships_contains_paywalled_content":false,"_jetpack_memberships_contains_paid_content":false,"footnotes":"","jetpack_publicize_message":"","jetpack_publicize_feature_enabled":true,"jetpack_social_post_already_shared":true,"jetpack_social_options":{"image_generator_settings":{"template":"highway","default_image_id":0,"font":"","enabled":false},"version":2}},"categories":[474],"tags":[462,496,91,497,205,499,498,60],"class_list":["post-3264","post","type-post","status-publish","format-standard","has-post-thumbnail","hentry","category-pobyku","tag-462","tag-balczik","tag-bulgaria","tag-delfiny","tag-nawariata","tag-obzor","tag-ogrod-botaniczny","tag-podroze","excerpt","zoom","full-without-featured","even","excerpt-0"],"jetpack_publicize_connections":[],"jetpack_featured_media_url":"https:\/\/i0.wp.com\/www.volen.pl\/wp-content\/uploads\/2023\/07\/VOL9354.jpg?fit=2464%2C1632&ssl=1","jetpack_shortlink":"https:\/\/wp.me\/p4lAri-QE","jetpack_sharing_enabled":true,"jetpack-related-posts":[{"id":3313,"url":"https:\/\/www.volen.pl\/?p=3313","url_meta":{"origin":3264,"position":0},"title":"\u015awietliki","author":"volen","date":"2023-06-25","format":false,"excerpt":"Po\u017cegnali\u015bmy Wiktora i jego kemping i ruszyli\u015bmy na po\u0142udnie, z\u0142udnie zwiedzeni s\u0142odkimi opisami rewelacyjnych miejsc w tej okolicy. Na trasie Kot m\u00f3j wybra\u0142 restauracj\u0119 na podstawie opinii na mapach. Pomanewrowali\u015bmy troch\u0119 po kr\u0119tych, ciasnych uliczkach i trafili\u015bmy do Ivet w Czernomorcu. Nie zabra\u0142em z samochodu okular\u00f3w, co spowodowa\u0142o zamawianie troch\u0119\u2026","rel":"","context":"W \u201epo byku&quot;","block_context":{"text":"po byku","link":"https:\/\/www.volen.pl\/?cat=474"},"img":{"alt_text":"","src":"https:\/\/i0.wp.com\/www.volen.pl\/wp-content\/uploads\/2023\/07\/IMG_20230625_200729.jpg?fit=1200%2C900&ssl=1&resize=350%2C200","width":350,"height":200,"srcset":"https:\/\/i0.wp.com\/www.volen.pl\/wp-content\/uploads\/2023\/07\/IMG_20230625_200729.jpg?fit=1200%2C900&ssl=1&resize=350%2C200 1x, https:\/\/i0.wp.com\/www.volen.pl\/wp-content\/uploads\/2023\/07\/IMG_20230625_200729.jpg?fit=1200%2C900&ssl=1&resize=525%2C300 1.5x, https:\/\/i0.wp.com\/www.volen.pl\/wp-content\/uploads\/2023\/07\/IMG_20230625_200729.jpg?fit=1200%2C900&ssl=1&resize=700%2C400 2x, https:\/\/i0.wp.com\/www.volen.pl\/wp-content\/uploads\/2023\/07\/IMG_20230625_200729.jpg?fit=1200%2C900&ssl=1&resize=1050%2C600 3x"},"classes":[]},{"id":230,"url":"https:\/\/www.volen.pl\/?p=230","url_meta":{"origin":3264,"position":1},"title":"Z Achalciche do Kutaisi","author":"volen","date":"2012-10-07","format":false,"excerpt":"A owo\u017c i nasta\u0142 dzie\u0144 si\u00f3dmy pa\u017adziernika Anno Domini 2012. Oko\u0142o godziny 1.00 w nocy obudzi\u0142 nas \u0142omot do drzwi, to s\u0105siadka Miszy chcia\u0142a taks\u00f3wk\u0119 do Bord\u017comi po nocy bra\u0107. Ca\u0142e szcz\u0119\u015bcie, nie zgodzi\u0142 si\u0119, a my usi\u0142owali\u015bmy znowu zasn\u0105\u0107. Ledwo si\u0119 uda\u0142o, a ju\u017c pi\u0105ta na zegarze, tubylcy zacz\u0119li\u2026","rel":"","context":"W \u201e7000km - 2012&quot;","block_context":{"text":"7000km - 2012","link":"https:\/\/www.volen.pl\/?cat=135"},"img":{"alt_text":"","src":"https:\/\/i0.wp.com\/www.volen.pl\/wp-content\/uploads\/2012\/10\/8144379657_df79d49bb1_k.jpg?fit=1200%2C796&ssl=1&resize=350%2C200","width":350,"height":200,"srcset":"https:\/\/i0.wp.com\/www.volen.pl\/wp-content\/uploads\/2012\/10\/8144379657_df79d49bb1_k.jpg?fit=1200%2C796&ssl=1&resize=350%2C200 1x, https:\/\/i0.wp.com\/www.volen.pl\/wp-content\/uploads\/2012\/10\/8144379657_df79d49bb1_k.jpg?fit=1200%2C796&ssl=1&resize=525%2C300 1.5x, https:\/\/i0.wp.com\/www.volen.pl\/wp-content\/uploads\/2012\/10\/8144379657_df79d49bb1_k.jpg?fit=1200%2C796&ssl=1&resize=700%2C400 2x, https:\/\/i0.wp.com\/www.volen.pl\/wp-content\/uploads\/2012\/10\/8144379657_df79d49bb1_k.jpg?fit=1200%2C796&ssl=1&resize=1050%2C600 3x"},"classes":[]},{"id":3355,"url":"https:\/\/www.volen.pl\/?p=3355","url_meta":{"origin":3264,"position":2},"title":"Antypanda","author":"volen","date":"2023-07-02","format":false,"excerpt":"Postanowili\u015bmy zosta\u0107 i odpocz\u0105\u0107 i nacieszy\u0107 si\u0119 nadchodz\u0105cym zgie\u0142kiem pocz\u0105tku sezonu.Zostali\u015bmy ca\u0142y czwartek, w nocy obudzi\u0142a nas sroga impreza gdzie\u015b na wzg\u00f3rzach okalaj\u0105cych Skorpilovtchi, a potem w pi\u0105tek co\u015b chcieli\u015bmy zrobi\u0107, ju\u017c nie pami\u0119tam, co, i okaza\u0142o si\u0119, \u017ce autko nam zasn\u0119\u0142o snem wiekuistym. Nie reaguje na kluczyk, g\u0142askanie, sapanie,\u2026","rel":"","context":"W \u201epo byku&quot;","block_context":{"text":"po byku","link":"https:\/\/www.volen.pl\/?cat=474"},"img":{"alt_text":"","src":"https:\/\/i0.wp.com\/www.volen.pl\/wp-content\/uploads\/2023\/07\/IMG_20230701_162213.jpg?fit=1200%2C900&ssl=1&resize=350%2C200","width":350,"height":200,"srcset":"https:\/\/i0.wp.com\/www.volen.pl\/wp-content\/uploads\/2023\/07\/IMG_20230701_162213.jpg?fit=1200%2C900&ssl=1&resize=350%2C200 1x, https:\/\/i0.wp.com\/www.volen.pl\/wp-content\/uploads\/2023\/07\/IMG_20230701_162213.jpg?fit=1200%2C900&ssl=1&resize=525%2C300 1.5x, https:\/\/i0.wp.com\/www.volen.pl\/wp-content\/uploads\/2023\/07\/IMG_20230701_162213.jpg?fit=1200%2C900&ssl=1&resize=700%2C400 2x, https:\/\/i0.wp.com\/www.volen.pl\/wp-content\/uploads\/2023\/07\/IMG_20230701_162213.jpg?fit=1200%2C900&ssl=1&resize=1050%2C600 3x"},"classes":[]},{"id":1979,"url":"https:\/\/www.volen.pl\/?p=1979","url_meta":{"origin":3264,"position":3},"title":"zemsta Allaha","author":"volen","date":"2016-12-10","format":false,"excerpt":"Kemping \u00f3w by\u0142 tylko miejscem na mapie, w kt\u00f3rym znajdowa\u0142 si\u0119 ogr\u00f3d botaniczny, wielka chluba Batumi. Skr\u0119ci\u0142em wi\u0119c w uliczk\u0119 obok i widz\u0105c przechodz\u0105c\u0105 mimo kobiet\u0119, zapyta\u0142em, czy nie ma przypadkiem jakiego\u015b miejsca do spania i zalegli\u015bmy w ko\u0144cu u niej, w jej sypialni, z kt\u00f3rej si\u0119 chwilowo wynios\u0142a, bo\u2026","rel":"","context":"W \u201enawariata&quot;","block_context":{"text":"nawariata","link":"https:\/\/www.volen.pl\/?cat=93"},"img":{"alt_text":"","src":"https:\/\/i0.wp.com\/www.volen.pl\/wp-content\/uploads\/2016\/12\/flaga_VOL2659.jpg?fit=1200%2C795&ssl=1&resize=350%2C200","width":350,"height":200,"srcset":"https:\/\/i0.wp.com\/www.volen.pl\/wp-content\/uploads\/2016\/12\/flaga_VOL2659.jpg?fit=1200%2C795&ssl=1&resize=350%2C200 1x, https:\/\/i0.wp.com\/www.volen.pl\/wp-content\/uploads\/2016\/12\/flaga_VOL2659.jpg?fit=1200%2C795&ssl=1&resize=525%2C300 1.5x, https:\/\/i0.wp.com\/www.volen.pl\/wp-content\/uploads\/2016\/12\/flaga_VOL2659.jpg?fit=1200%2C795&ssl=1&resize=700%2C400 2x, https:\/\/i0.wp.com\/www.volen.pl\/wp-content\/uploads\/2016\/12\/flaga_VOL2659.jpg?fit=1200%2C795&ssl=1&resize=1050%2C600 3x"},"classes":[]},{"id":3088,"url":"https:\/\/www.volen.pl\/?p=3088","url_meta":{"origin":3264,"position":4},"title":"Ko\u0142omyja","author":"volen","date":"2018-10-15","format":false,"excerpt":"Rano poszed\u0142em si\u0119 przej\u015b\u0107, poszuka\u0107 prawnika, za\u0142atwi\u0107 transport i takie tam drobiazgi. W ca\u0142ym logistycznym szale\u0144stwie usi\u0142owa\u0142em nie zwariowa\u0107, podejmowa\u0107 racjonalne decyzje, koordynowa\u0107, odpowiada\u0107 na pytania, zadawa\u0107 swoje, szuka\u0107 dziwnych rzeczy w dziwnym j\u0119zyku i jeszcze dziwniejszymi literami po rosyjskiej stronie internetu, dzi\u0119ki czemu jest 15:43 a mi si\u0119 chce\u2026","rel":"","context":"W \u201enawariata&quot;","block_context":{"text":"nawariata","link":"https:\/\/www.volen.pl\/?cat=93"},"img":{"alt_text":"","src":"","width":0,"height":0},"classes":[]},{"id":2906,"url":"https:\/\/www.volen.pl\/?p=2906","url_meta":{"origin":3264,"position":5},"title":"dyskretny urok elegancji","author":"volen","date":"2018-07-16","format":false,"excerpt":"Od p\u00f3\u0142nocy pada deszcz, pada, si\u0105pi, leje, szumi, Olchon p\u0142acze na nasz odjazd... Rano wszystko mokre... a woda wci\u0105\u017c zwartym strumieniem z nieba p\u0142ynie. Zwin\u0105\u0142em namiot na \u0142apu - capu i wrzuci\u0142em na pak\u0119, wyschn\u0119 go p\u00f3\u017aniej. Wyjazd z wyspy dzi\u015b to ogromna b\u0142otna \u015blizgawka, nap\u0119d na cztery \u0142apki i\u2026","rel":"","context":"W \u201enawariata&quot;","block_context":{"text":"nawariata","link":"https:\/\/www.volen.pl\/?cat=93"},"img":{"alt_text":"","src":"https:\/\/i0.wp.com\/www.volen.pl\/wp-content\/uploads\/2018\/07\/wyjazd_VOL3949.jpg?fit=1200%2C619&ssl=1&resize=350%2C200","width":350,"height":200,"srcset":"https:\/\/i0.wp.com\/www.volen.pl\/wp-content\/uploads\/2018\/07\/wyjazd_VOL3949.jpg?fit=1200%2C619&ssl=1&resize=350%2C200 1x, https:\/\/i0.wp.com\/www.volen.pl\/wp-content\/uploads\/2018\/07\/wyjazd_VOL3949.jpg?fit=1200%2C619&ssl=1&resize=525%2C300 1.5x, https:\/\/i0.wp.com\/www.volen.pl\/wp-content\/uploads\/2018\/07\/wyjazd_VOL3949.jpg?fit=1200%2C619&ssl=1&resize=700%2C400 2x, https:\/\/i0.wp.com\/www.volen.pl\/wp-content\/uploads\/2018\/07\/wyjazd_VOL3949.jpg?fit=1200%2C619&ssl=1&resize=1050%2C600 3x"},"classes":[]}],"_links":{"self":[{"href":"https:\/\/www.volen.pl\/index.php?rest_route=\/wp\/v2\/posts\/3264","targetHints":{"allow":["GET"]}}],"collection":[{"href":"https:\/\/www.volen.pl\/index.php?rest_route=\/wp\/v2\/posts"}],"about":[{"href":"https:\/\/www.volen.pl\/index.php?rest_route=\/wp\/v2\/types\/post"}],"author":[{"embeddable":true,"href":"https:\/\/www.volen.pl\/index.php?rest_route=\/wp\/v2\/users\/1"}],"replies":[{"embeddable":true,"href":"https:\/\/www.volen.pl\/index.php?rest_route=%2Fwp%2Fv2%2Fcomments&post=3264"}],"version-history":[{"count":3,"href":"https:\/\/www.volen.pl\/index.php?rest_route=\/wp\/v2\/posts\/3264\/revisions"}],"predecessor-version":[{"id":3280,"href":"https:\/\/www.volen.pl\/index.php?rest_route=\/wp\/v2\/posts\/3264\/revisions\/3280"}],"wp:featuredmedia":[{"embeddable":true,"href":"https:\/\/www.volen.pl\/index.php?rest_route=\/wp\/v2\/media\/3276"}],"wp:attachment":[{"href":"https:\/\/www.volen.pl\/index.php?rest_route=%2Fwp%2Fv2%2Fmedia&parent=3264"}],"wp:term":[{"taxonomy":"category","embeddable":true,"href":"https:\/\/www.volen.pl\/index.php?rest_route=%2Fwp%2Fv2%2Fcategories&post=3264"},{"taxonomy":"post_tag","embeddable":true,"href":"https:\/\/www.volen.pl\/index.php?rest_route=%2Fwp%2Fv2%2Ftags&post=3264"}],"curies":[{"name":"wp","href":"https:\/\/api.w.org\/{rel}","templated":true}]}}