{"id":3313,"date":"2023-06-25T16:58:50","date_gmt":"2023-06-25T14:58:50","guid":{"rendered":"https:\/\/www.volen.pl\/?p=3313"},"modified":"2023-07-19T19:17:16","modified_gmt":"2023-07-19T17:17:16","slug":"swietliki","status":"publish","type":"post","link":"https:\/\/www.volen.pl\/?p=3313","title":{"rendered":"\u015awietliki"},"content":{"rendered":"\n<p class=\"wp-block-paragraph\">Po\u017cegnali\u015bmy Wiktora i jego kemping i ruszyli\u015bmy na po\u0142udnie, z\u0142udnie zwiedzeni s\u0142odkimi opisami rewelacyjnych miejsc w tej okolicy. <\/p>\n\n\n\n<p class=\"wp-block-paragraph\">Na trasie Kot m\u00f3j wybra\u0142 restauracj\u0119 na podstawie opinii na mapach. Pomanewrowali\u015bmy troch\u0119 po kr\u0119tych, ciasnych uliczkach i trafili\u015bmy do Ivet w Czernomorcu. Nie zabra\u0142em z samochodu okular\u00f3w, co spowodowa\u0142o zamawianie troch\u0119 po omacku, dzi\u0119ki czemu dosta\u0142em p\u00f3\u0142 prosiaka z grilla: przyniesiono go na mieczu udaj\u0105cym ro\u017cen, dodatkowo dzieci dom\u00f3wi\u0142y spaghetti, mielone, a Ania zup\u0119, wi\u0119c \u017carcia mieli\u015bmy w br\u00f3d. W\u0142a\u015bciciel okaza\u0142 si\u0119 by\u0107 w cywilu optykiem a \u017con\u0119 ma okulistk\u0119, ma te\u017c znajomego maratonist\u0119, lat 78, kt\u00f3ry rozmawia po polsku, gdy\u017c \u017con\u0119 znalaz\u0142 jaki\u015b czas temu na gda\u0144skiej Oruni.<\/p>\n\n\n\n<p class=\"wp-block-paragraph\">Po obiadku odwiedzili\u015bmy dwa miejsca, ale nam nie odpowiada\u0142y, zakotwiczyli\u015bmy dopiero za Carewem na kempingu Delfin. Tu dzikie t\u0142umy bu\u0142garskiej braci i my jako rodzynki na dok\u0142adk\u0119, dopiero na sam\u0105 noc zjecha\u0142a para Szwajcar\u00f3w.<\/p>\n\n\n\n<figure class=\"wp-block-gallery has-nested-images columns-default is-cropped wp-block-gallery-1 is-layout-flex wp-block-gallery-is-layout-flex\">\n<figure class=\"wp-block-image size-large\"><img data-recalc-dims=\"1\" loading=\"lazy\" decoding=\"async\" width=\"2048\" height=\"1536\" data-attachment-id=\"3315\" data-permalink=\"https:\/\/www.volen.pl\/?attachment_id=3315\" data-orig-file=\"https:\/\/i0.wp.com\/www.volen.pl\/wp-content\/uploads\/2023\/07\/IMG_20230625_193011.jpg?fit=2048%2C1536&amp;ssl=1\" data-orig-size=\"2048,1536\" data-comments-opened=\"1\" data-image-meta=\"{&quot;aperture&quot;:&quot;2&quot;,&quot;credit&quot;:&quot;&quot;,&quot;camera&quot;:&quot;HUAWEI P60 Pro&quot;,&quot;caption&quot;:&quot;_cuva&quot;,&quot;created_timestamp&quot;:&quot;1687721411&quot;,&quot;copyright&quot;:&quot;&quot;,&quot;focal_length&quot;:&quot;6.35&quot;,&quot;iso&quot;:&quot;50&quot;,&quot;shutter_speed&quot;:&quot;0.000746&quot;,&quot;title&quot;:&quot;_cuva&quot;,&quot;orientation&quot;:&quot;0&quot;}\" data-image-title=\"_cuva\" data-image-description=\"\" data-image-caption=\"&lt;p&gt;_cuva&lt;\/p&gt;\n\" data-large-file=\"https:\/\/i0.wp.com\/www.volen.pl\/wp-content\/uploads\/2023\/07\/IMG_20230625_193011.jpg?fit=2048%2C1536&amp;ssl=1\" data-id=\"3315\" src=\"https:\/\/i0.wp.com\/www.volen.pl\/wp-content\/uploads\/2023\/07\/IMG_20230625_193011.jpg?resize=2048%2C1536&#038;ssl=1\" alt=\"\" class=\"wp-image-3315\" srcset=\"https:\/\/i0.wp.com\/www.volen.pl\/wp-content\/uploads\/2023\/07\/IMG_20230625_193011.jpg?w=2048&amp;ssl=1 2048w, https:\/\/i0.wp.com\/www.volen.pl\/wp-content\/uploads\/2023\/07\/IMG_20230625_193011.jpg?resize=1024%2C768&amp;ssl=1 1024w, https:\/\/i0.wp.com\/www.volen.pl\/wp-content\/uploads\/2023\/07\/IMG_20230625_193011.jpg?resize=1536%2C1152&amp;ssl=1 1536w, https:\/\/i0.wp.com\/www.volen.pl\/wp-content\/uploads\/2023\/07\/IMG_20230625_193011.jpg?resize=160%2C120&amp;ssl=1 160w\" sizes=\"auto, (max-width: 1000px) 100vw, 1000px\" \/><figcaption class=\"wp-element-caption\">Camping Delfin<\/figcaption><\/figure>\n\n\n\n<figure class=\"wp-block-image size-large\"><img data-recalc-dims=\"1\" loading=\"lazy\" decoding=\"async\" width=\"2048\" height=\"1536\" data-attachment-id=\"3316\" data-permalink=\"https:\/\/www.volen.pl\/?attachment_id=3316\" data-orig-file=\"https:\/\/i0.wp.com\/www.volen.pl\/wp-content\/uploads\/2023\/07\/IMG_20230625_202056.jpg?fit=2048%2C1536&amp;ssl=1\" data-orig-size=\"2048,1536\" data-comments-opened=\"1\" data-image-meta=\"{&quot;aperture&quot;:&quot;2&quot;,&quot;credit&quot;:&quot;&quot;,&quot;camera&quot;:&quot;HUAWEI P60 Pro&quot;,&quot;caption&quot;:&quot;_cuva&quot;,&quot;created_timestamp&quot;:&quot;1687724456&quot;,&quot;copyright&quot;:&quot;&quot;,&quot;focal_length&quot;:&quot;6.35&quot;,&quot;iso&quot;:&quot;100&quot;,&quot;shutter_speed&quot;:&quot;3&quot;,&quot;title&quot;:&quot;_cuva&quot;,&quot;orientation&quot;:&quot;0&quot;}\" data-image-title=\"_cuva\" data-image-description=\"\" data-image-caption=\"&lt;p&gt;_cuva&lt;\/p&gt;\n\" data-large-file=\"https:\/\/i0.wp.com\/www.volen.pl\/wp-content\/uploads\/2023\/07\/IMG_20230625_202056.jpg?fit=2048%2C1536&amp;ssl=1\" data-id=\"3316\" src=\"https:\/\/i0.wp.com\/www.volen.pl\/wp-content\/uploads\/2023\/07\/IMG_20230625_202056.jpg?resize=2048%2C1536&#038;ssl=1\" alt=\"\" class=\"wp-image-3316\" srcset=\"https:\/\/i0.wp.com\/www.volen.pl\/wp-content\/uploads\/2023\/07\/IMG_20230625_202056.jpg?w=2048&amp;ssl=1 2048w, https:\/\/i0.wp.com\/www.volen.pl\/wp-content\/uploads\/2023\/07\/IMG_20230625_202056.jpg?resize=1024%2C768&amp;ssl=1 1024w, https:\/\/i0.wp.com\/www.volen.pl\/wp-content\/uploads\/2023\/07\/IMG_20230625_202056.jpg?resize=1536%2C1152&amp;ssl=1 1536w, https:\/\/i0.wp.com\/www.volen.pl\/wp-content\/uploads\/2023\/07\/IMG_20230625_202056.jpg?resize=160%2C120&amp;ssl=1 160w\" sizes=\"auto, (max-width: 1000px) 100vw, 1000px\" \/><figcaption class=\"wp-element-caption\">\u0142owcy delfin\u00f3w<\/figcaption><\/figure>\n\n\n\n<figure class=\"wp-block-image size-large\"><img data-recalc-dims=\"1\" loading=\"lazy\" decoding=\"async\" width=\"2048\" height=\"1536\" data-attachment-id=\"3318\" data-permalink=\"https:\/\/www.volen.pl\/?attachment_id=3318\" data-orig-file=\"https:\/\/i0.wp.com\/www.volen.pl\/wp-content\/uploads\/2023\/07\/IMG_20230625_200729.jpg?fit=2048%2C1536&amp;ssl=1\" data-orig-size=\"2048,1536\" data-comments-opened=\"1\" data-image-meta=\"{&quot;aperture&quot;:&quot;2&quot;,&quot;credit&quot;:&quot;&quot;,&quot;camera&quot;:&quot;HUAWEI P60 Pro&quot;,&quot;caption&quot;:&quot;_cuva&quot;,&quot;created_timestamp&quot;:&quot;1687723649&quot;,&quot;copyright&quot;:&quot;&quot;,&quot;focal_length&quot;:&quot;6.35&quot;,&quot;iso&quot;:&quot;50&quot;,&quot;shutter_speed&quot;:&quot;0.000931&quot;,&quot;title&quot;:&quot;_cuva&quot;,&quot;orientation&quot;:&quot;0&quot;}\" data-image-title=\"_cuva\" data-image-description=\"\" data-image-caption=\"&lt;p&gt;_cuva&lt;\/p&gt;\n\" data-large-file=\"https:\/\/i0.wp.com\/www.volen.pl\/wp-content\/uploads\/2023\/07\/IMG_20230625_200729.jpg?fit=2048%2C1536&amp;ssl=1\" data-id=\"3318\" src=\"https:\/\/i0.wp.com\/www.volen.pl\/wp-content\/uploads\/2023\/07\/IMG_20230625_200729.jpg?resize=2048%2C1536&#038;ssl=1\" alt=\"\" class=\"wp-image-3318\" srcset=\"https:\/\/i0.wp.com\/www.volen.pl\/wp-content\/uploads\/2023\/07\/IMG_20230625_200729.jpg?w=2048&amp;ssl=1 2048w, https:\/\/i0.wp.com\/www.volen.pl\/wp-content\/uploads\/2023\/07\/IMG_20230625_200729.jpg?resize=1024%2C768&amp;ssl=1 1024w, https:\/\/i0.wp.com\/www.volen.pl\/wp-content\/uploads\/2023\/07\/IMG_20230625_200729.jpg?resize=1536%2C1152&amp;ssl=1 1536w, https:\/\/i0.wp.com\/www.volen.pl\/wp-content\/uploads\/2023\/07\/IMG_20230625_200729.jpg?resize=160%2C120&amp;ssl=1 160w\" sizes=\"auto, (max-width: 1000px) 100vw, 1000px\" \/><figcaption class=\"wp-element-caption\">widok na zatoczk\u0119<\/figcaption><\/figure>\n\n\n\n<figure class=\"wp-block-image size-large\"><img data-recalc-dims=\"1\" loading=\"lazy\" decoding=\"async\" width=\"2048\" height=\"1536\" data-attachment-id=\"3317\" data-permalink=\"https:\/\/www.volen.pl\/?attachment_id=3317\" data-orig-file=\"https:\/\/i0.wp.com\/www.volen.pl\/wp-content\/uploads\/2023\/07\/IMG_20230625_211615.jpg?fit=2048%2C1536&amp;ssl=1\" data-orig-size=\"2048,1536\" data-comments-opened=\"1\" data-image-meta=\"{&quot;aperture&quot;:&quot;1.4&quot;,&quot;credit&quot;:&quot;&quot;,&quot;camera&quot;:&quot;HUAWEI P60 Pro&quot;,&quot;caption&quot;:&quot;_cuva&quot;,&quot;created_timestamp&quot;:&quot;1687727775&quot;,&quot;copyright&quot;:&quot;&quot;,&quot;focal_length&quot;:&quot;6.35&quot;,&quot;iso&quot;:&quot;400&quot;,&quot;shutter_speed&quot;:&quot;3&quot;,&quot;title&quot;:&quot;_cuva&quot;,&quot;orientation&quot;:&quot;0&quot;}\" data-image-title=\"_cuva\" data-image-description=\"\" data-image-caption=\"&lt;p&gt;_cuva&lt;\/p&gt;\n\" data-large-file=\"https:\/\/i0.wp.com\/www.volen.pl\/wp-content\/uploads\/2023\/07\/IMG_20230625_211615.jpg?fit=2048%2C1536&amp;ssl=1\" data-id=\"3317\" src=\"https:\/\/i0.wp.com\/www.volen.pl\/wp-content\/uploads\/2023\/07\/IMG_20230625_211615.jpg?resize=2048%2C1536&#038;ssl=1\" alt=\"\" class=\"wp-image-3317\" srcset=\"https:\/\/i0.wp.com\/www.volen.pl\/wp-content\/uploads\/2023\/07\/IMG_20230625_211615.jpg?w=2048&amp;ssl=1 2048w, https:\/\/i0.wp.com\/www.volen.pl\/wp-content\/uploads\/2023\/07\/IMG_20230625_211615.jpg?resize=1024%2C768&amp;ssl=1 1024w, https:\/\/i0.wp.com\/www.volen.pl\/wp-content\/uploads\/2023\/07\/IMG_20230625_211615.jpg?resize=1536%2C1152&amp;ssl=1 1536w, https:\/\/i0.wp.com\/www.volen.pl\/wp-content\/uploads\/2023\/07\/IMG_20230625_211615.jpg?resize=160%2C120&amp;ssl=1 160w\" sizes=\"auto, (max-width: 1000px) 100vw, 1000px\" \/><figcaption class=\"wp-element-caption\">widok na zatoczk\u0119<\/figcaption><\/figure>\n<\/figure>\n\n\n\n<p class=\"wp-block-paragraph\">Wyk\u0105pali\u015bmy si\u0119 w pi\u0119knej zatoczce, w kt\u00f3rej zobaczyli\u015bmy p\u00f3\u017aniej baraszkuj\u0105ce delfiny. A w nocy impreza, cho\u0107 kr\u00f3tsza ni\u017c wczoraj, bo jedynie do 23-ciej.<\/p>\n\n\n\n<p class=\"wp-block-paragraph\">Ca\u0142y wiecz\u00f3r dotrzymywa\u0142y nam towarzystwa i o\u015bwietla\u0142y okolic\u0119 \u015bwietliki, pi\u0119kny widok.<\/p>\n","protected":false},"excerpt":{"rendered":"<p>Po\u017cegnali\u015bmy Wiktora i jego kemping i ruszyli\u015bmy na po\u0142udnie, z\u0142udnie zwiedzeni s\u0142odkimi opisami rewelacyjnych miejsc&#8230;<\/p>\n<div class=\"more-link-wrapper\"><a class=\"more-link\" href=\"https:\/\/www.volen.pl\/?p=3313\">Read the post<span class=\"screen-reader-text\">\u015awietliki<\/span><\/a><\/div>\n","protected":false},"author":1,"featured_media":3318,"comment_status":"open","ping_status":"open","sticky":false,"template":"","format":"standard","meta":{"_crdt_document":"","jetpack_post_was_ever_published":false,"_jetpack_newsletter_access":"","_jetpack_dont_email_post_to_subs":false,"_jetpack_newsletter_tier_id":0,"_jetpack_memberships_contains_paywalled_content":false,"_jetpack_memberships_contains_paid_content":false,"footnotes":"","jetpack_publicize_message":"","jetpack_publicize_feature_enabled":true,"jetpack_social_post_already_shared":true,"jetpack_social_options":{"image_generator_settings":{"template":"highway","default_image_id":0,"font":"","enabled":false},"version":2}},"categories":[474],"tags":[504,502,503,205,476,60,505],"class_list":["post-3313","post","type-post","status-publish","format-standard","has-post-thumbnail","hentry","category-pobyku","tag-czernomorec","tag-delfin","tag-ivet","tag-nawariata","tag-po-byku","tag-podroze","tag-swietliki","excerpt","zoom","full-without-featured","even","excerpt-0"],"jetpack_publicize_connections":[],"jetpack_featured_media_url":"https:\/\/i0.wp.com\/www.volen.pl\/wp-content\/uploads\/2023\/07\/IMG_20230625_200729.jpg?fit=2048%2C1536&ssl=1","jetpack_shortlink":"https:\/\/wp.me\/p4lAri-Rr","jetpack_sharing_enabled":true,"jetpack-related-posts":[{"id":3253,"url":"https:\/\/www.volen.pl\/?p=3253","url_meta":{"origin":3313,"position":0},"title":"Klify","author":"volen","date":"2023-06-19","format":false,"excerpt":"Nie zna\u0142em Bu\u0142garii z tej strony. Klify jak na Islandii. Tyle, \u017ce cieplej w dupki...No dobrze, ale po kolei, kronikarski obowi\u0105zek wzywa, lecimy. Poszed\u0142em z dzie\u0107mi do tutejszej \u017babki (market Dori) kupi\u0107 jajka, bo nas za jajecznic\u0105 \u015bcisn\u0119\u0142o. Po takim po\u017cywnym \u015bniadaniu poszli\u015bmy si\u0119 wyk\u0105pa\u0107 w zatoczce nieopodal, po jakim\u015b\u2026","rel":"","context":"W \u201epo byku&quot;","block_context":{"text":"po byku","link":"https:\/\/www.volen.pl\/?cat=474"},"img":{"alt_text":"","src":"https:\/\/i0.wp.com\/www.volen.pl\/wp-content\/uploads\/2023\/07\/IMG_20230619_152551.jpg?fit=1200%2C900&ssl=1&resize=350%2C200","width":350,"height":200,"srcset":"https:\/\/i0.wp.com\/www.volen.pl\/wp-content\/uploads\/2023\/07\/IMG_20230619_152551.jpg?fit=1200%2C900&ssl=1&resize=350%2C200 1x, https:\/\/i0.wp.com\/www.volen.pl\/wp-content\/uploads\/2023\/07\/IMG_20230619_152551.jpg?fit=1200%2C900&ssl=1&resize=525%2C300 1.5x, https:\/\/i0.wp.com\/www.volen.pl\/wp-content\/uploads\/2023\/07\/IMG_20230619_152551.jpg?fit=1200%2C900&ssl=1&resize=700%2C400 2x, https:\/\/i0.wp.com\/www.volen.pl\/wp-content\/uploads\/2023\/07\/IMG_20230619_152551.jpg?fit=1200%2C900&ssl=1&resize=1050%2C600 3x"},"classes":[]},{"id":3355,"url":"https:\/\/www.volen.pl\/?p=3355","url_meta":{"origin":3313,"position":1},"title":"Antypanda","author":"volen","date":"2023-07-02","format":false,"excerpt":"Postanowili\u015bmy zosta\u0107 i odpocz\u0105\u0107 i nacieszy\u0107 si\u0119 nadchodz\u0105cym zgie\u0142kiem pocz\u0105tku sezonu.Zostali\u015bmy ca\u0142y czwartek, w nocy obudzi\u0142a nas sroga impreza gdzie\u015b na wzg\u00f3rzach okalaj\u0105cych Skorpilovtchi, a potem w pi\u0105tek co\u015b chcieli\u015bmy zrobi\u0107, ju\u017c nie pami\u0119tam, co, i okaza\u0142o si\u0119, \u017ce autko nam zasn\u0119\u0142o snem wiekuistym. Nie reaguje na kluczyk, g\u0142askanie, sapanie,\u2026","rel":"","context":"W \u201epo byku&quot;","block_context":{"text":"po byku","link":"https:\/\/www.volen.pl\/?cat=474"},"img":{"alt_text":"","src":"https:\/\/i0.wp.com\/www.volen.pl\/wp-content\/uploads\/2023\/07\/IMG_20230701_162213.jpg?fit=1200%2C900&ssl=1&resize=350%2C200","width":350,"height":200,"srcset":"https:\/\/i0.wp.com\/www.volen.pl\/wp-content\/uploads\/2023\/07\/IMG_20230701_162213.jpg?fit=1200%2C900&ssl=1&resize=350%2C200 1x, https:\/\/i0.wp.com\/www.volen.pl\/wp-content\/uploads\/2023\/07\/IMG_20230701_162213.jpg?fit=1200%2C900&ssl=1&resize=525%2C300 1.5x, https:\/\/i0.wp.com\/www.volen.pl\/wp-content\/uploads\/2023\/07\/IMG_20230701_162213.jpg?fit=1200%2C900&ssl=1&resize=700%2C400 2x, https:\/\/i0.wp.com\/www.volen.pl\/wp-content\/uploads\/2023\/07\/IMG_20230701_162213.jpg?fit=1200%2C900&ssl=1&resize=1050%2C600 3x"},"classes":[]},{"id":3334,"url":"https:\/\/www.volen.pl\/?p=3334","url_meta":{"origin":3313,"position":2},"title":"see.me.beach","author":"volen","date":"2023-06-28","format":false,"excerpt":"Jako, \u017ce ostatnie trzy dni wstawa\u0142em na wsch\u00f3d s\u0142o\u0144ca, to by\u0142em troch\u0119 padni\u0119ty.Uda\u0142o nam si\u0119 wyjecha\u0107 z kempingu i raz, \u017ce ca\u0142kiem \u015bwiadomie zrezygnowa\u0142em z Rezowa, gdzie wcze\u015bniej chcia\u0142em podjecha\u0107, to dwa, \u017ce nie mieli\u015bmy pomys\u0142u, co dalej. Grecja jednak nas nie bardzo, przejazd przez Serbi\u0119 nad Adriatyk tak\u017ce odpad\u0142\u2026","rel":"","context":"W \u201epo byku&quot;","block_context":{"text":"po byku","link":"https:\/\/www.volen.pl\/?cat=474"},"img":{"alt_text":"","src":"https:\/\/i0.wp.com\/www.volen.pl\/wp-content\/uploads\/2023\/07\/IMG_20230630_135158.jpg?fit=1200%2C900&ssl=1&resize=350%2C200","width":350,"height":200,"srcset":"https:\/\/i0.wp.com\/www.volen.pl\/wp-content\/uploads\/2023\/07\/IMG_20230630_135158.jpg?fit=1200%2C900&ssl=1&resize=350%2C200 1x, https:\/\/i0.wp.com\/www.volen.pl\/wp-content\/uploads\/2023\/07\/IMG_20230630_135158.jpg?fit=1200%2C900&ssl=1&resize=525%2C300 1.5x, https:\/\/i0.wp.com\/www.volen.pl\/wp-content\/uploads\/2023\/07\/IMG_20230630_135158.jpg?fit=1200%2C900&ssl=1&resize=700%2C400 2x, https:\/\/i0.wp.com\/www.volen.pl\/wp-content\/uploads\/2023\/07\/IMG_20230630_135158.jpg?fit=1200%2C900&ssl=1&resize=1050%2C600 3x"},"classes":[]},{"id":3282,"url":"https:\/\/www.volen.pl\/?p=3282","url_meta":{"origin":3313,"position":3},"title":"S\u0142odkie lenistwo","author":"volen","date":"2023-06-24","format":false,"excerpt":"Nasta\u0142 czas ciszy i spokoju i beztroskiego nier\u00f3bstwa. Ca\u0142y czwartek sp\u0119dzili\u015bmy spokojnie si\u0119 w\u0142\u00f3cz\u0105c mi\u0119dzy pla\u017c\u0105 a kempingiem, czasem jedynie gasz\u0105c wybuchaj\u0105ce znienacka niesnaski mi\u0119dzy naszymi pociechami. Ale i oni bardzo nie dokazywali, gdy\u017c znale\u017ali tu towarzystwo w postaci Ry\u015bka, siedmioletniego Czecha, z kt\u00f3rym bawili si\u0119 ca\u0142y dzie\u0144. Obzor Obzor\u2026","rel":"","context":"W \u201epo byku&quot;","block_context":{"text":"po byku","link":"https:\/\/www.volen.pl\/?cat=474"},"img":{"alt_text":"","src":"https:\/\/i0.wp.com\/www.volen.pl\/wp-content\/uploads\/2023\/07\/IMG_20230624_210215.jpg?fit=1200%2C900&ssl=1&resize=350%2C200","width":350,"height":200,"srcset":"https:\/\/i0.wp.com\/www.volen.pl\/wp-content\/uploads\/2023\/07\/IMG_20230624_210215.jpg?fit=1200%2C900&ssl=1&resize=350%2C200 1x, https:\/\/i0.wp.com\/www.volen.pl\/wp-content\/uploads\/2023\/07\/IMG_20230624_210215.jpg?fit=1200%2C900&ssl=1&resize=525%2C300 1.5x, https:\/\/i0.wp.com\/www.volen.pl\/wp-content\/uploads\/2023\/07\/IMG_20230624_210215.jpg?fit=1200%2C900&ssl=1&resize=700%2C400 2x, https:\/\/i0.wp.com\/www.volen.pl\/wp-content\/uploads\/2023\/07\/IMG_20230624_210215.jpg?fit=1200%2C900&ssl=1&resize=1050%2C600 3x"},"classes":[]},{"id":3204,"url":"https:\/\/www.volen.pl\/?p=3204","url_meta":{"origin":3313,"position":4},"title":"Spotkanie z Bogiem","author":"volen","date":"2023-06-17","format":false,"excerpt":"P\u0119dzili\u015bmy na z\u0142amanie karku przed siebie, a\u017c jakie\u015b p\u00f3\u0142torej godziny p\u00f3\u017aniej zatrzymali\u015bmy si\u0119 na kaw\u0119, bo ci\u0119\u017cka noc za nami. Dzieci si\u0119 pobawi\u0142y, pokarmi\u0142y kr\u00f3liczki, my spili\u015bmy kaw\u0119 i zatankowali\u015bmy i tak jako\u015b czas nam mija\u0142, a\u017c znowu ruszyli\u015bmy. Ania dzielnie pilotowa\u0142a i doprowadzi\u0142a nas do cudownej knajpy nad jeziorkiem,\u2026","rel":"","context":"W \u201epo byku&quot;","block_context":{"text":"po byku","link":"https:\/\/www.volen.pl\/?cat=474"},"img":{"alt_text":"","src":"https:\/\/i0.wp.com\/www.volen.pl\/wp-content\/uploads\/2023\/07\/IMG_20230617_130424.jpg?fit=1200%2C900&ssl=1&resize=350%2C200","width":350,"height":200,"srcset":"https:\/\/i0.wp.com\/www.volen.pl\/wp-content\/uploads\/2023\/07\/IMG_20230617_130424.jpg?fit=1200%2C900&ssl=1&resize=350%2C200 1x, https:\/\/i0.wp.com\/www.volen.pl\/wp-content\/uploads\/2023\/07\/IMG_20230617_130424.jpg?fit=1200%2C900&ssl=1&resize=525%2C300 1.5x, https:\/\/i0.wp.com\/www.volen.pl\/wp-content\/uploads\/2023\/07\/IMG_20230617_130424.jpg?fit=1200%2C900&ssl=1&resize=700%2C400 2x, https:\/\/i0.wp.com\/www.volen.pl\/wp-content\/uploads\/2023\/07\/IMG_20230617_130424.jpg?fit=1200%2C900&ssl=1&resize=1050%2C600 3x"},"classes":[]},{"id":3366,"url":"https:\/\/www.volen.pl\/?p=3366","url_meta":{"origin":3313,"position":5},"title":"Vulcani a sprawa polska","author":"volen","date":"2023-07-03","format":false,"excerpt":"Pisz\u0119 w kolejno\u015bci chronologicznej. Zaraz z samego rana przysz\u0142a do nas czarno-bia\u0142a kicia. Dosta\u0142a par\u0119 smako\u0142yk\u00f3w i po\u0142o\u017cy\u0142a si\u0119 w cieniu namiotu. Przyszed\u0142 te\u017c starszy pan o imieniu Gunter, niesamowicie sympatyczny. Urodzi\u0142 si\u0119 w \u017bninie, za\u015b 3 lata p\u00f3\u017aniej rodzice uciekli wraz z nim przed bolszewikami do Niemiec. Zna troch\u0119\u2026","rel":"","context":"W \u201epo byku&quot;","block_context":{"text":"po byku","link":"https:\/\/www.volen.pl\/?cat=474"},"img":{"alt_text":"","src":"https:\/\/i0.wp.com\/www.volen.pl\/wp-content\/uploads\/2023\/07\/IMG_20230703_123750.jpg?fit=1200%2C900&ssl=1&resize=350%2C200","width":350,"height":200,"srcset":"https:\/\/i0.wp.com\/www.volen.pl\/wp-content\/uploads\/2023\/07\/IMG_20230703_123750.jpg?fit=1200%2C900&ssl=1&resize=350%2C200 1x, https:\/\/i0.wp.com\/www.volen.pl\/wp-content\/uploads\/2023\/07\/IMG_20230703_123750.jpg?fit=1200%2C900&ssl=1&resize=525%2C300 1.5x, https:\/\/i0.wp.com\/www.volen.pl\/wp-content\/uploads\/2023\/07\/IMG_20230703_123750.jpg?fit=1200%2C900&ssl=1&resize=700%2C400 2x, https:\/\/i0.wp.com\/www.volen.pl\/wp-content\/uploads\/2023\/07\/IMG_20230703_123750.jpg?fit=1200%2C900&ssl=1&resize=1050%2C600 3x"},"classes":[]}],"_links":{"self":[{"href":"https:\/\/www.volen.pl\/index.php?rest_route=\/wp\/v2\/posts\/3313","targetHints":{"allow":["GET"]}}],"collection":[{"href":"https:\/\/www.volen.pl\/index.php?rest_route=\/wp\/v2\/posts"}],"about":[{"href":"https:\/\/www.volen.pl\/index.php?rest_route=\/wp\/v2\/types\/post"}],"author":[{"embeddable":true,"href":"https:\/\/www.volen.pl\/index.php?rest_route=\/wp\/v2\/users\/1"}],"replies":[{"embeddable":true,"href":"https:\/\/www.volen.pl\/index.php?rest_route=%2Fwp%2Fv2%2Fcomments&post=3313"}],"version-history":[{"count":2,"href":"https:\/\/www.volen.pl\/index.php?rest_route=\/wp\/v2\/posts\/3313\/revisions"}],"predecessor-version":[{"id":3319,"href":"https:\/\/www.volen.pl\/index.php?rest_route=\/wp\/v2\/posts\/3313\/revisions\/3319"}],"wp:featuredmedia":[{"embeddable":true,"href":"https:\/\/www.volen.pl\/index.php?rest_route=\/wp\/v2\/media\/3318"}],"wp:attachment":[{"href":"https:\/\/www.volen.pl\/index.php?rest_route=%2Fwp%2Fv2%2Fmedia&parent=3313"}],"wp:term":[{"taxonomy":"category","embeddable":true,"href":"https:\/\/www.volen.pl\/index.php?rest_route=%2Fwp%2Fv2%2Fcategories&post=3313"},{"taxonomy":"post_tag","embeddable":true,"href":"https:\/\/www.volen.pl\/index.php?rest_route=%2Fwp%2Fv2%2Ftags&post=3313"}],"curies":[{"name":"wp","href":"https:\/\/api.w.org\/{rel}","templated":true}]}}