{"id":3569,"date":"2024-08-28T23:19:00","date_gmt":"2024-08-28T21:19:00","guid":{"rendered":"https:\/\/www.volen.pl\/?p=3569"},"modified":"2024-09-25T13:23:49","modified_gmt":"2024-09-25T11:23:49","slug":"baza-namiotowa-w-regietowie","status":"publish","type":"post","link":"https:\/\/www.volen.pl\/?p=3569","title":{"rendered":"Baza namiotowa w Regietowie"},"content":{"rendered":"\n<figure class=\"wp-block-embed is-type-video is-provider-vimeo wp-block-embed-vimeo\"><div class=\"wp-block-embed__wrapper\">\n<iframe loading=\"lazy\" title=\"poranek\" src=\"https:\/\/player.vimeo.com\/video\/1012730577?dnt=1&amp;app_id=122963\" width=\"500\" height=\"226\" frameborder=\"0\" allow=\"autoplay; fullscreen; picture-in-picture; clipboard-write; encrypted-media; web-share\" referrerpolicy=\"strict-origin-when-cross-origin\"><\/iframe>\n<\/div><\/figure>\n\n\n\n<p class=\"wp-block-paragraph\">Rano Mieszko poszed\u0142 do sklepu po zam\u00f3wione bu\u0142ki, Gniewko \u0142apa\u0142 s\u0142o\u0144ce, a ja usi\u0142owa\u0142em wszystko popakowa\u0107. Okaza\u0142o si\u0119 jednak, \u017ce ma\u0142y jednak \u0142apa\u0142 udar, nie s\u0142o\u0144ce, wi\u0119c mia\u0142 kilkakrotnie torsje i generalnie zrobi\u0142 si\u0119 ci\u0119\u017cki do dalszego przemierzania szlaku. Da\u0142em mu elektrolity, za\u015b Mieszko si\u0119 zgubi\u0142 i wraca\u0142 ze sklepu 3h. <\/p>\n\n\n\n<figure class=\"wp-block-image size-full\"><img data-recalc-dims=\"1\" loading=\"lazy\" decoding=\"async\" width=\"2048\" height=\"1536\" data-attachment-id=\"3576\" data-permalink=\"https:\/\/www.volen.pl\/?attachment_id=3576\" data-orig-file=\"https:\/\/i0.wp.com\/www.volen.pl\/wp-content\/uploads\/2024\/09\/1_IMG_20240828_065007.jpg?fit=2048%2C1536&amp;ssl=1\" data-orig-size=\"2048,1536\" data-comments-opened=\"1\" data-image-meta=\"{&quot;aperture&quot;:&quot;2&quot;,&quot;credit&quot;:&quot;&quot;,&quot;camera&quot;:&quot;HUAWEI P60 Pro&quot;,&quot;caption&quot;:&quot;_cuva&quot;,&quot;created_timestamp&quot;:&quot;1724827807&quot;,&quot;copyright&quot;:&quot;&quot;,&quot;focal_length&quot;:&quot;6.35&quot;,&quot;iso&quot;:&quot;50&quot;,&quot;shutter_speed&quot;:&quot;6.1E-5&quot;,&quot;title&quot;:&quot;_cuva&quot;,&quot;orientation&quot;:&quot;0&quot;}\" data-image-title=\"_cuva\" data-image-description=\"\" data-image-caption=\"&lt;p&gt;_cuva&lt;\/p&gt;\n\" data-large-file=\"https:\/\/i0.wp.com\/www.volen.pl\/wp-content\/uploads\/2024\/09\/1_IMG_20240828_065007.jpg?fit=2048%2C1536&amp;ssl=1\" src=\"https:\/\/i0.wp.com\/www.volen.pl\/wp-content\/uploads\/2024\/09\/1_IMG_20240828_065007.jpg?resize=2048%2C1536&#038;ssl=1\" alt=\"\" class=\"wp-image-3576\" srcset=\"https:\/\/i0.wp.com\/www.volen.pl\/wp-content\/uploads\/2024\/09\/1_IMG_20240828_065007.jpg?w=2048&amp;ssl=1 2048w, https:\/\/i0.wp.com\/www.volen.pl\/wp-content\/uploads\/2024\/09\/1_IMG_20240828_065007.jpg?resize=1024%2C768&amp;ssl=1 1024w, https:\/\/i0.wp.com\/www.volen.pl\/wp-content\/uploads\/2024\/09\/1_IMG_20240828_065007.jpg?resize=1536%2C1152&amp;ssl=1 1536w, https:\/\/i0.wp.com\/www.volen.pl\/wp-content\/uploads\/2024\/09\/1_IMG_20240828_065007.jpg?resize=160%2C120&amp;ssl=1 160w\" sizes=\"auto, (max-width: 1000px) 100vw, 1000px\" \/><figcaption class=\"wp-element-caption\">mg\u0142a nad Zdyni\u0105<\/figcaption><\/figure>\n\n\n\n<p class=\"wp-block-paragraph\">Po powrocie Mieszka zjedli\u015bmy \u015bniadanie i poszli\u015bmy w las, \u017ceby ocuci\u0107 Gniewka. Po drodze ma\u0142\u017ce\u0144stwo, zatrzymali si\u0119 i bardzo zachwalali Rotund\u0119, za\u015b po nich dw\u00f3ch gostk\u00f3w na kryzysie, ale nie chcieli jedzenia, cho\u0107 proponowa\u0142em, wszyscy zapowiadaj\u0105 najazd harcerzy na baz\u0119 namiotow\u0105 w Regietowie. <\/p>\n\n\n\n<p class=\"wp-block-paragraph\">Gniewko w cieniu lasu od\u017cy\u0142 i ruszy\u0142 przed.siebie jako\u015b bardziej \u017cwawo. Mimo wcze\u015bniejszych informacji zdumiewaj\u0105co pi\u0119kny cmentarz na Rotundzie, zupe\u0142nie niespotykany, zrobi\u0142 nam wy\u015bmienit\u0105 niespodziank\u0119, po czym zeszli\u015bmy na \u0142eb, na szyj\u0119 do bazy namiotowej. Zatrzymali\u015bmy si\u0119 tu dla odpoczynku i w tym dniu zrobili\u015bmy mo\u017ce ze 4 kilometry z plecakami. <\/p>\n\n\n\n<figure class=\"wp-block-gallery has-nested-images columns-default is-cropped wp-block-gallery-1 is-layout-flex wp-block-gallery-is-layout-flex\">\n<figure class=\"wp-block-image size-large\"><img data-recalc-dims=\"1\" loading=\"lazy\" decoding=\"async\" width=\"2048\" height=\"1536\" data-attachment-id=\"3578\" data-permalink=\"https:\/\/www.volen.pl\/?attachment_id=3578\" data-orig-file=\"https:\/\/i0.wp.com\/www.volen.pl\/wp-content\/uploads\/2024\/09\/2_IMG_20240828_112100.jpg?fit=2048%2C1536&amp;ssl=1\" data-orig-size=\"2048,1536\" data-comments-opened=\"1\" data-image-meta=\"{&quot;aperture&quot;:&quot;2&quot;,&quot;credit&quot;:&quot;&quot;,&quot;camera&quot;:&quot;HUAWEI P60 Pro&quot;,&quot;caption&quot;:&quot;_cuva&quot;,&quot;created_timestamp&quot;:&quot;1724844060&quot;,&quot;copyright&quot;:&quot;&quot;,&quot;focal_length&quot;:&quot;6.35&quot;,&quot;iso&quot;:&quot;50&quot;,&quot;shutter_speed&quot;:&quot;0.000539&quot;,&quot;title&quot;:&quot;_cuva&quot;,&quot;orientation&quot;:&quot;0&quot;}\" data-image-title=\"_cuva\" data-image-description=\"\" data-image-caption=\"&lt;p&gt;_cuva&lt;\/p&gt;\n\" data-large-file=\"https:\/\/i0.wp.com\/www.volen.pl\/wp-content\/uploads\/2024\/09\/2_IMG_20240828_112100.jpg?fit=2048%2C1536&amp;ssl=1\" data-id=\"3578\" src=\"https:\/\/i0.wp.com\/www.volen.pl\/wp-content\/uploads\/2024\/09\/2_IMG_20240828_112100.jpg?resize=2048%2C1536&#038;ssl=1\" alt=\"\" class=\"wp-image-3578\" srcset=\"https:\/\/i0.wp.com\/www.volen.pl\/wp-content\/uploads\/2024\/09\/2_IMG_20240828_112100.jpg?w=2048&amp;ssl=1 2048w, https:\/\/i0.wp.com\/www.volen.pl\/wp-content\/uploads\/2024\/09\/2_IMG_20240828_112100.jpg?resize=1024%2C768&amp;ssl=1 1024w, https:\/\/i0.wp.com\/www.volen.pl\/wp-content\/uploads\/2024\/09\/2_IMG_20240828_112100.jpg?resize=1536%2C1152&amp;ssl=1 1536w, https:\/\/i0.wp.com\/www.volen.pl\/wp-content\/uploads\/2024\/09\/2_IMG_20240828_112100.jpg?resize=160%2C120&amp;ssl=1 160w\" sizes=\"auto, (max-width: 1000px) 100vw, 1000px\" \/><figcaption class=\"wp-element-caption\">cmentarz<\/figcaption><\/figure>\n\n\n\n<figure class=\"wp-block-image size-large\"><img data-recalc-dims=\"1\" loading=\"lazy\" decoding=\"async\" width=\"2048\" height=\"1536\" data-attachment-id=\"3577\" data-permalink=\"https:\/\/www.volen.pl\/?attachment_id=3577\" data-orig-file=\"https:\/\/i0.wp.com\/www.volen.pl\/wp-content\/uploads\/2024\/09\/3_IMG_20240828_112134.jpg?fit=2048%2C1536&amp;ssl=1\" data-orig-size=\"2048,1536\" data-comments-opened=\"1\" data-image-meta=\"{&quot;aperture&quot;:&quot;2&quot;,&quot;credit&quot;:&quot;&quot;,&quot;camera&quot;:&quot;HUAWEI P60 Pro&quot;,&quot;caption&quot;:&quot;_cuva&quot;,&quot;created_timestamp&quot;:&quot;1724844098&quot;,&quot;copyright&quot;:&quot;&quot;,&quot;focal_length&quot;:&quot;6.35&quot;,&quot;iso&quot;:&quot;50&quot;,&quot;shutter_speed&quot;:&quot;0.000351&quot;,&quot;title&quot;:&quot;_cuva&quot;,&quot;orientation&quot;:&quot;0&quot;}\" data-image-title=\"_cuva\" data-image-description=\"\" data-image-caption=\"&lt;p&gt;_cuva&lt;\/p&gt;\n\" data-large-file=\"https:\/\/i0.wp.com\/www.volen.pl\/wp-content\/uploads\/2024\/09\/3_IMG_20240828_112134.jpg?fit=2048%2C1536&amp;ssl=1\" data-id=\"3577\" src=\"https:\/\/i0.wp.com\/www.volen.pl\/wp-content\/uploads\/2024\/09\/3_IMG_20240828_112134.jpg?resize=2048%2C1536&#038;ssl=1\" alt=\"\" class=\"wp-image-3577\" srcset=\"https:\/\/i0.wp.com\/www.volen.pl\/wp-content\/uploads\/2024\/09\/3_IMG_20240828_112134.jpg?w=2048&amp;ssl=1 2048w, https:\/\/i0.wp.com\/www.volen.pl\/wp-content\/uploads\/2024\/09\/3_IMG_20240828_112134.jpg?resize=1024%2C768&amp;ssl=1 1024w, https:\/\/i0.wp.com\/www.volen.pl\/wp-content\/uploads\/2024\/09\/3_IMG_20240828_112134.jpg?resize=1536%2C1152&amp;ssl=1 1536w, https:\/\/i0.wp.com\/www.volen.pl\/wp-content\/uploads\/2024\/09\/3_IMG_20240828_112134.jpg?resize=160%2C120&amp;ssl=1 160w\" sizes=\"auto, (max-width: 1000px) 100vw, 1000px\" \/><figcaption class=\"wp-element-caption\">cmentarz<\/figcaption><\/figure>\n\n\n\n<figure class=\"wp-block-image size-large\"><img data-recalc-dims=\"1\" loading=\"lazy\" decoding=\"async\" width=\"1536\" height=\"2048\" data-attachment-id=\"3580\" data-permalink=\"https:\/\/www.volen.pl\/?attachment_id=3580\" data-orig-file=\"https:\/\/i0.wp.com\/www.volen.pl\/wp-content\/uploads\/2024\/09\/4_IMG_20240828_113016.jpg?fit=1536%2C2048&amp;ssl=1\" data-orig-size=\"1536,2048\" data-comments-opened=\"1\" data-image-meta=\"{&quot;aperture&quot;:&quot;2&quot;,&quot;credit&quot;:&quot;&quot;,&quot;camera&quot;:&quot;HUAWEI P60 Pro&quot;,&quot;caption&quot;:&quot;_cuva&quot;,&quot;created_timestamp&quot;:&quot;1724844616&quot;,&quot;copyright&quot;:&quot;&quot;,&quot;focal_length&quot;:&quot;6.35&quot;,&quot;iso&quot;:&quot;50&quot;,&quot;shutter_speed&quot;:&quot;0.008809&quot;,&quot;title&quot;:&quot;_cuva&quot;,&quot;orientation&quot;:&quot;0&quot;}\" data-image-title=\"_cuva\" data-image-description=\"\" data-image-caption=\"&lt;p&gt;_cuva&lt;\/p&gt;\n\" data-large-file=\"https:\/\/i0.wp.com\/www.volen.pl\/wp-content\/uploads\/2024\/09\/4_IMG_20240828_113016.jpg?fit=1536%2C2048&amp;ssl=1\" data-id=\"3580\" src=\"https:\/\/i0.wp.com\/www.volen.pl\/wp-content\/uploads\/2024\/09\/4_IMG_20240828_113016.jpg?resize=1536%2C2048&#038;ssl=1\" alt=\"\" class=\"wp-image-3580\" srcset=\"https:\/\/i0.wp.com\/www.volen.pl\/wp-content\/uploads\/2024\/09\/4_IMG_20240828_113016.jpg?w=1536&amp;ssl=1 1536w, https:\/\/i0.wp.com\/www.volen.pl\/wp-content\/uploads\/2024\/09\/4_IMG_20240828_113016.jpg?resize=768%2C1024&amp;ssl=1 768w, https:\/\/i0.wp.com\/www.volen.pl\/wp-content\/uploads\/2024\/09\/4_IMG_20240828_113016.jpg?resize=1152%2C1536&amp;ssl=1 1152w\" sizes=\"auto, (max-width: 1000px) 100vw, 1000px\" \/><figcaption class=\"wp-element-caption\">Mieszko z tat\u0105<\/figcaption><\/figure>\n\n\n\n<figure class=\"wp-block-image size-large\"><img data-recalc-dims=\"1\" loading=\"lazy\" decoding=\"async\" width=\"1536\" height=\"2048\" data-attachment-id=\"3579\" data-permalink=\"https:\/\/www.volen.pl\/?attachment_id=3579\" data-orig-file=\"https:\/\/i0.wp.com\/www.volen.pl\/wp-content\/uploads\/2024\/09\/5_IMG_20240828_113034.jpg?fit=1536%2C2048&amp;ssl=1\" data-orig-size=\"1536,2048\" data-comments-opened=\"1\" data-image-meta=\"{&quot;aperture&quot;:&quot;4&quot;,&quot;credit&quot;:&quot;&quot;,&quot;camera&quot;:&quot;HUAWEI P60 Pro&quot;,&quot;caption&quot;:&quot;_cuva&quot;,&quot;created_timestamp&quot;:&quot;1724844634&quot;,&quot;copyright&quot;:&quot;&quot;,&quot;focal_length&quot;:&quot;6.35&quot;,&quot;iso&quot;:&quot;640&quot;,&quot;shutter_speed&quot;:&quot;0.003333&quot;,&quot;title&quot;:&quot;_cuva&quot;,&quot;orientation&quot;:&quot;0&quot;}\" data-image-title=\"_cuva\" data-image-description=\"\" data-image-caption=\"&lt;p&gt;_cuva&lt;\/p&gt;\n\" data-large-file=\"https:\/\/i0.wp.com\/www.volen.pl\/wp-content\/uploads\/2024\/09\/5_IMG_20240828_113034.jpg?fit=1536%2C2048&amp;ssl=1\" data-id=\"3579\" src=\"https:\/\/i0.wp.com\/www.volen.pl\/wp-content\/uploads\/2024\/09\/5_IMG_20240828_113034.jpg?resize=1536%2C2048&#038;ssl=1\" alt=\"\" class=\"wp-image-3579\" srcset=\"https:\/\/i0.wp.com\/www.volen.pl\/wp-content\/uploads\/2024\/09\/5_IMG_20240828_113034.jpg?w=1536&amp;ssl=1 1536w, https:\/\/i0.wp.com\/www.volen.pl\/wp-content\/uploads\/2024\/09\/5_IMG_20240828_113034.jpg?resize=768%2C1024&amp;ssl=1 768w, https:\/\/i0.wp.com\/www.volen.pl\/wp-content\/uploads\/2024\/09\/5_IMG_20240828_113034.jpg?resize=1152%2C1536&amp;ssl=1 1152w\" sizes=\"auto, (max-width: 1000px) 100vw, 1000px\" \/><figcaption class=\"wp-element-caption\">Gniewko z tat\u0105<\/figcaption><\/figure>\n<\/figure>\n\n\n\n<p class=\"wp-block-paragraph\">Po rozpoznaniu terenu postawili\u015bmy tarp, tym razem bardzo dobrze w por\u00f3wnaniu z tym, co odwali\u0142em w amoku dnia poprzedniego. <\/p>\n\n\n\n<figure class=\"wp-block-image size-full\"><img data-recalc-dims=\"1\" loading=\"lazy\" decoding=\"async\" width=\"2048\" height=\"1536\" data-attachment-id=\"3581\" data-permalink=\"https:\/\/www.volen.pl\/?attachment_id=3581\" data-orig-file=\"https:\/\/i0.wp.com\/www.volen.pl\/wp-content\/uploads\/2024\/09\/6_IMG_20240828_132610.jpg?fit=2048%2C1536&amp;ssl=1\" data-orig-size=\"2048,1536\" data-comments-opened=\"1\" data-image-meta=\"{&quot;aperture&quot;:&quot;2&quot;,&quot;credit&quot;:&quot;&quot;,&quot;camera&quot;:&quot;HUAWEI P60 Pro&quot;,&quot;caption&quot;:&quot;_cuva&quot;,&quot;created_timestamp&quot;:&quot;1724851570&quot;,&quot;copyright&quot;:&quot;&quot;,&quot;focal_length&quot;:&quot;6.35&quot;,&quot;iso&quot;:&quot;50&quot;,&quot;shutter_speed&quot;:&quot;0.003629&quot;,&quot;title&quot;:&quot;_cuva&quot;,&quot;orientation&quot;:&quot;0&quot;}\" data-image-title=\"_cuva\" data-image-description=\"\" data-image-caption=\"&lt;p&gt;_cuva&lt;\/p&gt;\n\" data-large-file=\"https:\/\/i0.wp.com\/www.volen.pl\/wp-content\/uploads\/2024\/09\/6_IMG_20240828_132610.jpg?fit=2048%2C1536&amp;ssl=1\" src=\"https:\/\/i0.wp.com\/www.volen.pl\/wp-content\/uploads\/2024\/09\/6_IMG_20240828_132610.jpg?resize=2048%2C1536&#038;ssl=1\" alt=\"\" class=\"wp-image-3581\" srcset=\"https:\/\/i0.wp.com\/www.volen.pl\/wp-content\/uploads\/2024\/09\/6_IMG_20240828_132610.jpg?w=2048&amp;ssl=1 2048w, https:\/\/i0.wp.com\/www.volen.pl\/wp-content\/uploads\/2024\/09\/6_IMG_20240828_132610.jpg?resize=1024%2C768&amp;ssl=1 1024w, https:\/\/i0.wp.com\/www.volen.pl\/wp-content\/uploads\/2024\/09\/6_IMG_20240828_132610.jpg?resize=1536%2C1152&amp;ssl=1 1536w, https:\/\/i0.wp.com\/www.volen.pl\/wp-content\/uploads\/2024\/09\/6_IMG_20240828_132610.jpg?resize=160%2C120&amp;ssl=1 160w\" sizes=\"auto, (max-width: 1000px) 100vw, 1000px\" \/><figcaption class=\"wp-element-caption\">tarp<\/figcaption><\/figure>\n\n\n\n<p class=\"wp-block-paragraph\">Bazowa mama poleci\u0142a nam restauracj\u0119, wi\u0119c poszli\u015bmy na obiad w Stadninie koni huculskich w Regietowie mijaj\u0105c po drodze niezwyk\u0142e gospodarstwo pe\u0142ne r\u00f3\u017cnorakich antyk\u00f3w. To by\u0142o tak niespodziewane, jak kadr z jakiego\u015b filmu zatrzymany. <\/p>\n\n\n\n<figure class=\"wp-block-embed is-type-video is-provider-vimeo wp-block-embed-vimeo\"><div class=\"wp-block-embed__wrapper\">\n<iframe loading=\"lazy\" title=\"skansen u W\u0142odzia\" src=\"https:\/\/player.vimeo.com\/video\/1012730785?dnt=1&amp;app_id=122963\" width=\"500\" height=\"226\" frameborder=\"0\" allow=\"autoplay; fullscreen; picture-in-picture; clipboard-write; encrypted-media; web-share\" referrerpolicy=\"strict-origin-when-cross-origin\"><\/iframe>\n<\/div><\/figure>\n\n\n\n<p class=\"wp-block-paragraph\">Po obiedzie powr\u00f3t i harcerze, rzeczywi\u015bcie ju\u017c byli, kr\u0119cili si\u0119 po ca\u0142ym obozie robi\u0105c ha\u0142as i zamieszanie. Temperatura ze 30st bez ma\u0142a, co spowodowa\u0142o, \u017ce bez mrugni\u0119cia powiek\u0105 zgodzi\u0142em si\u0119 na taplanie w potoku: dzieci wy\u0142awia\u0142y szmaragdy i rubiny i handlowa\u0142y wyspami, robi\u0142y te\u017c tamy i jakie\u015b lokalne jeziorka, a\u017c do wieczora. Kolacj\u0119 spo\u017cyli\u015bmy przy ognisku razem z obozowymi towarzyszami, kt\u00f3rzy akurat harcerzami nie byli. Harcerze nas unikali, pewnie jednak przepa\u015b\u0107 wiekowa. <\/p>\n\n\n\n<p class=\"wp-block-paragraph\">Przy ognisku poznali\u015bmy ciekawe ma\u0142\u017ce\u0144stwo z dzie\u0107mi i dalsz\u0105 rodzin\u0105. Je\u015bli mnie pami\u0119\u0107 nie myli, to znany polski paleontolog Tomasz S. z \u017con\u0105, chyba Karolin\u0105 (prosz\u0119 o wybaczenie, je\u015bli nast\u0105pi\u0142a tu pomy\u0142ka w imieniu, niezamierzenie). Jest to rodzina na wskro\u015b religijna, trzymaj\u0105ca wysoki poziom intelektualny i kulturalny, to by\u0142a wspania\u0142a rzecz, m\u00f3c z nimi powymienia\u0107 pogl\u0105dy. Przyznali si\u0119 od razu, \u017ce ujrzawszy Gniewka, kt\u00f3re\u015b z dzieci zakrzykn\u0119\u0142o, \u017ce chyba ich kuzyn Ignacy idzie, ale zaraz potem zobaczyli Mieszka i ju\u017c widzieli dw\u00f3ch Ignacych, i ju\u017c od tego czasu tak o nich m\u00f3wili. Przynajmniej do kolacji, na kt\u00f3rej nast\u0105pi\u0142o wzajemne formalne zapoznanie. <\/p>\n\n\n\n<p class=\"wp-block-paragraph\">Rozmawiali\u015bmy o ksi\u0105\u017ckach, o nauce, o medycynie i moim braku wiary w to wszystko, w co powinieniem wierzy\u0107, gdy\u017c wszyscy wiedz\u0105, \u017ce&#8230; Za\u015b Karolina by\u0142a niedawno w Gdyni, gdzie poruszy\u0142 j\u0105 bardzo pomnik postawiony w ho\u0142dzie Gdynianom przesiedlonym, z ogromnym uczuciem opowiada\u0142a o nim. Ciekawa rzecz, cz\u0119sto si\u0119 na tym \u0142api\u0119, \u017ce \u00f3w pomnik po prostu zbyt blisko mnie jest po\u0142o\u017cony, w zwi\u0105zku z czym nigdy tam nie poszed\u0142em, by go obejrze\u0107. Owszem, maszyn\u0119 do szycia do naprawy odda\u0107 na Starowiejskiej, czemu nie, zje\u015b\u0107 w restauracji obiad na przeciwko pomnika, ch\u0119tnie, ale i\u015b\u0107 obejrze\u0107 pomnik? Nie dociera do \u015bwiadomo\u015bci. <\/p>\n\n\n\n<p class=\"wp-block-paragraph\">Po kolacji ludzie w bazie namiotowej rozpocz\u0119li proces bratania si\u0119 przy gitarze i \u015bpiewie, ale my zm\u0119czeni byli\u015bmy, jak psy pasterskie po wypasie i udali\u015bmy si\u0119 do tarpu. \u015apiewano d\u0142ugo w noc, ale spali\u015bmy doskonale, dopiero troch\u0119 wybudzi\u0142y mnie latarki os\u00f3b poszukuj\u0105cych swoich namiot\u00f3w. <\/p>\n\n\n\n<p class=\"wp-block-paragraph\">A w nocy odwiedzi\u0142 nas je\u017cyk w tarpie. Przesun\u0105\u0142em go kijkiem, \u017ceby poszed\u0142 gdzie indziej szuka\u0107 szcz\u0119\u015bcia.<\/p>\n","protected":false},"excerpt":{"rendered":"<p>Rano Mieszko poszed\u0142 do sklepu po zam\u00f3wione bu\u0142ki, Gniewko \u0142apa\u0142 s\u0142o\u0144ce, a ja usi\u0142owa\u0142em wszystko&#8230;<\/p>\n<div class=\"more-link-wrapper\"><a class=\"more-link\" href=\"https:\/\/www.volen.pl\/?p=3569\">Read the post<span class=\"screen-reader-text\">Baza namiotowa w Regietowie<\/span><\/a><\/div>\n","protected":false},"author":1,"featured_media":3583,"comment_status":"open","ping_status":"open","sticky":false,"template":"","format":"standard","meta":{"_crdt_document":"","jetpack_post_was_ever_published":false,"_jetpack_newsletter_access":"","_jetpack_dont_email_post_to_subs":false,"_jetpack_newsletter_tier_id":0,"_jetpack_memberships_contains_paywalled_content":false,"_jetpack_memberships_contains_paid_content":false,"footnotes":"","jetpack_publicize_message":"","jetpack_publicize_feature_enabled":true,"jetpack_social_post_already_shared":true,"jetpack_social_options":{"image_generator_settings":{"template":"highway","default_image_id":0,"font":"","enabled":false},"version":2}},"categories":[457,93],"tags":[545,537,548,458,76,540,205,72,461],"class_list":["post-3569","post","type-post","status-publish","format-standard","has-post-thumbnail","hentry","category-gsb","category-nawariata","tag-545","tag-beskid-niski","tag-gniewko","tag-gsb","tag-glowny-szlak-beskidzki","tag-mieszko","tag-nawariata","tag-polska","tag-szlak-czerwony","excerpt","zoom","full-without-featured","even","excerpt-0"],"jetpack_publicize_connections":[],"jetpack_featured_media_url":"https:\/\/i0.wp.com\/www.volen.pl\/wp-content\/uploads\/2024\/09\/wIMG_20240828_113742-scaled.jpg?fit=2560%2C1920&ssl=1","jetpack_shortlink":"https:\/\/wp.me\/p4lAri-Vz","jetpack_sharing_enabled":true,"jetpack-related-posts":[{"id":3848,"url":"https:\/\/www.volen.pl\/?p=3848","url_meta":{"origin":3569,"position":0},"title":"Polowanie na pokemony","author":"volen","date":"2025-05-17","format":false,"excerpt":"Nocleg w Markowych Szczawinach, hmmm\u2026 Ba\u0142em si\u0119 troch\u0119, \u017ce Gniewko b\u0119dzie dokazywa\u0142, ale chyba zdepta\u0142em go wystarczaj\u0105co. Po kolacji i zaj\u0119ciu miejsc noclegowych zeszli\u015bmy do living roomu przy suszarni i si\u0119 suszyli\u015bmy, pili\u015bmy herbat\u0119, czytali\u015bmy ksi\u0105\u017ck\u0119 (ja) i ogl\u0105dali\u015bmy bajki (oni). Po jakim\u015b czasie poszli\u015bmy spa\u0107, razem z nami w\u2026","rel":"","context":"W \u201eGSB&quot;","block_context":{"text":"GSB","link":"https:\/\/www.volen.pl\/?cat=457"},"img":{"alt_text":"","src":"https:\/\/i0.wp.com\/www.volen.pl\/wp-content\/uploads\/2025\/09\/IMG_20250517_124114.jpg?fit=1200%2C900&ssl=1&resize=350%2C200","width":350,"height":200,"srcset":"https:\/\/i0.wp.com\/www.volen.pl\/wp-content\/uploads\/2025\/09\/IMG_20250517_124114.jpg?fit=1200%2C900&ssl=1&resize=350%2C200 1x, https:\/\/i0.wp.com\/www.volen.pl\/wp-content\/uploads\/2025\/09\/IMG_20250517_124114.jpg?fit=1200%2C900&ssl=1&resize=525%2C300 1.5x, https:\/\/i0.wp.com\/www.volen.pl\/wp-content\/uploads\/2025\/09\/IMG_20250517_124114.jpg?fit=1200%2C900&ssl=1&resize=700%2C400 2x, https:\/\/i0.wp.com\/www.volen.pl\/wp-content\/uploads\/2025\/09\/IMG_20250517_124114.jpg?fit=1200%2C900&ssl=1&resize=1050%2C600 3x"},"classes":[]},{"id":3574,"url":"https:\/\/www.volen.pl\/?p=3574","url_meta":{"origin":3569,"position":1},"title":"do Krynicy &#8211; Zdroju","author":"volen","date":"2024-08-30","format":false,"excerpt":"Herbatka z ogniska, czynno\u015bci kosmetyczne oraz pakowanie zaj\u0119\u0142y czas od 6.30 do 9.00. Standard. herbatka Ogarn\u0119li\u015bmy chatk\u0119, w mi\u0119dzyczasie przysz\u0142a mama z tr\u00f3jk\u0105 nastolatk\u00f3w, do\u015b\u0107 ciekawskie stworzenia, troch\u0119 pogadali\u015bmy i poszli\u015bmy. Po drodze drwale i jakie\u015b mostoroby, ale bardzo introwertyczne, bez specjalnejnch\u0119ci integracji. Zupe\u0142nie na mi\u0119kko weszli\u015bmy na g\u00f3rk\u0119, posmakowali\u015bmy\u2026","rel":"","context":"W \u201eGSB&quot;","block_context":{"text":"GSB","link":"https:\/\/www.volen.pl\/?cat=457"},"img":{"alt_text":"","src":"https:\/\/i0.wp.com\/www.volen.pl\/wp-content\/uploads\/2024\/10\/IMG_20240830_114523.jpg?fit=1200%2C900&ssl=1&resize=350%2C200","width":350,"height":200,"srcset":"https:\/\/i0.wp.com\/www.volen.pl\/wp-content\/uploads\/2024\/10\/IMG_20240830_114523.jpg?fit=1200%2C900&ssl=1&resize=350%2C200 1x, https:\/\/i0.wp.com\/www.volen.pl\/wp-content\/uploads\/2024\/10\/IMG_20240830_114523.jpg?fit=1200%2C900&ssl=1&resize=525%2C300 1.5x, https:\/\/i0.wp.com\/www.volen.pl\/wp-content\/uploads\/2024\/10\/IMG_20240830_114523.jpg?fit=1200%2C900&ssl=1&resize=700%2C400 2x, https:\/\/i0.wp.com\/www.volen.pl\/wp-content\/uploads\/2024\/10\/IMG_20240830_114523.jpg?fit=1200%2C900&ssl=1&resize=1050%2C600 3x"},"classes":[]},{"id":3572,"url":"https:\/\/www.volen.pl\/?p=3572","url_meta":{"origin":3569,"position":2},"title":"Chatka trapera","author":"volen","date":"2024-08-29","format":false,"excerpt":"Z rana zrobi\u0142em ognisko. Poszed\u0142em po wod\u0119 do \u017ar\u00f3de\u0142ka. Zrobi\u0142em wiadro herbaty. Ludzie zacz\u0119li si\u0119 schodzi\u0107 po jakim\u015b czasie do tej herbaty, my zjedli\u015bmy \u015bniadanie i, po po\u017cegnaniu, ruszyli\u015bmy na szlak. Weszli\u015bmy na Kozie \u017bebro, do\u015b\u0107 stromo. Kozie \u017bebro zdoby\u0142 Mieszko. Na g\u00f3rze, zamiast da\u0107 maluchom batony, zap\u0119dzi\u0142em ch\u0142opak\u00f3w w\u2026","rel":"","context":"W \u201eGSB&quot;","block_context":{"text":"GSB","link":"https:\/\/www.volen.pl\/?cat=457"},"img":{"alt_text":"","src":"https:\/\/i0.wp.com\/www.volen.pl\/wp-content\/uploads\/2024\/10\/oIMG_20240829_182729.jpg?fit=1200%2C900&ssl=1&resize=350%2C200","width":350,"height":200,"srcset":"https:\/\/i0.wp.com\/www.volen.pl\/wp-content\/uploads\/2024\/10\/oIMG_20240829_182729.jpg?fit=1200%2C900&ssl=1&resize=350%2C200 1x, https:\/\/i0.wp.com\/www.volen.pl\/wp-content\/uploads\/2024\/10\/oIMG_20240829_182729.jpg?fit=1200%2C900&ssl=1&resize=525%2C300 1.5x, https:\/\/i0.wp.com\/www.volen.pl\/wp-content\/uploads\/2024\/10\/oIMG_20240829_182729.jpg?fit=1200%2C900&ssl=1&resize=700%2C400 2x, https:\/\/i0.wp.com\/www.volen.pl\/wp-content\/uploads\/2024\/10\/oIMG_20240829_182729.jpg?fit=1200%2C900&ssl=1&resize=1050%2C600 3x"},"classes":[]},{"id":3816,"url":"https:\/\/www.volen.pl\/?p=3816","url_meta":{"origin":3569,"position":3},"title":"Kocie ocz\u0119ta","author":"volen","date":"2025-05-16","format":false,"excerpt":"Pewnego pi\u0119knego dnia Kot m\u00f3j osobisty, Oblizuch znalaz\u0142 sobie warsztaty jakie\u015b tajemnicze w dalekim, odludnym miejscu pod Such\u0105 Beskidzk\u0105. Skrada\u0142a si\u0119 do mnie z tymi warsztatami par\u0119 dni i skrada\u0142a i w ko\u0144cu \u015blepkami swoimi patrz\u0105c badawczo na mnie spr\u00f3bowa\u0142a pochwali\u0107 si\u0119 tym swoim pomys\u0142em. Kot Oblizuch B\u00f3g, los, fatum,\u2026","rel":"","context":"W \u201eGSB&quot;","block_context":{"text":"GSB","link":"https:\/\/www.volen.pl\/?cat=457"},"img":{"alt_text":"","src":"https:\/\/i0.wp.com\/www.volen.pl\/wp-content\/uploads\/2025\/05\/IMG_20250516_104704.jpg?fit=1200%2C900&ssl=1&resize=350%2C200","width":350,"height":200,"srcset":"https:\/\/i0.wp.com\/www.volen.pl\/wp-content\/uploads\/2025\/05\/IMG_20250516_104704.jpg?fit=1200%2C900&ssl=1&resize=350%2C200 1x, https:\/\/i0.wp.com\/www.volen.pl\/wp-content\/uploads\/2025\/05\/IMG_20250516_104704.jpg?fit=1200%2C900&ssl=1&resize=525%2C300 1.5x, https:\/\/i0.wp.com\/www.volen.pl\/wp-content\/uploads\/2025\/05\/IMG_20250516_104704.jpg?fit=1200%2C900&ssl=1&resize=700%2C400 2x, https:\/\/i0.wp.com\/www.volen.pl\/wp-content\/uploads\/2025\/05\/IMG_20250516_104704.jpg?fit=1200%2C900&ssl=1&resize=1050%2C600 3x"},"classes":[]},{"id":3553,"url":"https:\/\/www.volen.pl\/?p=3553","url_meta":{"origin":3569,"position":4},"title":"Nie wzi\u0105\u0142em spodni","author":"volen","date":"2024-08-27","format":false,"excerpt":"No c\u00f3\u017c. Nie wzi\u0105\u0142em spodni. Okaza\u0142o si\u0119 wieczorem w hotelu, gdy chcia\u0142em wszystko przygotowa\u0107 na wyj\u015bcie. Kiedy\u015b \u0142ba zapomn\u0119 wzi\u0105\u0107 i wtedy dopiero wszystko odb\u0119dzie si\u0119 prawid\u0142owo. Spakowa\u0142em mn\u00f3stwo ciekawych i cudownych rzeczy, portki przygotowa\u0142em, wisia\u0142y elegancko gotowe do ubrania, po czym ubra\u0142em pierwsze lepsze kr\u00f3tkie gacie, zabra\u0142em dzieciaki, wbili\u015bmy\u2026","rel":"","context":"W \u201eGSB&quot;","block_context":{"text":"GSB","link":"https:\/\/www.volen.pl\/?cat=457"},"img":{"alt_text":"","src":"https:\/\/i0.wp.com\/www.volen.pl\/wp-content\/uploads\/2024\/09\/2_IMG_20240827_085400.jpg?fit=1200%2C900&ssl=1&resize=350%2C200","width":350,"height":200,"srcset":"https:\/\/i0.wp.com\/www.volen.pl\/wp-content\/uploads\/2024\/09\/2_IMG_20240827_085400.jpg?fit=1200%2C900&ssl=1&resize=350%2C200 1x, https:\/\/i0.wp.com\/www.volen.pl\/wp-content\/uploads\/2024\/09\/2_IMG_20240827_085400.jpg?fit=1200%2C900&ssl=1&resize=525%2C300 1.5x, https:\/\/i0.wp.com\/www.volen.pl\/wp-content\/uploads\/2024\/09\/2_IMG_20240827_085400.jpg?fit=1200%2C900&ssl=1&resize=700%2C400 2x, https:\/\/i0.wp.com\/www.volen.pl\/wp-content\/uploads\/2024\/09\/2_IMG_20240827_085400.jpg?fit=1200%2C900&ssl=1&resize=1050%2C600 3x"},"classes":[]},{"id":3455,"url":"https:\/\/www.volen.pl\/?p=3455","url_meta":{"origin":3569,"position":5},"title":"Jak Mieszka szlak czerwony trafia","author":"volen","date":"2023-08-04","format":false,"excerpt":"Najwi\u0119kszym problemem tej cz\u0119\u015bci szlaku jest fakt, \u017ce nikt nie je\u017adzi do Koma\u0144czy. Nie zdawa\u0142em sobie dot\u0105d sprawy z tego, jak ci\u0119\u017cko jest z transportem w tych okolicach... Plan mia\u0142em taki, by znale\u017a\u0107 nocleg w Pu\u0142awach (takiej wioseczce na bok od trasy donik\u0105d), stamt\u0105d pojecha\u0107 czymsik do Koma\u0144czy i ruszy\u0107\u2026","rel":"","context":"W \u201eGSB&quot;","block_context":{"text":"GSB","link":"https:\/\/www.volen.pl\/?cat=457"},"img":{"alt_text":"","src":"https:\/\/i0.wp.com\/www.volen.pl\/wp-content\/uploads\/2023\/08\/IMG_20230804_124736.jpg?fit=1200%2C900&ssl=1&resize=350%2C200","width":350,"height":200,"srcset":"https:\/\/i0.wp.com\/www.volen.pl\/wp-content\/uploads\/2023\/08\/IMG_20230804_124736.jpg?fit=1200%2C900&ssl=1&resize=350%2C200 1x, https:\/\/i0.wp.com\/www.volen.pl\/wp-content\/uploads\/2023\/08\/IMG_20230804_124736.jpg?fit=1200%2C900&ssl=1&resize=525%2C300 1.5x, https:\/\/i0.wp.com\/www.volen.pl\/wp-content\/uploads\/2023\/08\/IMG_20230804_124736.jpg?fit=1200%2C900&ssl=1&resize=700%2C400 2x, https:\/\/i0.wp.com\/www.volen.pl\/wp-content\/uploads\/2023\/08\/IMG_20230804_124736.jpg?fit=1200%2C900&ssl=1&resize=1050%2C600 3x"},"classes":[]}],"_links":{"self":[{"href":"https:\/\/www.volen.pl\/index.php?rest_route=\/wp\/v2\/posts\/3569","targetHints":{"allow":["GET"]}}],"collection":[{"href":"https:\/\/www.volen.pl\/index.php?rest_route=\/wp\/v2\/posts"}],"about":[{"href":"https:\/\/www.volen.pl\/index.php?rest_route=\/wp\/v2\/types\/post"}],"author":[{"embeddable":true,"href":"https:\/\/www.volen.pl\/index.php?rest_route=\/wp\/v2\/users\/1"}],"replies":[{"embeddable":true,"href":"https:\/\/www.volen.pl\/index.php?rest_route=%2Fwp%2Fv2%2Fcomments&post=3569"}],"version-history":[{"count":8,"href":"https:\/\/www.volen.pl\/index.php?rest_route=\/wp\/v2\/posts\/3569\/revisions"}],"predecessor-version":[{"id":3599,"href":"https:\/\/www.volen.pl\/index.php?rest_route=\/wp\/v2\/posts\/3569\/revisions\/3599"}],"wp:featuredmedia":[{"embeddable":true,"href":"https:\/\/www.volen.pl\/index.php?rest_route=\/wp\/v2\/media\/3583"}],"wp:attachment":[{"href":"https:\/\/www.volen.pl\/index.php?rest_route=%2Fwp%2Fv2%2Fmedia&parent=3569"}],"wp:term":[{"taxonomy":"category","embeddable":true,"href":"https:\/\/www.volen.pl\/index.php?rest_route=%2Fwp%2Fv2%2Fcategories&post=3569"},{"taxonomy":"post_tag","embeddable":true,"href":"https:\/\/www.volen.pl\/index.php?rest_route=%2Fwp%2Fv2%2Ftags&post=3569"}],"curies":[{"name":"wp","href":"https:\/\/api.w.org\/{rel}","templated":true}]}}