{"id":362,"date":"2014-03-27T20:15:37","date_gmt":"2014-03-27T19:15:37","guid":{"rendered":"http:\/\/www.volen.pl\/?p=362"},"modified":"2014-10-09T17:42:36","modified_gmt":"2014-10-09T15:42:36","slug":"kult-ernesto","status":"publish","type":"post","link":"https:\/\/www.volen.pl\/?p=362","title":{"rendered":"kult Ernesto"},"content":{"rendered":"<p>Od rana samego m\u017cy\u0142o a deszczy\u0142o niemo\u017cebnie. Obejrzeli\u015bmy sobie targ kutaisia\u0144ski, spili\u015bmy kaw\u0119 w znajomym barze, ze zdumieniem zobaczyli\u015bmy Che Guevar\u0119, kt\u00f3ry tu \u015brednio na miejscu si\u0119 wydawa\u0142, poszukali\u015bmy poczty przez chwil\u0119, a potem postanowili\u015bmy zabra\u0107 si\u0119 w inne miejsce. <a href=\"https:\/\/i0.wp.com\/www.volen.pl\/wp-content\/uploads\/2014\/03\/che-_DSC5434.jpg?ssl=1\"><img data-recalc-dims=\"1\" loading=\"lazy\" decoding=\"async\" data-attachment-id=\"361\" data-permalink=\"https:\/\/www.volen.pl\/?attachment_id=361\" data-orig-file=\"https:\/\/i0.wp.com\/www.volen.pl\/wp-content\/uploads\/2014\/03\/che-_DSC5434.jpg?fit=800%2C1208&amp;ssl=1\" data-orig-size=\"800,1208\" data-comments-opened=\"0\" data-image-meta=\"{&quot;aperture&quot;:&quot;0&quot;,&quot;credit&quot;:&quot;&quot;,&quot;camera&quot;:&quot;&quot;,&quot;caption&quot;:&quot;&quot;,&quot;created_timestamp&quot;:&quot;0&quot;,&quot;copyright&quot;:&quot;&quot;,&quot;focal_length&quot;:&quot;0&quot;,&quot;iso&quot;:&quot;0&quot;,&quot;shutter_speed&quot;:&quot;0&quot;,&quot;title&quot;:&quot;&quot;}\" data-image-title=\"che _DSC5434\" data-image-description=\"\" data-image-caption=\"\" data-large-file=\"https:\/\/i0.wp.com\/www.volen.pl\/wp-content\/uploads\/2014\/03\/che-_DSC5434.jpg?fit=800%2C1208&amp;ssl=1\" class=\"alignnone size-medium wp-image-361\" alt=\"che _DSC5434\" src=\"https:\/\/i0.wp.com\/www.volen.pl\/wp-content\/uploads\/2014\/03\/che-_DSC5434.jpg?resize=678%2C1024&#038;ssl=1\" width=\"678\" height=\"1024\" srcset=\"https:\/\/i0.wp.com\/www.volen.pl\/wp-content\/uploads\/2014\/03\/che-_DSC5434.jpg?resize=678%2C1024&amp;ssl=1 678w, https:\/\/i0.wp.com\/www.volen.pl\/wp-content\/uploads\/2014\/03\/che-_DSC5434.jpg?w=800&amp;ssl=1 800w\" sizes=\"auto, (max-width: 678px) 100vw, 678px\" \/><\/a><\/p>\n<p>Wybrali\u015bmy Tbilisi jako punkt docelowy, po czym udali\u015bmy si\u0119 na poszukiwanie marszrutki. Nasza okazja okaza\u0142a si\u0119 czarnym mercedesem vito z roztrzepanym kierowc\u0105, za\u015b droga, o kt\u00f3rej niewiele mo\u017cna powiedzie\u0107 poza tym, i\u017c by\u0142y momenty, w kt\u00f3rych wsp\u00f3lnie spontanicznie \u015bpiewali\u015bmy litani\u0119 do mi\u0142osierdzia bo\u017cego, trwa\u0142a i trwa\u0142a, ale poza tym by\u0142a typowo gruzi\u0144ska.<\/p>\n<p><a href=\"https:\/\/i0.wp.com\/www.volen.pl\/wp-content\/uploads\/2014\/03\/droga-_DSC5442.jpg?ssl=1\"><img data-recalc-dims=\"1\" loading=\"lazy\" decoding=\"async\" data-attachment-id=\"363\" data-permalink=\"https:\/\/www.volen.pl\/?attachment_id=363\" data-orig-file=\"https:\/\/i0.wp.com\/www.volen.pl\/wp-content\/uploads\/2014\/03\/droga-_DSC5442.jpg?fit=1208%2C800&amp;ssl=1\" data-orig-size=\"1208,800\" data-comments-opened=\"0\" data-image-meta=\"{&quot;aperture&quot;:&quot;0&quot;,&quot;credit&quot;:&quot;&quot;,&quot;camera&quot;:&quot;&quot;,&quot;caption&quot;:&quot;&quot;,&quot;created_timestamp&quot;:&quot;0&quot;,&quot;copyright&quot;:&quot;&quot;,&quot;focal_length&quot;:&quot;0&quot;,&quot;iso&quot;:&quot;0&quot;,&quot;shutter_speed&quot;:&quot;0&quot;,&quot;title&quot;:&quot;&quot;}\" data-image-title=\"droga _DSC5442\" data-image-description=\"\" data-image-caption=\"\" data-large-file=\"https:\/\/i0.wp.com\/www.volen.pl\/wp-content\/uploads\/2014\/03\/droga-_DSC5442.jpg?fit=1208%2C800&amp;ssl=1\" class=\"alignnone size-medium wp-image-363\" alt=\"droga _DSC5442\" src=\"https:\/\/i0.wp.com\/www.volen.pl\/wp-content\/uploads\/2014\/03\/droga-_DSC5442.jpg?resize=1024%2C678&#038;ssl=1\" width=\"1024\" height=\"678\" srcset=\"https:\/\/i0.wp.com\/www.volen.pl\/wp-content\/uploads\/2014\/03\/droga-_DSC5442.jpg?resize=1024%2C678&amp;ssl=1 1024w, https:\/\/i0.wp.com\/www.volen.pl\/wp-content\/uploads\/2014\/03\/droga-_DSC5442.jpg?w=1208&amp;ssl=1 1208w\" sizes=\"auto, (max-width: 1000px) 100vw, 1000px\" \/><\/a><br \/>\nW\u015br\u00f3d pasa\u017cer\u00f3w okazem godnym wspomnienia by\u0142 Gruzin z\u0142otoz\u0119by, kt\u00f3ry przedstawi\u0142 nam si\u0119 po tym, jak spo\u017cy\u0142 alkohol na postoju, ali\u015bci nie pami\u0119tamy jego imienia, a z\u0119by widzieli\u015bmy dobrze i cz\u0119sto. Z\u0142otoz\u0119by jest samorodnym geopolitycznym specjalist\u0105 i wiele opowiada\u0142 wsp\u00f3\u0142pasa\u017cerom o sytuacji, kt\u00f3ra ma miejsce tu i teraz. Ca\u0142e szcz\u0119\u015bcie dojechali\u015bmy jako\u015b na miejsce, wydarli\u015bmy si\u0119 dzikim taks\u00f3wkarzom i poszli\u015bmy do ich ristoran na pyszne chinkali. My\u015blimy tak sobie, mi\u0119dzy Bogiem a prawd\u0105, \u017ce ma\u0142o kto z Europy trafia w to miejsce, a to b\u0142\u0105d. Mimo paskudnego zewn\u0119trza, jedzenie palce liza\u0107: dla wybrednej, lokalnej klienteli &#8211; taks\u00f3wkarzy, kierowc\u00f3w marszrutek i autobus\u00f3w, nie dla jakich\u015b turistas, co wszystko zjedz\u0105, byle ciep\u0142e by\u0142o. Deszcz nie odpuszcza\u0142 w mi\u0119dzyczasie i pada\u0142 z uporem starego alkoholika.<br \/>\nPoszli\u015bmy poszuka\u0107 w najbli\u017cszej okolicy hotelu lub innego miejsca do spania i jako\u015b tak, w\u0119druj\u0105c, dotarli\u015bmy do Hotelu Plaza, kt\u00f3ren drogi jest jak jasna cholera, ale w zamian oferuje r\u00f3\u017cne udogodnienia, np. koncert jakiej\u015b hardrockowej kapeli z Izraela, kt\u00f3ra &#8211; mo\u017ce i sama nie wiedz\u0105c &#8211; przygrywa\u0142a nam do spania. Ale przed spaniem wyszli\u015bmy jeszcze si\u0119 poszwenda\u0107 po okolicy, poogl\u0105dali\u015bmy gruzi\u0144sk\u0105 'drog\u00f3wk\u0119&#8217;, czyli przydro\u017cne panie do towarzystwa, zrobili\u015bmy zakupy i mi\u0142o zm\u0119czyli\u015bmy dolne odn\u00f3\u017ca. Dobrze by\u0142o rozprostowa\u0107 ko\u015bci po je\u017adzie z Gdyni do Tbilisi.<\/p>\n","protected":false},"excerpt":{"rendered":"<p>Od rana samego m\u017cy\u0142o a deszczy\u0142o niemo\u017cebnie. Obejrzeli\u015bmy sobie targ kutaisia\u0144ski, spili\u015bmy kaw\u0119 w znajomym&#8230;<\/p>\n<div class=\"more-link-wrapper\"><a class=\"more-link\" href=\"https:\/\/www.volen.pl\/?p=362\">Read the post<span class=\"screen-reader-text\">kult Ernesto<\/span><\/a><\/div>\n","protected":false},"author":1,"featured_media":361,"comment_status":"closed","ping_status":"closed","sticky":false,"template":"","format":"standard","meta":{"_crdt_document":"","jetpack_post_was_ever_published":false,"_jetpack_newsletter_access":"","_jetpack_dont_email_post_to_subs":false,"_jetpack_newsletter_tier_id":0,"_jetpack_memberships_contains_paywalled_content":false,"_jetpack_memberships_contains_paid_content":false,"footnotes":"","jetpack_publicize_message":"","jetpack_publicize_feature_enabled":true,"jetpack_social_post_already_shared":true,"jetpack_social_options":{"image_generator_settings":{"template":"highway","default_image_id":0,"font":"","enabled":false},"version":2}},"categories":[133,93],"tags":[92,102,205,103],"class_list":["post-362","post","type-post","status-publish","format-standard","has-post-thumbnail","hentry","category-gruzja2014","category-nawariata","tag-gruzja","tag-kutaisi","tag-nawariata","tag-tbilisi","excerpt","zoom","full-without-featured","even","excerpt-0"],"jetpack_publicize_connections":[],"jetpack_featured_media_url":"https:\/\/i0.wp.com\/www.volen.pl\/wp-content\/uploads\/2014\/03\/che-_DSC5434.jpg?fit=800%2C1208&ssl=1","jetpack_shortlink":"https:\/\/wp.me\/p4lAri-5Q","jetpack_sharing_enabled":true,"jetpack-related-posts":[{"id":508,"url":"https:\/\/www.volen.pl\/?p=508","url_meta":{"origin":362,"position":0},"title":"Kutaisi. \u10e5\u10e3\u10d7\u10d0\u10d8\u10e1\u10d8.","author":"volen","date":"2014-04-02","format":false,"excerpt":"Najcz\u0119\u015bciej odwiedzane przez nas miasto w Gruzji. Nie z powodu jakiej\u015b osza\u0142amiaj\u0105cej urody, nie. Raczej z powodu strategicznego po\u0142o\u017cenia. Lokalny w\u0119ze\u0142 komunikacyjny. Siedziba parlamentu Gruzji, kt\u00f3rego budynek wyr\u00f3\u017cnia si\u0119 na tle okolicznej architektury, jak pierwszy pryszcz na twarzy nastolatki. Zauwa\u017cyli\u015bmy przy okazji, i\u017c Gruzini lubi\u0105 takie falowano - \u015blimakowate kszta\u0142ty\u2026","rel":"","context":"W \u201eGruzja 2014&quot;","block_context":{"text":"Gruzja 2014","link":"https:\/\/www.volen.pl\/?cat=133"},"img":{"alt_text":"","src":"https:\/\/i0.wp.com\/www.volen.pl\/wp-content\/uploads\/2014\/04\/katedra-_DSC7010.jpg?fit=795%2C1200&ssl=1&resize=350%2C200","width":350,"height":200,"srcset":"https:\/\/i0.wp.com\/www.volen.pl\/wp-content\/uploads\/2014\/04\/katedra-_DSC7010.jpg?fit=795%2C1200&ssl=1&resize=350%2C200 1x, https:\/\/i0.wp.com\/www.volen.pl\/wp-content\/uploads\/2014\/04\/katedra-_DSC7010.jpg?fit=795%2C1200&ssl=1&resize=525%2C300 1.5x, https:\/\/i0.wp.com\/www.volen.pl\/wp-content\/uploads\/2014\/04\/katedra-_DSC7010.jpg?fit=795%2C1200&ssl=1&resize=700%2C400 2x"},"classes":[]},{"id":1585,"url":"https:\/\/www.volen.pl\/?p=1585","url_meta":{"origin":362,"position":1},"title":"z Gruzji do domu &#8211; 7000km","author":"volen","date":"2012-10-22","format":false,"excerpt":"Polecieli\u015bmy, zobaczyli\u015bmy, wygrali\u015bmy... Tylko, \u017ce powr\u00f3t zaplanowali\u015bmy do ostatniego szczeg\u00f3\u0142u: wracamy jak B\u00f3g da, l\u0105dem przez Turcj\u0119 albo promem do Konstancy, albo si\u0119 zobaczy jeszcze... Start by\u0142 d\u0142ugi i m\u0119cz\u0105cy, gdy\u017c najpierw by\u0142a 1. Ryga, w kt\u00f3rej zjedli\u015bmy tosty, a potem dopiero przywita\u0142a nas 2. gruzi\u0144ska Stra\u017c Graniczna cz\u0119stuj\u0105ca nas\u2026","rel":"","context":"W \u201e7000km - 2012&quot;","block_context":{"text":"7000km - 2012","link":"https:\/\/www.volen.pl\/?cat=135"},"img":{"alt_text":"","src":"","width":0,"height":0},"classes":[]},{"id":2006,"url":"https:\/\/www.volen.pl\/?p=2006","url_meta":{"origin":362,"position":2},"title":"Po\u017cegnanie","author":"volen","date":"2017-01-02","format":false,"excerpt":"Zaraz z rana, po toalecie, ruszylil\u015bmy obejrze\u0107 jaskini\u0119 Prometeusza, kt\u00f3ry podobno zaraz po tym, jak podw\u0119dzi\u0142 bogom ogie\u0144, zosta\u0142 przykuty do ska\u0142 Kaukazu. Ba! Niekt\u00f3rzy twierdz\u0105, \u017ce mieszka\u0142 w owej jaskini do niedawna i wyp\u0142oszy\u0142y go dopiero sowieckie misje speleologiczne z 1984-ego. Jak by\u0142o, tak by\u0142o, nie wnikamy, chcieli\u015bmy jedynie\u2026","rel":"","context":"W \u201enawariata&quot;","block_context":{"text":"nawariata","link":"https:\/\/www.volen.pl\/?cat=93"},"img":{"alt_text":"","src":"https:\/\/i0.wp.com\/www.volen.pl\/wp-content\/uploads\/2017\/01\/20160821_090705.jpg?fit=1200%2C675&ssl=1&resize=350%2C200","width":350,"height":200,"srcset":"https:\/\/i0.wp.com\/www.volen.pl\/wp-content\/uploads\/2017\/01\/20160821_090705.jpg?fit=1200%2C675&ssl=1&resize=350%2C200 1x, https:\/\/i0.wp.com\/www.volen.pl\/wp-content\/uploads\/2017\/01\/20160821_090705.jpg?fit=1200%2C675&ssl=1&resize=525%2C300 1.5x, https:\/\/i0.wp.com\/www.volen.pl\/wp-content\/uploads\/2017\/01\/20160821_090705.jpg?fit=1200%2C675&ssl=1&resize=700%2C400 2x, https:\/\/i0.wp.com\/www.volen.pl\/wp-content\/uploads\/2017\/01\/20160821_090705.jpg?fit=1200%2C675&ssl=1&resize=1050%2C600 3x"},"classes":[]},{"id":396,"url":"https:\/\/www.volen.pl\/?p=396","url_meta":{"origin":362,"position":3},"title":"Zestaponi &#8211; na bakier z prawami fizyki?","author":"volen","date":"2014-03-29","format":false,"excerpt":"Wiecie, jak to jest, robi\u0107 za statyst\u0119 w Rodzinie Soprano? Przede wszystkim zi\u0105b, zimno, l\u00f3d, nogi spod ko\u0142dry nie chce si\u0119 wyci\u0105ga\u0107, bo zsinieje i og\u00f3lnie niezdrowo zacznie wygl\u0105da\u0107... W ka\u017cdym razie w ko\u0144cu wzi\u0119li, wstali, poszli na kaw\u0119 do trz\u0119s\u0105cej mccheta\u0144skim rynkiem glamour gospodyni. Dostali\u015bmy chleb w jajku obtoczony,\u2026","rel":"","context":"W \u201eGruzja 2014&quot;","block_context":{"text":"Gruzja 2014","link":"https:\/\/www.volen.pl\/?cat=133"},"img":{"alt_text":"","src":"https:\/\/i0.wp.com\/www.volen.pl\/wp-content\/uploads\/2014\/03\/autobus-_DSC6145.jpg?fit=1200%2C795&ssl=1&resize=350%2C200","width":350,"height":200,"srcset":"https:\/\/i0.wp.com\/www.volen.pl\/wp-content\/uploads\/2014\/03\/autobus-_DSC6145.jpg?fit=1200%2C795&ssl=1&resize=350%2C200 1x, https:\/\/i0.wp.com\/www.volen.pl\/wp-content\/uploads\/2014\/03\/autobus-_DSC6145.jpg?fit=1200%2C795&ssl=1&resize=525%2C300 1.5x, https:\/\/i0.wp.com\/www.volen.pl\/wp-content\/uploads\/2014\/03\/autobus-_DSC6145.jpg?fit=1200%2C795&ssl=1&resize=700%2C400 2x, https:\/\/i0.wp.com\/www.volen.pl\/wp-content\/uploads\/2014\/03\/autobus-_DSC6145.jpg?fit=1200%2C795&ssl=1&resize=1050%2C600 3x"},"classes":[]},{"id":467,"url":"https:\/\/www.volen.pl\/?p=467","url_meta":{"origin":362,"position":4},"title":"\u10ed\u10d8\u10d0\u10dc\u10ed\u10d5\u10d4\u10da\u10d4\u10d1\u10d8\u10e1 &#8211; mr\u00f3weczki","author":"volen","date":"2014-03-31","format":false,"excerpt":"Pocz\u0105tek dnia, opr\u00f3cz \u015bniadania w mi\u0142ym towarzystwie, przyni\u00f3s\u0142 opady \u015bniegu. Nie przypuszczali\u015bmy, \u017ce b\u0119dzie tu tak zimowo. Nugzari i Gia zawie\u017ali nas do marszrutki, kt\u00f3ra okaza\u0142a si\u0119 marszrutk\u0105 do Poti, gdzie mieli\u015bmy si\u0119 przesi\u0105\u015b\u0107. Nie by\u0142oby nic do dodania, gdyby nie fakt, i\u017c ten wehiku\u0142 pozbawiony by\u0142 zupe\u0142nie amortyzator\u00f3w oraz\u2026","rel":"","context":"W \u201eGruzja 2014&quot;","block_context":{"text":"Gruzja 2014","link":"https:\/\/www.volen.pl\/?cat=133"},"img":{"alt_text":"","src":"https:\/\/i0.wp.com\/www.volen.pl\/wp-content\/uploads\/2014\/04\/zugdidi-golibroda-_DSC6428.jpg?fit=1200%2C795&ssl=1&resize=350%2C200","width":350,"height":200,"srcset":"https:\/\/i0.wp.com\/www.volen.pl\/wp-content\/uploads\/2014\/04\/zugdidi-golibroda-_DSC6428.jpg?fit=1200%2C795&ssl=1&resize=350%2C200 1x, https:\/\/i0.wp.com\/www.volen.pl\/wp-content\/uploads\/2014\/04\/zugdidi-golibroda-_DSC6428.jpg?fit=1200%2C795&ssl=1&resize=525%2C300 1.5x, https:\/\/i0.wp.com\/www.volen.pl\/wp-content\/uploads\/2014\/04\/zugdidi-golibroda-_DSC6428.jpg?fit=1200%2C795&ssl=1&resize=700%2C400 2x, https:\/\/i0.wp.com\/www.volen.pl\/wp-content\/uploads\/2014\/04\/zugdidi-golibroda-_DSC6428.jpg?fit=1200%2C795&ssl=1&resize=1050%2C600 3x"},"classes":[]},{"id":307,"url":"https:\/\/www.volen.pl\/?p=307","url_meta":{"origin":362,"position":5},"title":"komu w drog\u0119, temu&#8230;","author":"volen","date":"2014-03-25","format":false,"excerpt":"jak na razie zimno i mokro... i choroba m\u0119czy... ale ju\u017c za par\u0119 godzin wsi\u0105dziemy w kolejk\u0119, nast\u0119pnie w autokar, potem w metro albo autobus tylko po to, by dotrze\u0107 na lotnisko, sk\u0105d przelecimy za morze bo Podr\u00f3\u017c to Podr\u00f3\u017c - ma swoje wymagania i niewa\u017cne, \u017ce chorzy, \u017ce zimno\u2026","rel":"","context":"W \u201eGruzja 2014&quot;","block_context":{"text":"Gruzja 2014","link":"https:\/\/www.volen.pl\/?cat=133"},"img":{"alt_text":"","src":"","width":0,"height":0},"classes":[]}],"_links":{"self":[{"href":"https:\/\/www.volen.pl\/index.php?rest_route=\/wp\/v2\/posts\/362","targetHints":{"allow":["GET"]}}],"collection":[{"href":"https:\/\/www.volen.pl\/index.php?rest_route=\/wp\/v2\/posts"}],"about":[{"href":"https:\/\/www.volen.pl\/index.php?rest_route=\/wp\/v2\/types\/post"}],"author":[{"embeddable":true,"href":"https:\/\/www.volen.pl\/index.php?rest_route=\/wp\/v2\/users\/1"}],"replies":[{"embeddable":true,"href":"https:\/\/www.volen.pl\/index.php?rest_route=%2Fwp%2Fv2%2Fcomments&post=362"}],"version-history":[{"count":1,"href":"https:\/\/www.volen.pl\/index.php?rest_route=\/wp\/v2\/posts\/362\/revisions"}],"predecessor-version":[{"id":364,"href":"https:\/\/www.volen.pl\/index.php?rest_route=\/wp\/v2\/posts\/362\/revisions\/364"}],"wp:featuredmedia":[{"embeddable":true,"href":"https:\/\/www.volen.pl\/index.php?rest_route=\/wp\/v2\/media\/361"}],"wp:attachment":[{"href":"https:\/\/www.volen.pl\/index.php?rest_route=%2Fwp%2Fv2%2Fmedia&parent=362"}],"wp:term":[{"taxonomy":"category","embeddable":true,"href":"https:\/\/www.volen.pl\/index.php?rest_route=%2Fwp%2Fv2%2Fcategories&post=362"},{"taxonomy":"post_tag","embeddable":true,"href":"https:\/\/www.volen.pl\/index.php?rest_route=%2Fwp%2Fv2%2Ftags&post=362"}],"curies":[{"name":"wp","href":"https:\/\/api.w.org\/{rel}","templated":true}]}}