{"id":4005,"date":"2026-03-06T09:01:35","date_gmt":"2026-03-06T08:01:35","guid":{"rendered":"https:\/\/www.volen.pl\/?p=4005"},"modified":"2026-04-03T17:51:19","modified_gmt":"2026-04-03T15:51:19","slug":"gniewko","status":"publish","type":"post","link":"https:\/\/www.volen.pl\/?p=4005","title":{"rendered":"Gniewko"},"content":{"rendered":"\n<p class=\"wp-block-paragraph\">Gniewko zaakceptowa\u0142 moje warunki. &#8211; powiedzia\u0142em Ani. Chodzi\u0142o o to, \u017ce nie p\u00f3jdzie dzi\u015b do przedszkola, je\u015bli b\u0119dzie zachowywa\u0142 si\u0119 przyzwoicie. <\/p>\n\n\n\n<p class=\"wp-block-paragraph\">Na to wchodzi Gniewko i pyta: a co to znaczy &#8222;przyzwoicie&#8221;?<\/p>\n\n\n\n<p class=\"wp-block-paragraph\">kurtyna. <\/p>\n","protected":false},"excerpt":{"rendered":"<p>Gniewko zaakceptowa\u0142 moje warunki. &#8211; powiedzia\u0142em Ani. Chodzi\u0142o o to, \u017ce nie p\u00f3jdzie dzi\u015b do&#8230;<\/p>\n<div class=\"more-link-wrapper\"><a class=\"more-link\" href=\"https:\/\/www.volen.pl\/?p=4005\">Read the post<span class=\"screen-reader-text\">Gniewko<\/span><\/a><\/div>\n","protected":false},"author":1,"featured_media":0,"comment_status":"open","ping_status":"open","sticky":false,"template":"","format":"standard","meta":{"_crdt_document":"{\"document\":\"AAAG2LmGnxAqIAgQgAwBCBwCAQIKAkJKALgEAQIKAkJKAIgCAQIKAkJKADcoAycABAAnAAQAJwAoBicAKAwnAAcAKAMnAQQAKAAnAIcAKAMnAQQAKAAnAIcAKAMnAQQAKAAn3QuOC3N0YXRldmVyc2lvbmRvY3VtZW50ZGF0ZWRvY3VtZW50c2x1Z2RvY3VtZW50c3RhdHVzZG9jdW1lbnR0aXRsZUduaWV3a29kb2N1bWVudGNvbnRlbnQ8IS0tIHdwOnBhcmFncmFwaCAtLT4KPHA+R25pZXdrbyB6YWFrY2VwdG93YcWCIG1vamUgd2FydW5raS4gLSBwb3dpZWR6aWHFgmVtIEFuaS4gQ2hvZHppxYJvIG8gdG8sIMW8ZSBuaWUgcMOzamR6aWUgZHppxZsgZG8gcHJ6ZWRzemtvbGEsIGplxZtsaSBixJlkemllIHphY2hvd3l3YcWCIHNpxJkgcHJ6eXp3b2ljaWUuIDwvcD4KPCEtLSAvd3A6cGFyYWdyYXBoIC0tPgoKPCEtLSB3cDpwYXJhZ3JhcGggLS0+CjxwPk5hIHRvIHdjaG9kemkgR25pZXdrbyBpIHB5dGE6IGEgY28gdG8gem5hY3p5ICJwcnp5endvaWNpZSI\/PC9wPgo8IS0tIC93cDpwYXJhZ3JhcGggLS0+Cgo8IS0tIHdwOnBhcmFncmFwaCAtLT4KPHA+a3VydHluYS4gPC9wPgo8IS0tIC93cDpwYXJhZ3JhcGggLS0+ZG9jdW1lbnRleGNlcnB0ZG9jdW1lbnRhdXRob3Jkb2N1bWVudGZlYXR1cmVkX21lZGlhZG9jdW1lbnRjb21tZW50X3N0YXR1c2RvY3VtZW50cGluZ19zdGF0dXNkb2N1bWVudHN0aWNreWRvY3VtZW50dGVtcGxhdGVkb2N1bWVudGZvcm1hdGRvY3VtZW50bWV0YWpldHBhY2tfcG9zdF93YXNfZXZlcl9wdWJsaXNoZWRfamV0cGFja19uZXdzbGV0dGVyX2FjY2Vzc19qZXRwYWNrX2RvbnRfZW1haWxfcG9zdF90b19zdWJzX2pldHBhY2tfbmV3c2xldHRlcl90aWVyX2lkX2pldHBhY2tfbWVtYmVyc2hpcHNfY29udGFpbnNfcGF5d2FsbGVkX2NvbnRlbnRfamV0cGFja19tZW1iZXJzaGlwc19jb250YWluc19wYWlkX2NvbnRlbnRmb290bm90ZXNqZXRwYWNrX3B1YmxpY2l6ZV9tZXNzYWdlamV0cGFja19wdWJsaWNpemVfZmVhdHVyZV9lbmFibGVkamV0cGFja19zb2NpYWxfcG9zdF9hbHJlYWR5X3NoYXJlZGpldHBhY2tfc29jaWFsX29wdGlvbnNkb2N1bWVudGNhdGVnb3JpZXNkb2N1bWVudHRhZ3Nkb2N1bWVudGJsb2Nrc2NsaWVudElkaXNWYWxpZG9yaWdpbmFsQ29udGVudG5hbWVhdHRyaWJ1dGVzY29udGVudEduaWV3a28gemFha2NlcHRvd2HFgiBtb2plIHdhcnVua2kuIC0gcG93aWVkemlhxYJlbSBBbmkuIENob2R6acWCbyBvIHRvLCDFvGUgbmllIHDDs2pkemllIGR6acWbIGRvIHByemVkc3prb2xhLCBqZcWbbGkgYsSZZHppZSB6YWNob3d5d2HFgiBzacSZIHByenl6d29pY2llLiBkcm9wQ2FwaW5uZXJCbG9ja3NjbGllbnRJZGlzVmFsaWRvcmlnaW5hbENvbnRlbnRuYW1lYXR0cmlidXRlc2NvbnRlbnROYSB0byB3Y2hvZHppIEduaWV3a28gaSBweXRhOiBhIGNvIHRvIHpuYWN6eSAicHJ6eXp3b2ljaWUiP2Ryb3BDYXBpbm5lckJsb2Nrc2NsaWVudElkaXNWYWxpZG9yaWdpbmFsQ29udGVudG5hbWVhdHRyaWJ1dGVzY29udGVudGt1cnR5bmEuIGRyb3BDYXBpbm5lckJsb2NrcwUHCAQIBAgGCAUHCAe3BQgHCAYIDggOCAsIBkgBBggEHxogGy8qCRkhIhYICggECAYIBw8ECgeTAgcLCAcPBAoHOwcLCAcPBAoHCQcLDwEEAAABAAAAAQgACgECABBCAQEAQQACAEEAAgBBAAIAAkElAT0AfQF3EzIwMjYtMDMtMDZUMDk6MDE6MzV3B2duaWV3a293B3B1Ymxpc2h9AX0AdwRvcGVudwRvcGVueXcAdwhzdGFuZGFyZHl3AHl9AHl5dwB3AHh4dgIYaW1hZ2VfZ2VuZXJhdG9yX3NldHRpbmdzdgQIdGVtcGxhdGV3B2hpZ2h3YXkQZGVmYXVsdF9pbWFnZV9pZH0ABGZvbnR3AAdlbmFibGVkeQd2ZXJzaW9ufQJ1AX0CdQJ9igl9pAh3JGZiYjIwMTU4LThkYWQtNDBmMy1hNDRiLTlhYWY4ODg3YmU4NHh3pAE8cD5Hbmlld2tvIHphYWtjZXB0b3dhxYIgbW9qZSB3YXJ1bmtpLiAtIHBvd2llZHppYcWCZW0gQW5pLiBDaG9kemnFgm8gbyB0bywgxbxlIG5pZSBww7NqZHppZSBkemnFmyBkbyBwcnplZHN6a29sYSwgamXFm2xpIGLEmWR6aWUgemFjaG93eXdhxYIgc2nEmSBwcnp5endvaWNpZS4gPC9wPncOY29yZS9wYXJhZ3JhcGh5dyQ4ZTBjNWQ3OS1mMThkLTRhMzktOWRlMi1kZTgwYTJjNzIwMWV4d0I8cD5OYSB0byB3Y2hvZHppIEduaWV3a28gaSBweXRhOiBhIGNvIHRvIHpuYWN6eSAicHJ6eXp3b2ljaWUiPzwvcD53DmNvcmUvcGFyYWdyYXBoeXckYWE2ZjBiMzktODgwOC00ZDMyLTk5MzMtYjZiNDM4NDFkNmRkeHcQPHA+a3VydHluYS4gPC9wPncOY29yZS9wYXJhZ3JhcGh5AA==\",\"updateId\":82672414}","jetpack_post_was_ever_published":false,"_jetpack_newsletter_access":"","_jetpack_dont_email_post_to_subs":false,"_jetpack_newsletter_tier_id":0,"_jetpack_memberships_contains_paywalled_content":false,"_jetpack_memberships_contains_paid_content":false,"footnotes":"","jetpack_publicize_message":"","jetpack_publicize_feature_enabled":true,"jetpack_social_post_already_shared":true,"jetpack_social_options":{"image_generator_settings":{"template":"highway","default_image_id":0,"font":"","enabled":false},"version":2}},"categories":[2],"tags":[586,548],"class_list":["post-4005","post","type-post","status-publish","format-standard","hentry","category-filozofia-uliczna","tag-586","tag-gniewko","excerpt","zoom","full-without-featured","even","excerpt-0"],"jetpack_publicize_connections":[],"jetpack_featured_media_url":"","jetpack_shortlink":"https:\/\/wp.me\/s4lAri-gniewko","jetpack_sharing_enabled":true,"jetpack-related-posts":[{"id":3848,"url":"https:\/\/www.volen.pl\/?p=3848","url_meta":{"origin":4005,"position":0},"title":"Polowanie na pokemony","author":"volen","date":"2025-05-17","format":false,"excerpt":"Nocleg w Markowych Szczawinach, hmmm\u2026 Ba\u0142em si\u0119 troch\u0119, \u017ce Gniewko b\u0119dzie dokazywa\u0142, ale chyba zdepta\u0142em go wystarczaj\u0105co. Po kolacji i zaj\u0119ciu miejsc noclegowych zeszli\u015bmy do living roomu przy suszarni i si\u0119 suszyli\u015bmy, pili\u015bmy herbat\u0119, czytali\u015bmy ksi\u0105\u017ck\u0119 (ja) i ogl\u0105dali\u015bmy bajki (oni). Po jakim\u015b czasie poszli\u015bmy spa\u0107, razem z nami w\u2026","rel":"","context":"W \u201eGSB&quot;","block_context":{"text":"GSB","link":"https:\/\/www.volen.pl\/?cat=457"},"img":{"alt_text":"","src":"https:\/\/i0.wp.com\/www.volen.pl\/wp-content\/uploads\/2025\/09\/IMG_20250517_124114.jpg?fit=1200%2C900&ssl=1&resize=350%2C200","width":350,"height":200,"srcset":"https:\/\/i0.wp.com\/www.volen.pl\/wp-content\/uploads\/2025\/09\/IMG_20250517_124114.jpg?fit=1200%2C900&ssl=1&resize=350%2C200 1x, https:\/\/i0.wp.com\/www.volen.pl\/wp-content\/uploads\/2025\/09\/IMG_20250517_124114.jpg?fit=1200%2C900&ssl=1&resize=525%2C300 1.5x, https:\/\/i0.wp.com\/www.volen.pl\/wp-content\/uploads\/2025\/09\/IMG_20250517_124114.jpg?fit=1200%2C900&ssl=1&resize=700%2C400 2x, https:\/\/i0.wp.com\/www.volen.pl\/wp-content\/uploads\/2025\/09\/IMG_20250517_124114.jpg?fit=1200%2C900&ssl=1&resize=1050%2C600 3x"},"classes":[]},{"id":3816,"url":"https:\/\/www.volen.pl\/?p=3816","url_meta":{"origin":4005,"position":1},"title":"Kocie ocz\u0119ta","author":"volen","date":"2025-05-16","format":false,"excerpt":"Pewnego pi\u0119knego dnia Kot m\u00f3j osobisty, Oblizuch znalaz\u0142 sobie warsztaty jakie\u015b tajemnicze w dalekim, odludnym miejscu pod Such\u0105 Beskidzk\u0105. Skrada\u0142a si\u0119 do mnie z tymi warsztatami par\u0119 dni i skrada\u0142a i w ko\u0144cu \u015blepkami swoimi patrz\u0105c badawczo na mnie spr\u00f3bowa\u0142a pochwali\u0107 si\u0119 tym swoim pomys\u0142em. Kot Oblizuch B\u00f3g, los, fatum,\u2026","rel":"","context":"W \u201eGSB&quot;","block_context":{"text":"GSB","link":"https:\/\/www.volen.pl\/?cat=457"},"img":{"alt_text":"","src":"https:\/\/i0.wp.com\/www.volen.pl\/wp-content\/uploads\/2025\/05\/IMG_20250516_104704.jpg?fit=1200%2C900&ssl=1&resize=350%2C200","width":350,"height":200,"srcset":"https:\/\/i0.wp.com\/www.volen.pl\/wp-content\/uploads\/2025\/05\/IMG_20250516_104704.jpg?fit=1200%2C900&ssl=1&resize=350%2C200 1x, https:\/\/i0.wp.com\/www.volen.pl\/wp-content\/uploads\/2025\/05\/IMG_20250516_104704.jpg?fit=1200%2C900&ssl=1&resize=525%2C300 1.5x, https:\/\/i0.wp.com\/www.volen.pl\/wp-content\/uploads\/2025\/05\/IMG_20250516_104704.jpg?fit=1200%2C900&ssl=1&resize=700%2C400 2x, https:\/\/i0.wp.com\/www.volen.pl\/wp-content\/uploads\/2025\/05\/IMG_20250516_104704.jpg?fit=1200%2C900&ssl=1&resize=1050%2C600 3x"},"classes":[]},{"id":3569,"url":"https:\/\/www.volen.pl\/?p=3569","url_meta":{"origin":4005,"position":2},"title":"Baza namiotowa w Regietowie","author":"volen","date":"2024-08-28","format":false,"excerpt":"https:\/\/vimeo.com\/1012730577 Rano Mieszko poszed\u0142 do sklepu po zam\u00f3wione bu\u0142ki, Gniewko \u0142apa\u0142 s\u0142o\u0144ce, a ja usi\u0142owa\u0142em wszystko popakowa\u0107. Okaza\u0142o si\u0119 jednak, \u017ce ma\u0142y jednak \u0142apa\u0142 udar, nie s\u0142o\u0144ce, wi\u0119c mia\u0142 kilkakrotnie torsje i generalnie zrobi\u0142 si\u0119 ci\u0119\u017cki do dalszego przemierzania szlaku. Da\u0142em mu elektrolity, za\u015b Mieszko si\u0119 zgubi\u0142 i wraca\u0142 ze\u2026","rel":"","context":"W \u201eGSB&quot;","block_context":{"text":"GSB","link":"https:\/\/www.volen.pl\/?cat=457"},"img":{"alt_text":"","src":"https:\/\/i0.wp.com\/www.volen.pl\/wp-content\/uploads\/2024\/09\/wIMG_20240828_113742-scaled.jpg?fit=1200%2C900&ssl=1&resize=350%2C200","width":350,"height":200,"srcset":"https:\/\/i0.wp.com\/www.volen.pl\/wp-content\/uploads\/2024\/09\/wIMG_20240828_113742-scaled.jpg?fit=1200%2C900&ssl=1&resize=350%2C200 1x, https:\/\/i0.wp.com\/www.volen.pl\/wp-content\/uploads\/2024\/09\/wIMG_20240828_113742-scaled.jpg?fit=1200%2C900&ssl=1&resize=525%2C300 1.5x, https:\/\/i0.wp.com\/www.volen.pl\/wp-content\/uploads\/2024\/09\/wIMG_20240828_113742-scaled.jpg?fit=1200%2C900&ssl=1&resize=700%2C400 2x, https:\/\/i0.wp.com\/www.volen.pl\/wp-content\/uploads\/2024\/09\/wIMG_20240828_113742-scaled.jpg?fit=1200%2C900&ssl=1&resize=1050%2C600 3x"},"classes":[]},{"id":3204,"url":"https:\/\/www.volen.pl\/?p=3204","url_meta":{"origin":4005,"position":3},"title":"Spotkanie z Bogiem","author":"volen","date":"2023-06-17","format":false,"excerpt":"P\u0119dzili\u015bmy na z\u0142amanie karku przed siebie, a\u017c jakie\u015b p\u00f3\u0142torej godziny p\u00f3\u017aniej zatrzymali\u015bmy si\u0119 na kaw\u0119, bo ci\u0119\u017cka noc za nami. Dzieci si\u0119 pobawi\u0142y, pokarmi\u0142y kr\u00f3liczki, my spili\u015bmy kaw\u0119 i zatankowali\u015bmy i tak jako\u015b czas nam mija\u0142, a\u017c znowu ruszyli\u015bmy. Ania dzielnie pilotowa\u0142a i doprowadzi\u0142a nas do cudownej knajpy nad jeziorkiem,\u2026","rel":"","context":"W \u201epo byku&quot;","block_context":{"text":"po byku","link":"https:\/\/www.volen.pl\/?cat=474"},"img":{"alt_text":"","src":"https:\/\/i0.wp.com\/www.volen.pl\/wp-content\/uploads\/2023\/07\/IMG_20230617_130424.jpg?fit=1200%2C900&ssl=1&resize=350%2C200","width":350,"height":200,"srcset":"https:\/\/i0.wp.com\/www.volen.pl\/wp-content\/uploads\/2023\/07\/IMG_20230617_130424.jpg?fit=1200%2C900&ssl=1&resize=350%2C200 1x, https:\/\/i0.wp.com\/www.volen.pl\/wp-content\/uploads\/2023\/07\/IMG_20230617_130424.jpg?fit=1200%2C900&ssl=1&resize=525%2C300 1.5x, https:\/\/i0.wp.com\/www.volen.pl\/wp-content\/uploads\/2023\/07\/IMG_20230617_130424.jpg?fit=1200%2C900&ssl=1&resize=700%2C400 2x, https:\/\/i0.wp.com\/www.volen.pl\/wp-content\/uploads\/2023\/07\/IMG_20230617_130424.jpg?fit=1200%2C900&ssl=1&resize=1050%2C600 3x"},"classes":[]},{"id":3355,"url":"https:\/\/www.volen.pl\/?p=3355","url_meta":{"origin":4005,"position":4},"title":"Antypanda","author":"volen","date":"2023-07-02","format":false,"excerpt":"Postanowili\u015bmy zosta\u0107 i odpocz\u0105\u0107 i nacieszy\u0107 si\u0119 nadchodz\u0105cym zgie\u0142kiem pocz\u0105tku sezonu.Zostali\u015bmy ca\u0142y czwartek, w nocy obudzi\u0142a nas sroga impreza gdzie\u015b na wzg\u00f3rzach okalaj\u0105cych Skorpilovtchi, a potem w pi\u0105tek co\u015b chcieli\u015bmy zrobi\u0107, ju\u017c nie pami\u0119tam, co, i okaza\u0142o si\u0119, \u017ce autko nam zasn\u0119\u0142o snem wiekuistym. Nie reaguje na kluczyk, g\u0142askanie, sapanie,\u2026","rel":"","context":"W \u201epo byku&quot;","block_context":{"text":"po byku","link":"https:\/\/www.volen.pl\/?cat=474"},"img":{"alt_text":"","src":"https:\/\/i0.wp.com\/www.volen.pl\/wp-content\/uploads\/2023\/07\/IMG_20230701_162213.jpg?fit=1200%2C900&ssl=1&resize=350%2C200","width":350,"height":200,"srcset":"https:\/\/i0.wp.com\/www.volen.pl\/wp-content\/uploads\/2023\/07\/IMG_20230701_162213.jpg?fit=1200%2C900&ssl=1&resize=350%2C200 1x, https:\/\/i0.wp.com\/www.volen.pl\/wp-content\/uploads\/2023\/07\/IMG_20230701_162213.jpg?fit=1200%2C900&ssl=1&resize=525%2C300 1.5x, https:\/\/i0.wp.com\/www.volen.pl\/wp-content\/uploads\/2023\/07\/IMG_20230701_162213.jpg?fit=1200%2C900&ssl=1&resize=700%2C400 2x, https:\/\/i0.wp.com\/www.volen.pl\/wp-content\/uploads\/2023\/07\/IMG_20230701_162213.jpg?fit=1200%2C900&ssl=1&resize=1050%2C600 3x"},"classes":[]},{"id":3574,"url":"https:\/\/www.volen.pl\/?p=3574","url_meta":{"origin":4005,"position":5},"title":"do Krynicy &#8211; Zdroju","author":"volen","date":"2024-08-30","format":false,"excerpt":"Herbatka z ogniska, czynno\u015bci kosmetyczne oraz pakowanie zaj\u0119\u0142y czas od 6.30 do 9.00. Standard. herbatka Ogarn\u0119li\u015bmy chatk\u0119, w mi\u0119dzyczasie przysz\u0142a mama z tr\u00f3jk\u0105 nastolatk\u00f3w, do\u015b\u0107 ciekawskie stworzenia, troch\u0119 pogadali\u015bmy i poszli\u015bmy. Po drodze drwale i jakie\u015b mostoroby, ale bardzo introwertyczne, bez specjalnejnch\u0119ci integracji. Zupe\u0142nie na mi\u0119kko weszli\u015bmy na g\u00f3rk\u0119, posmakowali\u015bmy\u2026","rel":"","context":"W \u201eGSB&quot;","block_context":{"text":"GSB","link":"https:\/\/www.volen.pl\/?cat=457"},"img":{"alt_text":"","src":"https:\/\/i0.wp.com\/www.volen.pl\/wp-content\/uploads\/2024\/10\/IMG_20240830_114523.jpg?fit=1200%2C900&ssl=1&resize=350%2C200","width":350,"height":200,"srcset":"https:\/\/i0.wp.com\/www.volen.pl\/wp-content\/uploads\/2024\/10\/IMG_20240830_114523.jpg?fit=1200%2C900&ssl=1&resize=350%2C200 1x, https:\/\/i0.wp.com\/www.volen.pl\/wp-content\/uploads\/2024\/10\/IMG_20240830_114523.jpg?fit=1200%2C900&ssl=1&resize=525%2C300 1.5x, https:\/\/i0.wp.com\/www.volen.pl\/wp-content\/uploads\/2024\/10\/IMG_20240830_114523.jpg?fit=1200%2C900&ssl=1&resize=700%2C400 2x, https:\/\/i0.wp.com\/www.volen.pl\/wp-content\/uploads\/2024\/10\/IMG_20240830_114523.jpg?fit=1200%2C900&ssl=1&resize=1050%2C600 3x"},"classes":[]}],"_links":{"self":[{"href":"https:\/\/www.volen.pl\/index.php?rest_route=\/wp\/v2\/posts\/4005","targetHints":{"allow":["GET"]}}],"collection":[{"href":"https:\/\/www.volen.pl\/index.php?rest_route=\/wp\/v2\/posts"}],"about":[{"href":"https:\/\/www.volen.pl\/index.php?rest_route=\/wp\/v2\/types\/post"}],"author":[{"embeddable":true,"href":"https:\/\/www.volen.pl\/index.php?rest_route=\/wp\/v2\/users\/1"}],"replies":[{"embeddable":true,"href":"https:\/\/www.volen.pl\/index.php?rest_route=%2Fwp%2Fv2%2Fcomments&post=4005"}],"version-history":[{"count":2,"href":"https:\/\/www.volen.pl\/index.php?rest_route=\/wp\/v2\/posts\/4005\/revisions"}],"predecessor-version":[{"id":4019,"href":"https:\/\/www.volen.pl\/index.php?rest_route=\/wp\/v2\/posts\/4005\/revisions\/4019"}],"wp:attachment":[{"href":"https:\/\/www.volen.pl\/index.php?rest_route=%2Fwp%2Fv2%2Fmedia&parent=4005"}],"wp:term":[{"taxonomy":"category","embeddable":true,"href":"https:\/\/www.volen.pl\/index.php?rest_route=%2Fwp%2Fv2%2Fcategories&post=4005"},{"taxonomy":"post_tag","embeddable":true,"href":"https:\/\/www.volen.pl\/index.php?rest_route=%2Fwp%2Fv2%2Ftags&post=4005"}],"curies":[{"name":"wp","href":"https:\/\/api.w.org\/{rel}","templated":true}]}}