{"id":4007,"date":"2026-03-11T21:38:51","date_gmt":"2026-03-11T20:38:51","guid":{"rendered":"https:\/\/www.volen.pl\/?p=4007"},"modified":"2026-03-11T21:38:54","modified_gmt":"2026-03-11T20:38:54","slug":"zle-wspomnienia","status":"publish","type":"post","link":"https:\/\/www.volen.pl\/?p=4007","title":{"rendered":"Z\u0142e wspomnienia"},"content":{"rendered":"\n<p class=\"wp-block-paragraph\">Kto wybrzydza, ten nie ma z\u0142ych wspomnie\u0144. <\/p>\n","protected":false},"excerpt":{"rendered":"<p>Kto wybrzydza, ten nie ma z\u0142ych wspomnie\u0144.<\/p>\n","protected":false},"author":1,"featured_media":0,"comment_status":"open","ping_status":"open","sticky":false,"template":"","format":"standard","meta":{"_crdt_document":"","jetpack_post_was_ever_published":false,"_jetpack_newsletter_access":"","_jetpack_dont_email_post_to_subs":false,"_jetpack_newsletter_tier_id":0,"_jetpack_memberships_contains_paywalled_content":false,"_jetpack_memberships_contains_paid_content":false,"footnotes":"","jetpack_publicize_message":"","jetpack_publicize_feature_enabled":true,"jetpack_social_post_already_shared":true,"jetpack_social_options":{"image_generator_settings":{"template":"highway","default_image_id":0,"font":"","enabled":false},"version":2}},"categories":[2],"tags":[],"class_list":["post-4007","post","type-post","status-publish","format-standard","hentry","category-filozofia-uliczna","excerpt","zoom","full-without-featured","even","excerpt-0"],"jetpack_publicize_connections":[],"jetpack_featured_media_url":"","jetpack_shortlink":"https:\/\/wp.me\/p4lAri-12D","jetpack_sharing_enabled":true,"jetpack-related-posts":[{"id":511,"url":"https:\/\/www.volen.pl\/?p=511","url_meta":{"origin":4007,"position":0},"title":"Zapach wiosny","author":"volen","date":"2014-04-08","format":false,"excerpt":"W\u0142a\u015bnie poczu\u0142em kolejny z zapach\u00f3w wiosny. Przypominaj\u0105cy po\u0142udniow\u0105 Francj\u0119 lub p\u00f3\u0142nocne W\u0142ochy zapach mokrego betonu w rze\u015bkim, ale ju\u017c ciep\u0142ym powietrzu. Kto\u015b umy\u0142 sobie podjazd do domu. Zadziwiaj\u0105ce, jak mocno niekt\u00f3re zapachy dzia\u0142aj\u0105 na cz\u0142owieka. Budz\u0105 silne wspomnienia...","rel":"","context":"W \u201efilozofia uliczna&quot;","block_context":{"text":"filozofia uliczna","link":"https:\/\/www.volen.pl\/?cat=2"},"img":{"alt_text":"","src":"","width":0,"height":0},"classes":[]},{"id":2990,"url":"https:\/\/www.volen.pl\/?p=2990","url_meta":{"origin":4007,"position":1},"title":"Praktyczny dow\u00f3d na to, \u017ce","author":"volen","date":"2019-07-03","format":false,"excerpt":"nie tylko mnie nosi po \u015bwiecie","rel":"","context":"W \u201efilozofia uliczna&quot;","block_context":{"text":"filozofia uliczna","link":"https:\/\/www.volen.pl\/?cat=2"},"img":{"alt_text":"","src":"","width":0,"height":0},"classes":[]},{"id":4005,"url":"https:\/\/www.volen.pl\/?p=4005","url_meta":{"origin":4007,"position":2},"title":"Gniewko","author":"volen","date":"2026-03-06","format":false,"excerpt":"Gniewko zaakceptowa\u0142 moje warunki. - powiedzia\u0142em Ani. Chodzi\u0142o o to, \u017ce nie p\u00f3jdzie dzi\u015b do przedszkola, je\u015bli b\u0119dzie zachowywa\u0142 si\u0119 przyzwoicie. Na to wchodzi Gniewko i pyta: a co to znaczy \"przyzwoicie\"? kurtyna.","rel":"","context":"W \u201efilozofia uliczna&quot;","block_context":{"text":"filozofia uliczna","link":"https:\/\/www.volen.pl\/?cat=2"},"img":{"alt_text":"","src":"","width":0,"height":0},"classes":[]},{"id":2038,"url":"https:\/\/www.volen.pl\/?p=2038","url_meta":{"origin":4007,"position":3},"title":"Wszyscy jeste\u015bmy niewolnikami konieczno\u015bci&nbsp;","author":"volen","date":"2017-01-20","format":false,"excerpt":"Wszyscy jeste\u015bmy niewolnikami konieczno\u015bci\u00a0","rel":"","context":"W \u201efilozofia uliczna&quot;","block_context":{"text":"filozofia uliczna","link":"https:\/\/www.volen.pl\/?cat=2"},"img":{"alt_text":"","src":"","width":0,"height":0},"classes":[]},{"id":540,"url":"https:\/\/www.volen.pl\/?p=540","url_meta":{"origin":4007,"position":4},"title":"Medycyna","author":"volen","date":"2014-05-12","format":false,"excerpt":"Bazuj\u0105c na osobistych do\u015bwiadczeniach z ca\u0142kowit\u0105 pewno\u015bci\u0105 stwierdzam, i\u017c u podstaw nowoczesnej polskiej medycyny le\u017cy niezachwiana wiara w ogromne mo\u017cliwo\u015bci regeneracyjne cz\u0142owieka.","rel":"","context":"W \u201efilozofia uliczna&quot;","block_context":{"text":"filozofia uliczna","link":"https:\/\/www.volen.pl\/?cat=2"},"img":{"alt_text":"","src":"","width":0,"height":0},"classes":[]},{"id":160,"url":"https:\/\/www.volen.pl\/?p=160","url_meta":{"origin":4007,"position":5},"title":"15 minut i relatywizm czasoprzestrzenny","author":"volen","date":"2014-02-20","format":false,"excerpt":"Najwi\u0119kszy k\u0142opot z 15-to minutow\u0105 drzemk\u0105 popo\u0142udniow\u0105 to fakt, i\u017c trwa najcz\u0119\u015bciej 1,5 godziny. Ca\u0142e popo\u0142udnie w\u00f3wczas gdzie\u015b wycieka i robi si\u0119 z niego wczesny wiecz\u00f3r.","rel":"","context":"W \u201efilozofia uliczna&quot;","block_context":{"text":"filozofia uliczna","link":"https:\/\/www.volen.pl\/?cat=2"},"img":{"alt_text":"","src":"","width":0,"height":0},"classes":[]}],"_links":{"self":[{"href":"https:\/\/www.volen.pl\/index.php?rest_route=\/wp\/v2\/posts\/4007","targetHints":{"allow":["GET"]}}],"collection":[{"href":"https:\/\/www.volen.pl\/index.php?rest_route=\/wp\/v2\/posts"}],"about":[{"href":"https:\/\/www.volen.pl\/index.php?rest_route=\/wp\/v2\/types\/post"}],"author":[{"embeddable":true,"href":"https:\/\/www.volen.pl\/index.php?rest_route=\/wp\/v2\/users\/1"}],"replies":[{"embeddable":true,"href":"https:\/\/www.volen.pl\/index.php?rest_route=%2Fwp%2Fv2%2Fcomments&post=4007"}],"version-history":[{"count":1,"href":"https:\/\/www.volen.pl\/index.php?rest_route=\/wp\/v2\/posts\/4007\/revisions"}],"predecessor-version":[{"id":4008,"href":"https:\/\/www.volen.pl\/index.php?rest_route=\/wp\/v2\/posts\/4007\/revisions\/4008"}],"wp:attachment":[{"href":"https:\/\/www.volen.pl\/index.php?rest_route=%2Fwp%2Fv2%2Fmedia&parent=4007"}],"wp:term":[{"taxonomy":"category","embeddable":true,"href":"https:\/\/www.volen.pl\/index.php?rest_route=%2Fwp%2Fv2%2Fcategories&post=4007"},{"taxonomy":"post_tag","embeddable":true,"href":"https:\/\/www.volen.pl\/index.php?rest_route=%2Fwp%2Fv2%2Ftags&post=4007"}],"curies":[{"name":"wp","href":"https:\/\/api.w.org\/{rel}","templated":true}]}}