{"id":492,"date":"2014-04-01T23:59:13","date_gmt":"2014-04-01T21:59:13","guid":{"rendered":"http:\/\/www.volen.pl\/?p=492"},"modified":"2014-10-09T17:42:35","modified_gmt":"2014-10-09T15:42:35","slug":"ostatnia-wieczerza-martvili","status":"publish","type":"post","link":"https:\/\/www.volen.pl\/?p=492","title":{"rendered":"Ostatnia wieczerza. Martvili."},"content":{"rendered":"<p>W zugdzidzkim hotelu otrzyma\u0142em, jak dot\u0105d, najlepsz\u0105 turkisz kofi, jak\u0105 w \u017cyciu pi\u0142em. Ania te\u017c. Cho\u0107 w\u0105tpi\u0119 osobi\u015bcie, czy to zauwa\u017cy\u0142a, gdy\u017c woli herbaty. Poza tym, cz\u0119\u015b\u0107 jej odpi\u0142em, \u017ceby nie mia\u0142a za dobrze.<br \/>\nPosileni kaw\u0105 poszli\u015bmy schwyta\u0107 marszrutk\u0119 do Martvili, kt\u00f3re to wynalaz\u0142 Kot m\u00f3j ciekawski. Wiemy, \u017ce jest tam i monastyr i przecudnej urody kanion pe\u0142en wody. Po nie wnosz\u0105cej nic do naszego \u017cycia podr\u00f3\u017cy do Kutaisi i kolejnej ju\u017c przesiadce, zl\u0105dowali\u015bmy w cichej miejscowo\u015bci licz\u0105cej na oko 300, a wed\u0142ug spisu prawie 6 tysi\u0119cy mieszka\u0144c\u00f3w.<br \/>\nFajnie, cieplutko. B\u0119d\u0105 kolorowe zdj\u0119cia.<br \/>\nAndzia swym kocim w\u0119chem znalaz\u0142a od razu hotel: z wej\u015bciem przez sklep spo\u017cywczy za lod\u00f3wkami (wej\u015bcie czynne do 22.00), przez salon fryzjerski (czynne do 18.00) lub z podw\u00f3rza (nie wiadomo, jak d\u0142ugo czynne). \u015aniadania w hotelu nie. Kawy te\u017c nie. Na przeciwko jest automat z kaw\u0105 Lavazza, po 0.80 lari za naparstek.<br \/>\nPoszli\u015bmy zwiedza\u0107 wzbudzaj\u0105c zrozumia\u0142\u0105 sensacj\u0119 w\u015br\u00f3d krajowc\u00f3w, za\u015b Kot m\u00f3j usi\u0142owa\u0142 nawi\u0105za\u0107 z nimi kontakt na poziomie umo\u017cliwiaj\u0105cym swobodn\u0105 komunikacj\u0119.<br \/>\n<a href=\"https:\/\/i0.wp.com\/www.volen.pl\/wp-content\/uploads\/2014\/04\/krowa1-_DSC6536.jpg?ssl=1\"><img data-recalc-dims=\"1\" loading=\"lazy\" decoding=\"async\" data-attachment-id=\"483\" data-permalink=\"https:\/\/www.volen.pl\/?attachment_id=483\" data-orig-file=\"https:\/\/i0.wp.com\/www.volen.pl\/wp-content\/uploads\/2014\/04\/krowa1-_DSC6536.jpg?fit=1208%2C800&amp;ssl=1\" data-orig-size=\"1208,800\" data-comments-opened=\"0\" data-image-meta=\"{&quot;aperture&quot;:&quot;0&quot;,&quot;credit&quot;:&quot;&quot;,&quot;camera&quot;:&quot;&quot;,&quot;caption&quot;:&quot;&quot;,&quot;created_timestamp&quot;:&quot;0&quot;,&quot;copyright&quot;:&quot;&quot;,&quot;focal_length&quot;:&quot;0&quot;,&quot;iso&quot;:&quot;0&quot;,&quot;shutter_speed&quot;:&quot;0&quot;,&quot;title&quot;:&quot;&quot;}\" data-image-title=\"krowa1 _DSC6536\" data-image-description=\"\" data-image-caption=\"\" data-large-file=\"https:\/\/i0.wp.com\/www.volen.pl\/wp-content\/uploads\/2014\/04\/krowa1-_DSC6536.jpg?fit=1208%2C800&amp;ssl=1\" class=\"alignnone size-medium wp-image-483\" alt=\"krowa1 _DSC6536\" src=\"https:\/\/i0.wp.com\/www.volen.pl\/wp-content\/uploads\/2014\/04\/krowa1-_DSC6536.jpg?resize=1024%2C678&#038;ssl=1\" width=\"1024\" height=\"678\" srcset=\"https:\/\/i0.wp.com\/www.volen.pl\/wp-content\/uploads\/2014\/04\/krowa1-_DSC6536.jpg?resize=1024%2C678&amp;ssl=1 1024w, https:\/\/i0.wp.com\/www.volen.pl\/wp-content\/uploads\/2014\/04\/krowa1-_DSC6536.jpg?w=1208&amp;ssl=1 1208w\" sizes=\"auto, (max-width: 1000px) 100vw, 1000px\" \/><\/a><br \/>\n<a href=\"https:\/\/i0.wp.com\/www.volen.pl\/wp-content\/uploads\/2014\/04\/krowa2-_DSC6779.jpg?ssl=1\"><img data-recalc-dims=\"1\" loading=\"lazy\" decoding=\"async\" data-attachment-id=\"484\" data-permalink=\"https:\/\/www.volen.pl\/?attachment_id=484\" data-orig-file=\"https:\/\/i0.wp.com\/www.volen.pl\/wp-content\/uploads\/2014\/04\/krowa2-_DSC6779.jpg?fit=1208%2C800&amp;ssl=1\" data-orig-size=\"1208,800\" data-comments-opened=\"0\" data-image-meta=\"{&quot;aperture&quot;:&quot;0&quot;,&quot;credit&quot;:&quot;&quot;,&quot;camera&quot;:&quot;&quot;,&quot;caption&quot;:&quot;&quot;,&quot;created_timestamp&quot;:&quot;0&quot;,&quot;copyright&quot;:&quot;&quot;,&quot;focal_length&quot;:&quot;0&quot;,&quot;iso&quot;:&quot;0&quot;,&quot;shutter_speed&quot;:&quot;0&quot;,&quot;title&quot;:&quot;&quot;}\" data-image-title=\"krowa2 _DSC6779\" data-image-description=\"\" data-image-caption=\"\" data-large-file=\"https:\/\/i0.wp.com\/www.volen.pl\/wp-content\/uploads\/2014\/04\/krowa2-_DSC6779.jpg?fit=1208%2C800&amp;ssl=1\" class=\"alignnone size-medium wp-image-484\" alt=\"krowa2 _DSC6779\" src=\"https:\/\/i0.wp.com\/www.volen.pl\/wp-content\/uploads\/2014\/04\/krowa2-_DSC6779.jpg?resize=1024%2C678&#038;ssl=1\" width=\"1024\" height=\"678\" srcset=\"https:\/\/i0.wp.com\/www.volen.pl\/wp-content\/uploads\/2014\/04\/krowa2-_DSC6779.jpg?resize=1024%2C678&amp;ssl=1 1024w, https:\/\/i0.wp.com\/www.volen.pl\/wp-content\/uploads\/2014\/04\/krowa2-_DSC6779.jpg?w=1208&amp;ssl=1 1208w\" sizes=\"auto, (max-width: 1000px) 100vw, 1000px\" \/><\/a><br \/>\nPo uzgodnieniu koordynat i azymutu, udali\u015bmy si\u0119 pod g\u00f3rk\u0119, w stron\u0119 monastyru. Oczywi\u015bcie, maj\u0105c do wyboru wygodn\u0105 drog\u0119 asfaltow\u0105 i dzik\u0105 dr\u00f3\u017ck\u0119 odbijaj\u0105c\u0105 jakie\u015b 110 stopni na wsch\u00f3d od celu naszej wyprawy, wybrali\u015bmy dzikie ost\u0119py, maj\u0105c zrozumia\u0142\u0105 nadziej\u0119, \u017ce pr\u0119dzej, czy p\u00f3\u017aniej, ale do monastyru dotrzemy. Dr\u00f3\u017cka wiod\u0142a nas przez pi\u0119kn\u0105 \u0142\u0105k\u0119,<br \/>\n<a href=\"https:\/\/i0.wp.com\/www.volen.pl\/wp-content\/uploads\/2014\/04\/widok-z-%C5%82%C4%85czki-_DSC6539.jpg?ssl=1\"><img data-recalc-dims=\"1\" loading=\"lazy\" decoding=\"async\" data-attachment-id=\"491\" data-permalink=\"https:\/\/www.volen.pl\/?attachment_id=491\" data-orig-file=\"https:\/\/i0.wp.com\/www.volen.pl\/wp-content\/uploads\/2014\/04\/widok-z-%C5%82%C4%85czki-_DSC6539.jpg?fit=1208%2C800&amp;ssl=1\" data-orig-size=\"1208,800\" data-comments-opened=\"0\" data-image-meta=\"{&quot;aperture&quot;:&quot;0&quot;,&quot;credit&quot;:&quot;&quot;,&quot;camera&quot;:&quot;&quot;,&quot;caption&quot;:&quot;&quot;,&quot;created_timestamp&quot;:&quot;0&quot;,&quot;copyright&quot;:&quot;&quot;,&quot;focal_length&quot;:&quot;0&quot;,&quot;iso&quot;:&quot;0&quot;,&quot;shutter_speed&quot;:&quot;0&quot;,&quot;title&quot;:&quot;&quot;}\" data-image-title=\"widok z \u0142\u0105czki _DSC6539\" data-image-description=\"\" data-image-caption=\"\" data-large-file=\"https:\/\/i0.wp.com\/www.volen.pl\/wp-content\/uploads\/2014\/04\/widok-z-%C5%82%C4%85czki-_DSC6539.jpg?fit=1208%2C800&amp;ssl=1\" class=\"alignnone size-medium wp-image-491\" alt=\"widok z \u0142\u0105czki _DSC6539\" src=\"https:\/\/i0.wp.com\/www.volen.pl\/wp-content\/uploads\/2014\/04\/widok-z-%C5%82%C4%85czki-_DSC6539.jpg?resize=1024%2C678&#038;ssl=1\" width=\"1024\" height=\"678\" srcset=\"https:\/\/i0.wp.com\/www.volen.pl\/wp-content\/uploads\/2014\/04\/widok-z-%C5%82%C4%85czki-_DSC6539.jpg?resize=1024%2C678&amp;ssl=1 1024w, https:\/\/i0.wp.com\/www.volen.pl\/wp-content\/uploads\/2014\/04\/widok-z-%C5%82%C4%85czki-_DSC6539.jpg?w=1208&amp;ssl=1 1208w\" sizes=\"auto, (max-width: 1000px) 100vw, 1000px\" \/><\/a><br \/>\npowoli zmieniaj\u0105c\u0105 si\u0119 w wysypisko \u015bmieci, by niezauwa\u017calnie transformowa\u0107 w cmentarz. <a href=\"https:\/\/i0.wp.com\/www.volen.pl\/wp-content\/uploads\/2014\/04\/cmentarz-_DSC6549.jpg?ssl=1\"><img data-recalc-dims=\"1\" loading=\"lazy\" decoding=\"async\" data-attachment-id=\"480\" data-permalink=\"https:\/\/www.volen.pl\/?attachment_id=480\" data-orig-file=\"https:\/\/i0.wp.com\/www.volen.pl\/wp-content\/uploads\/2014\/04\/cmentarz-_DSC6549.jpg?fit=1208%2C800&amp;ssl=1\" data-orig-size=\"1208,800\" data-comments-opened=\"0\" data-image-meta=\"{&quot;aperture&quot;:&quot;0&quot;,&quot;credit&quot;:&quot;&quot;,&quot;camera&quot;:&quot;&quot;,&quot;caption&quot;:&quot;&quot;,&quot;created_timestamp&quot;:&quot;0&quot;,&quot;copyright&quot;:&quot;&quot;,&quot;focal_length&quot;:&quot;0&quot;,&quot;iso&quot;:&quot;0&quot;,&quot;shutter_speed&quot;:&quot;0&quot;,&quot;title&quot;:&quot;&quot;}\" data-image-title=\"cmentarz _DSC6549\" data-image-description=\"\" data-image-caption=\"\" data-large-file=\"https:\/\/i0.wp.com\/www.volen.pl\/wp-content\/uploads\/2014\/04\/cmentarz-_DSC6549.jpg?fit=1208%2C800&amp;ssl=1\" class=\"alignnone size-medium wp-image-480\" alt=\"cmentarz _DSC6549\" src=\"https:\/\/i0.wp.com\/www.volen.pl\/wp-content\/uploads\/2014\/04\/cmentarz-_DSC6549.jpg?resize=1024%2C678&#038;ssl=1\" width=\"1024\" height=\"678\" srcset=\"https:\/\/i0.wp.com\/www.volen.pl\/wp-content\/uploads\/2014\/04\/cmentarz-_DSC6549.jpg?resize=1024%2C678&amp;ssl=1 1024w, https:\/\/i0.wp.com\/www.volen.pl\/wp-content\/uploads\/2014\/04\/cmentarz-_DSC6549.jpg?w=1208&amp;ssl=1 1208w\" sizes=\"auto, (max-width: 1000px) 100vw, 1000px\" \/><\/a><\/p>\n<p>Cmentarz ca\u0142kiem \u017cywy, oczywi\u015bcie w sensie &#8211; czynny, bo grabarze przy pracy \u0142opatami machali zawzi\u0119cie. Przesz\u0142o nam przez my\u015bl, \u017ce kopi\u0105 tu specjalnie na nasz\u0105 cze\u015b\u0107, ale powitani, nie wykazali specjalnego zapa\u0142u, by nas \u017cegna\u0107 ostatecznie, wr\u0119cz poczuli\u015bmy dotkliwy brak zainteresowania. Z drugiej strony, zainteresowanie grabarza niekorzystnie \u015bwiadczy\u0142oby o naszej cerze, wi\u0119c przeszli\u015bmy, uspokojeni, dalej i oczom naszym ukaza\u0142 si\u0119 cel naszej wyprawy.<br \/>\n<a href=\"https:\/\/i0.wp.com\/www.volen.pl\/wp-content\/uploads\/2014\/04\/monastyr-_DSC6556.jpg?ssl=1\"><img data-recalc-dims=\"1\" loading=\"lazy\" decoding=\"async\" data-attachment-id=\"485\" data-permalink=\"https:\/\/www.volen.pl\/?attachment_id=485\" data-orig-file=\"https:\/\/i0.wp.com\/www.volen.pl\/wp-content\/uploads\/2014\/04\/monastyr-_DSC6556.jpg?fit=1208%2C800&amp;ssl=1\" data-orig-size=\"1208,800\" data-comments-opened=\"0\" data-image-meta=\"{&quot;aperture&quot;:&quot;0&quot;,&quot;credit&quot;:&quot;&quot;,&quot;camera&quot;:&quot;&quot;,&quot;caption&quot;:&quot;&quot;,&quot;created_timestamp&quot;:&quot;0&quot;,&quot;copyright&quot;:&quot;&quot;,&quot;focal_length&quot;:&quot;0&quot;,&quot;iso&quot;:&quot;0&quot;,&quot;shutter_speed&quot;:&quot;0&quot;,&quot;title&quot;:&quot;&quot;}\" data-image-title=\"monastyr _DSC6556\" data-image-description=\"\" data-image-caption=\"\" data-large-file=\"https:\/\/i0.wp.com\/www.volen.pl\/wp-content\/uploads\/2014\/04\/monastyr-_DSC6556.jpg?fit=1208%2C800&amp;ssl=1\" class=\"alignnone size-medium wp-image-485\" alt=\"monastyr _DSC6556\" src=\"https:\/\/i0.wp.com\/www.volen.pl\/wp-content\/uploads\/2014\/04\/monastyr-_DSC6556.jpg?resize=1024%2C678&#038;ssl=1\" width=\"1024\" height=\"678\" srcset=\"https:\/\/i0.wp.com\/www.volen.pl\/wp-content\/uploads\/2014\/04\/monastyr-_DSC6556.jpg?resize=1024%2C678&amp;ssl=1 1024w, https:\/\/i0.wp.com\/www.volen.pl\/wp-content\/uploads\/2014\/04\/monastyr-_DSC6556.jpg?w=1208&amp;ssl=1 1208w\" sizes=\"auto, (max-width: 1000px) 100vw, 1000px\" \/><\/a><br \/>\nNie spodziewali\u015bmy si\u0119 tego. Przecudne, urokliwe miejsce, przepe\u0142nione spokojem i cisz\u0105, przerywan\u0105 jedynie \u015bwiergotem ptak\u00f3w i dalekimi, g\u0142uchymi odg\u0142osami pracy.<br \/>\n<div class=\"tiled-gallery type-rectangular tiled-gallery-unresized\" data-original-width=\"500\" data-carousel-extra='{&quot;blog_id&quot;:1,&quot;permalink&quot;:&quot;https:\\\/\\\/www.volen.pl\\\/?p=492&quot;,&quot;likes_blog_id&quot;:64250308}' itemscope itemtype=\"http:\/\/schema.org\/ImageGallery\" > <div class=\"gallery-row\" style=\"width: 500px; height: 353px;\" data-original-width=\"500\" data-original-height=\"353\" > <div class=\"gallery-group images-2\" style=\"width: 265px; height: 353px;\" data-original-width=\"265\" data-original-height=\"353\" > <div class=\"tiled-gallery-item tiled-gallery-item-large\" itemprop=\"associatedMedia\" itemscope itemtype=\"http:\/\/schema.org\/ImageObject\"> <a href=\"https:\/\/www.volen.pl\/?attachment_id=481\" border=\"0\" itemprop=\"url\"> <meta itemprop=\"width\" content=\"261\"> <meta itemprop=\"height\" content=\"173\"> <img decoding=\"async\" class=\"\" data-attachment-id=\"481\" data-orig-file=\"https:\/\/www.volen.pl\/wp-content\/uploads\/2014\/04\/ikony-_DSC6643.jpg\" data-orig-size=\"1208,800\" data-comments-opened=\"\" data-image-meta=\"{&quot;aperture&quot;:&quot;0&quot;,&quot;credit&quot;:&quot;&quot;,&quot;camera&quot;:&quot;&quot;,&quot;caption&quot;:&quot;&quot;,&quot;created_timestamp&quot;:&quot;0&quot;,&quot;copyright&quot;:&quot;&quot;,&quot;focal_length&quot;:&quot;0&quot;,&quot;iso&quot;:&quot;0&quot;,&quot;shutter_speed&quot;:&quot;0&quot;,&quot;title&quot;:&quot;&quot;}\" data-image-title=\"ikony _DSC6643\" data-image-description=\"\" data-medium-file=\"https:\/\/i0.wp.com\/www.volen.pl\/wp-content\/uploads\/2014\/04\/ikony-_DSC6643.jpg?fit=1024%2C678&#038;ssl=1\" data-large-file=\"https:\/\/i0.wp.com\/www.volen.pl\/wp-content\/uploads\/2014\/04\/ikony-_DSC6643.jpg?fit=1208%2C800&#038;ssl=1\" src=\"https:\/\/i0.wp.com\/www.volen.pl\/wp-content\/uploads\/2014\/04\/ikony-_DSC6643.jpg?w=261&#038;h=173&#038;ssl=1\" srcset=\"https:\/\/i0.wp.com\/www.volen.pl\/wp-content\/uploads\/2014\/04\/ikony-_DSC6643.jpg?w=1208&amp;ssl=1 1208w, https:\/\/i0.wp.com\/www.volen.pl\/wp-content\/uploads\/2014\/04\/ikony-_DSC6643.jpg?resize=1024%2C678&amp;ssl=1 1024w\" width=\"261\" height=\"173\" loading=\"lazy\" data-original-width=\"261\" data-original-height=\"173\" itemprop=\"http:\/\/schema.org\/image\" title=\"ikony _DSC6643\" alt=\"ikony _DSC6643\" style=\"width: 261px; height: 173px;\" \/> <\/a> <\/div> <div class=\"tiled-gallery-item tiled-gallery-item-large\" itemprop=\"associatedMedia\" itemscope itemtype=\"http:\/\/schema.org\/ImageObject\"> <a href=\"https:\/\/www.volen.pl\/?attachment_id=478\" border=\"0\" itemprop=\"url\"> <meta itemprop=\"width\" content=\"261\"> <meta itemprop=\"height\" content=\"172\"> <img decoding=\"async\" class=\"\" data-attachment-id=\"478\" data-orig-file=\"https:\/\/www.volen.pl\/wp-content\/uploads\/2014\/04\/Ania-pod-cerkwi\u0105-_DSC6625.jpg\" data-orig-size=\"1208,800\" data-comments-opened=\"\" data-image-meta=\"{&quot;aperture&quot;:&quot;0&quot;,&quot;credit&quot;:&quot;&quot;,&quot;camera&quot;:&quot;&quot;,&quot;caption&quot;:&quot;&quot;,&quot;created_timestamp&quot;:&quot;0&quot;,&quot;copyright&quot;:&quot;&quot;,&quot;focal_length&quot;:&quot;0&quot;,&quot;iso&quot;:&quot;0&quot;,&quot;shutter_speed&quot;:&quot;0&quot;,&quot;title&quot;:&quot;&quot;}\" data-image-title=\"Ania pod cerkwi\u0105 _DSC6625\" data-image-description=\"\" data-medium-file=\"https:\/\/i0.wp.com\/www.volen.pl\/wp-content\/uploads\/2014\/04\/Ania-pod-cerkwi%C4%85-_DSC6625.jpg?fit=1024%2C678&#038;ssl=1\" data-large-file=\"https:\/\/i0.wp.com\/www.volen.pl\/wp-content\/uploads\/2014\/04\/Ania-pod-cerkwi%C4%85-_DSC6625.jpg?fit=1208%2C800&#038;ssl=1\" src=\"https:\/\/i0.wp.com\/www.volen.pl\/wp-content\/uploads\/2014\/04\/Ania-pod-cerkwi%C4%85-_DSC6625.jpg?w=261&#038;h=172&#038;ssl=1\" width=\"261\" height=\"172\" loading=\"lazy\" data-original-width=\"261\" data-original-height=\"172\" itemprop=\"http:\/\/schema.org\/image\" title=\"Ania pod cerkwi\u0105 _DSC6625\" alt=\"Ania pod cerkwi\u0105 _DSC6625\" style=\"width: 261px; height: 172px;\" \/> <\/a> <\/div> <\/div> <!-- close group --> <div class=\"gallery-group images-1\" style=\"width: 235px; height: 353px;\" data-original-width=\"235\" data-original-height=\"353\" > <div class=\"tiled-gallery-item tiled-gallery-item-small\" itemprop=\"associatedMedia\" itemscope itemtype=\"http:\/\/schema.org\/ImageObject\"> <a href=\"https:\/\/www.volen.pl\/?attachment_id=482\" border=\"0\" itemprop=\"url\"> <meta itemprop=\"width\" content=\"231\"> <meta itemprop=\"height\" content=\"349\"> <img decoding=\"async\" class=\"\" data-attachment-id=\"482\" data-orig-file=\"https:\/\/www.volen.pl\/wp-content\/uploads\/2014\/04\/kapliczka-_DSC6617.jpg\" data-orig-size=\"800,1208\" data-comments-opened=\"\" data-image-meta=\"{&quot;aperture&quot;:&quot;0&quot;,&quot;credit&quot;:&quot;&quot;,&quot;camera&quot;:&quot;&quot;,&quot;caption&quot;:&quot;&quot;,&quot;created_timestamp&quot;:&quot;0&quot;,&quot;copyright&quot;:&quot;&quot;,&quot;focal_length&quot;:&quot;0&quot;,&quot;iso&quot;:&quot;0&quot;,&quot;shutter_speed&quot;:&quot;0&quot;,&quot;title&quot;:&quot;&quot;}\" data-image-title=\"kapliczka _DSC6617\" data-image-description=\"\" data-medium-file=\"https:\/\/i0.wp.com\/www.volen.pl\/wp-content\/uploads\/2014\/04\/kapliczka-_DSC6617.jpg?fit=678%2C1024&#038;ssl=1\" data-large-file=\"https:\/\/i0.wp.com\/www.volen.pl\/wp-content\/uploads\/2014\/04\/kapliczka-_DSC6617.jpg?fit=800%2C1208&#038;ssl=1\" src=\"https:\/\/i0.wp.com\/www.volen.pl\/wp-content\/uploads\/2014\/04\/kapliczka-_DSC6617.jpg?w=231&#038;h=349&#038;ssl=1\" srcset=\"https:\/\/i0.wp.com\/www.volen.pl\/wp-content\/uploads\/2014\/04\/kapliczka-_DSC6617.jpg?w=800&amp;ssl=1 800w, https:\/\/i0.wp.com\/www.volen.pl\/wp-content\/uploads\/2014\/04\/kapliczka-_DSC6617.jpg?resize=678%2C1024&amp;ssl=1 678w\" width=\"231\" height=\"349\" loading=\"lazy\" data-original-width=\"231\" data-original-height=\"349\" itemprop=\"http:\/\/schema.org\/image\" title=\"kapliczka _DSC6617\" alt=\"kapliczka _DSC6617\" style=\"width: 231px; height: 349px;\" \/> <\/a> <\/div> <\/div> <!-- close group --> <\/div> <!-- close row --> <div class=\"gallery-row\" style=\"width: 500px; height: 430px;\" data-original-width=\"500\" data-original-height=\"430\" > <div class=\"gallery-group images-1\" style=\"width: 286px; height: 430px;\" data-original-width=\"286\" data-original-height=\"430\" > <div class=\"tiled-gallery-item tiled-gallery-item-large\" itemprop=\"associatedMedia\" itemscope itemtype=\"http:\/\/schema.org\/ImageObject\"> <a href=\"https:\/\/www.volen.pl\/?attachment_id=490\" border=\"0\" itemprop=\"url\"> <meta itemprop=\"width\" content=\"282\"> <meta itemprop=\"height\" content=\"426\"> <img decoding=\"async\" class=\"\" data-attachment-id=\"490\" data-orig-file=\"https:\/\/www.volen.pl\/wp-content\/uploads\/2014\/04\/widok-na-kapliczk\u0119-_DSC6583.jpg\" data-orig-size=\"800,1208\" data-comments-opened=\"\" data-image-meta=\"{&quot;aperture&quot;:&quot;0&quot;,&quot;credit&quot;:&quot;&quot;,&quot;camera&quot;:&quot;&quot;,&quot;caption&quot;:&quot;&quot;,&quot;created_timestamp&quot;:&quot;0&quot;,&quot;copyright&quot;:&quot;&quot;,&quot;focal_length&quot;:&quot;0&quot;,&quot;iso&quot;:&quot;0&quot;,&quot;shutter_speed&quot;:&quot;0&quot;,&quot;title&quot;:&quot;&quot;}\" data-image-title=\"widok na kapliczk\u0119 _DSC6583\" data-image-description=\"\" data-medium-file=\"https:\/\/i0.wp.com\/www.volen.pl\/wp-content\/uploads\/2014\/04\/widok-na-kapliczk%C4%99-_DSC6583.jpg?fit=678%2C1024&#038;ssl=1\" data-large-file=\"https:\/\/i0.wp.com\/www.volen.pl\/wp-content\/uploads\/2014\/04\/widok-na-kapliczk%C4%99-_DSC6583.jpg?fit=800%2C1208&#038;ssl=1\" src=\"https:\/\/i0.wp.com\/www.volen.pl\/wp-content\/uploads\/2014\/04\/widok-na-kapliczk%C4%99-_DSC6583.jpg?w=282&#038;h=426&#038;ssl=1\" width=\"282\" height=\"426\" loading=\"lazy\" data-original-width=\"282\" data-original-height=\"426\" itemprop=\"http:\/\/schema.org\/image\" title=\"widok na kapliczk\u0119 _DSC6583\" alt=\"widok na kapliczk\u0119 _DSC6583\" style=\"width: 282px; height: 426px;\" \/> <\/a> <\/div> <\/div> <!-- close group --> <div class=\"gallery-group images-3\" style=\"width: 214px; height: 430px;\" data-original-width=\"214\" data-original-height=\"430\" > <div class=\"tiled-gallery-item tiled-gallery-item-small\" itemprop=\"associatedMedia\" itemscope itemtype=\"http:\/\/schema.org\/ImageObject\"> <a href=\"https:\/\/www.volen.pl\/?attachment_id=486\" border=\"0\" itemprop=\"url\"> <meta itemprop=\"width\" content=\"210\"> <meta itemprop=\"height\" content=\"140\"> <img decoding=\"async\" class=\"\" data-attachment-id=\"486\" data-orig-file=\"https:\/\/www.volen.pl\/wp-content\/uploads\/2014\/04\/myrazem_DSC6696.jpg\" data-orig-size=\"1208,800\" data-comments-opened=\"\" data-image-meta=\"{&quot;aperture&quot;:&quot;0&quot;,&quot;credit&quot;:&quot;&quot;,&quot;camera&quot;:&quot;&quot;,&quot;caption&quot;:&quot;&quot;,&quot;created_timestamp&quot;:&quot;0&quot;,&quot;copyright&quot;:&quot;&quot;,&quot;focal_length&quot;:&quot;0&quot;,&quot;iso&quot;:&quot;0&quot;,&quot;shutter_speed&quot;:&quot;0&quot;,&quot;title&quot;:&quot;&quot;}\" data-image-title=\"myrazem_DSC6696\" data-image-description=\"\" data-medium-file=\"https:\/\/i0.wp.com\/www.volen.pl\/wp-content\/uploads\/2014\/04\/myrazem_DSC6696.jpg?fit=1024%2C678&#038;ssl=1\" data-large-file=\"https:\/\/i0.wp.com\/www.volen.pl\/wp-content\/uploads\/2014\/04\/myrazem_DSC6696.jpg?fit=1208%2C800&#038;ssl=1\" src=\"https:\/\/i0.wp.com\/www.volen.pl\/wp-content\/uploads\/2014\/04\/myrazem_DSC6696.jpg?w=210&#038;h=140&#038;ssl=1\" srcset=\"https:\/\/i0.wp.com\/www.volen.pl\/wp-content\/uploads\/2014\/04\/myrazem_DSC6696.jpg?w=1208&amp;ssl=1 1208w, https:\/\/i0.wp.com\/www.volen.pl\/wp-content\/uploads\/2014\/04\/myrazem_DSC6696.jpg?resize=1024%2C678&amp;ssl=1 1024w\" width=\"210\" height=\"140\" loading=\"lazy\" data-original-width=\"210\" data-original-height=\"140\" itemprop=\"http:\/\/schema.org\/image\" title=\"myrazem_DSC6696\" alt=\"myrazem_DSC6696\" style=\"width: 210px; height: 140px;\" \/> <\/a> <\/div> <div class=\"tiled-gallery-item tiled-gallery-item-small\" itemprop=\"associatedMedia\" itemscope itemtype=\"http:\/\/schema.org\/ImageObject\"> <a href=\"https:\/\/www.volen.pl\/?attachment_id=489\" border=\"0\" itemprop=\"url\"> <meta itemprop=\"width\" content=\"210\"> <meta itemprop=\"height\" content=\"139\"> <img decoding=\"async\" class=\"\" data-attachment-id=\"489\" data-orig-file=\"https:\/\/www.volen.pl\/wp-content\/uploads\/2014\/04\/szopka-na-narz\u0119dzia-_DSC6587.jpg\" data-orig-size=\"1208,800\" data-comments-opened=\"\" data-image-meta=\"{&quot;aperture&quot;:&quot;0&quot;,&quot;credit&quot;:&quot;&quot;,&quot;camera&quot;:&quot;&quot;,&quot;caption&quot;:&quot;&quot;,&quot;created_timestamp&quot;:&quot;0&quot;,&quot;copyright&quot;:&quot;&quot;,&quot;focal_length&quot;:&quot;0&quot;,&quot;iso&quot;:&quot;0&quot;,&quot;shutter_speed&quot;:&quot;0&quot;,&quot;title&quot;:&quot;&quot;}\" data-image-title=\"szopka na narz\u0119dzia _DSC6587\" data-image-description=\"\" data-medium-file=\"https:\/\/i0.wp.com\/www.volen.pl\/wp-content\/uploads\/2014\/04\/szopka-na-narz%C4%99dzia-_DSC6587.jpg?fit=1024%2C678&#038;ssl=1\" data-large-file=\"https:\/\/i0.wp.com\/www.volen.pl\/wp-content\/uploads\/2014\/04\/szopka-na-narz%C4%99dzia-_DSC6587.jpg?fit=1208%2C800&#038;ssl=1\" src=\"https:\/\/i0.wp.com\/www.volen.pl\/wp-content\/uploads\/2014\/04\/szopka-na-narz%C4%99dzia-_DSC6587.jpg?w=210&#038;h=139&#038;ssl=1\" width=\"210\" height=\"139\" loading=\"lazy\" data-original-width=\"210\" data-original-height=\"139\" itemprop=\"http:\/\/schema.org\/image\" title=\"szopka na narz\u0119dzia _DSC6587\" alt=\"szopka na narz\u0119dzia _DSC6587\" style=\"width: 210px; height: 139px;\" \/> <\/a> <\/div> <div class=\"tiled-gallery-item tiled-gallery-item-small\" itemprop=\"associatedMedia\" itemscope itemtype=\"http:\/\/schema.org\/ImageObject\"> <a href=\"https:\/\/www.volen.pl\/?attachment_id=479\" border=\"0\" itemprop=\"url\"> <meta itemprop=\"width\" content=\"210\"> <meta itemprop=\"height\" content=\"139\"> <img decoding=\"async\" class=\"\" data-attachment-id=\"479\" data-orig-file=\"https:\/\/www.volen.pl\/wp-content\/uploads\/2014\/04\/cerkiew-wn\u0119trze-_DSC6639.jpg\" data-orig-size=\"1208,800\" data-comments-opened=\"\" data-image-meta=\"{&quot;aperture&quot;:&quot;0&quot;,&quot;credit&quot;:&quot;&quot;,&quot;camera&quot;:&quot;&quot;,&quot;caption&quot;:&quot;&quot;,&quot;created_timestamp&quot;:&quot;0&quot;,&quot;copyright&quot;:&quot;&quot;,&quot;focal_length&quot;:&quot;0&quot;,&quot;iso&quot;:&quot;0&quot;,&quot;shutter_speed&quot;:&quot;0&quot;,&quot;title&quot;:&quot;&quot;}\" data-image-title=\"cerkiew wn\u0119trze _DSC6639\" data-image-description=\"\" data-medium-file=\"https:\/\/i0.wp.com\/www.volen.pl\/wp-content\/uploads\/2014\/04\/cerkiew-wn%C4%99trze-_DSC6639.jpg?fit=1024%2C678&#038;ssl=1\" data-large-file=\"https:\/\/i0.wp.com\/www.volen.pl\/wp-content\/uploads\/2014\/04\/cerkiew-wn%C4%99trze-_DSC6639.jpg?fit=1208%2C800&#038;ssl=1\" src=\"https:\/\/i0.wp.com\/www.volen.pl\/wp-content\/uploads\/2014\/04\/cerkiew-wn%C4%99trze-_DSC6639.jpg?w=210&#038;h=139&#038;ssl=1\" width=\"210\" height=\"139\" loading=\"lazy\" data-original-width=\"210\" data-original-height=\"139\" itemprop=\"http:\/\/schema.org\/image\" title=\"cerkiew wn\u0119trze _DSC6639\" alt=\"cerkiew wn\u0119trze _DSC6639\" style=\"width: 210px; height: 139px;\" \/> <\/a> <\/div> <\/div> <!-- close group --> <\/div> <!-- close row --> <div class=\"gallery-row\" style=\"width: 500px; height: 332px;\" data-original-width=\"500\" data-original-height=\"332\" > <div class=\"gallery-group images-1\" style=\"width: 500px; height: 332px;\" data-original-width=\"500\" data-original-height=\"332\" > <div class=\"tiled-gallery-item tiled-gallery-item-large\" itemprop=\"associatedMedia\" itemscope itemtype=\"http:\/\/schema.org\/ImageObject\"> <a href=\"https:\/\/www.volen.pl\/?attachment_id=488\" border=\"0\" itemprop=\"url\"> <meta itemprop=\"width\" content=\"496\"> <meta itemprop=\"height\" content=\"328\"> <img decoding=\"async\" class=\"\" data-attachment-id=\"488\" data-orig-file=\"https:\/\/www.volen.pl\/wp-content\/uploads\/2014\/04\/panorama.jpg\" data-orig-size=\"1600,1057\" data-comments-opened=\"\" data-image-meta=\"{&quot;aperture&quot;:&quot;0&quot;,&quot;credit&quot;:&quot;&quot;,&quot;camera&quot;:&quot;&quot;,&quot;caption&quot;:&quot;&quot;,&quot;created_timestamp&quot;:&quot;0&quot;,&quot;copyright&quot;:&quot;&quot;,&quot;focal_length&quot;:&quot;0&quot;,&quot;iso&quot;:&quot;0&quot;,&quot;shutter_speed&quot;:&quot;0&quot;,&quot;title&quot;:&quot;&quot;}\" data-image-title=\"panorama\" data-image-description=\"\" data-medium-file=\"https:\/\/i0.wp.com\/www.volen.pl\/wp-content\/uploads\/2014\/04\/panorama.jpg?fit=1024%2C676&#038;ssl=1\" data-large-file=\"https:\/\/i0.wp.com\/www.volen.pl\/wp-content\/uploads\/2014\/04\/panorama.jpg?fit=1600%2C1057&#038;ssl=1\" src=\"https:\/\/i0.wp.com\/www.volen.pl\/wp-content\/uploads\/2014\/04\/panorama.jpg?w=496&#038;h=328&#038;ssl=1\" srcset=\"https:\/\/i0.wp.com\/www.volen.pl\/wp-content\/uploads\/2014\/04\/panorama.jpg?w=1600&amp;ssl=1 1600w, https:\/\/i0.wp.com\/www.volen.pl\/wp-content\/uploads\/2014\/04\/panorama.jpg?resize=1024%2C676&amp;ssl=1 1024w\" width=\"496\" height=\"328\" loading=\"lazy\" data-original-width=\"496\" data-original-height=\"328\" itemprop=\"http:\/\/schema.org\/image\" title=\"panorama\" alt=\"panorama\" style=\"width: 496px; height: 328px;\" \/> <\/a> <\/div> <\/div> <!-- close group --> <\/div> <!-- close row --> <\/div><br \/>\nZachwyceni, zwiedzili\u015bmy wszystko, co mo\u017cna, a nawet zagl\u0105dali\u015bmy, gdzie nie mo\u017cna, po czym udali\u015bmy si\u0119 na d\u00f3\u0142, na obiad.<br \/>\nW\u0142a\u015bcicielka, nadzwyczaj wygadana, z rosyjska \u015bpiewnie opowiada\u0142a cuda r\u00f3\u017cne i wspomina\u0142a, \u017ce miesi\u0105c temu go\u015bci\u0142a polskie ma\u0142\u017ce\u0144stwo. Po jakim\u015b czasie opu\u015bci\u0142a lokal, serdecznie przepraszaj\u0105c, wi\u0119c te\u017c \u017ce\u015bmy si\u0119 stamt\u0105d zabrali i &#8211; przeczuwaj\u0105c zbli\u017caj\u0105cy si\u0119 wiecz\u00f3r &#8211; pole\u017ali\u015bmy z powrotem na g\u00f3r\u0119, na cmentarz, robi\u0107 zdj\u0119cia nocne. Rych\u0142o okaza\u0142o si\u0119, \u017ce kopany wcze\u015bniej gr\u00f3b ma ju\u017c nowego lokatora, a oportunistyczne byde\u0142ko zrobi\u0142o sobie przy okazji ostatni\u0105 wieczerz\u0119.<\/p>\n<p><a href=\"https:\/\/i0.wp.com\/www.volen.pl\/wp-content\/uploads\/2014\/04\/ostatnia-wieczerza-_DSC6834.jpg?ssl=1\"><img data-recalc-dims=\"1\" loading=\"lazy\" decoding=\"async\" data-attachment-id=\"487\" data-permalink=\"https:\/\/www.volen.pl\/?attachment_id=487\" data-orig-file=\"https:\/\/i0.wp.com\/www.volen.pl\/wp-content\/uploads\/2014\/04\/ostatnia-wieczerza-_DSC6834.jpg?fit=1208%2C800&amp;ssl=1\" data-orig-size=\"1208,800\" data-comments-opened=\"0\" data-image-meta=\"{&quot;aperture&quot;:&quot;0&quot;,&quot;credit&quot;:&quot;&quot;,&quot;camera&quot;:&quot;&quot;,&quot;caption&quot;:&quot;&quot;,&quot;created_timestamp&quot;:&quot;0&quot;,&quot;copyright&quot;:&quot;&quot;,&quot;focal_length&quot;:&quot;0&quot;,&quot;iso&quot;:&quot;0&quot;,&quot;shutter_speed&quot;:&quot;0&quot;,&quot;title&quot;:&quot;&quot;}\" data-image-title=\"ostatnia wieczerza _DSC6834\" data-image-description=\"\" data-image-caption=\"\" data-large-file=\"https:\/\/i0.wp.com\/www.volen.pl\/wp-content\/uploads\/2014\/04\/ostatnia-wieczerza-_DSC6834.jpg?fit=1208%2C800&amp;ssl=1\" class=\"alignnone size-medium wp-image-487\" alt=\"ostatnia wieczerza _DSC6834\" src=\"https:\/\/i0.wp.com\/www.volen.pl\/wp-content\/uploads\/2014\/04\/ostatnia-wieczerza-_DSC6834.jpg?resize=1024%2C678&#038;ssl=1\" width=\"1024\" height=\"678\" srcset=\"https:\/\/i0.wp.com\/www.volen.pl\/wp-content\/uploads\/2014\/04\/ostatnia-wieczerza-_DSC6834.jpg?resize=1024%2C678&amp;ssl=1 1024w, https:\/\/i0.wp.com\/www.volen.pl\/wp-content\/uploads\/2014\/04\/ostatnia-wieczerza-_DSC6834.jpg?w=1208&amp;ssl=1 1208w\" sizes=\"auto, (max-width: 1000px) 100vw, 1000px\" \/><\/a><br \/>\nW Martvili nie ma internetu. W hotelu nie ma ogrzewania. Jest za to doskonale dzia\u0142aj\u0105ca wentylacja: lufcik w \u0142azience nie ma zamkni\u0119cia. I szyby, dla pewno\u015bci.<br \/>\nNoc by\u0142a ch\u0142odna do\u015b\u0107, ale prze\u017cyli\u015bmy.<\/p>\n<p>PS. Do kanionu nie dotarli\u015bmy. Zosta\u0142 na nast\u0119pny raz.<\/p>\n","protected":false},"excerpt":{"rendered":"<p>W zugdzidzkim hotelu otrzyma\u0142em, jak dot\u0105d, najlepsz\u0105 turkisz kofi, jak\u0105 w \u017cyciu pi\u0142em. Ania te\u017c.&#8230;<\/p>\n<div class=\"more-link-wrapper\"><a class=\"more-link\" href=\"https:\/\/www.volen.pl\/?p=492\">Read the post<span class=\"screen-reader-text\">Ostatnia wieczerza. Martvili.<\/span><\/a><\/div>\n","protected":false},"author":1,"featured_media":482,"comment_status":"closed","ping_status":"closed","sticky":false,"template":"","format":"standard","meta":{"_crdt_document":"","jetpack_post_was_ever_published":false,"_jetpack_newsletter_access":"","_jetpack_dont_email_post_to_subs":false,"_jetpack_newsletter_tier_id":0,"_jetpack_memberships_contains_paywalled_content":false,"_jetpack_memberships_contains_paid_content":false,"footnotes":"","jetpack_publicize_message":"","jetpack_publicize_feature_enabled":true,"jetpack_social_post_already_shared":true,"jetpack_social_options":{"image_generator_settings":{"template":"highway","default_image_id":0,"font":"","enabled":false},"version":2}},"categories":[133,93],"tags":[92,109,110,205,60],"class_list":["post-492","post","type-post","status-publish","format-standard","has-post-thumbnail","hentry","category-gruzja2014","category-nawariata","tag-gruzja","tag-martvili","tag-monastyr","tag-nawariata","tag-podroze","excerpt","zoom","full-without-featured","even","excerpt-0"],"jetpack_publicize_connections":[],"jetpack_featured_media_url":"https:\/\/i0.wp.com\/www.volen.pl\/wp-content\/uploads\/2014\/04\/kapliczka-_DSC6617.jpg?fit=800%2C1208&ssl=1","jetpack_shortlink":"https:\/\/wp.me\/p4lAri-7W","jetpack_sharing_enabled":true,"jetpack-related-posts":[{"id":508,"url":"https:\/\/www.volen.pl\/?p=508","url_meta":{"origin":492,"position":0},"title":"Kutaisi. \u10e5\u10e3\u10d7\u10d0\u10d8\u10e1\u10d8.","author":"volen","date":"2014-04-02","format":false,"excerpt":"Najcz\u0119\u015bciej odwiedzane przez nas miasto w Gruzji. Nie z powodu jakiej\u015b osza\u0142amiaj\u0105cej urody, nie. Raczej z powodu strategicznego po\u0142o\u017cenia. Lokalny w\u0119ze\u0142 komunikacyjny. Siedziba parlamentu Gruzji, kt\u00f3rego budynek wyr\u00f3\u017cnia si\u0119 na tle okolicznej architektury, jak pierwszy pryszcz na twarzy nastolatki. Zauwa\u017cyli\u015bmy przy okazji, i\u017c Gruzini lubi\u0105 takie falowano - \u015blimakowate kszta\u0142ty\u2026","rel":"","context":"W \u201eGruzja 2014&quot;","block_context":{"text":"Gruzja 2014","link":"https:\/\/www.volen.pl\/?cat=133"},"img":{"alt_text":"","src":"https:\/\/i0.wp.com\/www.volen.pl\/wp-content\/uploads\/2014\/04\/katedra-_DSC7010.jpg?fit=795%2C1200&ssl=1&resize=350%2C200","width":350,"height":200,"srcset":"https:\/\/i0.wp.com\/www.volen.pl\/wp-content\/uploads\/2014\/04\/katedra-_DSC7010.jpg?fit=795%2C1200&ssl=1&resize=350%2C200 1x, https:\/\/i0.wp.com\/www.volen.pl\/wp-content\/uploads\/2014\/04\/katedra-_DSC7010.jpg?fit=795%2C1200&ssl=1&resize=525%2C300 1.5x, https:\/\/i0.wp.com\/www.volen.pl\/wp-content\/uploads\/2014\/04\/katedra-_DSC7010.jpg?fit=795%2C1200&ssl=1&resize=700%2C400 2x"},"classes":[]},{"id":230,"url":"https:\/\/www.volen.pl\/?p=230","url_meta":{"origin":492,"position":1},"title":"Z Achalciche do Kutaisi","author":"volen","date":"2012-10-07","format":false,"excerpt":"A owo\u017c i nasta\u0142 dzie\u0144 si\u00f3dmy pa\u017adziernika Anno Domini 2012. Oko\u0142o godziny 1.00 w nocy obudzi\u0142 nas \u0142omot do drzwi, to s\u0105siadka Miszy chcia\u0142a taks\u00f3wk\u0119 do Bord\u017comi po nocy bra\u0107. Ca\u0142e szcz\u0119\u015bcie, nie zgodzi\u0142 si\u0119, a my usi\u0142owali\u015bmy znowu zasn\u0105\u0107. Ledwo si\u0119 uda\u0142o, a ju\u017c pi\u0105ta na zegarze, tubylcy zacz\u0119li\u2026","rel":"","context":"W \u201e7000km - 2012&quot;","block_context":{"text":"7000km - 2012","link":"https:\/\/www.volen.pl\/?cat=135"},"img":{"alt_text":"","src":"https:\/\/i0.wp.com\/www.volen.pl\/wp-content\/uploads\/2012\/10\/8144379657_df79d49bb1_k.jpg?fit=1200%2C796&ssl=1&resize=350%2C200","width":350,"height":200,"srcset":"https:\/\/i0.wp.com\/www.volen.pl\/wp-content\/uploads\/2012\/10\/8144379657_df79d49bb1_k.jpg?fit=1200%2C796&ssl=1&resize=350%2C200 1x, https:\/\/i0.wp.com\/www.volen.pl\/wp-content\/uploads\/2012\/10\/8144379657_df79d49bb1_k.jpg?fit=1200%2C796&ssl=1&resize=525%2C300 1.5x, https:\/\/i0.wp.com\/www.volen.pl\/wp-content\/uploads\/2012\/10\/8144379657_df79d49bb1_k.jpg?fit=1200%2C796&ssl=1&resize=700%2C400 2x, https:\/\/i0.wp.com\/www.volen.pl\/wp-content\/uploads\/2012\/10\/8144379657_df79d49bb1_k.jpg?fit=1200%2C796&ssl=1&resize=1050%2C600 3x"},"classes":[]},{"id":1824,"url":"https:\/\/www.volen.pl\/?p=1824","url_meta":{"origin":492,"position":2},"title":"Udabno","author":"volen","date":"2016-08-08","format":false,"excerpt":"Po przedarciu si\u0119 przez t\u0142umy wiwatuj\u0105cych wielbicieli ruszyli\u015bmy przed siebie z mocnym postanowieniem cz\u0119stego zbaczania z drogi. Ta wyprawa inna, ni\u017c poprzednie - wzi\u0119li\u015bmy trzeciego cz\u0142onka za\u0142ogi, ma\u0142ego Mieszka - zdobywc\u0119, ze wzgl\u0119du na jego obecno\u015b\u0107 musimy wszystko inaczej ni\u017c zazwyczaj... Jako, \u017ce to nasz debiut z maluszkiem, wszystko co\u2026","rel":"","context":"W \u201e\u043c\u043e\u043b\u043e\u0434\u0435\u0446&quot;","block_context":{"text":"\u043c\u043e\u043b\u043e\u0434\u0435\u0446","link":"https:\/\/www.volen.pl\/?cat=245"},"img":{"alt_text":"","src":"https:\/\/i0.wp.com\/www.volen.pl\/wp-content\/uploads\/2016\/08\/VOL1642.jpg?fit=1200%2C795&ssl=1&resize=350%2C200","width":350,"height":200,"srcset":"https:\/\/i0.wp.com\/www.volen.pl\/wp-content\/uploads\/2016\/08\/VOL1642.jpg?fit=1200%2C795&ssl=1&resize=350%2C200 1x, https:\/\/i0.wp.com\/www.volen.pl\/wp-content\/uploads\/2016\/08\/VOL1642.jpg?fit=1200%2C795&ssl=1&resize=525%2C300 1.5x, https:\/\/i0.wp.com\/www.volen.pl\/wp-content\/uploads\/2016\/08\/VOL1642.jpg?fit=1200%2C795&ssl=1&resize=700%2C400 2x, https:\/\/i0.wp.com\/www.volen.pl\/wp-content\/uploads\/2016\/08\/VOL1642.jpg?fit=1200%2C795&ssl=1&resize=1050%2C600 3x"},"classes":[]},{"id":307,"url":"https:\/\/www.volen.pl\/?p=307","url_meta":{"origin":492,"position":3},"title":"komu w drog\u0119, temu&#8230;","author":"volen","date":"2014-03-25","format":false,"excerpt":"jak na razie zimno i mokro... i choroba m\u0119czy... ale ju\u017c za par\u0119 godzin wsi\u0105dziemy w kolejk\u0119, nast\u0119pnie w autokar, potem w metro albo autobus tylko po to, by dotrze\u0107 na lotnisko, sk\u0105d przelecimy za morze bo Podr\u00f3\u017c to Podr\u00f3\u017c - ma swoje wymagania i niewa\u017cne, \u017ce chorzy, \u017ce zimno\u2026","rel":"","context":"W \u201eGruzja 2014&quot;","block_context":{"text":"Gruzja 2014","link":"https:\/\/www.volen.pl\/?cat=133"},"img":{"alt_text":"","src":"","width":0,"height":0},"classes":[]},{"id":362,"url":"https:\/\/www.volen.pl\/?p=362","url_meta":{"origin":492,"position":4},"title":"kult Ernesto","author":"volen","date":"2014-03-27","format":false,"excerpt":"Od rana samego m\u017cy\u0142o a deszczy\u0142o niemo\u017cebnie. Obejrzeli\u015bmy sobie targ kutaisia\u0144ski, spili\u015bmy kaw\u0119 w znajomym barze, ze zdumieniem zobaczyli\u015bmy Che Guevar\u0119, kt\u00f3ry tu \u015brednio na miejscu si\u0119 wydawa\u0142, poszukali\u015bmy poczty przez chwil\u0119, a potem postanowili\u015bmy zabra\u0107 si\u0119 w inne miejsce. Wybrali\u015bmy Tbilisi jako punkt docelowy, po czym udali\u015bmy si\u0119 na\u2026","rel":"","context":"W \u201eGruzja 2014&quot;","block_context":{"text":"Gruzja 2014","link":"https:\/\/www.volen.pl\/?cat=133"},"img":{"alt_text":"","src":"https:\/\/i0.wp.com\/www.volen.pl\/wp-content\/uploads\/2014\/03\/che-_DSC5434.jpg?fit=795%2C1200&ssl=1&resize=350%2C200","width":350,"height":200,"srcset":"https:\/\/i0.wp.com\/www.volen.pl\/wp-content\/uploads\/2014\/03\/che-_DSC5434.jpg?fit=795%2C1200&ssl=1&resize=350%2C200 1x, https:\/\/i0.wp.com\/www.volen.pl\/wp-content\/uploads\/2014\/03\/che-_DSC5434.jpg?fit=795%2C1200&ssl=1&resize=525%2C300 1.5x, https:\/\/i0.wp.com\/www.volen.pl\/wp-content\/uploads\/2014\/03\/che-_DSC5434.jpg?fit=795%2C1200&ssl=1&resize=700%2C400 2x"},"classes":[]},{"id":467,"url":"https:\/\/www.volen.pl\/?p=467","url_meta":{"origin":492,"position":5},"title":"\u10ed\u10d8\u10d0\u10dc\u10ed\u10d5\u10d4\u10da\u10d4\u10d1\u10d8\u10e1 &#8211; mr\u00f3weczki","author":"volen","date":"2014-03-31","format":false,"excerpt":"Pocz\u0105tek dnia, opr\u00f3cz \u015bniadania w mi\u0142ym towarzystwie, przyni\u00f3s\u0142 opady \u015bniegu. Nie przypuszczali\u015bmy, \u017ce b\u0119dzie tu tak zimowo. Nugzari i Gia zawie\u017ali nas do marszrutki, kt\u00f3ra okaza\u0142a si\u0119 marszrutk\u0105 do Poti, gdzie mieli\u015bmy si\u0119 przesi\u0105\u015b\u0107. Nie by\u0142oby nic do dodania, gdyby nie fakt, i\u017c ten wehiku\u0142 pozbawiony by\u0142 zupe\u0142nie amortyzator\u00f3w oraz\u2026","rel":"","context":"W \u201eGruzja 2014&quot;","block_context":{"text":"Gruzja 2014","link":"https:\/\/www.volen.pl\/?cat=133"},"img":{"alt_text":"","src":"https:\/\/i0.wp.com\/www.volen.pl\/wp-content\/uploads\/2014\/04\/zugdidi-golibroda-_DSC6428.jpg?fit=1200%2C795&ssl=1&resize=350%2C200","width":350,"height":200,"srcset":"https:\/\/i0.wp.com\/www.volen.pl\/wp-content\/uploads\/2014\/04\/zugdidi-golibroda-_DSC6428.jpg?fit=1200%2C795&ssl=1&resize=350%2C200 1x, https:\/\/i0.wp.com\/www.volen.pl\/wp-content\/uploads\/2014\/04\/zugdidi-golibroda-_DSC6428.jpg?fit=1200%2C795&ssl=1&resize=525%2C300 1.5x, https:\/\/i0.wp.com\/www.volen.pl\/wp-content\/uploads\/2014\/04\/zugdidi-golibroda-_DSC6428.jpg?fit=1200%2C795&ssl=1&resize=700%2C400 2x, https:\/\/i0.wp.com\/www.volen.pl\/wp-content\/uploads\/2014\/04\/zugdidi-golibroda-_DSC6428.jpg?fit=1200%2C795&ssl=1&resize=1050%2C600 3x"},"classes":[]}],"_links":{"self":[{"href":"https:\/\/www.volen.pl\/index.php?rest_route=\/wp\/v2\/posts\/492","targetHints":{"allow":["GET"]}}],"collection":[{"href":"https:\/\/www.volen.pl\/index.php?rest_route=\/wp\/v2\/posts"}],"about":[{"href":"https:\/\/www.volen.pl\/index.php?rest_route=\/wp\/v2\/types\/post"}],"author":[{"embeddable":true,"href":"https:\/\/www.volen.pl\/index.php?rest_route=\/wp\/v2\/users\/1"}],"replies":[{"embeddable":true,"href":"https:\/\/www.volen.pl\/index.php?rest_route=%2Fwp%2Fv2%2Fcomments&post=492"}],"version-history":[{"count":2,"href":"https:\/\/www.volen.pl\/index.php?rest_route=\/wp\/v2\/posts\/492\/revisions"}],"predecessor-version":[{"id":494,"href":"https:\/\/www.volen.pl\/index.php?rest_route=\/wp\/v2\/posts\/492\/revisions\/494"}],"wp:featuredmedia":[{"embeddable":true,"href":"https:\/\/www.volen.pl\/index.php?rest_route=\/wp\/v2\/media\/482"}],"wp:attachment":[{"href":"https:\/\/www.volen.pl\/index.php?rest_route=%2Fwp%2Fv2%2Fmedia&parent=492"}],"wp:term":[{"taxonomy":"category","embeddable":true,"href":"https:\/\/www.volen.pl\/index.php?rest_route=%2Fwp%2Fv2%2Fcategories&post=492"},{"taxonomy":"post_tag","embeddable":true,"href":"https:\/\/www.volen.pl\/index.php?rest_route=%2Fwp%2Fv2%2Ftags&post=492"}],"curies":[{"name":"wp","href":"https:\/\/api.w.org\/{rel}","templated":true}]}}