{"id":511,"date":"2014-04-08T08:16:56","date_gmt":"2014-04-08T06:16:56","guid":{"rendered":"http:\/\/www.volen.pl\/?p=511"},"modified":"2014-04-08T08:16:56","modified_gmt":"2014-04-08T06:16:56","slug":"zapach-wiosny","status":"publish","type":"post","link":"https:\/\/www.volen.pl\/?p=511","title":{"rendered":"Zapach wiosny"},"content":{"rendered":"<p>W\u0142a\u015bnie poczu\u0142em kolejny z zapach\u00f3w wiosny. Przypominaj\u0105cy po\u0142udniow\u0105 Francj\u0119 lub p\u00f3\u0142nocne W\u0142ochy zapach mokrego betonu w rze\u015bkim, ale ju\u017c ciep\u0142ym powietrzu. Kto\u015b umy\u0142 sobie podjazd do domu.<br \/>\nZadziwiaj\u0105ce, jak mocno niekt\u00f3re zapachy dzia\u0142aj\u0105 na cz\u0142owieka. Budz\u0105 silne wspomnienia&#8230;<\/p>\n","protected":false},"excerpt":{"rendered":"<p>W\u0142a\u015bnie poczu\u0142em kolejny z zapach\u00f3w wiosny. Przypominaj\u0105cy po\u0142udniow\u0105 Francj\u0119 lub p\u00f3\u0142nocne W\u0142ochy zapach mokrego betonu&#8230;<\/p>\n<div class=\"more-link-wrapper\"><a class=\"more-link\" href=\"https:\/\/www.volen.pl\/?p=511\">Read the post<span class=\"screen-reader-text\">Zapach wiosny<\/span><\/a><\/div>\n","protected":false},"author":1,"featured_media":0,"comment_status":"closed","ping_status":"closed","sticky":false,"template":"","format":"standard","meta":{"_crdt_document":"","jetpack_post_was_ever_published":false,"_jetpack_newsletter_access":"","_jetpack_dont_email_post_to_subs":false,"_jetpack_newsletter_tier_id":0,"_jetpack_memberships_contains_paywalled_content":false,"_jetpack_memberships_contains_paid_content":false,"footnotes":"","jetpack_publicize_message":"","jetpack_publicize_feature_enabled":true,"jetpack_social_post_already_shared":true,"jetpack_social_options":{"image_generator_settings":{"template":"highway","default_image_id":0,"font":"","enabled":false},"version":2}},"categories":[2],"tags":[],"class_list":["post-511","post","type-post","status-publish","format-standard","hentry","category-filozofia-uliczna","excerpt","zoom","full-without-featured","even","excerpt-0"],"jetpack_publicize_connections":[],"jetpack_featured_media_url":"","jetpack_shortlink":"https:\/\/wp.me\/p4lAri-8f","jetpack_sharing_enabled":true,"jetpack-related-posts":[{"id":2836,"url":"https:\/\/www.volen.pl\/?p=2836","url_meta":{"origin":511,"position":0},"title":"Ulaanbaatar","author":"volen","date":"2018-07-09","format":false,"excerpt":"Po tym wszystkim U\u0142an Bator wyda\u0142 mi si\u0119 miastem jak ze snu. Co prawda obrzydliwie wr\u0119cz prowincjonalny, z widoczn\u0105 go\u0142ym okiem t\u0119sknot\u0105 za \u015bwiatem, duszny i ciasny, otoczony po\u0142o\u017conymi na wzg\u00f3rzach brudnymi slumsami i dzielnicami sypialnymi, dumny szklanymi wie\u017cowcami hoteli i dwoma irlandzkimi pubami, ale by\u0142o to tchnienie cywilizacji. Wszechogarniaj\u0105cy\u2026","rel":"","context":"W \u201enawariata&quot;","block_context":{"text":"nawariata","link":"https:\/\/www.volen.pl\/?cat=93"},"img":{"alt_text":"","src":"https:\/\/i0.wp.com\/www.volen.pl\/wp-content\/uploads\/2018\/07\/20180620_121220.jpg?fit=1200%2C600&ssl=1&resize=350%2C200","width":350,"height":200,"srcset":"https:\/\/i0.wp.com\/www.volen.pl\/wp-content\/uploads\/2018\/07\/20180620_121220.jpg?fit=1200%2C600&ssl=1&resize=350%2C200 1x, https:\/\/i0.wp.com\/www.volen.pl\/wp-content\/uploads\/2018\/07\/20180620_121220.jpg?fit=1200%2C600&ssl=1&resize=525%2C300 1.5x, https:\/\/i0.wp.com\/www.volen.pl\/wp-content\/uploads\/2018\/07\/20180620_121220.jpg?fit=1200%2C600&ssl=1&resize=700%2C400 2x, https:\/\/i0.wp.com\/www.volen.pl\/wp-content\/uploads\/2018\/07\/20180620_121220.jpg?fit=1200%2C600&ssl=1&resize=1050%2C600 3x"},"classes":[]},{"id":2657,"url":"https:\/\/www.volen.pl\/?p=2657","url_meta":{"origin":511,"position":1},"title":"i rozst\u0105pi\u0142a si\u0119 ziemia A\u0142taju","author":"volen","date":"2018-06-25","format":false,"excerpt":"\u015aniadanie typowo hotelowe. Doszed\u0142em do wniosku, \u017ce s\u0105 cztery rodzaje jedzenia na tym \u015bwiecie: domowe, restauracyjne, hotelowe i szpitalne. To by\u0142o typowo hotelowe. W szpitalu po prostu nie daliby tej po\u0142owy \u0142y\u017ceczki klej\u0105cej substancji o zapachu wunderbauma.Po kr\u00f3tkiej je\u017adzie czo\u0142g. Przejecha\u0142 sobie na drug\u0105 stron\u0119 jezdni po starych oponach. Troch\u0119\u2026","rel":"","context":"W \u201enawariata&quot;","block_context":{"text":"nawariata","link":"https:\/\/www.volen.pl\/?cat=93"},"img":{"alt_text":"","src":"https:\/\/i0.wp.com\/www.volen.pl\/wp-content\/uploads\/2018\/06\/VOL2529.jpg?fit=1200%2C795&ssl=1&resize=350%2C200","width":350,"height":200,"srcset":"https:\/\/i0.wp.com\/www.volen.pl\/wp-content\/uploads\/2018\/06\/VOL2529.jpg?fit=1200%2C795&ssl=1&resize=350%2C200 1x, https:\/\/i0.wp.com\/www.volen.pl\/wp-content\/uploads\/2018\/06\/VOL2529.jpg?fit=1200%2C795&ssl=1&resize=525%2C300 1.5x, https:\/\/i0.wp.com\/www.volen.pl\/wp-content\/uploads\/2018\/06\/VOL2529.jpg?fit=1200%2C795&ssl=1&resize=700%2C400 2x, https:\/\/i0.wp.com\/www.volen.pl\/wp-content\/uploads\/2018\/06\/VOL2529.jpg?fit=1200%2C795&ssl=1&resize=1050%2C600 3x"},"classes":[]},{"id":467,"url":"https:\/\/www.volen.pl\/?p=467","url_meta":{"origin":511,"position":2},"title":"\u10ed\u10d8\u10d0\u10dc\u10ed\u10d5\u10d4\u10da\u10d4\u10d1\u10d8\u10e1 &#8211; mr\u00f3weczki","author":"volen","date":"2014-03-31","format":false,"excerpt":"Pocz\u0105tek dnia, opr\u00f3cz \u015bniadania w mi\u0142ym towarzystwie, przyni\u00f3s\u0142 opady \u015bniegu. Nie przypuszczali\u015bmy, \u017ce b\u0119dzie tu tak zimowo. Nugzari i Gia zawie\u017ali nas do marszrutki, kt\u00f3ra okaza\u0142a si\u0119 marszrutk\u0105 do Poti, gdzie mieli\u015bmy si\u0119 przesi\u0105\u015b\u0107. Nie by\u0142oby nic do dodania, gdyby nie fakt, i\u017c ten wehiku\u0142 pozbawiony by\u0142 zupe\u0142nie amortyzator\u00f3w oraz\u2026","rel":"","context":"W \u201eGruzja 2014&quot;","block_context":{"text":"Gruzja 2014","link":"https:\/\/www.volen.pl\/?cat=133"},"img":{"alt_text":"","src":"https:\/\/i0.wp.com\/www.volen.pl\/wp-content\/uploads\/2014\/04\/zugdidi-golibroda-_DSC6428.jpg?fit=1200%2C795&ssl=1&resize=350%2C200","width":350,"height":200,"srcset":"https:\/\/i0.wp.com\/www.volen.pl\/wp-content\/uploads\/2014\/04\/zugdidi-golibroda-_DSC6428.jpg?fit=1200%2C795&ssl=1&resize=350%2C200 1x, https:\/\/i0.wp.com\/www.volen.pl\/wp-content\/uploads\/2014\/04\/zugdidi-golibroda-_DSC6428.jpg?fit=1200%2C795&ssl=1&resize=525%2C300 1.5x, https:\/\/i0.wp.com\/www.volen.pl\/wp-content\/uploads\/2014\/04\/zugdidi-golibroda-_DSC6428.jpg?fit=1200%2C795&ssl=1&resize=700%2C400 2x, https:\/\/i0.wp.com\/www.volen.pl\/wp-content\/uploads\/2014\/04\/zugdidi-golibroda-_DSC6428.jpg?fit=1200%2C795&ssl=1&resize=1050%2C600 3x"},"classes":[]},{"id":191,"url":"https:\/\/www.volen.pl\/?p=191","url_meta":{"origin":511,"position":3},"title":"Wielki Powr\u00f3t do Domu","author":"volen","date":"2013-08-28","format":false,"excerpt":"bo wsz\u0119dzie dobrze, ale w domu najlepiej. Tak wi\u0119c powr\u00f3t rozpocz\u0105\u0142 si\u0119 z rana w Herceg Novi, gdzie bez zb\u0119dnego po\u015bpiechu spakowali\u015bmy si\u0119, zjedli\u015bmy ma\u0142e co nieco oraz zapili\u015bmy kaw\u0105, po czym ruszyli\u015bmy szuka\u0107 transportu do Tivat. W tym miejscu, w Herceg Novi, m\u00f3j Kot postanowi\u0142 po\u017cegna\u0107 swoje ulubione podr\u00f3\u017cne\u2026","rel":"","context":"W \u201eMontenegro 2013&quot;","block_context":{"text":"Montenegro 2013","link":"https:\/\/www.volen.pl\/?cat=134"},"img":{"alt_text":"","src":"","width":0,"height":0},"classes":[]},{"id":195,"url":"https:\/\/www.volen.pl\/?p=195","url_meta":{"origin":511,"position":4},"title":"Oczi cziorne","author":"volen","date":"2013-08-24","format":false,"excerpt":"Gospodyni wci\u0105\u017c staje na wysoko\u015bci zadania, robi\u0105c nam co rano pyszn\u0105 domow\u0105 fusiar\u0119. O godzinie 8.00 z regularno\u015bci\u0105 Polskich Kolei Pa\u0144stwowych w\u0142azi na g\u00f3r\u0119 i puka delikatnie do drzwi, a jej pojawienie si\u0119 zwiastuje zapach kawy.Sobota. Imieniny kota. Zupe\u0142nie leniwy dzie\u0144: dzia\u0142o si\u0119 ma\u0142o, ale bardzo intensywnie. Nie b\u0119dziemy zachwyca\u0107\u2026","rel":"","context":"W \u201eMontenegro 2013&quot;","block_context":{"text":"Montenegro 2013","link":"https:\/\/www.volen.pl\/?cat=134"},"img":{"alt_text":"","src":"","width":0,"height":0},"classes":[]},{"id":197,"url":"https:\/\/www.volen.pl\/?p=197","url_meta":{"origin":511,"position":5},"title":"U\u015bmiech zwyci\u0119stwa","author":"volen","date":"2013-08-22","format":false,"excerpt":"Po wczorajszych hulankach nasta\u0142 ci\u0119\u017cki poranek. \u017beby wsta\u0107 potrzebowa\u0142em dw\u00f3ch kaw. \u017beby zacz\u0105\u0107 kontaktowa\u0107 - p\u00f3\u0142 litra pepsi. Wsiedli\u015bmy do autobusu do Podgoricy, a drog\u0119 umila\u0142 nam zapach dawno niemytego backpackera oraz zaobserwowana u s\u0105siaduj\u0105cego ze mn\u0105 Czarnog\u00f3rca umiej\u0119tno\u015b\u0107 plucia na pod\u0142og\u0119 w taki spos\u00f3b, \u017ceby nie oplu\u0107 sobie n\u00f3g.\u2026","rel":"","context":"W \u201eMontenegro 2013&quot;","block_context":{"text":"Montenegro 2013","link":"https:\/\/www.volen.pl\/?cat=134"},"img":{"alt_text":"","src":"","width":0,"height":0},"classes":[]}],"_links":{"self":[{"href":"https:\/\/www.volen.pl\/index.php?rest_route=\/wp\/v2\/posts\/511","targetHints":{"allow":["GET"]}}],"collection":[{"href":"https:\/\/www.volen.pl\/index.php?rest_route=\/wp\/v2\/posts"}],"about":[{"href":"https:\/\/www.volen.pl\/index.php?rest_route=\/wp\/v2\/types\/post"}],"author":[{"embeddable":true,"href":"https:\/\/www.volen.pl\/index.php?rest_route=\/wp\/v2\/users\/1"}],"replies":[{"embeddable":true,"href":"https:\/\/www.volen.pl\/index.php?rest_route=%2Fwp%2Fv2%2Fcomments&post=511"}],"version-history":[{"count":1,"href":"https:\/\/www.volen.pl\/index.php?rest_route=\/wp\/v2\/posts\/511\/revisions"}],"predecessor-version":[{"id":512,"href":"https:\/\/www.volen.pl\/index.php?rest_route=\/wp\/v2\/posts\/511\/revisions\/512"}],"wp:attachment":[{"href":"https:\/\/www.volen.pl\/index.php?rest_route=%2Fwp%2Fv2%2Fmedia&parent=511"}],"wp:term":[{"taxonomy":"category","embeddable":true,"href":"https:\/\/www.volen.pl\/index.php?rest_route=%2Fwp%2Fv2%2Fcategories&post=511"},{"taxonomy":"post_tag","embeddable":true,"href":"https:\/\/www.volen.pl\/index.php?rest_route=%2Fwp%2Fv2%2Ftags&post=511"}],"curies":[{"name":"wp","href":"https:\/\/api.w.org\/{rel}","templated":true}]}}