{"id":536,"date":"2014-05-04T17:58:44","date_gmt":"2014-05-04T15:58:44","guid":{"rendered":"http:\/\/www.volen.pl\/?p=536"},"modified":"2014-05-04T17:58:44","modified_gmt":"2014-05-04T15:58:44","slug":"no-title-bez-tytulu","status":"publish","type":"post","link":"https:\/\/www.volen.pl\/?p=536","title":{"rendered":"no title \/ bez tytu\u0142u"},"content":{"rendered":"<p class=\"jetpack-slideshow-noscript robots-nocontent\">Ten pokaz slajd\u00f3w wymaga w\u0142\u0105czonego JavaScript.<\/p><div id=\"gallery-536-1-slideshow\" class=\"jetpack-slideshow-window jetpack-slideshow jetpack-slideshow-black\" data-trans=\"fade\" data-autostart=\"1\" data-gallery=\"[{&quot;src&quot;:&quot;https:\\\/\\\/i0.wp.com\\\/www.volen.pl\\\/wp-content\\\/uploads\\\/2014\\\/05\\\/kole-pstr%C4%85g%C3%B3w-_DSC0628.jpg?fit=1359%2C900\\u0026ssl=1&quot;,&quot;id&quot;:&quot;537&quot;,&quot;title&quot;:&quot;kole pstr\\u0105g\\u00f3w&quot;,&quot;alt&quot;:&quot;&quot;,&quot;caption&quot;:&quot;&quot;,&quot;itemprop&quot;:&quot;image&quot;},{&quot;src&quot;:&quot;https:\\\/\\\/i0.wp.com\\\/www.volen.pl\\\/wp-content\\\/uploads\\\/2014\\\/05\\\/drzewo-rodzinne-_DSC0621.jpg?fit=1359%2C900\\u0026ssl=1&quot;,&quot;id&quot;:&quot;538&quot;,&quot;title&quot;:&quot;drzewo rodzinne&quot;,&quot;alt&quot;:&quot;&quot;,&quot;caption&quot;:&quot;&quot;,&quot;itemprop&quot;:&quot;image&quot;},{&quot;src&quot;:&quot;https:\\\/\\\/i0.wp.com\\\/www.volen.pl\\\/wp-content\\\/uploads\\\/2014\\\/04\\\/kolor-%C5%BCycia-_DSC0186.jpg?fit=1359%2C900\\u0026ssl=1&quot;,&quot;id&quot;:&quot;535&quot;,&quot;title&quot;:&quot;kolor \\u017cycia&quot;,&quot;alt&quot;:&quot;&quot;,&quot;caption&quot;:&quot;&quot;,&quot;itemprop&quot;:&quot;image&quot;}]\" itemscope itemtype=\"https:\/\/schema.org\/ImageGallery\"><\/div>\n","protected":false},"excerpt":{"rendered":"","protected":false},"author":1,"featured_media":538,"comment_status":"closed","ping_status":"closed","sticky":false,"template":"","format":"gallery","meta":{"_crdt_document":"","jetpack_post_was_ever_published":false,"_jetpack_newsletter_access":"","_jetpack_dont_email_post_to_subs":false,"_jetpack_newsletter_tier_id":0,"_jetpack_memberships_contains_paywalled_content":false,"_jetpack_memberships_contains_paid_content":false,"footnotes":"","jetpack_publicize_message":"","jetpack_publicize_feature_enabled":true,"jetpack_social_post_already_shared":true,"jetpack_social_options":{"image_generator_settings":{"template":"highway","default_image_id":0,"font":"","enabled":false},"version":2}},"categories":[18],"tags":[114,115,116],"class_list":["post-536","post","type-post","status-publish","format-gallery","has-post-thumbnail","hentry","category-dreptak","tag-kaszuby","tag-niesiolowice","tag-wiosna","post_format-post-format-gallery","excerpt","zoom","full-without-featured","even","excerpt-0"],"jetpack_publicize_connections":[],"jetpack_featured_media_url":"https:\/\/i0.wp.com\/www.volen.pl\/wp-content\/uploads\/2014\/05\/drzewo-rodzinne-_DSC0621.jpg?fit=1359%2C900&ssl=1","jetpack_shortlink":"https:\/\/wp.me\/p4lAri-8E","jetpack_sharing_enabled":true,"jetpack-related-posts":[{"id":610,"url":"https:\/\/www.volen.pl\/?p=610","url_meta":{"origin":536,"position":0},"title":"bez s\u0142\u00f3w","author":"volen","date":"2014-09-20","format":"gallery","excerpt":"","rel":"","context":"W \u201edreptak&quot;","block_context":{"text":"dreptak","link":"https:\/\/www.volen.pl\/?cat=18"},"img":{"alt_text":"","src":"https:\/\/i0.wp.com\/www.volen.pl\/wp-content\/uploads\/2014\/09\/sunset-DSC1057.jpg?fit=1200%2C795&ssl=1&resize=350%2C200","width":350,"height":200,"srcset":"https:\/\/i0.wp.com\/www.volen.pl\/wp-content\/uploads\/2014\/09\/sunset-DSC1057.jpg?fit=1200%2C795&ssl=1&resize=350%2C200 1x, https:\/\/i0.wp.com\/www.volen.pl\/wp-content\/uploads\/2014\/09\/sunset-DSC1057.jpg?fit=1200%2C795&ssl=1&resize=525%2C300 1.5x, https:\/\/i0.wp.com\/www.volen.pl\/wp-content\/uploads\/2014\/09\/sunset-DSC1057.jpg?fit=1200%2C795&ssl=1&resize=700%2C400 2x, https:\/\/i0.wp.com\/www.volen.pl\/wp-content\/uploads\/2014\/09\/sunset-DSC1057.jpg?fit=1200%2C795&ssl=1&resize=1050%2C600 3x"},"classes":[]},{"id":1086,"url":"https:\/\/www.volen.pl\/?p=1086","url_meta":{"origin":536,"position":1},"title":"Dzieciaki","author":"volen","date":"2014-11-17","format":false,"excerpt":"Cud stworzenia. Jedyny dost\u0119pny \"od r\u0119ki\". Malutka, kruchutka, s\u0142odziutka... Ninka! I taki\u017c Jasio :) \u00a0","rel":"","context":"W \u201edreptak&quot;","block_context":{"text":"dreptak","link":"https:\/\/www.volen.pl\/?cat=18"},"img":{"alt_text":"","src":"https:\/\/i0.wp.com\/www.volen.pl\/wp-content\/uploads\/2014\/11\/nogossak-_DSC2547s.jpg?fit=1200%2C795&ssl=1&resize=350%2C200","width":350,"height":200,"srcset":"https:\/\/i0.wp.com\/www.volen.pl\/wp-content\/uploads\/2014\/11\/nogossak-_DSC2547s.jpg?fit=1200%2C795&ssl=1&resize=350%2C200 1x, https:\/\/i0.wp.com\/www.volen.pl\/wp-content\/uploads\/2014\/11\/nogossak-_DSC2547s.jpg?fit=1200%2C795&ssl=1&resize=525%2C300 1.5x, https:\/\/i0.wp.com\/www.volen.pl\/wp-content\/uploads\/2014\/11\/nogossak-_DSC2547s.jpg?fit=1200%2C795&ssl=1&resize=700%2C400 2x, https:\/\/i0.wp.com\/www.volen.pl\/wp-content\/uploads\/2014\/11\/nogossak-_DSC2547s.jpg?fit=1200%2C795&ssl=1&resize=1050%2C600 3x"},"classes":[]},{"id":615,"url":"https:\/\/www.volen.pl\/?p=615","url_meta":{"origin":536,"position":2},"title":"choco","author":"volen","date":"2014-09-27","format":"gallery","excerpt":"","rel":"","context":"W \u201edreptak&quot;","block_context":{"text":"dreptak","link":"https:\/\/www.volen.pl\/?cat=18"},"img":{"alt_text":"","src":"https:\/\/i0.wp.com\/www.volen.pl\/wp-content\/uploads\/2014\/09\/zakole-bursztyn-_DSC3064s.jpg?fit=1200%2C795&ssl=1&resize=350%2C200","width":350,"height":200,"srcset":"https:\/\/i0.wp.com\/www.volen.pl\/wp-content\/uploads\/2014\/09\/zakole-bursztyn-_DSC3064s.jpg?fit=1200%2C795&ssl=1&resize=350%2C200 1x, https:\/\/i0.wp.com\/www.volen.pl\/wp-content\/uploads\/2014\/09\/zakole-bursztyn-_DSC3064s.jpg?fit=1200%2C795&ssl=1&resize=525%2C300 1.5x, https:\/\/i0.wp.com\/www.volen.pl\/wp-content\/uploads\/2014\/09\/zakole-bursztyn-_DSC3064s.jpg?fit=1200%2C795&ssl=1&resize=700%2C400 2x, https:\/\/i0.wp.com\/www.volen.pl\/wp-content\/uploads\/2014\/09\/zakole-bursztyn-_DSC3064s.jpg?fit=1200%2C795&ssl=1&resize=1050%2C600 3x"},"classes":[]},{"id":112,"url":"https:\/\/www.volen.pl\/?p=112","url_meta":{"origin":536,"position":3},"title":"Sobieszewo","author":"volen","date":"2014-02-14","format":"gallery","excerpt":"","rel":"","context":"W \u201edreptak&quot;","block_context":{"text":"dreptak","link":"https:\/\/www.volen.pl\/?cat=18"},"img":{"alt_text":"","src":"https:\/\/i0.wp.com\/www.volen.pl\/wp-content\/uploads\/2014\/02\/Sobieszewo-trzcina-_DSC1294.jpg?fit=1200%2C795&ssl=1&resize=350%2C200","width":350,"height":200,"srcset":"https:\/\/i0.wp.com\/www.volen.pl\/wp-content\/uploads\/2014\/02\/Sobieszewo-trzcina-_DSC1294.jpg?fit=1200%2C795&ssl=1&resize=350%2C200 1x, https:\/\/i0.wp.com\/www.volen.pl\/wp-content\/uploads\/2014\/02\/Sobieszewo-trzcina-_DSC1294.jpg?fit=1200%2C795&ssl=1&resize=525%2C300 1.5x, https:\/\/i0.wp.com\/www.volen.pl\/wp-content\/uploads\/2014\/02\/Sobieszewo-trzcina-_DSC1294.jpg?fit=1200%2C795&ssl=1&resize=700%2C400 2x, https:\/\/i0.wp.com\/www.volen.pl\/wp-content\/uploads\/2014\/02\/Sobieszewo-trzcina-_DSC1294.jpg?fit=1200%2C795&ssl=1&resize=1050%2C600 3x"},"classes":[]},{"id":1092,"url":"https:\/\/www.volen.pl\/?p=1092","url_meta":{"origin":536,"position":4},"title":"Portrety","author":"volen","date":"2014-11-20","format":false,"excerpt":"","rel":"","context":"W \u201edreptak&quot;","block_context":{"text":"dreptak","link":"https:\/\/www.volen.pl\/?cat=18"},"img":{"alt_text":"","src":"https:\/\/i0.wp.com\/www.volen.pl\/wp-content\/uploads\/2014\/11\/bandw_DSC_7373.jpg?fit=1200%2C803&ssl=1&resize=350%2C200","width":350,"height":200,"srcset":"https:\/\/i0.wp.com\/www.volen.pl\/wp-content\/uploads\/2014\/11\/bandw_DSC_7373.jpg?fit=1200%2C803&ssl=1&resize=350%2C200 1x, https:\/\/i0.wp.com\/www.volen.pl\/wp-content\/uploads\/2014\/11\/bandw_DSC_7373.jpg?fit=1200%2C803&ssl=1&resize=525%2C300 1.5x, https:\/\/i0.wp.com\/www.volen.pl\/wp-content\/uploads\/2014\/11\/bandw_DSC_7373.jpg?fit=1200%2C803&ssl=1&resize=700%2C400 2x, https:\/\/i0.wp.com\/www.volen.pl\/wp-content\/uploads\/2014\/11\/bandw_DSC_7373.jpg?fit=1200%2C803&ssl=1&resize=1050%2C600 3x"},"classes":[]},{"id":1101,"url":"https:\/\/www.volen.pl\/?p=1101","url_meta":{"origin":536,"position":5},"title":"krajobrazy","author":"volen","date":"2014-11-30","format":false,"excerpt":"","rel":"","context":"W \u201edreptak&quot;","block_context":{"text":"dreptak","link":"https:\/\/www.volen.pl\/?cat=18"},"img":{"alt_text":"","src":"https:\/\/i0.wp.com\/www.volen.pl\/wp-content\/uploads\/2014\/11\/tree-trees-_DSC3832c.jpg?fit=1200%2C706&ssl=1&resize=350%2C200","width":350,"height":200,"srcset":"https:\/\/i0.wp.com\/www.volen.pl\/wp-content\/uploads\/2014\/11\/tree-trees-_DSC3832c.jpg?fit=1200%2C706&ssl=1&resize=350%2C200 1x, https:\/\/i0.wp.com\/www.volen.pl\/wp-content\/uploads\/2014\/11\/tree-trees-_DSC3832c.jpg?fit=1200%2C706&ssl=1&resize=525%2C300 1.5x, https:\/\/i0.wp.com\/www.volen.pl\/wp-content\/uploads\/2014\/11\/tree-trees-_DSC3832c.jpg?fit=1200%2C706&ssl=1&resize=700%2C400 2x, https:\/\/i0.wp.com\/www.volen.pl\/wp-content\/uploads\/2014\/11\/tree-trees-_DSC3832c.jpg?fit=1200%2C706&ssl=1&resize=1050%2C600 3x"},"classes":[]}],"_links":{"self":[{"href":"https:\/\/www.volen.pl\/index.php?rest_route=\/wp\/v2\/posts\/536","targetHints":{"allow":["GET"]}}],"collection":[{"href":"https:\/\/www.volen.pl\/index.php?rest_route=\/wp\/v2\/posts"}],"about":[{"href":"https:\/\/www.volen.pl\/index.php?rest_route=\/wp\/v2\/types\/post"}],"author":[{"embeddable":true,"href":"https:\/\/www.volen.pl\/index.php?rest_route=\/wp\/v2\/users\/1"}],"replies":[{"embeddable":true,"href":"https:\/\/www.volen.pl\/index.php?rest_route=%2Fwp%2Fv2%2Fcomments&post=536"}],"version-history":[{"count":1,"href":"https:\/\/www.volen.pl\/index.php?rest_route=\/wp\/v2\/posts\/536\/revisions"}],"predecessor-version":[{"id":539,"href":"https:\/\/www.volen.pl\/index.php?rest_route=\/wp\/v2\/posts\/536\/revisions\/539"}],"wp:featuredmedia":[{"embeddable":true,"href":"https:\/\/www.volen.pl\/index.php?rest_route=\/wp\/v2\/media\/538"}],"wp:attachment":[{"href":"https:\/\/www.volen.pl\/index.php?rest_route=%2Fwp%2Fv2%2Fmedia&parent=536"}],"wp:term":[{"taxonomy":"category","embeddable":true,"href":"https:\/\/www.volen.pl\/index.php?rest_route=%2Fwp%2Fv2%2Fcategories&post=536"},{"taxonomy":"post_tag","embeddable":true,"href":"https:\/\/www.volen.pl\/index.php?rest_route=%2Fwp%2Fv2%2Ftags&post=536"}],"curies":[{"name":"wp","href":"https:\/\/api.w.org\/{rel}","templated":true}]}}