{"id":549,"date":"2014-05-22T11:44:33","date_gmt":"2014-05-22T09:44:33","guid":{"rendered":"http:\/\/www.volen.pl\/?p=549"},"modified":"2014-05-22T11:44:33","modified_gmt":"2014-05-22T09:44:33","slug":"last-hope","status":"publish","type":"post","link":"https:\/\/www.volen.pl\/?p=549","title":{"rendered":"Last hope"},"content":{"rendered":"<p><a href=\"https:\/\/i0.wp.com\/www.volen.pl\/wp-content\/uploads\/2014\/05\/last-hope-_DSC8728.jpg?ssl=1\"><img data-recalc-dims=\"1\" loading=\"lazy\" decoding=\"async\" data-attachment-id=\"550\" data-permalink=\"https:\/\/www.volen.pl\/?attachment_id=550\" data-orig-file=\"https:\/\/i0.wp.com\/www.volen.pl\/wp-content\/uploads\/2014\/05\/last-hope-_DSC8728.jpg?fit=2048%2C1356&amp;ssl=1\" data-orig-size=\"2048,1356\" data-comments-opened=\"0\" data-image-meta=\"{&quot;aperture&quot;:&quot;0&quot;,&quot;credit&quot;:&quot;&quot;,&quot;camera&quot;:&quot;&quot;,&quot;caption&quot;:&quot;&quot;,&quot;created_timestamp&quot;:&quot;0&quot;,&quot;copyright&quot;:&quot;&quot;,&quot;focal_length&quot;:&quot;0&quot;,&quot;iso&quot;:&quot;0&quot;,&quot;shutter_speed&quot;:&quot;0&quot;,&quot;title&quot;:&quot;&quot;}\" data-image-title=\"last hope _DSC8728\" data-image-description=\"\" data-image-caption=\"\" data-large-file=\"https:\/\/i0.wp.com\/www.volen.pl\/wp-content\/uploads\/2014\/05\/last-hope-_DSC8728.jpg?fit=2048%2C1356&amp;ssl=1\" class=\"alignnone size-medium wp-image-550\" src=\"https:\/\/i0.wp.com\/www.volen.pl\/wp-content\/uploads\/2014\/05\/last-hope-_DSC8728.jpg?resize=1024%2C678&#038;ssl=1\" alt=\"last hope _DSC8728\" width=\"1024\" height=\"678\" srcset=\"https:\/\/i0.wp.com\/www.volen.pl\/wp-content\/uploads\/2014\/05\/last-hope-_DSC8728.jpg?resize=1024%2C678&amp;ssl=1 1024w, https:\/\/i0.wp.com\/www.volen.pl\/wp-content\/uploads\/2014\/05\/last-hope-_DSC8728.jpg?w=2048&amp;ssl=1 2048w\" sizes=\"auto, (max-width: 1000px) 100vw, 1000px\" \/><\/a><\/p>\n<p><i>Os habent et non loquentur,<br \/>\noculos habent et non videbunt.<br \/>\nAures habent et non audient,<br \/>\nnares habent et non odorabunt.<\/i><\/p>\n<p>Maj\u0105 usta, ale nie m\u00f3wi\u0105; oczy maj\u0105, ale nie widz\u0105.<br \/>\nMaj\u0105 uszy, ale nie s\u0142ysz\u0105; nozdrza maj\u0105, ale nie czuj\u0105 zapachu.<\/p>\n<p>Ps 115:5\u20136<\/p>\n","protected":false},"excerpt":{"rendered":"<p>Os habent et non loquentur, oculos habent et non videbunt. Aures habent et non audient,&#8230;<\/p>\n<div class=\"more-link-wrapper\"><a class=\"more-link\" href=\"https:\/\/www.volen.pl\/?p=549\">Read the post<span class=\"screen-reader-text\">Last hope<\/span><\/a><\/div>\n","protected":false},"author":1,"featured_media":550,"comment_status":"closed","ping_status":"closed","sticky":false,"template":"","format":"standard","meta":{"_crdt_document":"","jetpack_post_was_ever_published":false,"_jetpack_newsletter_access":"","_jetpack_dont_email_post_to_subs":false,"_jetpack_newsletter_tier_id":0,"_jetpack_memberships_contains_paywalled_content":false,"_jetpack_memberships_contains_paid_content":false,"footnotes":"","jetpack_publicize_message":"","jetpack_publicize_feature_enabled":true,"jetpack_social_post_already_shared":true,"jetpack_social_options":{"image_generator_settings":{"template":"highway","default_image_id":0,"font":"","enabled":false},"version":2}},"categories":[4],"tags":[98,203],"class_list":["post-549","post","type-post","status-publish","format-standard","has-post-thumbnail","hentry","category-piachem-po-oczach","tag-odpaly","tag-piachem-po-oczach","excerpt","zoom","full-without-featured","even","excerpt-0"],"jetpack_publicize_connections":[],"jetpack_featured_media_url":"https:\/\/i0.wp.com\/www.volen.pl\/wp-content\/uploads\/2014\/05\/last-hope-_DSC8728.jpg?fit=2048%2C1356&ssl=1","jetpack_shortlink":"https:\/\/wp.me\/p4lAri-8R","jetpack_sharing_enabled":true,"jetpack-related-posts":[{"id":570,"url":"https:\/\/www.volen.pl\/?p=570","url_meta":{"origin":549,"position":0},"title":"ze wsi kociewskiej","author":"volen","date":"2014-06-25","format":false,"excerpt":"lecz nie widoczek wcale, lecz - modelka najpi\u0119kniejsza na \u015bwiecie jest ze wsi kociewskiej widoczek za\u015b ze wsi kaszubskiej, najpi\u0119kniejszej na \u015bwiecie trwa nauka strzelania fotonami: ludzie si\u0119 dziwuj\u0105, krowy p\u0142osz\u0105, psy wyj\u0105, jask\u00f3\u0142ki w locie pozbywaj\u0105 si\u0119 balastu, wszystko, co \u017cywe prosi niebiosa o zmi\u0142owanie, a to na widok\u2026","rel":"","context":"W \u201eschizofretka&quot;","block_context":{"text":"schizofretka","link":"https:\/\/www.volen.pl\/?cat=4"},"img":{"alt_text":"","src":"https:\/\/i0.wp.com\/www.volen.pl\/wp-content\/uploads\/2014\/06\/ze-wsi-kociewskiej-_DSC3091s.jpg?fit=795%2C1200&ssl=1&resize=350%2C200","width":350,"height":200,"srcset":"https:\/\/i0.wp.com\/www.volen.pl\/wp-content\/uploads\/2014\/06\/ze-wsi-kociewskiej-_DSC3091s.jpg?fit=795%2C1200&ssl=1&resize=350%2C200 1x, https:\/\/i0.wp.com\/www.volen.pl\/wp-content\/uploads\/2014\/06\/ze-wsi-kociewskiej-_DSC3091s.jpg?fit=795%2C1200&ssl=1&resize=525%2C300 1.5x, https:\/\/i0.wp.com\/www.volen.pl\/wp-content\/uploads\/2014\/06\/ze-wsi-kociewskiej-_DSC3091s.jpg?fit=795%2C1200&ssl=1&resize=700%2C400 2x"},"classes":[]},{"id":140,"url":"https:\/\/www.volen.pl\/?p=140","url_meta":{"origin":549,"position":1},"title":"krzyk","author":"volen","date":"2014-02-20","format":false,"excerpt":"Nikt ju\u017c nikogo prawie nie s\u0142yszy, chocia\u017c wszyscy krzycz\u0105, wi\u0119c ka\u017cdy krzyczy coraz g\u0142o\u015bniej, \u017ceby by\u0107 us\u0142yszanym, co powi\u0119ksza tylko ha\u0142as i coraz bardziej uniemo\u017cliwia porozumienie. A w dodatku wszyscy nie tylko krzycz\u0105, ale i p\u0119dz\u0105, krzycz\u0105c. Oczywi\u015bcie nie maj\u0105 poj\u0119cia dok\u0105d, tak samo jak coraz mniejsze ma znaczenie, co\u2026","rel":"","context":"W \u201ez\u0142ote g\u0142oski&quot;","block_context":{"text":"z\u0142ote g\u0142oski","link":"https:\/\/www.volen.pl\/?cat=17"},"img":{"alt_text":"","src":"","width":0,"height":0},"classes":[]},{"id":3008,"url":"https:\/\/www.volen.pl\/?p=3008","url_meta":{"origin":549,"position":2},"title":"oni","author":"volen","date":"2020-09-12","format":false,"excerpt":"A teraz przyuwa\u017c tych z przodu. Maj\u0105 swoje zmartwienia, licz\u0105 kilometry, my\u015bl\u0105 o tym, gdzie b\u0119d\u0105 dzisiaj spa\u0107, ile forsy musz\u0105 mie\u0107 na benzyn\u0119, jaka b\u0119dzie pogoda, jak tam dojad\u0105... a przecie\u017c, kapujesz, i tak tam dojad\u0105. Ale musz\u0105 si\u0119 zamartwia\u0107 i zdradza\u0107 czas pilnymi potrzebami, fa\u0142szywymi albo i nie,\u2026","rel":"","context":"W \u201ez\u0142ote g\u0142oski&quot;","block_context":{"text":"z\u0142ote g\u0142oski","link":"https:\/\/www.volen.pl\/?cat=17"},"img":{"alt_text":"","src":"","width":0,"height":0},"classes":[]},{"id":751,"url":"https:\/\/www.volen.pl\/?p=751","url_meta":{"origin":549,"position":3},"title":"socjologia stosowana","author":"volen","date":"2014-10-23","format":false,"excerpt":"Potworny b\u00f3l g\u0142owy. Oczy nie nad\u0105\u017caj\u0105 za obrazem, \u015bwiat faluje, czaszka \u015bwidruje. Siedzieli\u015bmy prawie godzin\u0119 t\u0119po patrz\u0105c przed siebie, czekaj\u0105c a\u017c b\u00f3l ust\u0105pi po za\u017cyciu dozwolonych \u015brodk\u00f3w farmakologicznych. B\u00f3l nie ust\u0105pi\u0142, ust\u0105pili\u015bmy my. Ruszyli\u015bmy szuka\u0107 planu Puno, gdy\u017c chcieli\u015bmy jak najszybciej dotrze\u0107 nad jezioro Titicaca. W Peru je\u017cd\u017c\u0105 takie fajne,\u2026","rel":"","context":"W \u201ea la conquista de Am\u00e9rica&quot;","block_context":{"text":"a la conquista de Am\u00e9rica","link":"https:\/\/www.volen.pl\/?cat=138"},"img":{"alt_text":"","src":"https:\/\/i0.wp.com\/www.volen.pl\/wp-content\/uploads\/2014\/10\/r_DSC0225.jpg?fit=1200%2C795&ssl=1&resize=350%2C200","width":350,"height":200,"srcset":"https:\/\/i0.wp.com\/www.volen.pl\/wp-content\/uploads\/2014\/10\/r_DSC0225.jpg?fit=1200%2C795&ssl=1&resize=350%2C200 1x, https:\/\/i0.wp.com\/www.volen.pl\/wp-content\/uploads\/2014\/10\/r_DSC0225.jpg?fit=1200%2C795&ssl=1&resize=525%2C300 1.5x, https:\/\/i0.wp.com\/www.volen.pl\/wp-content\/uploads\/2014\/10\/r_DSC0225.jpg?fit=1200%2C795&ssl=1&resize=700%2C400 2x, https:\/\/i0.wp.com\/www.volen.pl\/wp-content\/uploads\/2014\/10\/r_DSC0225.jpg?fit=1200%2C795&ssl=1&resize=1050%2C600 3x"},"classes":[]},{"id":1067,"url":"https:\/\/www.volen.pl\/?p=1067","url_meta":{"origin":549,"position":4},"title":"martwy dom","author":"volen","date":"2014-11-16","format":false,"excerpt":"Pi\u0119kny drewniany dom, miejsce niegdy\u015b t\u0119tni\u0105ce \u017cyciem, dzi\u015b popadaj\u0105cy z wolna w ruin\u0119: porozbijane szyby, wyrwane drzwi i pod\u0142ogi, wal\u0105ce si\u0119 \u015bciany - doskona\u0142e miejsce na szybk\u0105 sesj\u0119. Nie psujcie opuszczonych dom\u00f3w... \u00a0","rel":"","context":"W \u201eschizofretka&quot;","block_context":{"text":"schizofretka","link":"https:\/\/www.volen.pl\/?cat=4"},"img":{"alt_text":"","src":"https:\/\/i0.wp.com\/www.volen.pl\/wp-content\/uploads\/2014\/11\/DSC2811s.jpg?fit=1200%2C795&ssl=1&resize=350%2C200","width":350,"height":200,"srcset":"https:\/\/i0.wp.com\/www.volen.pl\/wp-content\/uploads\/2014\/11\/DSC2811s.jpg?fit=1200%2C795&ssl=1&resize=350%2C200 1x, https:\/\/i0.wp.com\/www.volen.pl\/wp-content\/uploads\/2014\/11\/DSC2811s.jpg?fit=1200%2C795&ssl=1&resize=525%2C300 1.5x, https:\/\/i0.wp.com\/www.volen.pl\/wp-content\/uploads\/2014\/11\/DSC2811s.jpg?fit=1200%2C795&ssl=1&resize=700%2C400 2x, https:\/\/i0.wp.com\/www.volen.pl\/wp-content\/uploads\/2014\/11\/DSC2811s.jpg?fit=1200%2C795&ssl=1&resize=1050%2C600 3x"},"classes":[]},{"id":1327,"url":"https:\/\/www.volen.pl\/?p=1327","url_meta":{"origin":549,"position":5},"title":"Gdzie jest \u0431\u043e\u043b\u044c\u0448\u043e\u0439 \u043d\u043e\u0436","author":"volen","date":"2015-08-11","format":false,"excerpt":"Na razie wsta\u0142em w miar\u0119 wyspany i zacz\u0105\u0142em w\u0119szy\u0107 za kaw\u0105. Ca\u0142y pensjonat, uk\u0142ad pomieszcze\u0144, przypomina\u0142 mi bardzo pewien hostel, w kt\u00f3rym kiedy\u015b si\u0119 zatrzymali\u015bmy, r\u00f3wnie\u017c w Rumunii. Podobie\u0144stwo jest tak uderzaj\u0105ce, \u017ce a\u017c mia\u0142em uczucie deja vu. Po kr\u00f3tkich poszukiwaniach objawi\u0142 si\u0119 mi si\u0119 w\u0142a\u015bciciel, Chip, ewidentnie po solidnej\u2026","rel":"","context":"W \u201eBalkan eXpress&quot;","block_context":{"text":"Balkan eXpress","link":"https:\/\/www.volen.pl\/?cat=194"},"img":{"alt_text":"","src":"https:\/\/i0.wp.com\/www.volen.pl\/wp-content\/uploads\/2015\/08\/VOL0957.jpg?fit=1200%2C795&ssl=1&resize=350%2C200","width":350,"height":200,"srcset":"https:\/\/i0.wp.com\/www.volen.pl\/wp-content\/uploads\/2015\/08\/VOL0957.jpg?fit=1200%2C795&ssl=1&resize=350%2C200 1x, https:\/\/i0.wp.com\/www.volen.pl\/wp-content\/uploads\/2015\/08\/VOL0957.jpg?fit=1200%2C795&ssl=1&resize=525%2C300 1.5x, https:\/\/i0.wp.com\/www.volen.pl\/wp-content\/uploads\/2015\/08\/VOL0957.jpg?fit=1200%2C795&ssl=1&resize=700%2C400 2x, https:\/\/i0.wp.com\/www.volen.pl\/wp-content\/uploads\/2015\/08\/VOL0957.jpg?fit=1200%2C795&ssl=1&resize=1050%2C600 3x"},"classes":[]}],"_links":{"self":[{"href":"https:\/\/www.volen.pl\/index.php?rest_route=\/wp\/v2\/posts\/549","targetHints":{"allow":["GET"]}}],"collection":[{"href":"https:\/\/www.volen.pl\/index.php?rest_route=\/wp\/v2\/posts"}],"about":[{"href":"https:\/\/www.volen.pl\/index.php?rest_route=\/wp\/v2\/types\/post"}],"author":[{"embeddable":true,"href":"https:\/\/www.volen.pl\/index.php?rest_route=\/wp\/v2\/users\/1"}],"replies":[{"embeddable":true,"href":"https:\/\/www.volen.pl\/index.php?rest_route=%2Fwp%2Fv2%2Fcomments&post=549"}],"version-history":[{"count":1,"href":"https:\/\/www.volen.pl\/index.php?rest_route=\/wp\/v2\/posts\/549\/revisions"}],"predecessor-version":[{"id":551,"href":"https:\/\/www.volen.pl\/index.php?rest_route=\/wp\/v2\/posts\/549\/revisions\/551"}],"wp:featuredmedia":[{"embeddable":true,"href":"https:\/\/www.volen.pl\/index.php?rest_route=\/wp\/v2\/media\/550"}],"wp:attachment":[{"href":"https:\/\/www.volen.pl\/index.php?rest_route=%2Fwp%2Fv2%2Fmedia&parent=549"}],"wp:term":[{"taxonomy":"category","embeddable":true,"href":"https:\/\/www.volen.pl\/index.php?rest_route=%2Fwp%2Fv2%2Fcategories&post=549"},{"taxonomy":"post_tag","embeddable":true,"href":"https:\/\/www.volen.pl\/index.php?rest_route=%2Fwp%2Fv2%2Ftags&post=549"}],"curies":[{"name":"wp","href":"https:\/\/api.w.org\/{rel}","templated":true}]}}