{"id":552,"date":"2014-05-26T20:02:36","date_gmt":"2014-05-26T18:02:36","guid":{"rendered":"http:\/\/www.volen.pl\/?p=552"},"modified":"2014-05-26T20:02:36","modified_gmt":"2014-05-26T18:02:36","slug":"granice-szczescia","status":"publish","type":"post","link":"https:\/\/www.volen.pl\/?p=552","title":{"rendered":"Granice szcz\u0119\u015bcia"},"content":{"rendered":"<p><a href=\"https:\/\/i0.wp.com\/www.volen.pl\/wp-content\/uploads\/2014\/05\/capoor-2-_DSC1259s.jpg?ssl=1\"><img data-recalc-dims=\"1\" loading=\"lazy\" decoding=\"async\" data-attachment-id=\"553\" data-permalink=\"https:\/\/www.volen.pl\/?attachment_id=553\" data-orig-file=\"https:\/\/i0.wp.com\/www.volen.pl\/wp-content\/uploads\/2014\/05\/capoor-2-_DSC1259s.jpg?fit=1980%2C1311&amp;ssl=1\" data-orig-size=\"1980,1311\" data-comments-opened=\"0\" data-image-meta=\"{&quot;aperture&quot;:&quot;0&quot;,&quot;credit&quot;:&quot;&quot;,&quot;camera&quot;:&quot;&quot;,&quot;caption&quot;:&quot;&quot;,&quot;created_timestamp&quot;:&quot;0&quot;,&quot;copyright&quot;:&quot;&quot;,&quot;focal_length&quot;:&quot;0&quot;,&quot;iso&quot;:&quot;0&quot;,&quot;shutter_speed&quot;:&quot;0&quot;,&quot;title&quot;:&quot;&quot;}\" data-image-title=\"granice szcz\u0119\u015bcia\" data-image-description=\"\" data-image-caption=\"\" data-large-file=\"https:\/\/i0.wp.com\/www.volen.pl\/wp-content\/uploads\/2014\/05\/capoor-2-_DSC1259s.jpg?fit=1980%2C1311&amp;ssl=1\" class=\"alignnone size-medium wp-image-553\" src=\"https:\/\/i0.wp.com\/www.volen.pl\/wp-content\/uploads\/2014\/05\/capoor-2-_DSC1259s.jpg?resize=1024%2C678&#038;ssl=1\" alt=\"granice szcz\u0119\u015bcia\" width=\"1024\" height=\"678\" srcset=\"https:\/\/i0.wp.com\/www.volen.pl\/wp-content\/uploads\/2014\/05\/capoor-2-_DSC1259s.jpg?resize=1024%2C678&amp;ssl=1 1024w, https:\/\/i0.wp.com\/www.volen.pl\/wp-content\/uploads\/2014\/05\/capoor-2-_DSC1259s.jpg?w=1980&amp;ssl=1 1980w\" sizes=\"auto, (max-width: 1000px) 100vw, 1000px\" \/><\/a><\/p>\n","protected":false},"excerpt":{"rendered":"","protected":false},"author":1,"featured_media":553,"comment_status":"closed","ping_status":"closed","sticky":false,"template":"","format":"image","meta":{"_crdt_document":"","jetpack_post_was_ever_published":false,"_jetpack_newsletter_access":"","_jetpack_dont_email_post_to_subs":false,"_jetpack_newsletter_tier_id":0,"_jetpack_memberships_contains_paywalled_content":false,"_jetpack_memberships_contains_paid_content":false,"footnotes":"","jetpack_publicize_message":"","jetpack_publicize_feature_enabled":true,"jetpack_social_post_already_shared":true,"jetpack_social_options":{"image_generator_settings":{"template":"highway","default_image_id":0,"font":"","enabled":false},"version":2}},"categories":[4],"tags":[],"class_list":["post-552","post","type-post","status-publish","format-image","has-post-thumbnail","hentry","category-piachem-po-oczach","post_format-post-format-image","excerpt","zoom","full-without-featured","even","excerpt-0"],"jetpack_publicize_connections":[],"jetpack_featured_media_url":"https:\/\/i0.wp.com\/www.volen.pl\/wp-content\/uploads\/2014\/05\/capoor-2-_DSC1259s.jpg?fit=1980%2C1311&ssl=1","jetpack_shortlink":"https:\/\/wp.me\/p4lAri-8U","jetpack_sharing_enabled":true,"jetpack-related-posts":[{"id":530,"url":"https:\/\/www.volen.pl\/?p=530","url_meta":{"origin":552,"position":0},"title":"granice wolno\u015bci","author":"volen","date":"2014-04-24","format":"image","excerpt":"","rel":"","context":"W \u201eschizofretka&quot;","block_context":{"text":"schizofretka","link":"https:\/\/www.volen.pl\/?cat=4"},"img":{"alt_text":"","src":"https:\/\/i0.wp.com\/www.volen.pl\/wp-content\/uploads\/2014\/04\/capoor-_DSC9796s.jpg?fit=1200%2C795&ssl=1&resize=350%2C200","width":350,"height":200,"srcset":"https:\/\/i0.wp.com\/www.volen.pl\/wp-content\/uploads\/2014\/04\/capoor-_DSC9796s.jpg?fit=1200%2C795&ssl=1&resize=350%2C200 1x, https:\/\/i0.wp.com\/www.volen.pl\/wp-content\/uploads\/2014\/04\/capoor-_DSC9796s.jpg?fit=1200%2C795&ssl=1&resize=525%2C300 1.5x, https:\/\/i0.wp.com\/www.volen.pl\/wp-content\/uploads\/2014\/04\/capoor-_DSC9796s.jpg?fit=1200%2C795&ssl=1&resize=700%2C400 2x, https:\/\/i0.wp.com\/www.volen.pl\/wp-content\/uploads\/2014\/04\/capoor-_DSC9796s.jpg?fit=1200%2C795&ssl=1&resize=1050%2C600 3x"},"classes":[]},{"id":1127,"url":"https:\/\/www.volen.pl\/?p=1127","url_meta":{"origin":552,"position":1},"title":"schizofretka","author":"volen","date":"2014-12-22","format":false,"excerpt":"odpa\u0142y wszelkiego rodzaju","rel":"","context":"W \u201eschizofretka&quot;","block_context":{"text":"schizofretka","link":"https:\/\/www.volen.pl\/?cat=4"},"img":{"alt_text":"","src":"","width":0,"height":0},"classes":[]},{"id":2259,"url":"https:\/\/www.volen.pl\/?p=2259","url_meta":{"origin":552,"position":2},"title":"Syzyfowe prace","author":"volen","date":"2018-05-17","format":false,"excerpt":"Tak, wiem. Co\u015b mi pad\u0142o na m\u00f3zg z tym s\u0142o\u0144cem. I to wcale nie od gor\u0105ca, ale do rzeczy.Pi\u0119kny wsch\u00f3d s\u0142o\u0144ca.\u0141otwa wsch\u00f3d s\u0142o\u0144ca from Przemys\u0142aw Wollenszleger on Vimeo.Pawe\u0142 wsta\u0142 bardzo rano i dokrzycza\u0142 si\u0119 do mojej \u015bwiadomo\u015bci wystarczaj\u0105co wcze\u015bnie, bym z\u0142apa\u0142 go (wsch\u00f3d, nie Paw\u0142a) obiektywem.Bardzo spokojnie pojechali\u015bmy na przej\u015bcie\u2026","rel":"","context":"W \u201enawariata&quot;","block_context":{"text":"nawariata","link":"https:\/\/www.volen.pl\/?cat=93"},"img":{"alt_text":"","src":"https:\/\/i0.wp.com\/www.volen.pl\/wp-content\/uploads\/2018\/05\/20180517_162354-01.jpeg?fit=1200%2C600&ssl=1&resize=350%2C200","width":350,"height":200,"srcset":"https:\/\/i0.wp.com\/www.volen.pl\/wp-content\/uploads\/2018\/05\/20180517_162354-01.jpeg?fit=1200%2C600&ssl=1&resize=350%2C200 1x, https:\/\/i0.wp.com\/www.volen.pl\/wp-content\/uploads\/2018\/05\/20180517_162354-01.jpeg?fit=1200%2C600&ssl=1&resize=525%2C300 1.5x, https:\/\/i0.wp.com\/www.volen.pl\/wp-content\/uploads\/2018\/05\/20180517_162354-01.jpeg?fit=1200%2C600&ssl=1&resize=700%2C400 2x, https:\/\/i0.wp.com\/www.volen.pl\/wp-content\/uploads\/2018\/05\/20180517_162354-01.jpeg?fit=1200%2C600&ssl=1&resize=1050%2C600 3x"},"classes":[]},{"id":563,"url":"https:\/\/www.volen.pl\/?p=563","url_meta":{"origin":552,"position":3},"title":"\u017cal przebudzenia","author":"volen","date":"2014-06-16","format":false,"excerpt":"","rel":"","context":"W \u201eschizofretka&quot;","block_context":{"text":"schizofretka","link":"https:\/\/www.volen.pl\/?cat=4"},"img":{"alt_text":"","src":"https:\/\/i0.wp.com\/www.volen.pl\/wp-content\/uploads\/2014\/06\/%C5%BCal-zmartwychwstania-_DSC1692-1s.jpg?fit=1200%2C795&ssl=1&resize=350%2C200","width":350,"height":200,"srcset":"https:\/\/i0.wp.com\/www.volen.pl\/wp-content\/uploads\/2014\/06\/%C5%BCal-zmartwychwstania-_DSC1692-1s.jpg?fit=1200%2C795&ssl=1&resize=350%2C200 1x, https:\/\/i0.wp.com\/www.volen.pl\/wp-content\/uploads\/2014\/06\/%C5%BCal-zmartwychwstania-_DSC1692-1s.jpg?fit=1200%2C795&ssl=1&resize=525%2C300 1.5x, https:\/\/i0.wp.com\/www.volen.pl\/wp-content\/uploads\/2014\/06\/%C5%BCal-zmartwychwstania-_DSC1692-1s.jpg?fit=1200%2C795&ssl=1&resize=700%2C400 2x, https:\/\/i0.wp.com\/www.volen.pl\/wp-content\/uploads\/2014\/06\/%C5%BCal-zmartwychwstania-_DSC1692-1s.jpg?fit=1200%2C795&ssl=1&resize=1050%2C600 3x"},"classes":[]},{"id":583,"url":"https:\/\/www.volen.pl\/?p=583","url_meta":{"origin":552,"position":4},"title":"Kill Bill: the bride","author":"volen","date":"2014-07-10","format":false,"excerpt":"","rel":"","context":"W \u201eschizofretka&quot;","block_context":{"text":"schizofretka","link":"https:\/\/www.volen.pl\/?cat=4"},"img":{"alt_text":"","src":"https:\/\/i0.wp.com\/www.volen.pl\/wp-content\/uploads\/2014\/07\/ania-przyst_DSC4982s.jpg?fit=1200%2C795&ssl=1&resize=350%2C200","width":350,"height":200,"srcset":"https:\/\/i0.wp.com\/www.volen.pl\/wp-content\/uploads\/2014\/07\/ania-przyst_DSC4982s.jpg?fit=1200%2C795&ssl=1&resize=350%2C200 1x, https:\/\/i0.wp.com\/www.volen.pl\/wp-content\/uploads\/2014\/07\/ania-przyst_DSC4982s.jpg?fit=1200%2C795&ssl=1&resize=525%2C300 1.5x, https:\/\/i0.wp.com\/www.volen.pl\/wp-content\/uploads\/2014\/07\/ania-przyst_DSC4982s.jpg?fit=1200%2C795&ssl=1&resize=700%2C400 2x, https:\/\/i0.wp.com\/www.volen.pl\/wp-content\/uploads\/2014\/07\/ania-przyst_DSC4982s.jpg?fit=1200%2C795&ssl=1&resize=1050%2C600 3x"},"classes":[]},{"id":586,"url":"https:\/\/www.volen.pl\/?p=586","url_meta":{"origin":552,"position":5},"title":"empty skies II","author":"volen","date":"2014-07-12","format":false,"excerpt":"","rel":"","context":"W \u201eschizofretka&quot;","block_context":{"text":"schizofretka","link":"https:\/\/www.volen.pl\/?cat=4"},"img":{"alt_text":"","src":"https:\/\/i0.wp.com\/www.volen.pl\/wp-content\/uploads\/2014\/07\/empty-skies-II-_DSC4938c.jpg?fit=741%2C1200&ssl=1&resize=350%2C200","width":350,"height":200,"srcset":"https:\/\/i0.wp.com\/www.volen.pl\/wp-content\/uploads\/2014\/07\/empty-skies-II-_DSC4938c.jpg?fit=741%2C1200&ssl=1&resize=350%2C200 1x, https:\/\/i0.wp.com\/www.volen.pl\/wp-content\/uploads\/2014\/07\/empty-skies-II-_DSC4938c.jpg?fit=741%2C1200&ssl=1&resize=525%2C300 1.5x, https:\/\/i0.wp.com\/www.volen.pl\/wp-content\/uploads\/2014\/07\/empty-skies-II-_DSC4938c.jpg?fit=741%2C1200&ssl=1&resize=700%2C400 2x"},"classes":[]}],"_links":{"self":[{"href":"https:\/\/www.volen.pl\/index.php?rest_route=\/wp\/v2\/posts\/552","targetHints":{"allow":["GET"]}}],"collection":[{"href":"https:\/\/www.volen.pl\/index.php?rest_route=\/wp\/v2\/posts"}],"about":[{"href":"https:\/\/www.volen.pl\/index.php?rest_route=\/wp\/v2\/types\/post"}],"author":[{"embeddable":true,"href":"https:\/\/www.volen.pl\/index.php?rest_route=\/wp\/v2\/users\/1"}],"replies":[{"embeddable":true,"href":"https:\/\/www.volen.pl\/index.php?rest_route=%2Fwp%2Fv2%2Fcomments&post=552"}],"version-history":[{"count":1,"href":"https:\/\/www.volen.pl\/index.php?rest_route=\/wp\/v2\/posts\/552\/revisions"}],"predecessor-version":[{"id":554,"href":"https:\/\/www.volen.pl\/index.php?rest_route=\/wp\/v2\/posts\/552\/revisions\/554"}],"wp:featuredmedia":[{"embeddable":true,"href":"https:\/\/www.volen.pl\/index.php?rest_route=\/wp\/v2\/media\/553"}],"wp:attachment":[{"href":"https:\/\/www.volen.pl\/index.php?rest_route=%2Fwp%2Fv2%2Fmedia&parent=552"}],"wp:term":[{"taxonomy":"category","embeddable":true,"href":"https:\/\/www.volen.pl\/index.php?rest_route=%2Fwp%2Fv2%2Fcategories&post=552"},{"taxonomy":"post_tag","embeddable":true,"href":"https:\/\/www.volen.pl\/index.php?rest_route=%2Fwp%2Fv2%2Ftags&post=552"}],"curies":[{"name":"wp","href":"https:\/\/api.w.org\/{rel}","templated":true}]}}