{"id":570,"date":"2014-06-25T21:04:44","date_gmt":"2014-06-25T19:04:44","guid":{"rendered":"http:\/\/www.volen.pl\/?p=570"},"modified":"2014-06-25T21:04:44","modified_gmt":"2014-06-25T19:04:44","slug":"ze-wsi-kociewskiej","status":"publish","type":"post","link":"https:\/\/www.volen.pl\/?p=570","title":{"rendered":"ze wsi kociewskiej"},"content":{"rendered":"<p>lecz nie widoczek wcale, lecz &#8211; <strong>modelka<\/strong> <em>najpi\u0119kniejsza na \u015bwiecie<\/em> jest ze wsi kociewskiej<\/p>\n<p>widoczek za\u015b ze wsi kaszubskiej, <em>najpi\u0119kniejszej na \u015bwiecie<\/em><\/p>\n<p><a href=\"https:\/\/i0.wp.com\/www.volen.pl\/wp-content\/uploads\/2014\/06\/ze-wsi-kociewskiej-_DSC3091s.jpg?ssl=1\"><img data-recalc-dims=\"1\" loading=\"lazy\" decoding=\"async\" data-attachment-id=\"571\" data-permalink=\"https:\/\/www.volen.pl\/?attachment_id=571\" data-orig-file=\"https:\/\/i0.wp.com\/www.volen.pl\/wp-content\/uploads\/2014\/06\/ze-wsi-kociewskiej-_DSC3091s.jpg?fit=1356%2C2048&amp;ssl=1\" data-orig-size=\"1356,2048\" data-comments-opened=\"0\" data-image-meta=\"{&quot;aperture&quot;:&quot;0&quot;,&quot;credit&quot;:&quot;&quot;,&quot;camera&quot;:&quot;&quot;,&quot;caption&quot;:&quot;&quot;,&quot;created_timestamp&quot;:&quot;0&quot;,&quot;copyright&quot;:&quot;&quot;,&quot;focal_length&quot;:&quot;0&quot;,&quot;iso&quot;:&quot;0&quot;,&quot;shutter_speed&quot;:&quot;0&quot;,&quot;title&quot;:&quot;&quot;}\" data-image-title=\"ze wsi kociewskiej\" data-image-description=\"\" data-image-caption=\"\" data-large-file=\"https:\/\/i0.wp.com\/www.volen.pl\/wp-content\/uploads\/2014\/06\/ze-wsi-kociewskiej-_DSC3091s.jpg?fit=1356%2C2048&amp;ssl=1\" class=\"alignnone size-medium wp-image-571\" src=\"https:\/\/i0.wp.com\/www.volen.pl\/wp-content\/uploads\/2014\/06\/ze-wsi-kociewskiej-_DSC3091s.jpg?resize=678%2C1024&#038;ssl=1\" alt=\"ze wsi kociewskiej\" width=\"678\" height=\"1024\" srcset=\"https:\/\/i0.wp.com\/www.volen.pl\/wp-content\/uploads\/2014\/06\/ze-wsi-kociewskiej-_DSC3091s.jpg?resize=678%2C1024&amp;ssl=1 678w, https:\/\/i0.wp.com\/www.volen.pl\/wp-content\/uploads\/2014\/06\/ze-wsi-kociewskiej-_DSC3091s.jpg?w=1356&amp;ssl=1 1356w\" sizes=\"auto, (max-width: 678px) 100vw, 678px\" \/><\/a><\/p>\n<p>trwa nauka strzelania fotonami: ludzie si\u0119 dziwuj\u0105, krowy p\u0142osz\u0105, psy wyj\u0105, jask\u00f3\u0142ki w locie pozbywaj\u0105 si\u0119 balastu, wszystko, co \u017cywe prosi niebiosa o zmi\u0142owanie, a to na widok rozstawionego ni z gruszki, ni z pietruszki przeno\u015bnego studia z parasolkami i softboksami po\u015brodku niczego, 200m za Pustk\u0105 i 200m przed Ogonkami<\/p>\n<p>najciekawszy wszak jest widok fotografa (tak\u017ce <em>najpi\u0119kniejszego na \u015bwiecie<\/em>, oczywi\u015bcie) le\u017c\u0105cego w r\u00f3\u017cnych pozycjach ale zawsze tak, by chor\u0105 nog\u0105 trzyma\u0107 statyw o\u015bwietleniowy, kt\u00f3ren bardzo na podmuchy wiatru podatny jest, \u017ce za\u015b noga musi co jaki\u015b czas by\u0107 wy\u017cej ni\u017c reszta fotograficznego cielska, przyjemne z po\u017cytecznym si\u0119 \u0142\u0105czy i rehabilitacja dodatkowa si\u0119 odbywa<\/p>\n<p>czego i Wam \u017cycz\u0119<\/p>\n","protected":false},"excerpt":{"rendered":"<p>lecz nie widoczek wcale, lecz &#8211; modelka najpi\u0119kniejsza na \u015bwiecie jest ze wsi kociewskiej widoczek&#8230;<\/p>\n<div class=\"more-link-wrapper\"><a class=\"more-link\" href=\"https:\/\/www.volen.pl\/?p=570\">Read the post<span class=\"screen-reader-text\">ze wsi kociewskiej<\/span><\/a><\/div>\n","protected":false},"author":1,"featured_media":571,"comment_status":"closed","ping_status":"closed","sticky":false,"template":"","format":"standard","meta":{"_crdt_document":"","jetpack_post_was_ever_published":false,"_jetpack_newsletter_access":"","_jetpack_dont_email_post_to_subs":false,"_jetpack_newsletter_tier_id":0,"_jetpack_memberships_contains_paywalled_content":false,"_jetpack_memberships_contains_paid_content":false,"footnotes":"","jetpack_publicize_message":"","jetpack_publicize_feature_enabled":true,"jetpack_social_post_already_shared":true,"jetpack_social_options":{"image_generator_settings":{"template":"highway","default_image_id":0,"font":"","enabled":false},"version":2}},"categories":[4],"tags":[95,120,203,121],"class_list":["post-570","post","type-post","status-publish","format-standard","has-post-thumbnail","hentry","category-piachem-po-oczach","tag-ania","tag-portret","tag-piachem-po-oczach","tag-wies","excerpt","zoom","full-without-featured","even","excerpt-0"],"jetpack_publicize_connections":[],"jetpack_featured_media_url":"https:\/\/i0.wp.com\/www.volen.pl\/wp-content\/uploads\/2014\/06\/ze-wsi-kociewskiej-_DSC3091s.jpg?fit=1356%2C2048&ssl=1","jetpack_shortlink":"https:\/\/wp.me\/p4lAri-9c","jetpack_sharing_enabled":true,"jetpack-related-posts":[{"id":191,"url":"https:\/\/www.volen.pl\/?p=191","url_meta":{"origin":570,"position":0},"title":"Wielki Powr\u00f3t do Domu","author":"volen","date":"2013-08-28","format":false,"excerpt":"bo wsz\u0119dzie dobrze, ale w domu najlepiej. Tak wi\u0119c powr\u00f3t rozpocz\u0105\u0142 si\u0119 z rana w Herceg Novi, gdzie bez zb\u0119dnego po\u015bpiechu spakowali\u015bmy si\u0119, zjedli\u015bmy ma\u0142e co nieco oraz zapili\u015bmy kaw\u0105, po czym ruszyli\u015bmy szuka\u0107 transportu do Tivat. W tym miejscu, w Herceg Novi, m\u00f3j Kot postanowi\u0142 po\u017cegna\u0107 swoje ulubione podr\u00f3\u017cne\u2026","rel":"","context":"W \u201eMontenegro 2013&quot;","block_context":{"text":"Montenegro 2013","link":"https:\/\/www.volen.pl\/?cat=134"},"img":{"alt_text":"","src":"","width":0,"height":0},"classes":[]},{"id":3062,"url":"https:\/\/www.volen.pl\/?p=3062","url_meta":{"origin":570,"position":1},"title":"Fly Guy &#8211; szkice i spostrze\u017cenia","author":"volen","date":"2018-10-08","format":false,"excerpt":"No wi\u0119c, tak wiem, \u017ce si\u0119 tak zda\u0144 nie rozpoczyna, ruszy\u0142em znowu przed siebie, tym razem gnany konieczno\u015bci\u0105. Min\u0119\u0142y trzy miesi\u0105ce dolce far niente z moim Kotem Oblizuchem. Wyposa\u017cony w ulubion\u0105 bu\u0142k\u0119 z ulubionej piekarni, par\u0119 drobiazg\u00f3w w torbie podr\u0119cznej i helikopter w plecaku ruszy\u0142em odbiera\u0107 ruskim, co moje. Znaczy\u2026","rel":"","context":"W \u201enawariata&quot;","block_context":{"text":"nawariata","link":"https:\/\/www.volen.pl\/?cat=93"},"img":{"alt_text":"","src":"https:\/\/i0.wp.com\/www.volen.pl\/wp-content\/uploads\/2023\/02\/moskwa_VOL8810.jpg?fit=1200%2C681&ssl=1&resize=350%2C200","width":350,"height":200,"srcset":"https:\/\/i0.wp.com\/www.volen.pl\/wp-content\/uploads\/2023\/02\/moskwa_VOL8810.jpg?fit=1200%2C681&ssl=1&resize=350%2C200 1x, https:\/\/i0.wp.com\/www.volen.pl\/wp-content\/uploads\/2023\/02\/moskwa_VOL8810.jpg?fit=1200%2C681&ssl=1&resize=525%2C300 1.5x, https:\/\/i0.wp.com\/www.volen.pl\/wp-content\/uploads\/2023\/02\/moskwa_VOL8810.jpg?fit=1200%2C681&ssl=1&resize=700%2C400 2x, https:\/\/i0.wp.com\/www.volen.pl\/wp-content\/uploads\/2023\/02\/moskwa_VOL8810.jpg?fit=1200%2C681&ssl=1&resize=1050%2C600 3x"},"classes":[]},{"id":3593,"url":"https:\/\/www.volen.pl\/?p=3593","url_meta":{"origin":570,"position":2},"title":"Znaki","author":"volen","date":"2024-09-20","format":false,"excerpt":"Wyszed\u0142em rano i palec nie bola\u0142 tak, jak wczoraj. Zdecydowanie si\u0119 polepszy\u0142, taki mniej dra\u017cliwy si\u0119 zrobi\u0142. W tym Beskidzie S\u0105deckim, to \u017cyli sami partyzanci. Pe\u0142no tablic pami\u0105tkowych, krzy\u017cy, nekrolog\u00f3w. Tu\u017c przed schroniskiem monument, a tak\u017ce estetyczne, bia\u0142e krzy\u017ce. widok ze schroniska bia\u0142e krzy\u017ce schronisko na Hali \u0141abowskiej Przez d\u0142ugi\u2026","rel":"","context":"W \u201eGSB&quot;","block_context":{"text":"GSB","link":"https:\/\/www.volen.pl\/?cat=457"},"img":{"alt_text":"","src":"https:\/\/i0.wp.com\/www.volen.pl\/wp-content\/uploads\/2025\/01\/IMG_20240920_181200.jpg?fit=1200%2C900&ssl=1&resize=350%2C200","width":350,"height":200,"srcset":"https:\/\/i0.wp.com\/www.volen.pl\/wp-content\/uploads\/2025\/01\/IMG_20240920_181200.jpg?fit=1200%2C900&ssl=1&resize=350%2C200 1x, https:\/\/i0.wp.com\/www.volen.pl\/wp-content\/uploads\/2025\/01\/IMG_20240920_181200.jpg?fit=1200%2C900&ssl=1&resize=525%2C300 1.5x, https:\/\/i0.wp.com\/www.volen.pl\/wp-content\/uploads\/2025\/01\/IMG_20240920_181200.jpg?fit=1200%2C900&ssl=1&resize=700%2C400 2x, https:\/\/i0.wp.com\/www.volen.pl\/wp-content\/uploads\/2025\/01\/IMG_20240920_181200.jpg?fit=1200%2C900&ssl=1&resize=1050%2C600 3x"},"classes":[]},{"id":2944,"url":"https:\/\/www.volen.pl\/?p=2944","url_meta":{"origin":570,"position":3},"title":"Atrakcje","author":"volen","date":"2018-07-24","format":false,"excerpt":"Po wyje\u017adzie z Nowosybirska opu\u015bcili\u015bmy Siberian Highway i wjechali\u015bmy na Irtysh Highway. Irtysh jest dop\u0142ywem Obu, jednej z najwi\u0119kszych rzek Azji i \u015bwiata w og\u00f3le. Za\u015b Ob, kt\u00f3rego m\u0119tne wody widzieli\u015bmy z mostu, stanowi naturaln\u0105 granic\u0119 mi\u0119dzy Nizin\u0105 Zachodniosyberyjsk\u0105 a pofalowan\u0105, wy\u017cynn\u0105 Syberi\u0105 wschodni\u0105. Wszystko sz\u0142o pi\u0119knie, a\u017c do czasu,\u2026","rel":"","context":"W \u201enawariata&quot;","block_context":{"text":"nawariata","link":"https:\/\/www.volen.pl\/?cat=93"},"img":{"alt_text":"","src":"","width":0,"height":0},"classes":[]},{"id":3170,"url":"https:\/\/www.volen.pl\/?p=3170","url_meta":{"origin":570,"position":4},"title":"Cheile Turzii","author":"volen","date":"2023-06-14","format":false,"excerpt":"Przep\u0119dzili\u015bmy przez S\u0142owacj\u0119. Gdyby nie Hrad Brekov, to pewnie wcale by\u015bmy si\u0119 nie zatrzymali, ale nasi mali odkrywcy wyci\u0105gn\u0119li nas za \u0142achy z samochodu i wci\u0105gn\u0119li na g\u00f3r\u0119. Ca\u0142kiem sympatyczne ruiny - S\u0142owacy troch\u0119 na p\u00f3\u0142 gwizdka dzia\u0142aj\u0105 - wida\u0107, \u017ce prace ciesielskie id\u0105 pe\u0142n\u0105 par\u0105, ale kamieniarzy ani widu,\u2026","rel":"","context":"W \u201epo byku&quot;","block_context":{"text":"po byku","link":"https:\/\/www.volen.pl\/?cat=474"},"img":{"alt_text":"","src":"https:\/\/i0.wp.com\/www.volen.pl\/wp-content\/uploads\/2023\/07\/IMG_20230613_162458.jpg?fit=1200%2C900&ssl=1&resize=350%2C200","width":350,"height":200,"srcset":"https:\/\/i0.wp.com\/www.volen.pl\/wp-content\/uploads\/2023\/07\/IMG_20230613_162458.jpg?fit=1200%2C900&ssl=1&resize=350%2C200 1x, https:\/\/i0.wp.com\/www.volen.pl\/wp-content\/uploads\/2023\/07\/IMG_20230613_162458.jpg?fit=1200%2C900&ssl=1&resize=525%2C300 1.5x, https:\/\/i0.wp.com\/www.volen.pl\/wp-content\/uploads\/2023\/07\/IMG_20230613_162458.jpg?fit=1200%2C900&ssl=1&resize=700%2C400 2x, https:\/\/i0.wp.com\/www.volen.pl\/wp-content\/uploads\/2023\/07\/IMG_20230613_162458.jpg?fit=1200%2C900&ssl=1&resize=1050%2C600 3x"},"classes":[]},{"id":3229,"url":"https:\/\/www.volen.pl\/?p=3229","url_meta":{"origin":570,"position":5},"title":"Poginamy po Bu\u0142garii","author":"volen","date":"2023-06-18","format":false,"excerpt":"W nocy nanios\u0142o nowych go\u015bci, dwoje rowerzyst\u00f3w z namiotem tunelowym, dwa nowe kampery, pe\u0142no luda. Rano\u015bmy si\u0119 zbierali. Trzeba wszystko posk\u0142ada\u0107, pozbiera\u0107, och\u0119do\u017cy\u0107. Co\u015b zje\u015b\u0107, kaw\u0119 wypi\u0107, z\u0119by umy\u0107. Namiot z\u0142o\u017cy\u0107, przyczep\u0119 przyczepi\u0107, op\u0142aty ui\u015bci\u0107. Po\u017cegna\u0107 Katerin\u0119, po\u017cegna\u0107 Florisa i pogna\u0107 w interior. Fajnie by\u0142o tak jecha\u0107, Ania jako pilotka\u2026","rel":"","context":"W \u201epo byku&quot;","block_context":{"text":"po byku","link":"https:\/\/www.volen.pl\/?cat=474"},"img":{"alt_text":"","src":"https:\/\/i0.wp.com\/www.volen.pl\/wp-content\/uploads\/2023\/07\/IMG_20230618_152559.jpg?fit=1200%2C900&ssl=1&resize=350%2C200","width":350,"height":200,"srcset":"https:\/\/i0.wp.com\/www.volen.pl\/wp-content\/uploads\/2023\/07\/IMG_20230618_152559.jpg?fit=1200%2C900&ssl=1&resize=350%2C200 1x, https:\/\/i0.wp.com\/www.volen.pl\/wp-content\/uploads\/2023\/07\/IMG_20230618_152559.jpg?fit=1200%2C900&ssl=1&resize=525%2C300 1.5x, https:\/\/i0.wp.com\/www.volen.pl\/wp-content\/uploads\/2023\/07\/IMG_20230618_152559.jpg?fit=1200%2C900&ssl=1&resize=700%2C400 2x, https:\/\/i0.wp.com\/www.volen.pl\/wp-content\/uploads\/2023\/07\/IMG_20230618_152559.jpg?fit=1200%2C900&ssl=1&resize=1050%2C600 3x"},"classes":[]}],"_links":{"self":[{"href":"https:\/\/www.volen.pl\/index.php?rest_route=\/wp\/v2\/posts\/570","targetHints":{"allow":["GET"]}}],"collection":[{"href":"https:\/\/www.volen.pl\/index.php?rest_route=\/wp\/v2\/posts"}],"about":[{"href":"https:\/\/www.volen.pl\/index.php?rest_route=\/wp\/v2\/types\/post"}],"author":[{"embeddable":true,"href":"https:\/\/www.volen.pl\/index.php?rest_route=\/wp\/v2\/users\/1"}],"replies":[{"embeddable":true,"href":"https:\/\/www.volen.pl\/index.php?rest_route=%2Fwp%2Fv2%2Fcomments&post=570"}],"version-history":[{"count":1,"href":"https:\/\/www.volen.pl\/index.php?rest_route=\/wp\/v2\/posts\/570\/revisions"}],"predecessor-version":[{"id":572,"href":"https:\/\/www.volen.pl\/index.php?rest_route=\/wp\/v2\/posts\/570\/revisions\/572"}],"wp:featuredmedia":[{"embeddable":true,"href":"https:\/\/www.volen.pl\/index.php?rest_route=\/wp\/v2\/media\/571"}],"wp:attachment":[{"href":"https:\/\/www.volen.pl\/index.php?rest_route=%2Fwp%2Fv2%2Fmedia&parent=570"}],"wp:term":[{"taxonomy":"category","embeddable":true,"href":"https:\/\/www.volen.pl\/index.php?rest_route=%2Fwp%2Fv2%2Fcategories&post=570"},{"taxonomy":"post_tag","embeddable":true,"href":"https:\/\/www.volen.pl\/index.php?rest_route=%2Fwp%2Fv2%2Ftags&post=570"}],"curies":[{"name":"wp","href":"https:\/\/api.w.org\/{rel}","templated":true}]}}