{"id":574,"date":"2014-07-01T16:56:15","date_gmt":"2014-07-01T14:56:15","guid":{"rendered":"http:\/\/www.volen.pl\/?p=574"},"modified":"2014-07-01T16:56:15","modified_gmt":"2014-07-01T14:56:15","slug":"zosia","status":"publish","type":"post","link":"https:\/\/www.volen.pl\/?p=574","title":{"rendered":"Zosia"},"content":{"rendered":"<p>by\u0142 pi\u0119kny dzie\u0144, s\u0142o\u0144ce \u015bwieci\u0142o, deszcz pada\u0142, wiatr powiewa\u0142 uroczo kosmykami w\u0142os\u00f3w<\/p>\n<p>a my, zanurzeni w bezmiarze przestrzeni, kradli\u015bmy przyrodzie to, co najlepsze<\/p>\n<p>oto moja ju\u017cNieTakaMalusia Zosia<\/p>\n<p>kochany szkrabek, lat 7 i troch\u0119, par\u0119 z\u0119b\u00f3w, czekoladowe oczy i serce pe\u0142ne mi\u0142o\u015bci<\/p>\n<p><a href=\"https:\/\/i0.wp.com\/www.volen.pl\/wp-content\/uploads\/2014\/07\/wietrzny-portret-_DSC3662s.jpg?ssl=1\"><img data-recalc-dims=\"1\" loading=\"lazy\" decoding=\"async\" data-attachment-id=\"575\" data-permalink=\"https:\/\/www.volen.pl\/?attachment_id=575\" data-orig-file=\"https:\/\/i0.wp.com\/www.volen.pl\/wp-content\/uploads\/2014\/07\/wietrzny-portret-_DSC3662s.jpg?fit=2048%2C1356&amp;ssl=1\" data-orig-size=\"2048,1356\" data-comments-opened=\"0\" data-image-meta=\"{&quot;aperture&quot;:&quot;0&quot;,&quot;credit&quot;:&quot;&quot;,&quot;camera&quot;:&quot;&quot;,&quot;caption&quot;:&quot;&quot;,&quot;created_timestamp&quot;:&quot;0&quot;,&quot;copyright&quot;:&quot;&quot;,&quot;focal_length&quot;:&quot;0&quot;,&quot;iso&quot;:&quot;0&quot;,&quot;shutter_speed&quot;:&quot;0&quot;,&quot;title&quot;:&quot;&quot;}\" data-image-title=\"wietrzny portret _DSC3662s\" data-image-description=\"\" data-image-caption=\"\" data-large-file=\"https:\/\/i0.wp.com\/www.volen.pl\/wp-content\/uploads\/2014\/07\/wietrzny-portret-_DSC3662s.jpg?fit=2048%2C1356&amp;ssl=1\" class=\"alignnone wp-image-575 size-medium\" src=\"https:\/\/i0.wp.com\/www.volen.pl\/wp-content\/uploads\/2014\/07\/wietrzny-portret-_DSC3662s.jpg?resize=1024%2C678&#038;ssl=1\" alt=\"wietrzny portret\" width=\"1024\" height=\"678\" srcset=\"https:\/\/i0.wp.com\/www.volen.pl\/wp-content\/uploads\/2014\/07\/wietrzny-portret-_DSC3662s.jpg?resize=1024%2C678&amp;ssl=1 1024w, https:\/\/i0.wp.com\/www.volen.pl\/wp-content\/uploads\/2014\/07\/wietrzny-portret-_DSC3662s.jpg?w=2048&amp;ssl=1 2048w\" sizes=\"auto, (max-width: 1000px) 100vw, 1000px\" \/><\/a><\/p>\n<p>dziecko zmienia si\u0119 niezauwa\u017cenie, podczas gdy my wci\u0105\u017c staramy si\u0119 goni\u0107 za nie wiadomo czym<\/p>\n<p>i tak, dzie\u0144 po dniu, tydzie\u0144 po tygodniu i rok po roku, po cichutku, z ma\u0142ego larwi\u0105tka wyrasta pi\u0119kna dziewczynka<\/p>\n<p>jestem z niej dumny<\/p>\n<p>m\u00f3j skarb<\/p>\n","protected":false},"excerpt":{"rendered":"<p>by\u0142 pi\u0119kny dzie\u0144, s\u0142o\u0144ce \u015bwieci\u0142o, deszcz pada\u0142, wiatr powiewa\u0142 uroczo kosmykami w\u0142os\u00f3w a my, zanurzeni&#8230;<\/p>\n<div class=\"more-link-wrapper\"><a class=\"more-link\" href=\"https:\/\/www.volen.pl\/?p=574\">Read the post<span class=\"screen-reader-text\">Zosia<\/span><\/a><\/div>\n","protected":false},"author":1,"featured_media":575,"comment_status":"closed","ping_status":"closed","sticky":false,"template":"","format":"standard","meta":{"_crdt_document":"","jetpack_post_was_ever_published":false,"_jetpack_newsletter_access":"","_jetpack_dont_email_post_to_subs":false,"_jetpack_newsletter_tier_id":0,"_jetpack_memberships_contains_paywalled_content":false,"_jetpack_memberships_contains_paid_content":false,"footnotes":"","jetpack_publicize_message":"","jetpack_publicize_feature_enabled":true,"jetpack_social_post_already_shared":true,"jetpack_social_options":{"image_generator_settings":{"template":"highway","default_image_id":0,"font":"","enabled":false},"version":2}},"categories":[18],"tags":[120,122],"class_list":["post-574","post","type-post","status-publish","format-standard","has-post-thumbnail","hentry","category-dreptak","tag-portret","tag-zosia","excerpt","zoom","full-without-featured","even","excerpt-0"],"jetpack_publicize_connections":[],"jetpack_featured_media_url":"https:\/\/i0.wp.com\/www.volen.pl\/wp-content\/uploads\/2014\/07\/wietrzny-portret-_DSC3662s.jpg?fit=2048%2C1356&ssl=1","jetpack_shortlink":"https:\/\/wp.me\/s4lAri-zosia","jetpack_sharing_enabled":true,"jetpack-related-posts":[{"id":2098,"url":"https:\/\/www.volen.pl\/?p=2098","url_meta":{"origin":574,"position":0},"title":"bober","author":"volen","date":"2017-04-15","format":false,"excerpt":"- Mo\u017ce powiedz jej, \u017ce jeste\u015bmy animalistami i czcimy bobry - powiedzia\u0142em do Ani - A co to jest bobry? - zainteresowa\u0142a si\u0119 Zuzia - No ten, no... bober przecie\u017c - za\u015bmia\u0142a si\u0119 Zosia Od dzisiaj Zosia ma nowy pseudonim.","rel":"","context":"W \u201ez\u0142ote g\u0142oski&quot;","block_context":{"text":"z\u0142ote g\u0142oski","link":"https:\/\/www.volen.pl\/?cat=17"},"img":{"alt_text":"","src":"","width":0,"height":0},"classes":[]},{"id":202,"url":"https:\/\/www.volen.pl\/?p=202","url_meta":{"origin":574,"position":1},"title":"Lazy day","author":"volen","date":"2013-08-17","format":false,"excerpt":"I tak nadszed\u0142 dzie\u0144 pierwszy naszej wycieczki. Poranek przywita\u0142 nas smrodem rozk\u0142adaj\u0105cych si\u0119 glon\u00f3w, a \u00f3w trwa\u0142 przez ca\u0142y dzie\u0144 i nic nie zapowiada zmian. Z rana postanowili\u015bmy przej\u015b\u0107 si\u0119 odrobink\u0119 brzegiem morza, obejrzeli\u015bmy \u017caglowiec, stoczni\u0119, \u0142odzie podwodne i inne atrakcje, k\u0105pi\u0105c si\u0119 w mi\u0119dzy czasie w solance adriatyckiej. \u017bar\u2026","rel":"","context":"W \u201eMontenegro 2013&quot;","block_context":{"text":"Montenegro 2013","link":"https:\/\/www.volen.pl\/?cat=134"},"img":{"alt_text":"","src":"","width":0,"height":0},"classes":[]},{"id":199,"url":"https:\/\/www.volen.pl\/?p=199","url_meta":{"origin":574,"position":2},"title":"Potworny \u017car","author":"volen","date":"2013-08-20","format":false,"excerpt":"W poszukiwaniu dzikiej pla\u017cy zaszli\u015bmy dzi\u015b do Becici. Dzikiej pla\u017cy ani widu, ani s\u0142ychu, znale\u017ali\u015bmy natomiast pla\u017c\u0119 cywilizowan\u0105, w kt\u00f3rej op\u0142ata za dzie\u0144 pla\u017cowania wynosi 50 euro. Nie cieszy\u0142a si\u0119 zbytni\u0105 popularno\u015bci\u0105. Z nowinek nadmorskich pragniemy donie\u015b\u0107, i\u017c najbardziej na czasie jest w tej chwili swobodna lewitacja nad wod\u0105: dwie\u2026","rel":"","context":"W \u201eMontenegro 2013&quot;","block_context":{"text":"Montenegro 2013","link":"https:\/\/www.volen.pl\/?cat=134"},"img":{"alt_text":"","src":"","width":0,"height":0},"classes":[]},{"id":2164,"url":"https:\/\/www.volen.pl\/?p=2164","url_meta":{"origin":574,"position":3},"title":"Dom","author":"volen","date":"2016-11-21","format":false,"excerpt":"Dzi\u015b dzie\u0144 powrotu do domu. Normalnie zawsze to czu\u0142em gdzie\u015b we wn\u0119trzu, taki dzie\u0144 powrotu nigdy nie jest takim samym dniem, jak te prze\u017cywane podczas podr\u00f3\u017cy. A tu jednak - m\u00f3j b\u0142\u0105d. Nigdy nie m\u00f3w nigdy. Dzie\u0144 wsta\u0142 uroczo w \u015brodku nocy (o 6.30 ciemno, jak o p\u00f3\u0142nocy), ale \u017ce\u2026","rel":"","context":"W \u201eIslandia: snj\u00f3r, \u00eds og eldur&quot;","block_context":{"text":"Islandia: snj\u00f3r, \u00eds og eldur","link":"https:\/\/www.volen.pl\/?cat=268"},"img":{"alt_text":"","src":"https:\/\/i0.wp.com\/www.volen.pl\/wp-content\/uploads\/2017\/07\/reykjavik_VOL6161.jpg?fit=1200%2C795&ssl=1&resize=350%2C200","width":350,"height":200,"srcset":"https:\/\/i0.wp.com\/www.volen.pl\/wp-content\/uploads\/2017\/07\/reykjavik_VOL6161.jpg?fit=1200%2C795&ssl=1&resize=350%2C200 1x, https:\/\/i0.wp.com\/www.volen.pl\/wp-content\/uploads\/2017\/07\/reykjavik_VOL6161.jpg?fit=1200%2C795&ssl=1&resize=525%2C300 1.5x, https:\/\/i0.wp.com\/www.volen.pl\/wp-content\/uploads\/2017\/07\/reykjavik_VOL6161.jpg?fit=1200%2C795&ssl=1&resize=700%2C400 2x, https:\/\/i0.wp.com\/www.volen.pl\/wp-content\/uploads\/2017\/07\/reykjavik_VOL6161.jpg?fit=1200%2C795&ssl=1&resize=1050%2C600 3x"},"classes":[]},{"id":3320,"url":"https:\/\/www.volen.pl\/?p=3320","url_meta":{"origin":574,"position":4},"title":"Mistrzostwo \u015bwiata","author":"volen","date":"2023-06-26","format":false,"excerpt":"Bu\u0142garzy s\u0105 absolutnymi mistrzami \u015bwiata w unikaniu spojrzenia w oczy. \u017badnej odpowiedzi na proste 'Dzie\u0144 dobry!' od nikogo si\u0119 nie doczekali\u015bmy poza trzema wyj\u0105tkami: dziewczyna od Bobbiego, ekspedientka w sklepie i para Szwajcar\u00f3w. Dziewczyna od Bobbiego to ciekawa sprawa: przysz\u0142a do nas za synem o imieniu Bojan i z marszu\u2026","rel":"","context":"W \u201epo byku&quot;","block_context":{"text":"po byku","link":"https:\/\/www.volen.pl\/?cat=474"},"img":{"alt_text":"","src":"https:\/\/i0.wp.com\/www.volen.pl\/wp-content\/uploads\/2023\/07\/IMG_20230626_211709.jpg?fit=1200%2C900&ssl=1&resize=350%2C200","width":350,"height":200,"srcset":"https:\/\/i0.wp.com\/www.volen.pl\/wp-content\/uploads\/2023\/07\/IMG_20230626_211709.jpg?fit=1200%2C900&ssl=1&resize=350%2C200 1x, https:\/\/i0.wp.com\/www.volen.pl\/wp-content\/uploads\/2023\/07\/IMG_20230626_211709.jpg?fit=1200%2C900&ssl=1&resize=525%2C300 1.5x, https:\/\/i0.wp.com\/www.volen.pl\/wp-content\/uploads\/2023\/07\/IMG_20230626_211709.jpg?fit=1200%2C900&ssl=1&resize=700%2C400 2x, https:\/\/i0.wp.com\/www.volen.pl\/wp-content\/uploads\/2023\/07\/IMG_20230626_211709.jpg?fit=1200%2C900&ssl=1&resize=1050%2C600 3x"},"classes":[]},{"id":3793,"url":"https:\/\/www.volen.pl\/?p=3793","url_meta":{"origin":574,"position":5},"title":"Hala \u015amietanowa","author":"volen","date":"2025-04-26","format":false,"excerpt":"Wsta\u0142 nowy, pi\u0119kny dzie\u0144, kt\u00f3ry zupe\u0142nie nie pami\u0119ta\u0142 poprzedniego. Ciep\u0142o, sucho, s\u0142onecznie... przyjemnie. Tak mo\u017cna i\u015b\u0107. Jordan\u00f3w najbardziej zdumiewaj\u0105cy zwierz na szlaku ja g\u0142upkowato u\u015bmiechni\u0119ty Wiele si\u0119 nie dzia\u0142o. Ot, szed\u0142em, pies mnie obszczeka\u0142, zamieni\u0142em z kim\u015b kilka s\u0142\u00f3w. Taki przyjemny dzie\u0144. Dopiero, gdy dotar\u0142em do schroniska na Hali Krupowej,\u2026","rel":"","context":"W \u201eGSB&quot;","block_context":{"text":"GSB","link":"https:\/\/www.volen.pl\/?cat=457"},"img":{"alt_text":"","src":"https:\/\/i0.wp.com\/www.volen.pl\/wp-content\/uploads\/2025\/05\/IMG_20250426_133710.jpg?fit=1200%2C900&ssl=1&resize=350%2C200","width":350,"height":200,"srcset":"https:\/\/i0.wp.com\/www.volen.pl\/wp-content\/uploads\/2025\/05\/IMG_20250426_133710.jpg?fit=1200%2C900&ssl=1&resize=350%2C200 1x, https:\/\/i0.wp.com\/www.volen.pl\/wp-content\/uploads\/2025\/05\/IMG_20250426_133710.jpg?fit=1200%2C900&ssl=1&resize=525%2C300 1.5x, https:\/\/i0.wp.com\/www.volen.pl\/wp-content\/uploads\/2025\/05\/IMG_20250426_133710.jpg?fit=1200%2C900&ssl=1&resize=700%2C400 2x, https:\/\/i0.wp.com\/www.volen.pl\/wp-content\/uploads\/2025\/05\/IMG_20250426_133710.jpg?fit=1200%2C900&ssl=1&resize=1050%2C600 3x"},"classes":[]}],"_links":{"self":[{"href":"https:\/\/www.volen.pl\/index.php?rest_route=\/wp\/v2\/posts\/574","targetHints":{"allow":["GET"]}}],"collection":[{"href":"https:\/\/www.volen.pl\/index.php?rest_route=\/wp\/v2\/posts"}],"about":[{"href":"https:\/\/www.volen.pl\/index.php?rest_route=\/wp\/v2\/types\/post"}],"author":[{"embeddable":true,"href":"https:\/\/www.volen.pl\/index.php?rest_route=\/wp\/v2\/users\/1"}],"replies":[{"embeddable":true,"href":"https:\/\/www.volen.pl\/index.php?rest_route=%2Fwp%2Fv2%2Fcomments&post=574"}],"version-history":[{"count":1,"href":"https:\/\/www.volen.pl\/index.php?rest_route=\/wp\/v2\/posts\/574\/revisions"}],"predecessor-version":[{"id":576,"href":"https:\/\/www.volen.pl\/index.php?rest_route=\/wp\/v2\/posts\/574\/revisions\/576"}],"wp:featuredmedia":[{"embeddable":true,"href":"https:\/\/www.volen.pl\/index.php?rest_route=\/wp\/v2\/media\/575"}],"wp:attachment":[{"href":"https:\/\/www.volen.pl\/index.php?rest_route=%2Fwp%2Fv2%2Fmedia&parent=574"}],"wp:term":[{"taxonomy":"category","embeddable":true,"href":"https:\/\/www.volen.pl\/index.php?rest_route=%2Fwp%2Fv2%2Fcategories&post=574"},{"taxonomy":"post_tag","embeddable":true,"href":"https:\/\/www.volen.pl\/index.php?rest_route=%2Fwp%2Fv2%2Ftags&post=574"}],"curies":[{"name":"wp","href":"https:\/\/api.w.org\/{rel}","templated":true}]}}