{"id":580,"date":"2014-07-08T11:23:31","date_gmt":"2014-07-08T09:23:31","guid":{"rendered":"http:\/\/www.volen.pl\/?p=580"},"modified":"2014-07-08T11:23:31","modified_gmt":"2014-07-08T09:23:31","slug":"chodz-ze-mna","status":"publish","type":"post","link":"https:\/\/www.volen.pl\/?p=580","title":{"rendered":"chod\u017a ze mn\u0105"},"content":{"rendered":"<p><a href=\"https:\/\/i0.wp.com\/www.volen.pl\/wp-content\/uploads\/2014\/07\/ania-_DSC4692s.jpg?ssl=1\"><img data-recalc-dims=\"1\" loading=\"lazy\" decoding=\"async\" data-attachment-id=\"578\" data-permalink=\"https:\/\/www.volen.pl\/?attachment_id=578\" data-orig-file=\"https:\/\/i0.wp.com\/www.volen.pl\/wp-content\/uploads\/2014\/07\/ania-_DSC4692s.jpg?fit=2048%2C1356&amp;ssl=1\" data-orig-size=\"2048,1356\" data-comments-opened=\"0\" data-image-meta=\"{&quot;aperture&quot;:&quot;0&quot;,&quot;credit&quot;:&quot;&quot;,&quot;camera&quot;:&quot;&quot;,&quot;caption&quot;:&quot;&quot;,&quot;created_timestamp&quot;:&quot;0&quot;,&quot;copyright&quot;:&quot;&quot;,&quot;focal_length&quot;:&quot;0&quot;,&quot;iso&quot;:&quot;0&quot;,&quot;shutter_speed&quot;:&quot;0&quot;,&quot;title&quot;:&quot;&quot;}\" data-image-title=\"chod\u017a ze mn\u0105\" data-image-description=\"\" data-image-caption=\"\" data-large-file=\"https:\/\/i0.wp.com\/www.volen.pl\/wp-content\/uploads\/2014\/07\/ania-_DSC4692s.jpg?fit=2048%2C1356&amp;ssl=1\" class=\"alignnone size-medium wp-image-578\" src=\"https:\/\/i0.wp.com\/www.volen.pl\/wp-content\/uploads\/2014\/07\/ania-_DSC4692s.jpg?resize=1024%2C678&#038;ssl=1\" alt=\"chod\u017a ze mn\u0105\" width=\"1024\" height=\"678\" srcset=\"https:\/\/i0.wp.com\/www.volen.pl\/wp-content\/uploads\/2014\/07\/ania-_DSC4692s.jpg?resize=1024%2C678&amp;ssl=1 1024w, https:\/\/i0.wp.com\/www.volen.pl\/wp-content\/uploads\/2014\/07\/ania-_DSC4692s.jpg?w=2048&amp;ssl=1 2048w\" sizes=\"auto, (max-width: 1000px) 100vw, 1000px\" \/><\/a><\/p>\n<p>A oto niewiasta w stroju niedba\u0142em wo\u0142a\u0142a do niego z lasu wychyn\u0105wszy&#8230;<\/p>\n","protected":false},"excerpt":{"rendered":"<p>A oto niewiasta w stroju niedba\u0142em wo\u0142a\u0142a do niego z lasu wychyn\u0105wszy&#8230;<\/p>\n","protected":false},"author":1,"featured_media":578,"comment_status":"closed","ping_status":"closed","sticky":false,"template":"","format":"standard","meta":{"_crdt_document":"","jetpack_post_was_ever_published":false,"_jetpack_newsletter_access":"","_jetpack_dont_email_post_to_subs":false,"_jetpack_newsletter_tier_id":0,"_jetpack_memberships_contains_paywalled_content":false,"_jetpack_memberships_contains_paid_content":false,"footnotes":"","jetpack_publicize_message":"","jetpack_publicize_feature_enabled":true,"jetpack_social_post_already_shared":true,"jetpack_social_options":{"image_generator_settings":{"template":"highway","default_image_id":0,"font":"","enabled":false},"version":2}},"categories":[4],"tags":[95,123,203],"class_list":["post-580","post","type-post","status-publish","format-standard","has-post-thumbnail","hentry","category-piachem-po-oczach","tag-ania","tag-las","tag-piachem-po-oczach","excerpt","zoom","full-without-featured","even","excerpt-0"],"jetpack_publicize_connections":[],"jetpack_featured_media_url":"https:\/\/i0.wp.com\/www.volen.pl\/wp-content\/uploads\/2014\/07\/ania-_DSC4692s.jpg?fit=2048%2C1356&ssl=1","jetpack_shortlink":"https:\/\/wp.me\/p4lAri-9m","jetpack_sharing_enabled":true,"jetpack-related-posts":[{"id":570,"url":"https:\/\/www.volen.pl\/?p=570","url_meta":{"origin":580,"position":0},"title":"ze wsi kociewskiej","author":"volen","date":"2014-06-25","format":false,"excerpt":"lecz nie widoczek wcale, lecz - modelka najpi\u0119kniejsza na \u015bwiecie jest ze wsi kociewskiej widoczek za\u015b ze wsi kaszubskiej, najpi\u0119kniejszej na \u015bwiecie trwa nauka strzelania fotonami: ludzie si\u0119 dziwuj\u0105, krowy p\u0142osz\u0105, psy wyj\u0105, jask\u00f3\u0142ki w locie pozbywaj\u0105 si\u0119 balastu, wszystko, co \u017cywe prosi niebiosa o zmi\u0142owanie, a to na widok\u2026","rel":"","context":"W \u201eschizofretka&quot;","block_context":{"text":"schizofretka","link":"https:\/\/www.volen.pl\/?cat=4"},"img":{"alt_text":"","src":"https:\/\/i0.wp.com\/www.volen.pl\/wp-content\/uploads\/2014\/06\/ze-wsi-kociewskiej-_DSC3091s.jpg?fit=795%2C1200&ssl=1&resize=350%2C200","width":350,"height":200,"srcset":"https:\/\/i0.wp.com\/www.volen.pl\/wp-content\/uploads\/2014\/06\/ze-wsi-kociewskiej-_DSC3091s.jpg?fit=795%2C1200&ssl=1&resize=350%2C200 1x, https:\/\/i0.wp.com\/www.volen.pl\/wp-content\/uploads\/2014\/06\/ze-wsi-kociewskiej-_DSC3091s.jpg?fit=795%2C1200&ssl=1&resize=525%2C300 1.5x, https:\/\/i0.wp.com\/www.volen.pl\/wp-content\/uploads\/2014\/06\/ze-wsi-kociewskiej-_DSC3091s.jpg?fit=795%2C1200&ssl=1&resize=700%2C400 2x"},"classes":[]},{"id":1067,"url":"https:\/\/www.volen.pl\/?p=1067","url_meta":{"origin":580,"position":1},"title":"martwy dom","author":"volen","date":"2014-11-16","format":false,"excerpt":"Pi\u0119kny drewniany dom, miejsce niegdy\u015b t\u0119tni\u0105ce \u017cyciem, dzi\u015b popadaj\u0105cy z wolna w ruin\u0119: porozbijane szyby, wyrwane drzwi i pod\u0142ogi, wal\u0105ce si\u0119 \u015bciany - doskona\u0142e miejsce na szybk\u0105 sesj\u0119. Nie psujcie opuszczonych dom\u00f3w... \u00a0","rel":"","context":"W \u201eschizofretka&quot;","block_context":{"text":"schizofretka","link":"https:\/\/www.volen.pl\/?cat=4"},"img":{"alt_text":"","src":"https:\/\/i0.wp.com\/www.volen.pl\/wp-content\/uploads\/2014\/11\/DSC2811s.jpg?fit=1200%2C795&ssl=1&resize=350%2C200","width":350,"height":200,"srcset":"https:\/\/i0.wp.com\/www.volen.pl\/wp-content\/uploads\/2014\/11\/DSC2811s.jpg?fit=1200%2C795&ssl=1&resize=350%2C200 1x, https:\/\/i0.wp.com\/www.volen.pl\/wp-content\/uploads\/2014\/11\/DSC2811s.jpg?fit=1200%2C795&ssl=1&resize=525%2C300 1.5x, https:\/\/i0.wp.com\/www.volen.pl\/wp-content\/uploads\/2014\/11\/DSC2811s.jpg?fit=1200%2C795&ssl=1&resize=700%2C400 2x, https:\/\/i0.wp.com\/www.volen.pl\/wp-content\/uploads\/2014\/11\/DSC2811s.jpg?fit=1200%2C795&ssl=1&resize=1050%2C600 3x"},"classes":[]},{"id":289,"url":"https:\/\/www.volen.pl\/?p=289","url_meta":{"origin":580,"position":2},"title":"studio ta\u0144ca","author":"volen","date":"2014-03-09","format":"gallery","excerpt":"z dzisiejszego spaceru","rel":"","context":"W \u201eschizofretka&quot;","block_context":{"text":"schizofretka","link":"https:\/\/www.volen.pl\/?cat=4"},"img":{"alt_text":"","src":"https:\/\/i0.wp.com\/www.volen.pl\/wp-content\/uploads\/2014\/03\/s_DSC4248.jpg?fit=1200%2C795&ssl=1&resize=350%2C200","width":350,"height":200,"srcset":"https:\/\/i0.wp.com\/www.volen.pl\/wp-content\/uploads\/2014\/03\/s_DSC4248.jpg?fit=1200%2C795&ssl=1&resize=350%2C200 1x, https:\/\/i0.wp.com\/www.volen.pl\/wp-content\/uploads\/2014\/03\/s_DSC4248.jpg?fit=1200%2C795&ssl=1&resize=525%2C300 1.5x, https:\/\/i0.wp.com\/www.volen.pl\/wp-content\/uploads\/2014\/03\/s_DSC4248.jpg?fit=1200%2C795&ssl=1&resize=700%2C400 2x, https:\/\/i0.wp.com\/www.volen.pl\/wp-content\/uploads\/2014\/03\/s_DSC4248.jpg?fit=1200%2C795&ssl=1&resize=1050%2C600 3x"},"classes":[]},{"id":297,"url":"https:\/\/www.volen.pl\/?p=297","url_meta":{"origin":580,"position":3},"title":"andzia w porcie","author":"volen","date":"2014-03-10","format":"gallery","excerpt":"","rel":"","context":"W \u201eschizofretka&quot;","block_context":{"text":"schizofretka","link":"https:\/\/www.volen.pl\/?cat=4"},"img":{"alt_text":"","src":"https:\/\/i0.wp.com\/www.volen.pl\/wp-content\/uploads\/2014\/03\/w-porcie-_DSC4455.jpg?fit=795%2C1200&ssl=1&resize=350%2C200","width":350,"height":200,"srcset":"https:\/\/i0.wp.com\/www.volen.pl\/wp-content\/uploads\/2014\/03\/w-porcie-_DSC4455.jpg?fit=795%2C1200&ssl=1&resize=350%2C200 1x, https:\/\/i0.wp.com\/www.volen.pl\/wp-content\/uploads\/2014\/03\/w-porcie-_DSC4455.jpg?fit=795%2C1200&ssl=1&resize=525%2C300 1.5x, https:\/\/i0.wp.com\/www.volen.pl\/wp-content\/uploads\/2014\/03\/w-porcie-_DSC4455.jpg?fit=795%2C1200&ssl=1&resize=700%2C400 2x"},"classes":[]},{"id":591,"url":"https:\/\/www.volen.pl\/?p=591","url_meta":{"origin":580,"position":4},"title":"empty skies","author":"volen","date":"2014-07-28","format":false,"excerpt":"i wia\u0142 wiatr porywisty, ciep\u0142y a niebo puste si\u0119 zda\u0142o i krzyk niemy z piersi si\u0119 wyrwa\u0142","rel":"","context":"W \u201eschizofretka&quot;","block_context":{"text":"schizofretka","link":"https:\/\/www.volen.pl\/?cat=4"},"img":{"alt_text":"","src":"https:\/\/i0.wp.com\/www.volen.pl\/wp-content\/uploads\/2014\/07\/empty-skies-_DSC6000s.jpg?fit=1200%2C684&ssl=1&resize=350%2C200","width":350,"height":200,"srcset":"https:\/\/i0.wp.com\/www.volen.pl\/wp-content\/uploads\/2014\/07\/empty-skies-_DSC6000s.jpg?fit=1200%2C684&ssl=1&resize=350%2C200 1x, https:\/\/i0.wp.com\/www.volen.pl\/wp-content\/uploads\/2014\/07\/empty-skies-_DSC6000s.jpg?fit=1200%2C684&ssl=1&resize=525%2C300 1.5x, https:\/\/i0.wp.com\/www.volen.pl\/wp-content\/uploads\/2014\/07\/empty-skies-_DSC6000s.jpg?fit=1200%2C684&ssl=1&resize=700%2C400 2x, https:\/\/i0.wp.com\/www.volen.pl\/wp-content\/uploads\/2014\/07\/empty-skies-_DSC6000s.jpg?fit=1200%2C684&ssl=1&resize=1050%2C600 3x"},"classes":[]},{"id":583,"url":"https:\/\/www.volen.pl\/?p=583","url_meta":{"origin":580,"position":5},"title":"Kill Bill: the bride","author":"volen","date":"2014-07-10","format":false,"excerpt":"","rel":"","context":"W \u201eschizofretka&quot;","block_context":{"text":"schizofretka","link":"https:\/\/www.volen.pl\/?cat=4"},"img":{"alt_text":"","src":"https:\/\/i0.wp.com\/www.volen.pl\/wp-content\/uploads\/2014\/07\/ania-przyst_DSC4982s.jpg?fit=1200%2C795&ssl=1&resize=350%2C200","width":350,"height":200,"srcset":"https:\/\/i0.wp.com\/www.volen.pl\/wp-content\/uploads\/2014\/07\/ania-przyst_DSC4982s.jpg?fit=1200%2C795&ssl=1&resize=350%2C200 1x, https:\/\/i0.wp.com\/www.volen.pl\/wp-content\/uploads\/2014\/07\/ania-przyst_DSC4982s.jpg?fit=1200%2C795&ssl=1&resize=525%2C300 1.5x, https:\/\/i0.wp.com\/www.volen.pl\/wp-content\/uploads\/2014\/07\/ania-przyst_DSC4982s.jpg?fit=1200%2C795&ssl=1&resize=700%2C400 2x, https:\/\/i0.wp.com\/www.volen.pl\/wp-content\/uploads\/2014\/07\/ania-przyst_DSC4982s.jpg?fit=1200%2C795&ssl=1&resize=1050%2C600 3x"},"classes":[]}],"_links":{"self":[{"href":"https:\/\/www.volen.pl\/index.php?rest_route=\/wp\/v2\/posts\/580","targetHints":{"allow":["GET"]}}],"collection":[{"href":"https:\/\/www.volen.pl\/index.php?rest_route=\/wp\/v2\/posts"}],"about":[{"href":"https:\/\/www.volen.pl\/index.php?rest_route=\/wp\/v2\/types\/post"}],"author":[{"embeddable":true,"href":"https:\/\/www.volen.pl\/index.php?rest_route=\/wp\/v2\/users\/1"}],"replies":[{"embeddable":true,"href":"https:\/\/www.volen.pl\/index.php?rest_route=%2Fwp%2Fv2%2Fcomments&post=580"}],"version-history":[{"count":1,"href":"https:\/\/www.volen.pl\/index.php?rest_route=\/wp\/v2\/posts\/580\/revisions"}],"predecessor-version":[{"id":581,"href":"https:\/\/www.volen.pl\/index.php?rest_route=\/wp\/v2\/posts\/580\/revisions\/581"}],"wp:featuredmedia":[{"embeddable":true,"href":"https:\/\/www.volen.pl\/index.php?rest_route=\/wp\/v2\/media\/578"}],"wp:attachment":[{"href":"https:\/\/www.volen.pl\/index.php?rest_route=%2Fwp%2Fv2%2Fmedia&parent=580"}],"wp:term":[{"taxonomy":"category","embeddable":true,"href":"https:\/\/www.volen.pl\/index.php?rest_route=%2Fwp%2Fv2%2Fcategories&post=580"},{"taxonomy":"post_tag","embeddable":true,"href":"https:\/\/www.volen.pl\/index.php?rest_route=%2Fwp%2Fv2%2Ftags&post=580"}],"curies":[{"name":"wp","href":"https:\/\/api.w.org\/{rel}","templated":true}]}}