{"id":591,"date":"2014-07-28T18:42:09","date_gmt":"2014-07-28T16:42:09","guid":{"rendered":"http:\/\/www.volen.pl\/?p=591"},"modified":"2014-11-11T09:10:15","modified_gmt":"2014-11-11T08:10:15","slug":"empty-skies","status":"publish","type":"post","link":"https:\/\/www.volen.pl\/?p=591","title":{"rendered":"empty skies"},"content":{"rendered":"<p>i wia\u0142 wiatr porywisty, ciep\u0142y<\/p>\n<p>a niebo puste si\u0119 zda\u0142o<\/p>\n<p>i krzyk niemy z piersi si\u0119 wyrwa\u0142<\/p>\n<p><a href=\"https:\/\/i0.wp.com\/www.volen.pl\/wp-content\/uploads\/2014\/07\/empty-skies-_DSC6000s.jpg?ssl=1\"><img data-recalc-dims=\"1\" loading=\"lazy\" decoding=\"async\" data-attachment-id=\"592\" data-permalink=\"https:\/\/www.volen.pl\/?attachment_id=592\" data-orig-file=\"https:\/\/i0.wp.com\/www.volen.pl\/wp-content\/uploads\/2014\/07\/empty-skies-_DSC6000s.jpg?fit=2048%2C1167&amp;ssl=1\" data-orig-size=\"2048,1167\" data-comments-opened=\"0\" data-image-meta=\"{&quot;aperture&quot;:&quot;0&quot;,&quot;credit&quot;:&quot;&quot;,&quot;camera&quot;:&quot;&quot;,&quot;caption&quot;:&quot;&quot;,&quot;created_timestamp&quot;:&quot;0&quot;,&quot;copyright&quot;:&quot;&quot;,&quot;focal_length&quot;:&quot;0&quot;,&quot;iso&quot;:&quot;0&quot;,&quot;shutter_speed&quot;:&quot;0&quot;,&quot;title&quot;:&quot;&quot;}\" data-image-title=\"empty skies\" data-image-description=\"\" data-image-caption=\"\" data-large-file=\"https:\/\/i0.wp.com\/www.volen.pl\/wp-content\/uploads\/2014\/07\/empty-skies-_DSC6000s.jpg?fit=2048%2C1167&amp;ssl=1\" class=\"alignnone size-medium wp-image-592\" src=\"https:\/\/i0.wp.com\/www.volen.pl\/wp-content\/uploads\/2014\/07\/empty-skies-_DSC6000s.jpg?resize=1024%2C583&#038;ssl=1\" alt=\"empty skies\" width=\"1024\" height=\"583\" srcset=\"https:\/\/i0.wp.com\/www.volen.pl\/wp-content\/uploads\/2014\/07\/empty-skies-_DSC6000s.jpg?resize=1024%2C583&amp;ssl=1 1024w, https:\/\/i0.wp.com\/www.volen.pl\/wp-content\/uploads\/2014\/07\/empty-skies-_DSC6000s.jpg?w=2048&amp;ssl=1 2048w\" sizes=\"auto, (max-width: 1000px) 100vw, 1000px\" \/><\/a><\/p>\n","protected":false},"excerpt":{"rendered":"<p>i wia\u0142 wiatr porywisty, ciep\u0142y a niebo puste si\u0119 zda\u0142o i krzyk niemy z piersi&#8230;<\/p>\n<div class=\"more-link-wrapper\"><a class=\"more-link\" href=\"https:\/\/www.volen.pl\/?p=591\">Read the post<span class=\"screen-reader-text\">empty skies<\/span><\/a><\/div>\n","protected":false},"author":1,"featured_media":592,"comment_status":"closed","ping_status":"closed","sticky":false,"template":"","format":"standard","meta":{"_crdt_document":"","jetpack_post_was_ever_published":false,"_jetpack_newsletter_access":"","_jetpack_dont_email_post_to_subs":false,"_jetpack_newsletter_tier_id":0,"_jetpack_memberships_contains_paywalled_content":false,"_jetpack_memberships_contains_paid_content":false,"footnotes":"","jetpack_publicize_message":"","jetpack_publicize_feature_enabled":true,"jetpack_social_post_already_shared":true,"jetpack_social_options":{"image_generator_settings":{"template":"highway","default_image_id":0,"font":"","enabled":false},"version":2}},"categories":[4],"tags":[95,203],"class_list":["post-591","post","type-post","status-publish","format-standard","has-post-thumbnail","hentry","category-piachem-po-oczach","tag-ania","tag-piachem-po-oczach","excerpt","zoom","full-without-featured","even","excerpt-0"],"jetpack_publicize_connections":[],"jetpack_featured_media_url":"https:\/\/i0.wp.com\/www.volen.pl\/wp-content\/uploads\/2014\/07\/empty-skies-_DSC6000s.jpg?fit=2048%2C1167&ssl=1","jetpack_shortlink":"https:\/\/wp.me\/p4lAri-9x","jetpack_sharing_enabled":true,"jetpack-related-posts":[{"id":586,"url":"https:\/\/www.volen.pl\/?p=586","url_meta":{"origin":591,"position":0},"title":"empty skies II","author":"volen","date":"2014-07-12","format":false,"excerpt":"","rel":"","context":"W \u201eschizofretka&quot;","block_context":{"text":"schizofretka","link":"https:\/\/www.volen.pl\/?cat=4"},"img":{"alt_text":"","src":"https:\/\/i0.wp.com\/www.volen.pl\/wp-content\/uploads\/2014\/07\/empty-skies-II-_DSC4938c.jpg?fit=741%2C1200&ssl=1&resize=350%2C200","width":350,"height":200,"srcset":"https:\/\/i0.wp.com\/www.volen.pl\/wp-content\/uploads\/2014\/07\/empty-skies-II-_DSC4938c.jpg?fit=741%2C1200&ssl=1&resize=350%2C200 1x, https:\/\/i0.wp.com\/www.volen.pl\/wp-content\/uploads\/2014\/07\/empty-skies-II-_DSC4938c.jpg?fit=741%2C1200&ssl=1&resize=525%2C300 1.5x, https:\/\/i0.wp.com\/www.volen.pl\/wp-content\/uploads\/2014\/07\/empty-skies-II-_DSC4938c.jpg?fit=741%2C1200&ssl=1&resize=700%2C400 2x"},"classes":[]},{"id":1067,"url":"https:\/\/www.volen.pl\/?p=1067","url_meta":{"origin":591,"position":1},"title":"martwy dom","author":"volen","date":"2014-11-16","format":false,"excerpt":"Pi\u0119kny drewniany dom, miejsce niegdy\u015b t\u0119tni\u0105ce \u017cyciem, dzi\u015b popadaj\u0105cy z wolna w ruin\u0119: porozbijane szyby, wyrwane drzwi i pod\u0142ogi, wal\u0105ce si\u0119 \u015bciany - doskona\u0142e miejsce na szybk\u0105 sesj\u0119. Nie psujcie opuszczonych dom\u00f3w... \u00a0","rel":"","context":"W \u201eschizofretka&quot;","block_context":{"text":"schizofretka","link":"https:\/\/www.volen.pl\/?cat=4"},"img":{"alt_text":"","src":"https:\/\/i0.wp.com\/www.volen.pl\/wp-content\/uploads\/2014\/11\/DSC2811s.jpg?fit=1200%2C795&ssl=1&resize=350%2C200","width":350,"height":200,"srcset":"https:\/\/i0.wp.com\/www.volen.pl\/wp-content\/uploads\/2014\/11\/DSC2811s.jpg?fit=1200%2C795&ssl=1&resize=350%2C200 1x, https:\/\/i0.wp.com\/www.volen.pl\/wp-content\/uploads\/2014\/11\/DSC2811s.jpg?fit=1200%2C795&ssl=1&resize=525%2C300 1.5x, https:\/\/i0.wp.com\/www.volen.pl\/wp-content\/uploads\/2014\/11\/DSC2811s.jpg?fit=1200%2C795&ssl=1&resize=700%2C400 2x, https:\/\/i0.wp.com\/www.volen.pl\/wp-content\/uploads\/2014\/11\/DSC2811s.jpg?fit=1200%2C795&ssl=1&resize=1050%2C600 3x"},"classes":[]},{"id":570,"url":"https:\/\/www.volen.pl\/?p=570","url_meta":{"origin":591,"position":2},"title":"ze wsi kociewskiej","author":"volen","date":"2014-06-25","format":false,"excerpt":"lecz nie widoczek wcale, lecz - modelka najpi\u0119kniejsza na \u015bwiecie jest ze wsi kociewskiej widoczek za\u015b ze wsi kaszubskiej, najpi\u0119kniejszej na \u015bwiecie trwa nauka strzelania fotonami: ludzie si\u0119 dziwuj\u0105, krowy p\u0142osz\u0105, psy wyj\u0105, jask\u00f3\u0142ki w locie pozbywaj\u0105 si\u0119 balastu, wszystko, co \u017cywe prosi niebiosa o zmi\u0142owanie, a to na widok\u2026","rel":"","context":"W \u201eschizofretka&quot;","block_context":{"text":"schizofretka","link":"https:\/\/www.volen.pl\/?cat=4"},"img":{"alt_text":"","src":"https:\/\/i0.wp.com\/www.volen.pl\/wp-content\/uploads\/2014\/06\/ze-wsi-kociewskiej-_DSC3091s.jpg?fit=795%2C1200&ssl=1&resize=350%2C200","width":350,"height":200,"srcset":"https:\/\/i0.wp.com\/www.volen.pl\/wp-content\/uploads\/2014\/06\/ze-wsi-kociewskiej-_DSC3091s.jpg?fit=795%2C1200&ssl=1&resize=350%2C200 1x, https:\/\/i0.wp.com\/www.volen.pl\/wp-content\/uploads\/2014\/06\/ze-wsi-kociewskiej-_DSC3091s.jpg?fit=795%2C1200&ssl=1&resize=525%2C300 1.5x, https:\/\/i0.wp.com\/www.volen.pl\/wp-content\/uploads\/2014\/06\/ze-wsi-kociewskiej-_DSC3091s.jpg?fit=795%2C1200&ssl=1&resize=700%2C400 2x"},"classes":[]},{"id":3816,"url":"https:\/\/www.volen.pl\/?p=3816","url_meta":{"origin":591,"position":3},"title":"Kocie ocz\u0119ta","author":"volen","date":"2025-05-16","format":false,"excerpt":"Pewnego pi\u0119knego dnia Kot m\u00f3j osobisty, Oblizuch znalaz\u0142 sobie warsztaty jakie\u015b tajemnicze w dalekim, odludnym miejscu pod Such\u0105 Beskidzk\u0105. Skrada\u0142a si\u0119 do mnie z tymi warsztatami par\u0119 dni i skrada\u0142a i w ko\u0144cu \u015blepkami swoimi patrz\u0105c badawczo na mnie spr\u00f3bowa\u0142a pochwali\u0107 si\u0119 tym swoim pomys\u0142em. Kot Oblizuch B\u00f3g, los, fatum,\u2026","rel":"","context":"W \u201eGSB&quot;","block_context":{"text":"GSB","link":"https:\/\/www.volen.pl\/?cat=457"},"img":{"alt_text":"","src":"https:\/\/i0.wp.com\/www.volen.pl\/wp-content\/uploads\/2025\/05\/IMG_20250516_104704.jpg?fit=1200%2C900&ssl=1&resize=350%2C200","width":350,"height":200,"srcset":"https:\/\/i0.wp.com\/www.volen.pl\/wp-content\/uploads\/2025\/05\/IMG_20250516_104704.jpg?fit=1200%2C900&ssl=1&resize=350%2C200 1x, https:\/\/i0.wp.com\/www.volen.pl\/wp-content\/uploads\/2025\/05\/IMG_20250516_104704.jpg?fit=1200%2C900&ssl=1&resize=525%2C300 1.5x, https:\/\/i0.wp.com\/www.volen.pl\/wp-content\/uploads\/2025\/05\/IMG_20250516_104704.jpg?fit=1200%2C900&ssl=1&resize=700%2C400 2x, https:\/\/i0.wp.com\/www.volen.pl\/wp-content\/uploads\/2025\/05\/IMG_20250516_104704.jpg?fit=1200%2C900&ssl=1&resize=1050%2C600 3x"},"classes":[]},{"id":2412,"url":"https:\/\/www.volen.pl\/?p=2412","url_meta":{"origin":591,"position":4},"title":"Burza piaskowa","author":"volen","date":"2018-06-07","format":false,"excerpt":"Z samego rana, w obliczu motoryzacyjnej katastrofy, poszli\u015bmy porobi\u0107 zdj\u0119cia i filmy, kt\u00f3re w godny spos\u00f3b b\u0119d\u0105 ukazywa\u0142y pi\u0119kno kazachskiej przyrody. White cliffs of Atolagay, Kazakhstan - film z mojego nieporadnego kr\u0119cenia si\u0119 tu i \u00f3wdzie from Przemys\u0142aw Wollenszleger on Vimeo. Po zako\u0144czeniu zdj\u0119\u0107, zmajstrowa\u0142em prowizoryczne zabezpieczenia \u0142\u0105cznik\u00f3w ze sznurka.\u2026","rel":"","context":"W \u201enawariata&quot;","block_context":{"text":"nawariata","link":"https:\/\/www.volen.pl\/?cat=93"},"img":{"alt_text":"","src":"https:\/\/i0.wp.com\/www.volen.pl\/wp-content\/uploads\/2018\/06\/VOL1005.jpg?fit=1200%2C795&ssl=1&resize=350%2C200","width":350,"height":200,"srcset":"https:\/\/i0.wp.com\/www.volen.pl\/wp-content\/uploads\/2018\/06\/VOL1005.jpg?fit=1200%2C795&ssl=1&resize=350%2C200 1x, https:\/\/i0.wp.com\/www.volen.pl\/wp-content\/uploads\/2018\/06\/VOL1005.jpg?fit=1200%2C795&ssl=1&resize=525%2C300 1.5x, https:\/\/i0.wp.com\/www.volen.pl\/wp-content\/uploads\/2018\/06\/VOL1005.jpg?fit=1200%2C795&ssl=1&resize=700%2C400 2x, https:\/\/i0.wp.com\/www.volen.pl\/wp-content\/uploads\/2018\/06\/VOL1005.jpg?fit=1200%2C795&ssl=1&resize=1050%2C600 3x"},"classes":[]},{"id":289,"url":"https:\/\/www.volen.pl\/?p=289","url_meta":{"origin":591,"position":5},"title":"studio ta\u0144ca","author":"volen","date":"2014-03-09","format":"gallery","excerpt":"z dzisiejszego spaceru","rel":"","context":"W \u201eschizofretka&quot;","block_context":{"text":"schizofretka","link":"https:\/\/www.volen.pl\/?cat=4"},"img":{"alt_text":"","src":"https:\/\/i0.wp.com\/www.volen.pl\/wp-content\/uploads\/2014\/03\/s_DSC4248.jpg?fit=1200%2C795&ssl=1&resize=350%2C200","width":350,"height":200,"srcset":"https:\/\/i0.wp.com\/www.volen.pl\/wp-content\/uploads\/2014\/03\/s_DSC4248.jpg?fit=1200%2C795&ssl=1&resize=350%2C200 1x, https:\/\/i0.wp.com\/www.volen.pl\/wp-content\/uploads\/2014\/03\/s_DSC4248.jpg?fit=1200%2C795&ssl=1&resize=525%2C300 1.5x, https:\/\/i0.wp.com\/www.volen.pl\/wp-content\/uploads\/2014\/03\/s_DSC4248.jpg?fit=1200%2C795&ssl=1&resize=700%2C400 2x, https:\/\/i0.wp.com\/www.volen.pl\/wp-content\/uploads\/2014\/03\/s_DSC4248.jpg?fit=1200%2C795&ssl=1&resize=1050%2C600 3x"},"classes":[]}],"_links":{"self":[{"href":"https:\/\/www.volen.pl\/index.php?rest_route=\/wp\/v2\/posts\/591","targetHints":{"allow":["GET"]}}],"collection":[{"href":"https:\/\/www.volen.pl\/index.php?rest_route=\/wp\/v2\/posts"}],"about":[{"href":"https:\/\/www.volen.pl\/index.php?rest_route=\/wp\/v2\/types\/post"}],"author":[{"embeddable":true,"href":"https:\/\/www.volen.pl\/index.php?rest_route=\/wp\/v2\/users\/1"}],"replies":[{"embeddable":true,"href":"https:\/\/www.volen.pl\/index.php?rest_route=%2Fwp%2Fv2%2Fcomments&post=591"}],"version-history":[{"count":2,"href":"https:\/\/www.volen.pl\/index.php?rest_route=\/wp\/v2\/posts\/591\/revisions"}],"predecessor-version":[{"id":1042,"href":"https:\/\/www.volen.pl\/index.php?rest_route=\/wp\/v2\/posts\/591\/revisions\/1042"}],"wp:featuredmedia":[{"embeddable":true,"href":"https:\/\/www.volen.pl\/index.php?rest_route=\/wp\/v2\/media\/592"}],"wp:attachment":[{"href":"https:\/\/www.volen.pl\/index.php?rest_route=%2Fwp%2Fv2%2Fmedia&parent=591"}],"wp:term":[{"taxonomy":"category","embeddable":true,"href":"https:\/\/www.volen.pl\/index.php?rest_route=%2Fwp%2Fv2%2Fcategories&post=591"},{"taxonomy":"post_tag","embeddable":true,"href":"https:\/\/www.volen.pl\/index.php?rest_route=%2Fwp%2Fv2%2Ftags&post=591"}],"curies":[{"name":"wp","href":"https:\/\/api.w.org\/{rel}","templated":true}]}}