{"id":645,"date":"2014-10-14T19:37:54","date_gmt":"2014-10-14T17:37:54","guid":{"rendered":"http:\/\/www.volen.pl\/?p=645"},"modified":"2014-10-24T03:07:03","modified_gmt":"2014-10-24T01:07:03","slug":"ostatnie-przygotowania","status":"publish","type":"post","link":"https:\/\/www.volen.pl\/?p=645","title":{"rendered":"ostatnie przygotowania"},"content":{"rendered":"<p>Znacie to?<\/p>\n<p>\u0141adowanie bateryjek, szukanie kart pami\u0119ci, pr\u00f3by zmieszczenia wszystkiego w ma\u0142ym plecaczku i nieustaj\u0105ce zdziwienie, \u017ce jednak ci\u0119\u017cko, jak jasna cholera? Tym razem wcale nie jest inaczej, z baga\u017cu wylatuj\u0105 coraz to nowe rzeczy, samodyscyplina wzrasta do rangi religii, a i tak wci\u0105\u017c wszystkiego za du\u017co&#8230;<\/p>\n<p>I z regu\u0142y okazuje si\u0119, \u017ce to w\u0142a\u015bnie najci\u0119\u017csze rzeczy s\u0105 najpotrzebniejsze&#8230;<\/p>\n<p>W tym odcinku ruszamy na podb\u00f3j Ameryki Po\u0142udniowej: wyposa\u017ceni jedynie w dwa baga\u017ce podr\u0119czne, skompresowani do maksimum, przygotowujemy si\u0119 do kilkunastogodzinnej podr\u00f3\u017cy za Wielk\u0105 Ka\u0142u\u017c\u0119: mamy kupione po tanio\u015bci bilety do Limy, ale najprawdopodobniej wysi\u0105dziemy po drodze: chcemy odwiedzi\u0107 Medell\u00edn w Kolumbii, rodzinne miasto Pablo Escobara, i zobaczy\u0107, czy jest tam tak strasznie, jak to maluj\u0105? Czy rzeczywi\u015bcie jedz\u0105 tam bia\u0142ych na surowo, czy obdzieraj\u0105 ze sk\u00f3ry, czy obcinaj\u0105 ko\u0144czyny i czy rzeczywi\u015bcie z nieba leci tam bia\u0142y proszek, a lamy \u017cuj\u0105 tylko kok\u0119? A potem&#8230; Potem, to si\u0119 zobaczy.<\/p>\n<p>Tymczasem trzymajcie kciuk, \u017ceby nie wybuch\u0142 \u017caden wulkan, \u017ceby nam nie poodwo\u0142ywali lot\u00f3w TAM, bo z powrotem, to nam w zasadzie wszystko jedno, mo\u017cemy zabra\u0107 si\u0119 i \u0142\u00f3dk\u0105.<\/p>\n<p>Tak wi\u0119c u nas chwilowo ro\u015bnie zu\u017cycie pr\u0105du, za\u015b jutro zatrzaskujemy drzwi i tyle nas tu widzieli.<\/p>\n<p>Jak b\u0119dzie tam dost\u0119p do netu, mo\u017cecie liczy\u0107 na k\u0119pk\u0119 \u015bwie\u017cych wie\u015bci zza Wielkiej Wody.<\/p>\n","protected":false},"excerpt":{"rendered":"<p>Znacie to? \u0141adowanie bateryjek, szukanie kart pami\u0119ci, pr\u00f3by zmieszczenia wszystkiego w ma\u0142ym plecaczku i nieustaj\u0105ce&#8230;<\/p>\n<div class=\"more-link-wrapper\"><a class=\"more-link\" href=\"https:\/\/www.volen.pl\/?p=645\">Read the post<span class=\"screen-reader-text\">ostatnie przygotowania<\/span><\/a><\/div>\n","protected":false},"author":1,"featured_media":646,"comment_status":"closed","ping_status":"closed","sticky":false,"template":"","format":"standard","meta":{"_crdt_document":"","jetpack_post_was_ever_published":false,"_jetpack_newsletter_access":"","_jetpack_dont_email_post_to_subs":false,"_jetpack_newsletter_tier_id":0,"_jetpack_memberships_contains_paywalled_content":false,"_jetpack_memberships_contains_paid_content":false,"footnotes":"","jetpack_publicize_message":"","jetpack_publicize_feature_enabled":true,"jetpack_social_post_already_shared":true,"jetpack_social_options":{"image_generator_settings":{"template":"highway","default_image_id":0,"font":"","enabled":false},"version":2}},"categories":[138,93],"tags":[10,139,140,205,60],"class_list":["post-645","post","type-post","status-publish","format-standard","has-post-thumbnail","hentry","category-a-la-conquista-de-america","category-nawariata","tag-10","tag-kolumbia","tag-medellin","tag-nawariata","tag-podroze","excerpt","zoom","full-without-featured","even","excerpt-0"],"jetpack_publicize_connections":[],"jetpack_featured_media_url":"https:\/\/i0.wp.com\/www.volen.pl\/wp-content\/uploads\/2014\/10\/685px-Pablo_Escobar_graffitti_by_thierry_ehrmann.jpg?fit=685%2C1023&ssl=1","jetpack_shortlink":"https:\/\/wp.me\/p4lAri-ap","jetpack_sharing_enabled":true,"jetpack-related-posts":[{"id":220,"url":"https:\/\/www.volen.pl\/?p=220","url_meta":{"origin":645,"position":0},"title":"Bodrum","author":"volen","date":"2012-10-15","format":false,"excerpt":"No dobra... Przyznajemy si\u0119... Nie lubimy spa\u0107 w autobusach. Nie s\u0105 za bardzo wygodne. O tym, \u017ce trudy i niewygody podr\u00f3\u017cy \u0142atwo si\u0119 zapomina \u015bwiadczy niesamowita \u0142atwo\u015b\u0107 z jak\u0105 wdepn\u0119li\u015bmy w pi\u0119tnastogodzinn\u0105, nocn\u0105 podr\u00f3\u017c autobusem. Zupe\u0142nie jak lemingi bez \u015bwiadomo\u015bci p\u0119dz\u0105ce na urwisty brzeg morza, my siedli\u015bmy do Metra. Gwoli\u2026","rel":"","context":"W \u201e7000km - 2012&quot;","block_context":{"text":"7000km - 2012","link":"https:\/\/www.volen.pl\/?cat=135"},"img":{"alt_text":"","src":"https:\/\/i0.wp.com\/www.volen.pl\/wp-content\/uploads\/2012\/10\/DSC_8240.jpg?fit=1200%2C795&ssl=1&resize=350%2C200","width":350,"height":200,"srcset":"https:\/\/i0.wp.com\/www.volen.pl\/wp-content\/uploads\/2012\/10\/DSC_8240.jpg?fit=1200%2C795&ssl=1&resize=350%2C200 1x, https:\/\/i0.wp.com\/www.volen.pl\/wp-content\/uploads\/2012\/10\/DSC_8240.jpg?fit=1200%2C795&ssl=1&resize=525%2C300 1.5x, https:\/\/i0.wp.com\/www.volen.pl\/wp-content\/uploads\/2012\/10\/DSC_8240.jpg?fit=1200%2C795&ssl=1&resize=700%2C400 2x, https:\/\/i0.wp.com\/www.volen.pl\/wp-content\/uploads\/2012\/10\/DSC_8240.jpg?fit=1200%2C795&ssl=1&resize=1050%2C600 3x"},"classes":[]},{"id":3062,"url":"https:\/\/www.volen.pl\/?p=3062","url_meta":{"origin":645,"position":1},"title":"Fly Guy &#8211; szkice i spostrze\u017cenia","author":"volen","date":"2018-10-08","format":false,"excerpt":"No wi\u0119c, tak wiem, \u017ce si\u0119 tak zda\u0144 nie rozpoczyna, ruszy\u0142em znowu przed siebie, tym razem gnany konieczno\u015bci\u0105. Min\u0119\u0142y trzy miesi\u0105ce dolce far niente z moim Kotem Oblizuchem. Wyposa\u017cony w ulubion\u0105 bu\u0142k\u0119 z ulubionej piekarni, par\u0119 drobiazg\u00f3w w torbie podr\u0119cznej i helikopter w plecaku ruszy\u0142em odbiera\u0107 ruskim, co moje. Znaczy\u2026","rel":"","context":"W \u201enawariata&quot;","block_context":{"text":"nawariata","link":"https:\/\/www.volen.pl\/?cat=93"},"img":{"alt_text":"","src":"https:\/\/i0.wp.com\/www.volen.pl\/wp-content\/uploads\/2023\/02\/moskwa_VOL8810.jpg?fit=1200%2C681&ssl=1&resize=350%2C200","width":350,"height":200,"srcset":"https:\/\/i0.wp.com\/www.volen.pl\/wp-content\/uploads\/2023\/02\/moskwa_VOL8810.jpg?fit=1200%2C681&ssl=1&resize=350%2C200 1x, https:\/\/i0.wp.com\/www.volen.pl\/wp-content\/uploads\/2023\/02\/moskwa_VOL8810.jpg?fit=1200%2C681&ssl=1&resize=525%2C300 1.5x, https:\/\/i0.wp.com\/www.volen.pl\/wp-content\/uploads\/2023\/02\/moskwa_VOL8810.jpg?fit=1200%2C681&ssl=1&resize=700%2C400 2x, https:\/\/i0.wp.com\/www.volen.pl\/wp-content\/uploads\/2023\/02\/moskwa_VOL8810.jpg?fit=1200%2C681&ssl=1&resize=1050%2C600 3x"},"classes":[]},{"id":3080,"url":"https:\/\/www.volen.pl\/?p=3080","url_meta":{"origin":645,"position":2},"title":"Zagadki czasoprzestrzeni","author":"volen","date":"2018-10-13","format":false,"excerpt":"Przez to, \u017ce spa\u0107 poszed\u0142em w jakim\u015b nieistniej\u0105cym superniedoczasie, wsta\u0142em o 5tej i poszed\u0142em zdj\u0119cia robi\u0107. Meczet Ko\u0142 Szerif s\u0105siaduje z cerkwi\u0105, obok s\u0105 inne budowle niewiadomego przeznaczenia, a ai cam w lg stwierdzi\u0142o, \u017ce to \u015bwiatowej s\u0142awy \u0142\u00f3dka. No spoko. Niech b\u0119dzie i \u0142\u00f3dka. Jako, \u017ce od 5tej na\u2026","rel":"","context":"W \u201enawariata&quot;","block_context":{"text":"nawariata","link":"https:\/\/www.volen.pl\/?cat=93"},"img":{"alt_text":"","src":"https:\/\/i0.wp.com\/www.volen.pl\/wp-content\/uploads\/2023\/02\/VOL9098.jpg?fit=1200%2C795&ssl=1&resize=350%2C200","width":350,"height":200,"srcset":"https:\/\/i0.wp.com\/www.volen.pl\/wp-content\/uploads\/2023\/02\/VOL9098.jpg?fit=1200%2C795&ssl=1&resize=350%2C200 1x, https:\/\/i0.wp.com\/www.volen.pl\/wp-content\/uploads\/2023\/02\/VOL9098.jpg?fit=1200%2C795&ssl=1&resize=525%2C300 1.5x, https:\/\/i0.wp.com\/www.volen.pl\/wp-content\/uploads\/2023\/02\/VOL9098.jpg?fit=1200%2C795&ssl=1&resize=700%2C400 2x, https:\/\/i0.wp.com\/www.volen.pl\/wp-content\/uploads\/2023\/02\/VOL9098.jpg?fit=1200%2C795&ssl=1&resize=1050%2C600 3x"},"classes":[]},{"id":1358,"url":"https:\/\/www.volen.pl\/?p=1358","url_meta":{"origin":645,"position":3},"title":"Wjazd do Rosji","author":"volen","date":"2015-09-23","format":false,"excerpt":"Granica \u0142otewsko - rosyjska przywita\u0142a nas scen\u0105 jak z horroru. Nie, \u017ceby co\u015b tam si\u0119 dzia\u0142o, Bo\u017ce bro\u0144. To scena otwieraj\u0105ca dobry film o zombie: pusty plac, przemykaj\u0105cy chy\u0142kiem kierowca ci\u0119\u017car\u00f3wki, wszystkiego 3 osoby obs\u0142ugi. Potem si\u0119 rozkr\u0119ci\u0142o, ale na pocz\u0105tek wia\u0142o zapomnieniem. Stan\u0119li\u015bmy tam, gdzie nam kazano, po czym\u2026","rel":"","context":"W \u201ematuszka Rosja&quot;","block_context":{"text":"matuszka Rosja","link":"https:\/\/www.volen.pl\/?cat=210"},"img":{"alt_text":"","src":"https:\/\/i0.wp.com\/www.volen.pl\/wp-content\/uploads\/2015\/09\/kurczak_VOL2017.jpg?fit=1200%2C795&ssl=1&resize=350%2C200","width":350,"height":200,"srcset":"https:\/\/i0.wp.com\/www.volen.pl\/wp-content\/uploads\/2015\/09\/kurczak_VOL2017.jpg?fit=1200%2C795&ssl=1&resize=350%2C200 1x, https:\/\/i0.wp.com\/www.volen.pl\/wp-content\/uploads\/2015\/09\/kurczak_VOL2017.jpg?fit=1200%2C795&ssl=1&resize=525%2C300 1.5x, https:\/\/i0.wp.com\/www.volen.pl\/wp-content\/uploads\/2015\/09\/kurczak_VOL2017.jpg?fit=1200%2C795&ssl=1&resize=700%2C400 2x, https:\/\/i0.wp.com\/www.volen.pl\/wp-content\/uploads\/2015\/09\/kurczak_VOL2017.jpg?fit=1200%2C795&ssl=1&resize=1050%2C600 3x"},"classes":[]},{"id":732,"url":"https:\/\/www.volen.pl\/?p=732","url_meta":{"origin":645,"position":4},"title":"el pecado mortal","author":"volen","date":"2014-10-22","format":false,"excerpt":"W Casa del Inka na \u015bniadanie placuszki kukurydziane. Za\u017cyczy\u0142em dwa, bo przepyszne by\u0142y. Koci\u0105tko po\u017car\u0142o jeden, mrucz\u0105c z niesmakiem i zjad\u0142o bu\u0142k\u0119 z d\u017cemem na dok\u0142adk\u0119. Kawa, kt\u00f3r\u0105\u015bmy kupili, nie nadaje si\u0119 do parzenia wod\u0105 o temperaturze poni\u017cej 100st: utworzy\u0142a si\u0119 zawiesina. Szefowa kuchni w odruchu dobroci przynios\u0142a nam cedzak\u2026","rel":"","context":"W \u201ea la conquista de Am\u00e9rica&quot;","block_context":{"text":"a la conquista de Am\u00e9rica","link":"https:\/\/www.volen.pl\/?cat=138"},"img":{"alt_text":"","src":"https:\/\/i0.wp.com\/www.volen.pl\/wp-content\/uploads\/2014\/10\/r-_DSC9976.jpg?fit=1200%2C795&ssl=1&resize=350%2C200","width":350,"height":200,"srcset":"https:\/\/i0.wp.com\/www.volen.pl\/wp-content\/uploads\/2014\/10\/r-_DSC9976.jpg?fit=1200%2C795&ssl=1&resize=350%2C200 1x, https:\/\/i0.wp.com\/www.volen.pl\/wp-content\/uploads\/2014\/10\/r-_DSC9976.jpg?fit=1200%2C795&ssl=1&resize=525%2C300 1.5x, https:\/\/i0.wp.com\/www.volen.pl\/wp-content\/uploads\/2014\/10\/r-_DSC9976.jpg?fit=1200%2C795&ssl=1&resize=700%2C400 2x, https:\/\/i0.wp.com\/www.volen.pl\/wp-content\/uploads\/2014\/10\/r-_DSC9976.jpg?fit=1200%2C795&ssl=1&resize=1050%2C600 3x"},"classes":[]},{"id":1046,"url":"https:\/\/www.volen.pl\/?p=1046","url_meta":{"origin":645,"position":5},"title":"Peru: my\u015bli wyj\u0105tkowo nieudziergane","author":"volen","date":"2014-11-11","format":false,"excerpt":"? a na ka\u017cdy ?, kt\u00f3ry do tej pory... ... ... mamy poni\u017cej odpowied\u017a zazwyczaj odpowied\u017a jest absolutnie subiektywna - zamkni\u0119ci w czterech \u015bcianach w\u0142asnego rozumu uwa\u017camy, \u017ce to on w\u0142a\u015bnie jest naszym najwa\u017cniejszym punktem odniesienia co wi\u0119cej - dla nas nasze subiektywne spostrze\u017cenia s\u0105 absolutnie obiektywne ka\u017cdy, kto si\u0119\u2026","rel":"","context":"W \u201ea la conquista de Am\u00e9rica&quot;","block_context":{"text":"a la conquista de Am\u00e9rica","link":"https:\/\/www.volen.pl\/?cat=138"},"img":{"alt_text":"","src":"https:\/\/i0.wp.com\/www.volen.pl\/wp-content\/uploads\/2014\/11\/my%C5%9Bli-nieudziergane_DSC0423.jpg?fit=1200%2C733&ssl=1&resize=350%2C200","width":350,"height":200,"srcset":"https:\/\/i0.wp.com\/www.volen.pl\/wp-content\/uploads\/2014\/11\/my%C5%9Bli-nieudziergane_DSC0423.jpg?fit=1200%2C733&ssl=1&resize=350%2C200 1x, https:\/\/i0.wp.com\/www.volen.pl\/wp-content\/uploads\/2014\/11\/my%C5%9Bli-nieudziergane_DSC0423.jpg?fit=1200%2C733&ssl=1&resize=525%2C300 1.5x, https:\/\/i0.wp.com\/www.volen.pl\/wp-content\/uploads\/2014\/11\/my%C5%9Bli-nieudziergane_DSC0423.jpg?fit=1200%2C733&ssl=1&resize=700%2C400 2x, https:\/\/i0.wp.com\/www.volen.pl\/wp-content\/uploads\/2014\/11\/my%C5%9Bli-nieudziergane_DSC0423.jpg?fit=1200%2C733&ssl=1&resize=1050%2C600 3x"},"classes":[]}],"_links":{"self":[{"href":"https:\/\/www.volen.pl\/index.php?rest_route=\/wp\/v2\/posts\/645","targetHints":{"allow":["GET"]}}],"collection":[{"href":"https:\/\/www.volen.pl\/index.php?rest_route=\/wp\/v2\/posts"}],"about":[{"href":"https:\/\/www.volen.pl\/index.php?rest_route=\/wp\/v2\/types\/post"}],"author":[{"embeddable":true,"href":"https:\/\/www.volen.pl\/index.php?rest_route=\/wp\/v2\/users\/1"}],"replies":[{"embeddable":true,"href":"https:\/\/www.volen.pl\/index.php?rest_route=%2Fwp%2Fv2%2Fcomments&post=645"}],"version-history":[{"count":1,"href":"https:\/\/www.volen.pl\/index.php?rest_route=\/wp\/v2\/posts\/645\/revisions"}],"predecessor-version":[{"id":647,"href":"https:\/\/www.volen.pl\/index.php?rest_route=\/wp\/v2\/posts\/645\/revisions\/647"}],"wp:featuredmedia":[{"embeddable":true,"href":"https:\/\/www.volen.pl\/index.php?rest_route=\/wp\/v2\/media\/646"}],"wp:attachment":[{"href":"https:\/\/www.volen.pl\/index.php?rest_route=%2Fwp%2Fv2%2Fmedia&parent=645"}],"wp:term":[{"taxonomy":"category","embeddable":true,"href":"https:\/\/www.volen.pl\/index.php?rest_route=%2Fwp%2Fv2%2Fcategories&post=645"},{"taxonomy":"post_tag","embeddable":true,"href":"https:\/\/www.volen.pl\/index.php?rest_route=%2Fwp%2Fv2%2Ftags&post=645"}],"curies":[{"name":"wp","href":"https:\/\/api.w.org\/{rel}","templated":true}]}}