{"id":661,"date":"2014-10-17T16:23:37","date_gmt":"2014-10-17T14:23:37","guid":{"rendered":"http:\/\/www.volen.pl\/?p=661"},"modified":"2014-10-20T16:33:10","modified_gmt":"2014-10-20T14:33:10","slug":"lima","status":"publish","type":"post","link":"https:\/\/www.volen.pl\/?p=661","title":{"rendered":"Lima"},"content":{"rendered":"<p>Podczas lotu zdarzy\u0142o si\u0119 tylko, i\u017c jedna ze wsp\u00f3\u0142pasa\u017cerek odda\u0142a ho\u0142d chorobie wysoko\u015bciowej i ca\u0142e jej \u015bniadanie, po uprzednim nadtrawieniu, trafi\u0142o na pod\u0142og\u0119. Wi\u0119cej nic. No poza tym, \u017ce dostali\u015bmy do wype\u0142nienia ankiet\u0119 dla rz\u0105du peruwia\u0144skiego na rzecz tego, kim jeste\u015bmy? co mamy? ile tego, co mamy, mamy(?) i dlaczego?<br \/>\nZupe\u0142nie nie niepokojeni, z ma\u0142ym przestojem na pogadank\u0119 z przemi\u0142ym starszym stra\u017cnikiem granicznym, wyszli\u015bmy na hal\u0119 lotniska, gdzie natychmiast zostali\u015bmy zaatakowani przez hordy dzikich, bezpa\u0144skich taks\u00f3wkarzy. Op\u0119dzili\u015bmy si\u0119 skutecznie i znale\u017ali\u015bmy biuro informacji turystycznej, w kt\u00f3rym mi\u0142a pani uzbroi\u0142a nas w szereg map i plan\u00f3w, a tak\u017ce pocz\u0119stowa\u0142a informacjami, gdzie jest bezpiecznie, a gdzie lepiej nie \u0142azi\u0107 by nie straci\u0107 d\u00f3br \u015bwiata doczesnego. Do\u015b\u0107 d\u0142ugo broni\u0142a si\u0119 przed przekazaniem informacji na temat transportu publicznego, ale &#8211; na raty &#8211; i te informacje otrzymali\u015bmy. Trzeba by\u0142o poczeka\u0107, a\u017c przyjdzie jej kole\u017canka zmienniczka. W mi\u0119dzyczasie zjedli\u015bmy najniesmaczniejszy posi\u0142ek w McDonalds, jaki zosta\u0142 wyprodukowany i ostudzony na ca\u0142ej planecie.<br \/>\nDla tych, co pragn\u0105 wiedzie\u0107: \u017ceby wydosta\u0107 si\u0119 z terenu hord taks\u00f3wkarskich, nale\u017cy wyj\u015b\u0107 wyj\u015bciem skrajnym po prawej (gdy si\u0119 patrzy z wn\u0119trza hali na zewn\u0105trz), p\u0119dzi\u0107 chodnikiem wzd\u0142u\u017c budowy, wyj\u015b\u0107 furtk\u0105 i skr\u0119ci\u0107 w prawo, gdzie jest przystanek (hiszp. <em>parada<\/em>). Tam czeka\u0107 i uwa\u017cnie patrze\u0107 na autobusiki, by znale\u017a\u0107 taki, co ma na sobie nazw\u0119 ROMA I. On zawiezie was do Centro Historico Limy. No tak. Ale to tylko dla tych, co chc\u0105 zaszczyci\u0107 swoim s\u0105siedztwem prezydenta Peru. My\u015bmy akurat chcieli. A autobus pom\u00f3g\u0142 nam znale\u017a\u0107 i zlokalizowa\u0107 je\u017cd\u017c\u0105cy na w\u00f3zku inwalidzkim pomocnik, zw\u0105cy sam siebie z humorem <strong>Thankyouverymuch<\/strong>. Jak b\u0119dziecie na <em>parada<\/em> ko\u0142o lotniska, u\u015bci\u015bnijcie mu d\u0142o\u0144. Fajny go\u015b\u0107.<\/p>\n<p>O kierowcach latynosach napisano juz tomy, a i tak wcale to tematu nie wyczerpuje. Klaksony, siedzenie na ogonie, wbijanie si\u0119 przed mask\u0119, za mask\u0119, nad mask\u0119 i pod mask\u0119. \u017beby to zrozumie\u0107, warto si\u0119 z nimi przejecha\u0107. \u015acigaj\u0105 si\u0119 mi\u0119dzy sob\u0105, nie u\u017cywaj\u0105 kierunkowskaz\u00f3w, zamykaj\u0105 drzwi przed nosem, albo przed nosem ich nie otwieraj\u0105. Widzieli\u015bmy dzi\u015b &#8211; co prawda ju\u017c nie z busa &#8211; jak jeden z kierowc\u00f3w (mo\u017ce si\u0119 za\u0142o\u017cy\u0142 z kim\u015b?) prawie &#8211; prawie zdj\u0105\u0142 przechodniowi but z nogi przytrzymuj\u0105c pi\u0119t\u0119 buta delikatnie opon\u0105.<br \/>\nPo\u0142azili\u015bmy po starym mie\u015bcie, znale\u017ali\u015bmy hotel, po czym znowu poszli\u015bmy pochodzi\u0107. Nic tu nie ma.<a href=\"https:\/\/i0.wp.com\/www.volen.pl\/wp-content\/uploads\/2014\/10\/DSC9545_01.jpg?ssl=1\"><img data-recalc-dims=\"1\" loading=\"lazy\" decoding=\"async\" data-attachment-id=\"663\" data-permalink=\"https:\/\/www.volen.pl\/?attachment_id=663\" data-orig-file=\"https:\/\/i0.wp.com\/www.volen.pl\/wp-content\/uploads\/2014\/10\/DSC9545_01.jpg?fit=1483%2C982&amp;ssl=1\" data-orig-size=\"1483,982\" data-comments-opened=\"0\" data-image-meta=\"{&quot;aperture&quot;:&quot;8&quot;,&quot;credit&quot;:&quot;Przemyslaw &#039;volen&#039; Wollenszleger&quot;,&quot;camera&quot;:&quot;NIKON D7000&quot;,&quot;caption&quot;:&quot;&quot;,&quot;created_timestamp&quot;:&quot;1413582016&quot;,&quot;copyright&quot;:&quot;&quot;,&quot;focal_length&quot;:&quot;45&quot;,&quot;iso&quot;:&quot;100&quot;,&quot;shutter_speed&quot;:&quot;0.00625&quot;,&quot;title&quot;:&quot;&quot;,&quot;orientation&quot;:&quot;0&quot;}\" data-image-title=\"_DSC9545_01\" data-image-description=\"\" data-image-caption=\"\" data-large-file=\"https:\/\/i0.wp.com\/www.volen.pl\/wp-content\/uploads\/2014\/10\/DSC9545_01.jpg?fit=1483%2C982&amp;ssl=1\" class=\"alignnone size-medium wp-image-663\" src=\"https:\/\/i0.wp.com\/www.volen.pl\/wp-content\/uploads\/2014\/10\/DSC9545_01.jpg?resize=1024%2C678&#038;ssl=1\" alt=\"_DSC9545_01\" width=\"1024\" height=\"678\" srcset=\"https:\/\/i0.wp.com\/www.volen.pl\/wp-content\/uploads\/2014\/10\/DSC9545_01.jpg?resize=1024%2C678&amp;ssl=1 1024w, https:\/\/i0.wp.com\/www.volen.pl\/wp-content\/uploads\/2014\/10\/DSC9545_01.jpg?resize=528%2C350&amp;ssl=1 528w, https:\/\/i0.wp.com\/www.volen.pl\/wp-content\/uploads\/2014\/10\/DSC9545_01.jpg?w=1483&amp;ssl=1 1483w\" sizes=\"auto, (max-width: 1000px) 100vw, 1000px\" \/><\/a><\/p>\n<p>Ludzie \u0142a\u017c\u0105. Kupuj\u0105, sprzedaj\u0105&#8230; Jeden z locales\u00f3w usi\u0142owa\u0142 sprzeda\u0107 mi marihuan\u0119: wykszta\u0142ciuch. Wiedzia\u0142, \u017ce Polonia i Varsowia w jednym domu stali&#8230;<br \/>\nCo wi\u0119cej? Najbrzydszy park na \u015bwiecie. <a href=\"https:\/\/i0.wp.com\/www.volen.pl\/wp-content\/uploads\/2014\/10\/DSC9546_01.jpg?ssl=1\"><img data-recalc-dims=\"1\" loading=\"lazy\" decoding=\"async\" data-attachment-id=\"662\" data-permalink=\"https:\/\/www.volen.pl\/?attachment_id=662\" data-orig-file=\"https:\/\/i0.wp.com\/www.volen.pl\/wp-content\/uploads\/2014\/10\/DSC9546_01.jpg?fit=982%2C1483&amp;ssl=1\" data-orig-size=\"982,1483\" data-comments-opened=\"0\" data-image-meta=\"{&quot;aperture&quot;:&quot;8&quot;,&quot;credit&quot;:&quot;Przemyslaw &#039;volen&#039; Wollenszleger&quot;,&quot;camera&quot;:&quot;NIKON D7000&quot;,&quot;caption&quot;:&quot;&quot;,&quot;created_timestamp&quot;:&quot;1413582164&quot;,&quot;copyright&quot;:&quot;&quot;,&quot;focal_length&quot;:&quot;25&quot;,&quot;iso&quot;:&quot;100&quot;,&quot;shutter_speed&quot;:&quot;0.01&quot;,&quot;title&quot;:&quot;&quot;,&quot;orientation&quot;:&quot;0&quot;}\" data-image-title=\"_DSC9546_01\" data-image-description=\"\" data-image-caption=\"\" data-large-file=\"https:\/\/i0.wp.com\/www.volen.pl\/wp-content\/uploads\/2014\/10\/DSC9546_01.jpg?fit=982%2C1483&amp;ssl=1\" class=\"alignnone size-medium wp-image-662\" src=\"https:\/\/i0.wp.com\/www.volen.pl\/wp-content\/uploads\/2014\/10\/DSC9546_01.jpg?resize=678%2C1024&#038;ssl=1\" alt=\"_DSC9546_01\" width=\"678\" height=\"1024\" srcset=\"https:\/\/i0.wp.com\/www.volen.pl\/wp-content\/uploads\/2014\/10\/DSC9546_01.jpg?resize=678%2C1024&amp;ssl=1 678w, https:\/\/i0.wp.com\/www.volen.pl\/wp-content\/uploads\/2014\/10\/DSC9546_01.jpg?resize=231%2C350&amp;ssl=1 231w, https:\/\/i0.wp.com\/www.volen.pl\/wp-content\/uploads\/2014\/10\/DSC9546_01.jpg?w=982&amp;ssl=1 982w\" sizes=\"auto, (max-width: 678px) 100vw, 678px\" \/><\/a><\/p>\n<p>Uciekamy z Limy. To wspania\u0142e miasto, ale nie dla nas. Przypomina nam troch\u0119 gruzi\u0144skie Kutaisi, ale to rzecz skojarze\u0144 bardziej ni\u017c rzeczywiste podobie\u0144stwo. <a href=\"https:\/\/i0.wp.com\/www.volen.pl\/wp-content\/uploads\/2014\/10\/DSC9548_01.jpg?ssl=1\"><img data-recalc-dims=\"1\" loading=\"lazy\" decoding=\"async\" data-attachment-id=\"665\" data-permalink=\"https:\/\/www.volen.pl\/?attachment_id=665\" data-orig-file=\"https:\/\/i0.wp.com\/www.volen.pl\/wp-content\/uploads\/2014\/10\/DSC9548_01.jpg?fit=1483%2C982&amp;ssl=1\" data-orig-size=\"1483,982\" data-comments-opened=\"0\" data-image-meta=\"{&quot;aperture&quot;:&quot;8&quot;,&quot;credit&quot;:&quot;Przemyslaw &#039;volen&#039; Wollenszleger&quot;,&quot;camera&quot;:&quot;NIKON D7000&quot;,&quot;caption&quot;:&quot;&quot;,&quot;created_timestamp&quot;:&quot;1413582403&quot;,&quot;copyright&quot;:&quot;&quot;,&quot;focal_length&quot;:&quot;90&quot;,&quot;iso&quot;:&quot;100&quot;,&quot;shutter_speed&quot;:&quot;0.00625&quot;,&quot;title&quot;:&quot;&quot;,&quot;orientation&quot;:&quot;0&quot;}\" data-image-title=\"_DSC9548_01\" data-image-description=\"\" data-image-caption=\"\" data-large-file=\"https:\/\/i0.wp.com\/www.volen.pl\/wp-content\/uploads\/2014\/10\/DSC9548_01.jpg?fit=1483%2C982&amp;ssl=1\" class=\"alignnone size-medium wp-image-665\" src=\"https:\/\/i0.wp.com\/www.volen.pl\/wp-content\/uploads\/2014\/10\/DSC9548_01.jpg?resize=1024%2C678&#038;ssl=1\" alt=\"_DSC9548_01\" width=\"1024\" height=\"678\" srcset=\"https:\/\/i0.wp.com\/www.volen.pl\/wp-content\/uploads\/2014\/10\/DSC9548_01.jpg?resize=1024%2C678&amp;ssl=1 1024w, https:\/\/i0.wp.com\/www.volen.pl\/wp-content\/uploads\/2014\/10\/DSC9548_01.jpg?resize=528%2C350&amp;ssl=1 528w, https:\/\/i0.wp.com\/www.volen.pl\/wp-content\/uploads\/2014\/10\/DSC9548_01.jpg?w=1483&amp;ssl=1 1483w\" sizes=\"auto, (max-width: 1000px) 100vw, 1000px\" \/><\/a><br \/>\nPytali nas niekt\u00f3rzy o aklimatyzacj\u0119. Odpowiadamy z ca\u0142\u0105 powag\u0105, na jak\u0105 nas sta\u0107: \u017ceby si\u0119 zaaklimatyzowa\u0107, trzeba si\u0119 zaaklimatyzowa\u0107. Najlepiej trafi\u0107 na inny kontynent pod wiecz\u00f3r (jak my), wtedy idzie g\u0142adko: idzie si\u0119 spa\u0107, wstaje rano i dziwi tylko, \u017ce na \u015bniadanie najlepiej zjad\u0142by cz\u0142owiek schabowego lub kopytka&#8230;<\/p>\n<p>I jeszcze taka anegdotka. Podczas przedzierania si\u0119 przez hordy taks\u00f3wkarzy jeden z nich g\u0142o\u015bno pyta: taxi? senor? taxi? Na moje: muchos gracias, ale nie, taks\u00f3wkarz, zni\u017cywszy g\u0142os pyta: economico taxi? senor?<br \/>\nOt, latynoska przebieg\u0142o\u015b\u0107.<\/p>\n<p>A jutro, zgodnie z planem, idziemy na \u017cywio\u0142 &#8211; w sensie &#8211; si\u0119 zobaczy, co, gdzie i jak, a tak\u017ce po ile? Czego i Wam \u017cycz\u0119, wszystkim 3 i p\u00f3\u0142 czytelnikom tego bloga.<\/p>\n","protected":false},"excerpt":{"rendered":"<p>Podczas lotu zdarzy\u0142o si\u0119 tylko, i\u017c jedna ze wsp\u00f3\u0142pasa\u017cerek odda\u0142a ho\u0142d chorobie wysoko\u015bciowej i ca\u0142e&#8230;<\/p>\n<div class=\"more-link-wrapper\"><a class=\"more-link\" href=\"https:\/\/www.volen.pl\/?p=661\">Read the post<span class=\"screen-reader-text\">Lima<\/span><\/a><\/div>\n","protected":false},"author":1,"featured_media":664,"comment_status":"closed","ping_status":"closed","sticky":false,"template":"","format":"standard","meta":{"_crdt_document":"","jetpack_post_was_ever_published":false,"_jetpack_newsletter_access":"","_jetpack_dont_email_post_to_subs":false,"_jetpack_newsletter_tier_id":0,"_jetpack_memberships_contains_paywalled_content":false,"_jetpack_memberships_contains_paid_content":false,"footnotes":"","jetpack_publicize_message":"","jetpack_publicize_feature_enabled":true,"jetpack_social_post_already_shared":true,"jetpack_social_options":{"image_generator_settings":{"template":"highway","default_image_id":0,"font":"","enabled":false},"version":2}},"categories":[138,93],"tags":[10,141,146,205,147,60],"class_list":["post-661","post","type-post","status-publish","format-standard","has-post-thumbnail","hentry","category-a-la-conquista-de-america","category-nawariata","tag-10","tag-ameryka","tag-lima","tag-nawariata","tag-peru","tag-podroze","excerpt","zoom","full-without-featured","even","excerpt-0"],"jetpack_publicize_connections":[],"jetpack_featured_media_url":"https:\/\/i0.wp.com\/www.volen.pl\/wp-content\/uploads\/2014\/10\/DSC9544_01.jpg?fit=1483%2C982&ssl=1","jetpack_shortlink":"https:\/\/wp.me\/s4lAri-lima","jetpack_sharing_enabled":true,"jetpack-related-posts":[{"id":650,"url":"https:\/\/www.volen.pl\/?p=650","url_meta":{"origin":661,"position":0},"title":"Nuda","author":"volen","date":"2014-10-15","format":false,"excerpt":"Podr\u00f3\u017c z Tr\u00f3jmiasta do Warszawy nie dostarczy\u0142a nam absolutnie \u017cadnych wra\u017ce\u0144, czy emocji. Wsiedli\u015bmy w Polskiego Busa, wysiedli\u015bmy na M\u0142ocinach, po drodze ch\u0142on\u0105c literatur\u0119, ile wlezie. W warszawskim metrze uwolnili\u015bmy pierwsz\u0105 ksi\u0105\u017ck\u0119, mo\u017ce kto\u015b si\u0119 skusi i przeczyta? Norwegianem dolecieli\u015bmy do Malagi, gdzie, r\u00f3wnie\u017c bez jakich\u015b wielkich przyg\u00f3d, przenocowali\u015bmy w\u2026","rel":"","context":"W \u201ea la conquista de Am\u00e9rica&quot;","block_context":{"text":"a la conquista de Am\u00e9rica","link":"https:\/\/www.volen.pl\/?cat=138"},"img":{"alt_text":"","src":"","width":0,"height":0},"classes":[]},{"id":2750,"url":"https:\/\/www.volen.pl\/?p=2750","url_meta":{"origin":661,"position":1},"title":"Mongolia jest pi\u0119kna","author":"volen","date":"2018-07-02","format":false,"excerpt":"Od wczoraj jedziemy maksymaln\u0105 pr\u0119dko\u015bci\u0105 60km\/h, \u017ceby nawet, gdyby mia\u0142o si\u0119 co\u015b sta\u0107, sta\u0142o si\u0119 tak, by uda\u0142o si\u0119 uj\u015b\u0107 z \u017cyciem. Odwiedzili\u015bmy Kosz-Agacz, wymienili\u015bmy kas\u0119, zatankowali\u015bmy do pe\u0142na i pe\u0142ni zapa\u0142u pojechali\u015bmy posta\u0107 na granicy. Kosmiczny burdel, nie do opowiedzenia. Prawie jak w finansowaniu polskiej s\u0142u\u017cby zdrowia. Cho\u0107 w\u2026","rel":"","context":"W \u201enawariata&quot;","block_context":{"text":"nawariata","link":"https:\/\/www.volen.pl\/?cat=93"},"img":{"alt_text":"","src":"https:\/\/i0.wp.com\/www.volen.pl\/wp-content\/uploads\/2018\/06\/VOL3105.jpg?fit=1200%2C795&ssl=1&resize=350%2C200","width":350,"height":200,"srcset":"https:\/\/i0.wp.com\/www.volen.pl\/wp-content\/uploads\/2018\/06\/VOL3105.jpg?fit=1200%2C795&ssl=1&resize=350%2C200 1x, https:\/\/i0.wp.com\/www.volen.pl\/wp-content\/uploads\/2018\/06\/VOL3105.jpg?fit=1200%2C795&ssl=1&resize=525%2C300 1.5x, https:\/\/i0.wp.com\/www.volen.pl\/wp-content\/uploads\/2018\/06\/VOL3105.jpg?fit=1200%2C795&ssl=1&resize=700%2C400 2x, https:\/\/i0.wp.com\/www.volen.pl\/wp-content\/uploads\/2018\/06\/VOL3105.jpg?fit=1200%2C795&ssl=1&resize=1050%2C600 3x"},"classes":[]},{"id":1243,"url":"https:\/\/www.volen.pl\/?p=1243","url_meta":{"origin":661,"position":2},"title":"3, 2, 1&#8230; start!","author":"volen","date":"2015-08-01","format":false,"excerpt":"Inaczej ni\u017c zazwyczaj, aktualna podr\u00f3\u017c i zaczyna si\u0119 inaczej i odbywa\u0107 si\u0119 b\u0119dzie te\u017c inaczej. Normalnie, odsprzedawali\u015bmy dzieciaki w ci\u0119\u017ck\u0105 niewol\u0119 do kator\u017cniczej pracy, za\u0142atwiali\u015bmy opiek\u0119 dla ps\u00f3w i kota, po czym \u0142adowali\u015bmy si\u0119 w po\u015bpiechu do samolotu, cz\u0119sto na granicy sp\u00f3\u017anienia i odlatywali\u015bmy rado\u015bni zostawiaj\u0105c za sob\u0105 jedynie smr\u00f3d\u2026","rel":"","context":"W \u201eBalkan eXpress&quot;","block_context":{"text":"Balkan eXpress","link":"https:\/\/www.volen.pl\/?cat=194"},"img":{"alt_text":"","src":"https:\/\/i0.wp.com\/www.volen.pl\/wp-content\/uploads\/2015\/08\/kia-_VOL0089.jpg?fit=1200%2C675&ssl=1&resize=350%2C200","width":350,"height":200,"srcset":"https:\/\/i0.wp.com\/www.volen.pl\/wp-content\/uploads\/2015\/08\/kia-_VOL0089.jpg?fit=1200%2C675&ssl=1&resize=350%2C200 1x, https:\/\/i0.wp.com\/www.volen.pl\/wp-content\/uploads\/2015\/08\/kia-_VOL0089.jpg?fit=1200%2C675&ssl=1&resize=525%2C300 1.5x, https:\/\/i0.wp.com\/www.volen.pl\/wp-content\/uploads\/2015\/08\/kia-_VOL0089.jpg?fit=1200%2C675&ssl=1&resize=700%2C400 2x, https:\/\/i0.wp.com\/www.volen.pl\/wp-content\/uploads\/2015\/08\/kia-_VOL0089.jpg?fit=1200%2C675&ssl=1&resize=1050%2C600 3x"},"classes":[]},{"id":2850,"url":"https:\/\/www.volen.pl\/?p=2850","url_meta":{"origin":661,"position":3},"title":"G\u0142upota stosowana","author":"volen","date":"2018-07-10","format":false,"excerpt":"W ko\u0144cu! Wjechali\u015bmy w sosnowy las przed granic\u0105, bardzo podobny do naszych nadmorskich w okolicach \u0141eby albo na Mierzei. I od razu poczuli\u015bmy si\u0119 jak w domu. Jeste\u015bmy le\u015bni ludzie. Po prostu. Nale\u017cy si\u0119 z tym pogodzi\u0107. Z g\u0142upoty stosowanej na rosyjskiej granicy mo\u017cnaby zrobi\u0107 doktorat. Ze wzgl\u0119du na to,\u2026","rel":"","context":"W \u201enawariata&quot;","block_context":{"text":"nawariata","link":"https:\/\/www.volen.pl\/?cat=93"},"img":{"alt_text":"","src":"https:\/\/i0.wp.com\/www.volen.pl\/wp-content\/uploads\/2018\/07\/selenga_VOL3594_out-1.jpg?fit=1200%2C688&ssl=1&resize=350%2C200","width":350,"height":200,"srcset":"https:\/\/i0.wp.com\/www.volen.pl\/wp-content\/uploads\/2018\/07\/selenga_VOL3594_out-1.jpg?fit=1200%2C688&ssl=1&resize=350%2C200 1x, https:\/\/i0.wp.com\/www.volen.pl\/wp-content\/uploads\/2018\/07\/selenga_VOL3594_out-1.jpg?fit=1200%2C688&ssl=1&resize=525%2C300 1.5x, https:\/\/i0.wp.com\/www.volen.pl\/wp-content\/uploads\/2018\/07\/selenga_VOL3594_out-1.jpg?fit=1200%2C688&ssl=1&resize=700%2C400 2x, https:\/\/i0.wp.com\/www.volen.pl\/wp-content\/uploads\/2018\/07\/selenga_VOL3594_out-1.jpg?fit=1200%2C688&ssl=1&resize=1050%2C600 3x"},"classes":[]},{"id":231,"url":"https:\/\/www.volen.pl\/?p=231","url_meta":{"origin":661,"position":4},"title":"Achalciche Vardzia i z powrotem","author":"volen","date":"2012-10-06","format":false,"excerpt":"Mieli\u015bmy wsta\u0107 z rana, ale wy\u0142\u0105czony telefon nie budzi, o czym osobi\u015bcie zapomnia\u0142em i nikt nigdy nie dowie si\u0119, czy zrobi\u0142em to z premedytacj\u0105, czy przez zapomnienie. Mniejsza o to. Po \u015bniadaniu poszli\u015bmy na ulic\u0119 \u0142apa\u0107 marszrutk\u0119 do Achalciche. Za drugim strza\u0142em uda\u0142o si\u0119. Wspomnienie tej podr\u00f3\u017cy na d\u0142ugo zapisze\u2026","rel":"","context":"W \u201e7000km - 2012&quot;","block_context":{"text":"7000km - 2012","link":"https:\/\/www.volen.pl\/?cat=135"},"img":{"alt_text":"","src":"https:\/\/i0.wp.com\/www.volen.pl\/wp-content\/uploads\/2016\/01\/DSC_6450.jpg?fit=1200%2C795&ssl=1&resize=350%2C200","width":350,"height":200,"srcset":"https:\/\/i0.wp.com\/www.volen.pl\/wp-content\/uploads\/2016\/01\/DSC_6450.jpg?fit=1200%2C795&ssl=1&resize=350%2C200 1x, https:\/\/i0.wp.com\/www.volen.pl\/wp-content\/uploads\/2016\/01\/DSC_6450.jpg?fit=1200%2C795&ssl=1&resize=525%2C300 1.5x, https:\/\/i0.wp.com\/www.volen.pl\/wp-content\/uploads\/2016\/01\/DSC_6450.jpg?fit=1200%2C795&ssl=1&resize=700%2C400 2x, https:\/\/i0.wp.com\/www.volen.pl\/wp-content\/uploads\/2016\/01\/DSC_6450.jpg?fit=1200%2C795&ssl=1&resize=1050%2C600 3x"},"classes":[]},{"id":2321,"url":"https:\/\/www.volen.pl\/?p=2321","url_meta":{"origin":661,"position":5},"title":"nawariata","author":"volen","date":"2018-06-02","format":false,"excerpt":"Te dwa dni to ci\u0105g\u0142a jazda bez trzymanki. W Saratowie wymy\u015bli\u0142em owe kulki, potem pomy\u015bla\u0142em sobie, \u017ce przecie\u017c to rzut beretem do Morza Kaspijskiego, naoko\u0142o kt\u00f3rego kr\u0105\u017c\u0119 od 8 lat i nie mog\u0119 jako\u015b go dotkn\u0105\u0107, wi\u0119c za jednym rzutem, niejako przy okazji, wpadniemy nad morze. Zacz\u0119li\u015bmy porankiem o zapachu\u2026","rel":"","context":"W \u201enawariata&quot;","block_context":{"text":"nawariata","link":"https:\/\/www.volen.pl\/?cat=93"},"img":{"alt_text":"","src":"https:\/\/i0.wp.com\/www.volen.pl\/wp-content\/uploads\/2018\/06\/VOL0225.jpg?fit=1200%2C795&ssl=1&resize=350%2C200","width":350,"height":200,"srcset":"https:\/\/i0.wp.com\/www.volen.pl\/wp-content\/uploads\/2018\/06\/VOL0225.jpg?fit=1200%2C795&ssl=1&resize=350%2C200 1x, https:\/\/i0.wp.com\/www.volen.pl\/wp-content\/uploads\/2018\/06\/VOL0225.jpg?fit=1200%2C795&ssl=1&resize=525%2C300 1.5x, https:\/\/i0.wp.com\/www.volen.pl\/wp-content\/uploads\/2018\/06\/VOL0225.jpg?fit=1200%2C795&ssl=1&resize=700%2C400 2x, https:\/\/i0.wp.com\/www.volen.pl\/wp-content\/uploads\/2018\/06\/VOL0225.jpg?fit=1200%2C795&ssl=1&resize=1050%2C600 3x"},"classes":[]}],"_links":{"self":[{"href":"https:\/\/www.volen.pl\/index.php?rest_route=\/wp\/v2\/posts\/661","targetHints":{"allow":["GET"]}}],"collection":[{"href":"https:\/\/www.volen.pl\/index.php?rest_route=\/wp\/v2\/posts"}],"about":[{"href":"https:\/\/www.volen.pl\/index.php?rest_route=\/wp\/v2\/types\/post"}],"author":[{"embeddable":true,"href":"https:\/\/www.volen.pl\/index.php?rest_route=\/wp\/v2\/users\/1"}],"replies":[{"embeddable":true,"href":"https:\/\/www.volen.pl\/index.php?rest_route=%2Fwp%2Fv2%2Fcomments&post=661"}],"version-history":[{"count":4,"href":"https:\/\/www.volen.pl\/index.php?rest_route=\/wp\/v2\/posts\/661\/revisions"}],"predecessor-version":[{"id":669,"href":"https:\/\/www.volen.pl\/index.php?rest_route=\/wp\/v2\/posts\/661\/revisions\/669"}],"wp:featuredmedia":[{"embeddable":true,"href":"https:\/\/www.volen.pl\/index.php?rest_route=\/wp\/v2\/media\/664"}],"wp:attachment":[{"href":"https:\/\/www.volen.pl\/index.php?rest_route=%2Fwp%2Fv2%2Fmedia&parent=661"}],"wp:term":[{"taxonomy":"category","embeddable":true,"href":"https:\/\/www.volen.pl\/index.php?rest_route=%2Fwp%2Fv2%2Fcategories&post=661"},{"taxonomy":"post_tag","embeddable":true,"href":"https:\/\/www.volen.pl\/index.php?rest_route=%2Fwp%2Fv2%2Ftags&post=661"}],"curies":[{"name":"wp","href":"https:\/\/api.w.org\/{rel}","templated":true}]}}