{"id":670,"date":"2014-10-18T16:38:27","date_gmt":"2014-10-18T14:38:27","guid":{"rendered":"http:\/\/www.volen.pl\/?p=670"},"modified":"2014-10-20T16:47:52","modified_gmt":"2014-10-20T14:47:52","slug":"con-huevos","status":"publish","type":"post","link":"https:\/\/www.volen.pl\/?p=670","title":{"rendered":"con huevos"},"content":{"rendered":"<p>Od tego dnia wiemy, jak po hiszpa\u0144sku s\u0105 jajka. Po przebudzeniu, porannej toalecie i spakowaniu ca\u0142ego \u015bmietnika, zeszli\u015bmy do restauracyjki po\u0142o\u017conej obok hotelu i po\u017carli\u015bmy bu\u0142k\u0119 con huevo, kt\u00f3r\u0105\u015bmy popili solidnymi porcjami dobrej, smacznej kawy. Posileni, z nowym zapasem\u00a0 si\u0142 do poszukiwa\u0144 nie-wiadomo-czego, ruszyli\u015bmy w stron\u0119 dworca autobusowego. Par\u0119 minut p\u00f3\u017aniej, poinformowani przez dobrze poinformowan\u0105 latynosk\u0119, jechali\u015bmy autobusem na Javier Prado Este Avenue, budz\u0105c zrozumia\u0142y pop\u0142och w\u015br\u00f3d krajowc\u00f3w. Po d\u0142u\u017cszej je\u017adzie i kr\u00f3tszym spacerku dotarli\u015bmy do dworc\u00f3w kompanii autobusowych, gdzie, po wybraniu najkorzystniejszej oferty, zakupili\u015bmy bilety do Nasca, po czym &#8211; o dziwo &#8211; zarezerwowali\u015bmy pok\u00f3j w hostelu. Nasca to taka miejscowo\u015b\u0107, kt\u00f3ra s\u0142ynie z niewiadomego pochodzenia linii ogromnej wielko\u015bci, naszkicowanych przez, maj\u0105ce teraz niez\u0142y ubaw, wcze\u015bniejsze pokolenia. Linie owe uk\u0142adaj\u0105 si\u0119 w oczach wiernych ju\u017c to w cz\u0142owieka-sow\u0119, psa, ma\u0142p\u0119, paj\u0105ka, kolibra i inne takie cuda\u015bne r\u00f3\u017cno\u015bci, cho\u0107 z tych wszystkich obrazk\u00f3w mnie najbardziej bodzie w oczy podniszczony korkoci\u0105g do wina. \u015awiadomi tego, \u017ce po pierwsze, linie z Nasca to prze\u017cycie mistyczne, a po drugie, \u017ce w ma\u0142o\u015bci swej nie jeste\u015bmy gotowi na mistyczne objawienia, postanowili\u015bmy z szacunkiem godnym relikwii najwi\u0119kszej \u015bwi\u0119to\u015bci, obej\u015b\u0107 te linie szerokim \u0142ukiem i nie zaszczyci\u0107 ich ani spojrzeniem.<br \/>\nAle zanim ruszyli\u015bmy do Nasca, zjedli\u015bmy ma\u0142y, szybki obiad w El Tarwi cocina regional. Kot m\u00f3j pazerny wzi\u0105\u0142 flaczki baranie o dziwnej hiszpa\u0144skiej nazwie, za\u015b ja ze\u017car\u0142em p\u00f3\u0142 tuszki \u015bwinki morskiej, peruwia\u0144skiego specja\u0142u. Od razu powiem, \u017ce \u015bwinka morska jest smaczna. Gdyby by\u0142a dost\u0119pna w Polsce w celach kulinarnych, jad\u0142bym j\u0105 na zmian\u0119 z wieprzowin\u0105 i wo\u0142owin\u0105.<br \/>\nA po obiedzie jazda bez trzymanki na drugim decku wielkiego autobusu, kt\u00f3ry jest &#8211; uwaga! &#8211; o wiele wygodniejszy od autokar\u00f3w tureckich lub polskich. O wiele. Cho\u0107 zdumieniem napawa fakt kontroli osobistej przed wej\u015bciem na pok\u0142ad, a w\u0142os je\u017cy si\u0119 pytaj\u0105co na g\u0142owie, gdy obs\u0142uga robi zdj\u0119cia pasa\u017cerom do cel\u00f3w dowodowych&#8230;<\/p>\n<p><div class=\"tiled-gallery type-rectangular tiled-gallery-unresized\" data-original-width=\"500\" data-carousel-extra='{&quot;blog_id&quot;:1,&quot;permalink&quot;:&quot;https:\\\/\\\/www.volen.pl\\\/?p=670&quot;,&quot;likes_blog_id&quot;:64250308}' itemscope itemtype=\"http:\/\/schema.org\/ImageGallery\" > <div class=\"gallery-row\" style=\"width: 500px; height: 223px;\" data-original-width=\"500\" data-original-height=\"223\" > <div class=\"gallery-group images-1\" style=\"width: 334px; height: 223px;\" data-original-width=\"334\" data-original-height=\"223\" > <div class=\"tiled-gallery-item tiled-gallery-item-large\" itemprop=\"associatedMedia\" itemscope itemtype=\"http:\/\/schema.org\/ImageObject\"> <a href=\"https:\/\/www.volen.pl\/?attachment_id=671\" border=\"0\" itemprop=\"url\"> <meta itemprop=\"width\" content=\"330\"> <meta itemprop=\"height\" content=\"219\"> <img decoding=\"async\" class=\"\" data-attachment-id=\"671\" data-orig-file=\"https:\/\/www.volen.pl\/wp-content\/uploads\/2014\/10\/DSC9556_01.jpg\" data-orig-size=\"1483,982\" data-comments-opened=\"\" data-image-meta=\"{&quot;aperture&quot;:&quot;9&quot;,&quot;credit&quot;:&quot;Przemyslaw \\u0027volen\\u0027 Wollenszleger&quot;,&quot;camera&quot;:&quot;NIKON D7000&quot;,&quot;caption&quot;:&quot;&quot;,&quot;created_timestamp&quot;:&quot;1413671727&quot;,&quot;copyright&quot;:&quot;&quot;,&quot;focal_length&quot;:&quot;105&quot;,&quot;iso&quot;:&quot;100&quot;,&quot;shutter_speed&quot;:&quot;0.008&quot;,&quot;title&quot;:&quot;&quot;,&quot;orientation&quot;:&quot;0&quot;}\" data-image-title=\"_DSC9556_01\" data-image-description=\"\" data-medium-file=\"https:\/\/i0.wp.com\/www.volen.pl\/wp-content\/uploads\/2014\/10\/DSC9556_01.jpg?fit=1024%2C678&#038;ssl=1\" data-large-file=\"https:\/\/i0.wp.com\/www.volen.pl\/wp-content\/uploads\/2014\/10\/DSC9556_01.jpg?fit=1483%2C982&#038;ssl=1\" src=\"https:\/\/i0.wp.com\/www.volen.pl\/wp-content\/uploads\/2014\/10\/DSC9556_01.jpg?w=330&#038;h=219&#038;ssl=1\" srcset=\"https:\/\/i0.wp.com\/www.volen.pl\/wp-content\/uploads\/2014\/10\/DSC9556_01.jpg?w=1483&amp;ssl=1 1483w, https:\/\/i0.wp.com\/www.volen.pl\/wp-content\/uploads\/2014\/10\/DSC9556_01.jpg?resize=1024%2C678&amp;ssl=1 1024w, https:\/\/i0.wp.com\/www.volen.pl\/wp-content\/uploads\/2014\/10\/DSC9556_01.jpg?resize=528%2C350&amp;ssl=1 528w\" width=\"330\" height=\"219\" loading=\"lazy\" data-original-width=\"330\" data-original-height=\"219\" itemprop=\"http:\/\/schema.org\/image\" title=\"_DSC9556_01\" alt=\"_DSC9556_01\" style=\"width: 330px; height: 219px;\" \/> <\/a> <\/div> <\/div> <!-- close group --> <div class=\"gallery-group images-2\" style=\"width: 166px; height: 223px;\" data-original-width=\"166\" data-original-height=\"223\" > <div class=\"tiled-gallery-item tiled-gallery-item-small\" itemprop=\"associatedMedia\" itemscope itemtype=\"http:\/\/schema.org\/ImageObject\"> <a href=\"https:\/\/www.volen.pl\/?attachment_id=672\" border=\"0\" itemprop=\"url\"> <meta itemprop=\"width\" content=\"162\"> <meta itemprop=\"height\" content=\"108\"> <img decoding=\"async\" class=\"\" data-attachment-id=\"672\" data-orig-file=\"https:\/\/www.volen.pl\/wp-content\/uploads\/2014\/10\/DSC9565_01.jpg\" data-orig-size=\"1483,982\" data-comments-opened=\"\" data-image-meta=\"{&quot;aperture&quot;:&quot;9&quot;,&quot;credit&quot;:&quot;Przemyslaw \\u0027volen\\u0027 Wollenszleger&quot;,&quot;camera&quot;:&quot;NIKON D7000&quot;,&quot;caption&quot;:&quot;&quot;,&quot;created_timestamp&quot;:&quot;1413675347&quot;,&quot;copyright&quot;:&quot;&quot;,&quot;focal_length&quot;:&quot;24&quot;,&quot;iso&quot;:&quot;100&quot;,&quot;shutter_speed&quot;:&quot;0.016666666666667&quot;,&quot;title&quot;:&quot;&quot;,&quot;orientation&quot;:&quot;0&quot;}\" data-image-title=\"_DSC9565_01\" data-image-description=\"\" data-medium-file=\"https:\/\/i0.wp.com\/www.volen.pl\/wp-content\/uploads\/2014\/10\/DSC9565_01.jpg?fit=1024%2C678&#038;ssl=1\" data-large-file=\"https:\/\/i0.wp.com\/www.volen.pl\/wp-content\/uploads\/2014\/10\/DSC9565_01.jpg?fit=1483%2C982&#038;ssl=1\" src=\"https:\/\/i0.wp.com\/www.volen.pl\/wp-content\/uploads\/2014\/10\/DSC9565_01.jpg?w=162&#038;h=108&#038;ssl=1\" srcset=\"https:\/\/i0.wp.com\/www.volen.pl\/wp-content\/uploads\/2014\/10\/DSC9565_01.jpg?w=1483&amp;ssl=1 1483w, https:\/\/i0.wp.com\/www.volen.pl\/wp-content\/uploads\/2014\/10\/DSC9565_01.jpg?resize=1024%2C678&amp;ssl=1 1024w, https:\/\/i0.wp.com\/www.volen.pl\/wp-content\/uploads\/2014\/10\/DSC9565_01.jpg?resize=528%2C350&amp;ssl=1 528w\" width=\"162\" height=\"108\" loading=\"lazy\" data-original-width=\"162\" data-original-height=\"108\" itemprop=\"http:\/\/schema.org\/image\" title=\"_DSC9565_01\" alt=\"_DSC9565_01\" style=\"width: 162px; height: 108px;\" \/> <\/a> <\/div> <div class=\"tiled-gallery-item tiled-gallery-item-small\" itemprop=\"associatedMedia\" itemscope itemtype=\"http:\/\/schema.org\/ImageObject\"> <a href=\"https:\/\/www.volen.pl\/?attachment_id=673\" border=\"0\" itemprop=\"url\"> <meta itemprop=\"width\" content=\"162\"> <meta itemprop=\"height\" content=\"107\"> <img decoding=\"async\" class=\"\" data-attachment-id=\"673\" data-orig-file=\"https:\/\/www.volen.pl\/wp-content\/uploads\/2014\/10\/DSC9566_01.jpg\" data-orig-size=\"1483,982\" data-comments-opened=\"\" data-image-meta=\"{&quot;aperture&quot;:&quot;9&quot;,&quot;credit&quot;:&quot;Przemyslaw \\u0027volen\\u0027 Wollenszleger&quot;,&quot;camera&quot;:&quot;NIKON D7000&quot;,&quot;caption&quot;:&quot;&quot;,&quot;created_timestamp&quot;:&quot;1413675359&quot;,&quot;copyright&quot;:&quot;&quot;,&quot;focal_length&quot;:&quot;40&quot;,&quot;iso&quot;:&quot;100&quot;,&quot;shutter_speed&quot;:&quot;0.01&quot;,&quot;title&quot;:&quot;&quot;,&quot;orientation&quot;:&quot;0&quot;}\" data-image-title=\"_DSC9566_01\" data-image-description=\"\" data-medium-file=\"https:\/\/i0.wp.com\/www.volen.pl\/wp-content\/uploads\/2014\/10\/DSC9566_01.jpg?fit=1024%2C678&#038;ssl=1\" data-large-file=\"https:\/\/i0.wp.com\/www.volen.pl\/wp-content\/uploads\/2014\/10\/DSC9566_01.jpg?fit=1483%2C982&#038;ssl=1\" src=\"https:\/\/i0.wp.com\/www.volen.pl\/wp-content\/uploads\/2014\/10\/DSC9566_01.jpg?w=162&#038;h=107&#038;ssl=1\" srcset=\"https:\/\/i0.wp.com\/www.volen.pl\/wp-content\/uploads\/2014\/10\/DSC9566_01.jpg?w=1483&amp;ssl=1 1483w, https:\/\/i0.wp.com\/www.volen.pl\/wp-content\/uploads\/2014\/10\/DSC9566_01.jpg?resize=1024%2C678&amp;ssl=1 1024w, https:\/\/i0.wp.com\/www.volen.pl\/wp-content\/uploads\/2014\/10\/DSC9566_01.jpg?resize=528%2C350&amp;ssl=1 528w\" width=\"162\" height=\"107\" loading=\"lazy\" data-original-width=\"162\" data-original-height=\"107\" itemprop=\"http:\/\/schema.org\/image\" title=\"_DSC9566_01\" alt=\"_DSC9566_01\" style=\"width: 162px; height: 107px;\" \/> <\/a> <\/div> <\/div> <!-- close group --> <\/div> <!-- close row --> <div class=\"gallery-row\" style=\"width: 500px; height: 84px;\" data-original-width=\"500\" data-original-height=\"84\" > <div class=\"gallery-group images-1\" style=\"width: 125px; height: 84px;\" data-original-width=\"125\" data-original-height=\"84\" > <div class=\"tiled-gallery-item tiled-gallery-item-small\" itemprop=\"associatedMedia\" itemscope itemtype=\"http:\/\/schema.org\/ImageObject\"> <a href=\"https:\/\/www.volen.pl\/?attachment_id=674\" border=\"0\" itemprop=\"url\"> <meta itemprop=\"width\" content=\"121\"> <meta itemprop=\"height\" content=\"80\"> <img decoding=\"async\" class=\"\" data-attachment-id=\"674\" data-orig-file=\"https:\/\/www.volen.pl\/wp-content\/uploads\/2014\/10\/DSC9570_01.jpg\" data-orig-size=\"1483,982\" data-comments-opened=\"\" data-image-meta=\"{&quot;aperture&quot;:&quot;9&quot;,&quot;credit&quot;:&quot;Przemyslaw \\u0027volen\\u0027 Wollenszleger&quot;,&quot;camera&quot;:&quot;NIKON D7000&quot;,&quot;caption&quot;:&quot;&quot;,&quot;created_timestamp&quot;:&quot;1413675536&quot;,&quot;copyright&quot;:&quot;&quot;,&quot;focal_length&quot;:&quot;75&quot;,&quot;iso&quot;:&quot;100&quot;,&quot;shutter_speed&quot;:&quot;0.008&quot;,&quot;title&quot;:&quot;&quot;,&quot;orientation&quot;:&quot;0&quot;}\" data-image-title=\"_DSC9570_01\" data-image-description=\"\" data-medium-file=\"https:\/\/i0.wp.com\/www.volen.pl\/wp-content\/uploads\/2014\/10\/DSC9570_01.jpg?fit=1024%2C678&#038;ssl=1\" data-large-file=\"https:\/\/i0.wp.com\/www.volen.pl\/wp-content\/uploads\/2014\/10\/DSC9570_01.jpg?fit=1483%2C982&#038;ssl=1\" src=\"https:\/\/i0.wp.com\/www.volen.pl\/wp-content\/uploads\/2014\/10\/DSC9570_01.jpg?w=121&#038;h=80&#038;ssl=1\" srcset=\"https:\/\/i0.wp.com\/www.volen.pl\/wp-content\/uploads\/2014\/10\/DSC9570_01.jpg?w=1483&amp;ssl=1 1483w, https:\/\/i0.wp.com\/www.volen.pl\/wp-content\/uploads\/2014\/10\/DSC9570_01.jpg?resize=1024%2C678&amp;ssl=1 1024w, https:\/\/i0.wp.com\/www.volen.pl\/wp-content\/uploads\/2014\/10\/DSC9570_01.jpg?resize=528%2C350&amp;ssl=1 528w\" width=\"121\" height=\"80\" loading=\"lazy\" data-original-width=\"121\" data-original-height=\"80\" itemprop=\"http:\/\/schema.org\/image\" title=\"_DSC9570_01\" alt=\"_DSC9570_01\" style=\"width: 121px; height: 80px;\" \/> <\/a> <\/div> <\/div> <!-- close group --> <div class=\"gallery-group images-1\" style=\"width: 125px; height: 84px;\" data-original-width=\"125\" data-original-height=\"84\" > <div class=\"tiled-gallery-item tiled-gallery-item-small\" itemprop=\"associatedMedia\" itemscope itemtype=\"http:\/\/schema.org\/ImageObject\"> <a href=\"https:\/\/www.volen.pl\/?attachment_id=675\" border=\"0\" itemprop=\"url\"> <meta itemprop=\"width\" content=\"121\"> <meta itemprop=\"height\" content=\"80\"> <img decoding=\"async\" class=\"\" data-attachment-id=\"675\" data-orig-file=\"https:\/\/www.volen.pl\/wp-content\/uploads\/2014\/10\/DSC9571_01.jpg\" data-orig-size=\"1483,982\" data-comments-opened=\"\" data-image-meta=\"{&quot;aperture&quot;:&quot;9&quot;,&quot;credit&quot;:&quot;Przemyslaw \\u0027volen\\u0027 Wollenszleger&quot;,&quot;camera&quot;:&quot;NIKON D7000&quot;,&quot;caption&quot;:&quot;&quot;,&quot;created_timestamp&quot;:&quot;1413675541&quot;,&quot;copyright&quot;:&quot;&quot;,&quot;focal_length&quot;:&quot;18&quot;,&quot;iso&quot;:&quot;100&quot;,&quot;shutter_speed&quot;:&quot;0.016666666666667&quot;,&quot;title&quot;:&quot;&quot;,&quot;orientation&quot;:&quot;0&quot;}\" data-image-title=\"_DSC9571_01\" data-image-description=\"\" data-medium-file=\"https:\/\/i0.wp.com\/www.volen.pl\/wp-content\/uploads\/2014\/10\/DSC9571_01.jpg?fit=1024%2C678&#038;ssl=1\" data-large-file=\"https:\/\/i0.wp.com\/www.volen.pl\/wp-content\/uploads\/2014\/10\/DSC9571_01.jpg?fit=1483%2C982&#038;ssl=1\" src=\"https:\/\/i0.wp.com\/www.volen.pl\/wp-content\/uploads\/2014\/10\/DSC9571_01.jpg?w=121&#038;h=80&#038;ssl=1\" srcset=\"https:\/\/i0.wp.com\/www.volen.pl\/wp-content\/uploads\/2014\/10\/DSC9571_01.jpg?w=1483&amp;ssl=1 1483w, https:\/\/i0.wp.com\/www.volen.pl\/wp-content\/uploads\/2014\/10\/DSC9571_01.jpg?resize=1024%2C678&amp;ssl=1 1024w, https:\/\/i0.wp.com\/www.volen.pl\/wp-content\/uploads\/2014\/10\/DSC9571_01.jpg?resize=528%2C350&amp;ssl=1 528w\" width=\"121\" height=\"80\" loading=\"lazy\" data-original-width=\"121\" data-original-height=\"80\" itemprop=\"http:\/\/schema.org\/image\" title=\"_DSC9571_01\" alt=\"_DSC9571_01\" style=\"width: 121px; height: 80px;\" \/> <\/a> <\/div> <\/div> <!-- close group --> <div class=\"gallery-group images-1\" style=\"width: 125px; height: 84px;\" data-original-width=\"125\" data-original-height=\"84\" > <div class=\"tiled-gallery-item tiled-gallery-item-small\" itemprop=\"associatedMedia\" itemscope itemtype=\"http:\/\/schema.org\/ImageObject\"> <a href=\"https:\/\/www.volen.pl\/?attachment_id=676\" border=\"0\" itemprop=\"url\"> <meta itemprop=\"width\" content=\"121\"> <meta itemprop=\"height\" content=\"80\"> <img decoding=\"async\" class=\"\" data-attachment-id=\"676\" data-orig-file=\"https:\/\/www.volen.pl\/wp-content\/uploads\/2014\/10\/DSC9576_01.jpg\" data-orig-size=\"1483,982\" data-comments-opened=\"\" data-image-meta=\"{&quot;aperture&quot;:&quot;9&quot;,&quot;credit&quot;:&quot;Przemyslaw \\u0027volen\\u0027 Wollenszleger&quot;,&quot;camera&quot;:&quot;NIKON D7000&quot;,&quot;caption&quot;:&quot;&quot;,&quot;created_timestamp&quot;:&quot;1413676741&quot;,&quot;copyright&quot;:&quot;&quot;,&quot;focal_length&quot;:&quot;45&quot;,&quot;iso&quot;:&quot;100&quot;,&quot;shutter_speed&quot;:&quot;0.008&quot;,&quot;title&quot;:&quot;&quot;,&quot;orientation&quot;:&quot;0&quot;}\" data-image-title=\"_DSC9576_01\" data-image-description=\"\" data-medium-file=\"https:\/\/i0.wp.com\/www.volen.pl\/wp-content\/uploads\/2014\/10\/DSC9576_01.jpg?fit=1024%2C678&#038;ssl=1\" data-large-file=\"https:\/\/i0.wp.com\/www.volen.pl\/wp-content\/uploads\/2014\/10\/DSC9576_01.jpg?fit=1483%2C982&#038;ssl=1\" src=\"https:\/\/i0.wp.com\/www.volen.pl\/wp-content\/uploads\/2014\/10\/DSC9576_01.jpg?w=121&#038;h=80&#038;ssl=1\" srcset=\"https:\/\/i0.wp.com\/www.volen.pl\/wp-content\/uploads\/2014\/10\/DSC9576_01.jpg?w=1483&amp;ssl=1 1483w, https:\/\/i0.wp.com\/www.volen.pl\/wp-content\/uploads\/2014\/10\/DSC9576_01.jpg?resize=1024%2C678&amp;ssl=1 1024w, https:\/\/i0.wp.com\/www.volen.pl\/wp-content\/uploads\/2014\/10\/DSC9576_01.jpg?resize=528%2C350&amp;ssl=1 528w\" width=\"121\" height=\"80\" loading=\"lazy\" data-original-width=\"121\" data-original-height=\"80\" itemprop=\"http:\/\/schema.org\/image\" title=\"_DSC9576_01\" alt=\"_DSC9576_01\" style=\"width: 121px; height: 80px;\" \/> <\/a> <\/div> <\/div> <!-- close group --> <div class=\"gallery-group images-1\" style=\"width: 125px; height: 84px;\" data-original-width=\"125\" data-original-height=\"84\" > <div class=\"tiled-gallery-item tiled-gallery-item-small\" itemprop=\"associatedMedia\" itemscope itemtype=\"http:\/\/schema.org\/ImageObject\"> <a href=\"https:\/\/www.volen.pl\/?attachment_id=677\" border=\"0\" itemprop=\"url\"> <meta itemprop=\"width\" content=\"121\"> <meta itemprop=\"height\" content=\"80\"> <img decoding=\"async\" class=\"\" data-attachment-id=\"677\" data-orig-file=\"https:\/\/www.volen.pl\/wp-content\/uploads\/2014\/10\/DSC9582_01.jpg\" data-orig-size=\"1483,982\" data-comments-opened=\"\" data-image-meta=\"{&quot;aperture&quot;:&quot;9&quot;,&quot;credit&quot;:&quot;Przemyslaw \\u0027volen\\u0027 Wollenszleger&quot;,&quot;camera&quot;:&quot;NIKON D7000&quot;,&quot;caption&quot;:&quot;&quot;,&quot;created_timestamp&quot;:&quot;1413679357&quot;,&quot;copyright&quot;:&quot;&quot;,&quot;focal_length&quot;:&quot;58&quot;,&quot;iso&quot;:&quot;100&quot;,&quot;shutter_speed&quot;:&quot;0.016666666666667&quot;,&quot;title&quot;:&quot;&quot;,&quot;orientation&quot;:&quot;0&quot;}\" data-image-title=\"_DSC9582_01\" data-image-description=\"\" data-medium-file=\"https:\/\/i0.wp.com\/www.volen.pl\/wp-content\/uploads\/2014\/10\/DSC9582_01.jpg?fit=1024%2C678&#038;ssl=1\" data-large-file=\"https:\/\/i0.wp.com\/www.volen.pl\/wp-content\/uploads\/2014\/10\/DSC9582_01.jpg?fit=1483%2C982&#038;ssl=1\" src=\"https:\/\/i0.wp.com\/www.volen.pl\/wp-content\/uploads\/2014\/10\/DSC9582_01.jpg?w=121&#038;h=80&#038;ssl=1\" srcset=\"https:\/\/i0.wp.com\/www.volen.pl\/wp-content\/uploads\/2014\/10\/DSC9582_01.jpg?w=1483&amp;ssl=1 1483w, https:\/\/i0.wp.com\/www.volen.pl\/wp-content\/uploads\/2014\/10\/DSC9582_01.jpg?resize=1024%2C678&amp;ssl=1 1024w, https:\/\/i0.wp.com\/www.volen.pl\/wp-content\/uploads\/2014\/10\/DSC9582_01.jpg?resize=528%2C350&amp;ssl=1 528w\" width=\"121\" height=\"80\" loading=\"lazy\" data-original-width=\"121\" data-original-height=\"80\" itemprop=\"http:\/\/schema.org\/image\" title=\"_DSC9582_01\" alt=\"_DSC9582_01\" style=\"width: 121px; height: 80px;\" \/> <\/a> <\/div> <\/div> <!-- close group --> <\/div> <!-- close row --> <\/div><br \/>\nZniszczeni podr\u00f3\u017c\u0105 wysiedli\u015bmy o 21-ej na ogrodzonym drutem kolczastym i strze\u017conym przez ochron\u0119 parkingu stanowi\u0105cym jednocze\u015bnie dworzec, po czym chcieli\u015bmy uda\u0107 si\u0119 na poszukiwania hostelu, ali\u015bci okaza\u0142o si\u0119 to niepotrzebne, gdy\u017c zaraz za p\u0142otem czeka\u0142 na nas Julio, w\u0142a\u015bciciel, wsadzi\u0142 nas do swojego bia\u0142ego ferrari i zawi\u00f3z\u0142 ca\u0142e 64,3 metra dalej pod wej\u015bcie.<br \/>\nNasca zrobi\u0142o na nas ogromne wra\u017cenie: sobota wiecz\u00f3r, pe\u0142no \u015bwiate\u0142, og\u0142uszaj\u0105cy \u0142omot z dyskotek, t\u0142umy m\u0142odzie\u017cy, niedwuznacznie ruszaj\u0105cej biodrami, pe\u0142en wypas. Gdyby nie fakt przeparszywego zm\u0119czenia, poszliby\u015bmy pota\u0144czy\u0107, a tak &#8211; poszli\u015bmy spa\u0107.<\/p>\n","protected":false},"excerpt":{"rendered":"<p>Od tego dnia wiemy, jak po hiszpa\u0144sku s\u0105 jajka. Po przebudzeniu, porannej toalecie i spakowaniu&#8230;<\/p>\n<div class=\"more-link-wrapper\"><a class=\"more-link\" href=\"https:\/\/www.volen.pl\/?p=670\">Read the post<span class=\"screen-reader-text\">con huevos<\/span><\/a><\/div>\n","protected":false},"author":1,"featured_media":678,"comment_status":"closed","ping_status":"closed","sticky":false,"template":"","format":"standard","meta":{"_crdt_document":"","jetpack_post_was_ever_published":false,"_jetpack_newsletter_access":"","_jetpack_dont_email_post_to_subs":false,"_jetpack_newsletter_tier_id":0,"_jetpack_memberships_contains_paywalled_content":false,"_jetpack_memberships_contains_paid_content":false,"footnotes":"","jetpack_publicize_message":"","jetpack_publicize_feature_enabled":true,"jetpack_social_post_already_shared":true,"jetpack_social_options":{"image_generator_settings":{"template":"highway","default_image_id":0,"font":"","enabled":false},"version":2}},"categories":[138,93],"tags":[10,141,146,148,205,147,60],"class_list":["post-670","post","type-post","status-publish","format-standard","has-post-thumbnail","hentry","category-a-la-conquista-de-america","category-nawariata","tag-10","tag-ameryka","tag-lima","tag-nasca","tag-nawariata","tag-peru","tag-podroze","excerpt","zoom","full-without-featured","even","excerpt-0"],"jetpack_publicize_connections":[],"jetpack_featured_media_url":"https:\/\/i0.wp.com\/www.volen.pl\/wp-content\/uploads\/2014\/10\/DSC9559_01.jpg?fit=1483%2C982&ssl=1","jetpack_shortlink":"https:\/\/wp.me\/p4lAri-aO","jetpack_sharing_enabled":true,"jetpack-related-posts":[{"id":697,"url":"https:\/\/www.volen.pl\/?p=697","url_meta":{"origin":670,"position":0},"title":"Puerto de Lomas","author":"volen","date":"2014-10-20","format":false,"excerpt":"Zaraz z rana, po uzupe\u0142nieniu internetowych wiadomo\u015bci, postanowili\u015bmy za\u017cy\u0107 ch\u0142odnej, oceanicznej bryzy. Za rad\u0105 Julia, zdecydowali\u015bmy si\u0119 na zaszczycenie nasz\u0105 obecno\u015bci\u0105 miejscowo\u015bci Lomas, do kt\u00f3rej kursuj\u0105 minibusiki. Z tego, co widzieli\u015bmy, transport i komunikacj\u0119 ze \u015bwiatem zapewniaj\u0105 3 samochody 7-mio miejscowe. Do Lomas podobno godzina drogi z Nasca, wi\u0119c zasiedli\u015bmy\u2026","rel":"","context":"W \u201ea la conquista de Am\u00e9rica&quot;","block_context":{"text":"a la conquista de Am\u00e9rica","link":"https:\/\/www.volen.pl\/?cat=138"},"img":{"alt_text":"","src":"https:\/\/i0.wp.com\/www.volen.pl\/wp-content\/uploads\/2014\/10\/DSC9881_01.jpg?fit=1200%2C795&ssl=1&resize=350%2C200","width":350,"height":200,"srcset":"https:\/\/i0.wp.com\/www.volen.pl\/wp-content\/uploads\/2014\/10\/DSC9881_01.jpg?fit=1200%2C795&ssl=1&resize=350%2C200 1x, https:\/\/i0.wp.com\/www.volen.pl\/wp-content\/uploads\/2014\/10\/DSC9881_01.jpg?fit=1200%2C795&ssl=1&resize=525%2C300 1.5x, https:\/\/i0.wp.com\/www.volen.pl\/wp-content\/uploads\/2014\/10\/DSC9881_01.jpg?fit=1200%2C795&ssl=1&resize=700%2C400 2x, https:\/\/i0.wp.com\/www.volen.pl\/wp-content\/uploads\/2014\/10\/DSC9881_01.jpg?fit=1200%2C795&ssl=1&resize=1050%2C600 3x"},"classes":[]},{"id":816,"url":"https:\/\/www.volen.pl\/?p=816","url_meta":{"origin":670,"position":1},"title":"Chachani, Misti, Pikchu Pikchu","author":"volen","date":"2014-10-26","format":false,"excerpt":"Po ci\u0119\u017ckiej nocy wsta\u0142 ci\u0119\u017cki poranek. Wyt\u0142umaczy\u0142em Kotu, co i jak, a tak\u017ce zarz\u0105dzi\u0142em zmian\u0119 plan\u00f3w z przejazdu autobusem na przelot samolotem do Ica, ale summa summarum nic z tego nie wysz\u0142o, o czym p\u00f3\u017aniej jeszcze dwa s\u0142owa napomkn\u0119. Kot przera\u017cony logik\u0105 moich argument\u00f3w nie do podwa\u017cenia, \u015bniadanie - niech\u2026","rel":"","context":"W \u201ea la conquista de Am\u00e9rica&quot;","block_context":{"text":"a la conquista de Am\u00e9rica","link":"https:\/\/www.volen.pl\/?cat=138"},"img":{"alt_text":"","src":"https:\/\/i0.wp.com\/www.volen.pl\/wp-content\/uploads\/2014\/11\/ikona-_DSC0643-2.jpg?fit=1200%2C795&ssl=1&resize=350%2C200","width":350,"height":200,"srcset":"https:\/\/i0.wp.com\/www.volen.pl\/wp-content\/uploads\/2014\/11\/ikona-_DSC0643-2.jpg?fit=1200%2C795&ssl=1&resize=350%2C200 1x, https:\/\/i0.wp.com\/www.volen.pl\/wp-content\/uploads\/2014\/11\/ikona-_DSC0643-2.jpg?fit=1200%2C795&ssl=1&resize=525%2C300 1.5x, https:\/\/i0.wp.com\/www.volen.pl\/wp-content\/uploads\/2014\/11\/ikona-_DSC0643-2.jpg?fit=1200%2C795&ssl=1&resize=700%2C400 2x, https:\/\/i0.wp.com\/www.volen.pl\/wp-content\/uploads\/2014\/11\/ikona-_DSC0643-2.jpg?fit=1200%2C795&ssl=1&resize=1050%2C600 3x"},"classes":[]},{"id":680,"url":"https:\/\/www.volen.pl\/?p=680","url_meta":{"origin":670,"position":2},"title":"toro muerte czyli lamy, alpaki i wikunie","author":"volen","date":"2014-10-19","format":false,"excerpt":"Zaraz z rana, gdzie\u015b ko\u0142o 7-mej czasu lokalnego, wstali\u015bmy z wyrka i poszli\u015bmy na poszukiwania \u015bniadania. Hostel nasz, Boulevard, takie \u015bniadania w standardzie posiada, wi\u0119c poprosili\u015bmy dla pewno\u015bci dodatkowo o kaw\u0119. Co ciekawe, dostali\u015bmy do zjedzenia bu\u0142k\u0119 z jajkiem, co zrozumia\u0142ej satysfakcji nam dostarczy\u0142o, gdy\u017c mogli\u015bmy zab\u0142ysn\u0105\u0107 nowo poznanym s\u0142\u00f3wkiem\u2026","rel":"","context":"W \u201ea la conquista de Am\u00e9rica&quot;","block_context":{"text":"a la conquista de Am\u00e9rica","link":"https:\/\/www.volen.pl\/?cat=138"},"img":{"alt_text":"","src":"https:\/\/i0.wp.com\/www.volen.pl\/wp-content\/uploads\/2014\/10\/DSC9826_01.jpg?fit=1200%2C795&ssl=1&resize=350%2C200","width":350,"height":200,"srcset":"https:\/\/i0.wp.com\/www.volen.pl\/wp-content\/uploads\/2014\/10\/DSC9826_01.jpg?fit=1200%2C795&ssl=1&resize=350%2C200 1x, https:\/\/i0.wp.com\/www.volen.pl\/wp-content\/uploads\/2014\/10\/DSC9826_01.jpg?fit=1200%2C795&ssl=1&resize=525%2C300 1.5x, https:\/\/i0.wp.com\/www.volen.pl\/wp-content\/uploads\/2014\/10\/DSC9826_01.jpg?fit=1200%2C795&ssl=1&resize=700%2C400 2x, https:\/\/i0.wp.com\/www.volen.pl\/wp-content\/uploads\/2014\/10\/DSC9826_01.jpg?fit=1200%2C795&ssl=1&resize=1050%2C600 3x"},"classes":[]},{"id":879,"url":"https:\/\/www.volen.pl\/?p=879","url_meta":{"origin":670,"position":3},"title":"Islas Ballestas &#038; postapokaliptyczny Paracas National Reserve","author":"volen","date":"2014-10-28","format":false,"excerpt":"Rano obudzi\u0142 nas budzik. Nie dowierzaj\u0105c w\u0142asnym uszom i nie wierz\u0105c we w\u0142asn\u0105 pod\u0142o\u015b\u0107 zwlok\u0142em zeskwarczone we wczorajszym s\u0142o\u0144cu zw\u0142oki i wy\u0142\u0105czy\u0142em d\u017awi\u0119k rannego koguta. Trzeba si\u0119 zawija\u0107. Je\u017celi chcemy obejrze\u0107 Islas Ballestas, przez ludzi ma\u0142ych i zawistnych zwanych Galapagos dla ubogich, nale\u017cy wpa\u015b\u0107 na marin\u0119 o 8.00. Szybko wtrz\u0105chn\u0105wszy\u2026","rel":"","context":"W \u201ea la conquista de Am\u00e9rica&quot;","block_context":{"text":"a la conquista de Am\u00e9rica","link":"https:\/\/www.volen.pl\/?cat=138"},"img":{"alt_text":"","src":"https:\/\/i0.wp.com\/www.volen.pl\/wp-content\/uploads\/2014\/10\/DSC1438.jpg?fit=1200%2C795&ssl=1&resize=350%2C200","width":350,"height":200,"srcset":"https:\/\/i0.wp.com\/www.volen.pl\/wp-content\/uploads\/2014\/10\/DSC1438.jpg?fit=1200%2C795&ssl=1&resize=350%2C200 1x, https:\/\/i0.wp.com\/www.volen.pl\/wp-content\/uploads\/2014\/10\/DSC1438.jpg?fit=1200%2C795&ssl=1&resize=525%2C300 1.5x, https:\/\/i0.wp.com\/www.volen.pl\/wp-content\/uploads\/2014\/10\/DSC1438.jpg?fit=1200%2C795&ssl=1&resize=700%2C400 2x, https:\/\/i0.wp.com\/www.volen.pl\/wp-content\/uploads\/2014\/10\/DSC1438.jpg?fit=1200%2C795&ssl=1&resize=1050%2C600 3x"},"classes":[]},{"id":2852,"url":"https:\/\/www.volen.pl\/?p=2852","url_meta":{"origin":670,"position":4},"title":"Bajka\u0142","author":"volen","date":"2018-07-11","format":false,"excerpt":"Ruszyli\u015bmy znad jeziora G\u0119siego. Rano woda jeszcze lepsza do k\u0105pieli. Jechali\u015bmy w\u015br\u00f3d \u0142agodnie pofalowanych wzg\u00f3rz poro\u015bni\u0119tych rzadkim lasem brzozowo - sosnowym... Z chwili na chwil\u0119, moje przyzwyczajone do br\u0105zu i \u017c\u00f3\u0142ci stepu oczy zacz\u0119\u0142y pa\u015b\u0107 si\u0119 soczyst\u0105 zieleni\u0105 \u0142\u0105k i las\u00f3w. Po drodze zjechali\u015bmy do chramu w Mostovce, gdzie trafili\u015bmy\u2026","rel":"","context":"W \u201enawariata&quot;","block_context":{"text":"nawariata","link":"https:\/\/www.volen.pl\/?cat=93"},"img":{"alt_text":"","src":"https:\/\/i0.wp.com\/www.volen.pl\/wp-content\/uploads\/2018\/07\/rozlewiska_przy_po%C5%82udniowym_bajkale_VOL3683.jpg?fit=1200%2C707&ssl=1&resize=350%2C200","width":350,"height":200,"srcset":"https:\/\/i0.wp.com\/www.volen.pl\/wp-content\/uploads\/2018\/07\/rozlewiska_przy_po%C5%82udniowym_bajkale_VOL3683.jpg?fit=1200%2C707&ssl=1&resize=350%2C200 1x, https:\/\/i0.wp.com\/www.volen.pl\/wp-content\/uploads\/2018\/07\/rozlewiska_przy_po%C5%82udniowym_bajkale_VOL3683.jpg?fit=1200%2C707&ssl=1&resize=525%2C300 1.5x, https:\/\/i0.wp.com\/www.volen.pl\/wp-content\/uploads\/2018\/07\/rozlewiska_przy_po%C5%82udniowym_bajkale_VOL3683.jpg?fit=1200%2C707&ssl=1&resize=700%2C400 2x, https:\/\/i0.wp.com\/www.volen.pl\/wp-content\/uploads\/2018\/07\/rozlewiska_przy_po%C5%82udniowym_bajkale_VOL3683.jpg?fit=1200%2C707&ssl=1&resize=1050%2C600 3x"},"classes":[]},{"id":1493,"url":"https:\/\/www.volen.pl\/?p=1493","url_meta":{"origin":670,"position":5},"title":"34","author":"volen","date":"2015-10-07","format":false,"excerpt":"Namioty zamarz\u0142y, noc zimna, a blisko\u015b\u0107 drogi szybkiego ruchu nie pozwoli\u0142y si\u0119 dobrze wyspa\u0107. Po rybie z puszki na \u015bniadanie i hajda do przodu. Wpadli\u015bmy do Nied\u017awiedziowa uzupe\u0142ni\u0107 zapasy, a potem ruszyli\u015bmy dalej w poszukiwaniu wymar\u0142ej wioseczki Pegrema nad jeziorem Onega. W mi\u0119dzyczasie zdoby\u0142em w spos\u00f3b absolutnie nielegalny \u0142 niezgodny\u2026","rel":"","context":"W \u201ematuszka Rosja&quot;","block_context":{"text":"matuszka Rosja","link":"https:\/\/www.volen.pl\/?cat=210"},"img":{"alt_text":"","src":"https:\/\/i0.wp.com\/www.volen.pl\/wp-content\/uploads\/2015\/10\/VOL3074.jpg?fit=1200%2C795&ssl=1&resize=350%2C200","width":350,"height":200,"srcset":"https:\/\/i0.wp.com\/www.volen.pl\/wp-content\/uploads\/2015\/10\/VOL3074.jpg?fit=1200%2C795&ssl=1&resize=350%2C200 1x, https:\/\/i0.wp.com\/www.volen.pl\/wp-content\/uploads\/2015\/10\/VOL3074.jpg?fit=1200%2C795&ssl=1&resize=525%2C300 1.5x, https:\/\/i0.wp.com\/www.volen.pl\/wp-content\/uploads\/2015\/10\/VOL3074.jpg?fit=1200%2C795&ssl=1&resize=700%2C400 2x, https:\/\/i0.wp.com\/www.volen.pl\/wp-content\/uploads\/2015\/10\/VOL3074.jpg?fit=1200%2C795&ssl=1&resize=1050%2C600 3x"},"classes":[]}],"_links":{"self":[{"href":"https:\/\/www.volen.pl\/index.php?rest_route=\/wp\/v2\/posts\/670","targetHints":{"allow":["GET"]}}],"collection":[{"href":"https:\/\/www.volen.pl\/index.php?rest_route=\/wp\/v2\/posts"}],"about":[{"href":"https:\/\/www.volen.pl\/index.php?rest_route=\/wp\/v2\/types\/post"}],"author":[{"embeddable":true,"href":"https:\/\/www.volen.pl\/index.php?rest_route=\/wp\/v2\/users\/1"}],"replies":[{"embeddable":true,"href":"https:\/\/www.volen.pl\/index.php?rest_route=%2Fwp%2Fv2%2Fcomments&post=670"}],"version-history":[{"count":1,"href":"https:\/\/www.volen.pl\/index.php?rest_route=\/wp\/v2\/posts\/670\/revisions"}],"predecessor-version":[{"id":679,"href":"https:\/\/www.volen.pl\/index.php?rest_route=\/wp\/v2\/posts\/670\/revisions\/679"}],"wp:featuredmedia":[{"embeddable":true,"href":"https:\/\/www.volen.pl\/index.php?rest_route=\/wp\/v2\/media\/678"}],"wp:attachment":[{"href":"https:\/\/www.volen.pl\/index.php?rest_route=%2Fwp%2Fv2%2Fmedia&parent=670"}],"wp:term":[{"taxonomy":"category","embeddable":true,"href":"https:\/\/www.volen.pl\/index.php?rest_route=%2Fwp%2Fv2%2Fcategories&post=670"},{"taxonomy":"post_tag","embeddable":true,"href":"https:\/\/www.volen.pl\/index.php?rest_route=%2Fwp%2Fv2%2Ftags&post=670"}],"curies":[{"name":"wp","href":"https:\/\/api.w.org\/{rel}","templated":true}]}}