{"id":732,"date":"2014-10-22T15:52:04","date_gmt":"2014-10-22T13:52:04","guid":{"rendered":"http:\/\/www.volen.pl\/?p=732"},"modified":"2014-10-25T16:38:14","modified_gmt":"2014-10-25T14:38:14","slug":"el-pecado-mortal","status":"publish","type":"post","link":"https:\/\/www.volen.pl\/?p=732","title":{"rendered":"el pecado mortal"},"content":{"rendered":"<p>W Casa del Inka na \u015bniadanie placuszki kukurydziane. Za\u017cyczy\u0142em dwa, bo przepyszne by\u0142y. Koci\u0105tko po\u017car\u0142o jeden, mrucz\u0105c z niesmakiem i zjad\u0142o bu\u0142k\u0119 z d\u017cemem na dok\u0142adk\u0119. Kawa, kt\u00f3r\u0105\u015bmy kupili, nie nadaje si\u0119 do parzenia wod\u0105 o temperaturze poni\u017cej 100st: utworzy\u0142a si\u0119 zawiesina. Szefowa kuchni w odruchu dobroci przynios\u0142a nam cedzak i dodatkowy kubek, \u017ceby\u015bmy mogli swoje b\u0142otko przecedzi\u0107. Tak wi\u0119c do placuszk\u00f3w cedzona kawa. Cudnie. Wymeldowuj\u0105c si\u0119 Anulka zapragn\u0119\u0142a podarowa\u0107 naj\u015bmieszniejszej recepcjonistce \u015bwiata &#8211; Naiszy &#8211; nasz\u0105 zawieszk\u0119, co te\u017c zrobi\u0142a.<br \/>\n<a href=\"https:\/\/i0.wp.com\/www.volen.pl\/wp-content\/uploads\/2014\/10\/z-Naisza-_DSC0014.jpg?ssl=1\"><img data-recalc-dims=\"1\" loading=\"lazy\" decoding=\"async\" data-attachment-id=\"734\" data-permalink=\"https:\/\/www.volen.pl\/?attachment_id=734\" data-orig-file=\"https:\/\/i0.wp.com\/www.volen.pl\/wp-content\/uploads\/2014\/10\/z-Naisza-_DSC0014.jpg?fit=1400%2C1151&amp;ssl=1\" data-orig-size=\"1400,1151\" data-comments-opened=\"0\" data-image-meta=\"{&quot;aperture&quot;:&quot;0&quot;,&quot;credit&quot;:&quot;&quot;,&quot;camera&quot;:&quot;&quot;,&quot;caption&quot;:&quot;&quot;,&quot;created_timestamp&quot;:&quot;0&quot;,&quot;copyright&quot;:&quot;&quot;,&quot;focal_length&quot;:&quot;0&quot;,&quot;iso&quot;:&quot;0&quot;,&quot;shutter_speed&quot;:&quot;0&quot;,&quot;title&quot;:&quot;&quot;,&quot;orientation&quot;:&quot;0&quot;}\" data-image-title=\"z Naisza _DSC0014\" data-image-description=\"\" data-image-caption=\"\" data-large-file=\"https:\/\/i0.wp.com\/www.volen.pl\/wp-content\/uploads\/2014\/10\/z-Naisza-_DSC0014.jpg?fit=1400%2C1151&amp;ssl=1\" class=\"alignnone size-medium wp-image-734\" src=\"https:\/\/i0.wp.com\/www.volen.pl\/wp-content\/uploads\/2014\/10\/z-Naisza-_DSC0014.jpg?resize=1024%2C841&#038;ssl=1\" alt=\"z Naisza _DSC0014\" width=\"1024\" height=\"841\" srcset=\"https:\/\/i0.wp.com\/www.volen.pl\/wp-content\/uploads\/2014\/10\/z-Naisza-_DSC0014.jpg?resize=1024%2C841&amp;ssl=1 1024w, https:\/\/i0.wp.com\/www.volen.pl\/wp-content\/uploads\/2014\/10\/z-Naisza-_DSC0014.jpg?resize=425%2C350&amp;ssl=1 425w, https:\/\/i0.wp.com\/www.volen.pl\/wp-content\/uploads\/2014\/10\/z-Naisza-_DSC0014.jpg?w=1400&amp;ssl=1 1400w\" sizes=\"auto, (max-width: 1000px) 100vw, 1000px\" \/><\/a><br \/>\nBy\u0107 w Cusco i nie zwiedzi\u0107 Machu Picchu to grzech, wi\u0119c mamy grzech. Stopie\u0144 komplikacji przy &#8211; wydawa\u0142oby si\u0119 &#8211; najprostszej rzeczy pod s\u0142o\u0144cem, jak\u0105 jest wtarga\u0107 swoje ty\u0142ki na jak\u0105\u015b g\u00f3r\u0119 kamieni, odstr\u0119czy\u0142 nas skutecznie. Ceny z kosmosu, a na samodzielny trekking tym razem nie mamy czasu. Poszukali\u015bmy pocieszenia w biegu na orientacj\u0119, jak\u0105 by\u0142o szukanie urz\u0119du pocztowego.<\/p>\n<div class=\"tiled-gallery type-rectangular tiled-gallery-unresized\" data-original-width=\"500\" data-carousel-extra='{&quot;blog_id&quot;:1,&quot;permalink&quot;:&quot;https:\\\/\\\/www.volen.pl\\\/?p=732&quot;,&quot;likes_blog_id&quot;:64250308}' itemscope itemtype=\"http:\/\/schema.org\/ImageGallery\" > <div class=\"gallery-row\" style=\"width: 500px; height: 230px;\" data-original-width=\"500\" data-original-height=\"230\" > <div class=\"gallery-group images-1\" style=\"width: 346px; height: 230px;\" data-original-width=\"346\" data-original-height=\"230\" > <div class=\"tiled-gallery-item tiled-gallery-item-large\" itemprop=\"associatedMedia\" itemscope itemtype=\"http:\/\/schema.org\/ImageObject\"> <a href=\"https:\/\/www.volen.pl\/?attachment_id=737\" border=\"0\" itemprop=\"url\"> <meta itemprop=\"width\" content=\"342\"> <meta itemprop=\"height\" content=\"226\"> <img decoding=\"async\" class=\"\" data-attachment-id=\"737\" data-orig-file=\"https:\/\/www.volen.pl\/wp-content\/uploads\/2014\/10\/r-_DSC0017.jpg\" data-orig-size=\"1400,927\" data-comments-opened=\"\" data-image-meta=\"{&quot;aperture&quot;:&quot;8&quot;,&quot;credit&quot;:&quot;Przemyslaw \\u0027volen\\u0027 Wollenszleger&quot;,&quot;camera&quot;:&quot;NIKON D7000&quot;,&quot;caption&quot;:&quot;&quot;,&quot;created_timestamp&quot;:&quot;1413994526&quot;,&quot;copyright&quot;:&quot;&quot;,&quot;focal_length&quot;:&quot;58&quot;,&quot;iso&quot;:&quot;200&quot;,&quot;shutter_speed&quot;:&quot;0.008&quot;,&quot;title&quot;:&quot;&quot;,&quot;orientation&quot;:&quot;1&quot;}\" data-image-title=\"r-_DSC0017\" data-image-description=\"\" data-medium-file=\"https:\/\/i0.wp.com\/www.volen.pl\/wp-content\/uploads\/2014\/10\/r-_DSC0017.jpg?fit=1024%2C678&#038;ssl=1\" data-large-file=\"https:\/\/i0.wp.com\/www.volen.pl\/wp-content\/uploads\/2014\/10\/r-_DSC0017.jpg?fit=1400%2C927&#038;ssl=1\" src=\"https:\/\/i0.wp.com\/www.volen.pl\/wp-content\/uploads\/2014\/10\/r-_DSC0017.jpg?w=342&#038;h=226&#038;ssl=1\" srcset=\"https:\/\/i0.wp.com\/www.volen.pl\/wp-content\/uploads\/2014\/10\/r-_DSC0017.jpg?w=1400&amp;ssl=1 1400w, https:\/\/i0.wp.com\/www.volen.pl\/wp-content\/uploads\/2014\/10\/r-_DSC0017.jpg?resize=1024%2C678&amp;ssl=1 1024w, https:\/\/i0.wp.com\/www.volen.pl\/wp-content\/uploads\/2014\/10\/r-_DSC0017.jpg?resize=528%2C350&amp;ssl=1 528w\" width=\"342\" height=\"226\" loading=\"lazy\" data-original-width=\"342\" data-original-height=\"226\" itemprop=\"http:\/\/schema.org\/image\" title=\"r-_DSC0017\" alt=\"r-_DSC0017\" style=\"width: 342px; height: 226px;\" \/> <\/a> <\/div> <\/div> <!-- close group --> <div class=\"gallery-group images-1\" style=\"width: 154px; height: 230px;\" data-original-width=\"154\" data-original-height=\"230\" > <div class=\"tiled-gallery-item tiled-gallery-item-small\" itemprop=\"associatedMedia\" itemscope itemtype=\"http:\/\/schema.org\/ImageObject\"> <a href=\"https:\/\/www.volen.pl\/?attachment_id=736\" border=\"0\" itemprop=\"url\"> <meta itemprop=\"width\" content=\"150\"> <meta itemprop=\"height\" content=\"226\"> <img decoding=\"async\" class=\"\" data-attachment-id=\"736\" data-orig-file=\"https:\/\/www.volen.pl\/wp-content\/uploads\/2014\/10\/r-_DSC0015.jpg\" data-orig-size=\"1400,2114\" data-comments-opened=\"\" data-image-meta=\"{&quot;aperture&quot;:&quot;8&quot;,&quot;credit&quot;:&quot;Przemyslaw \\u0027volen\\u0027 Wollenszleger&quot;,&quot;camera&quot;:&quot;NIKON D7000&quot;,&quot;caption&quot;:&quot;&quot;,&quot;created_timestamp&quot;:&quot;1413994310&quot;,&quot;copyright&quot;:&quot;&quot;,&quot;focal_length&quot;:&quot;21&quot;,&quot;iso&quot;:&quot;200&quot;,&quot;shutter_speed&quot;:&quot;0.01&quot;,&quot;title&quot;:&quot;&quot;,&quot;orientation&quot;:&quot;1&quot;}\" data-image-title=\"r-_DSC0015\" data-image-description=\"\" data-medium-file=\"https:\/\/i0.wp.com\/www.volen.pl\/wp-content\/uploads\/2014\/10\/r-_DSC0015.jpg?fit=678%2C1024&#038;ssl=1\" data-large-file=\"https:\/\/i0.wp.com\/www.volen.pl\/wp-content\/uploads\/2014\/10\/r-_DSC0015.jpg?fit=1356%2C2048&#038;ssl=1\" src=\"https:\/\/i0.wp.com\/www.volen.pl\/wp-content\/uploads\/2014\/10\/r-_DSC0015.jpg?w=150&#038;h=226&#038;ssl=1\" srcset=\"https:\/\/i0.wp.com\/www.volen.pl\/wp-content\/uploads\/2014\/10\/r-_DSC0015.jpg?w=1400&amp;ssl=1 1400w, https:\/\/i0.wp.com\/www.volen.pl\/wp-content\/uploads\/2014\/10\/r-_DSC0015.jpg?resize=678%2C1024&amp;ssl=1 678w, https:\/\/i0.wp.com\/www.volen.pl\/wp-content\/uploads\/2014\/10\/r-_DSC0015.jpg?resize=1356%2C2048&amp;ssl=1 1356w, https:\/\/i0.wp.com\/www.volen.pl\/wp-content\/uploads\/2014\/10\/r-_DSC0015.jpg?resize=231%2C350&amp;ssl=1 231w\" width=\"150\" height=\"226\" loading=\"lazy\" data-original-width=\"150\" data-original-height=\"226\" itemprop=\"http:\/\/schema.org\/image\" title=\"r-_DSC0015\" alt=\"r-_DSC0015\" style=\"width: 150px; height: 226px;\" \/> <\/a> <\/div> <\/div> <!-- close group --> <\/div> <!-- close row --> <div class=\"gallery-row\" style=\"width: 500px; height: 253px;\" data-original-width=\"500\" data-original-height=\"253\" > <div class=\"gallery-group images-1\" style=\"width: 169px; height: 253px;\" data-original-width=\"169\" data-original-height=\"253\" > <div class=\"tiled-gallery-item tiled-gallery-item-small\" itemprop=\"associatedMedia\" itemscope itemtype=\"http:\/\/schema.org\/ImageObject\"> <a href=\"https:\/\/www.volen.pl\/?attachment_id=740\" border=\"0\" itemprop=\"url\"> <meta itemprop=\"width\" content=\"165\"> <meta itemprop=\"height\" content=\"249\"> <img decoding=\"async\" class=\"\" data-attachment-id=\"740\" data-orig-file=\"https:\/\/www.volen.pl\/wp-content\/uploads\/2014\/10\/r-_DSC0068.jpg\" data-orig-size=\"927,1400\" data-comments-opened=\"\" data-image-meta=\"{&quot;aperture&quot;:&quot;9&quot;,&quot;credit&quot;:&quot;Przemyslaw \\u0027volen\\u0027 Wollenszleger&quot;,&quot;camera&quot;:&quot;NIKON D7000&quot;,&quot;caption&quot;:&quot;&quot;,&quot;created_timestamp&quot;:&quot;1413999871&quot;,&quot;copyright&quot;:&quot;&quot;,&quot;focal_length&quot;:&quot;80&quot;,&quot;iso&quot;:&quot;100&quot;,&quot;shutter_speed&quot;:&quot;0.004&quot;,&quot;title&quot;:&quot;&quot;,&quot;orientation&quot;:&quot;1&quot;}\" data-image-title=\"r-_DSC0068\" data-image-description=\"\" data-medium-file=\"https:\/\/i0.wp.com\/www.volen.pl\/wp-content\/uploads\/2014\/10\/r-_DSC0068.jpg?fit=678%2C1024&#038;ssl=1\" data-large-file=\"https:\/\/i0.wp.com\/www.volen.pl\/wp-content\/uploads\/2014\/10\/r-_DSC0068.jpg?fit=927%2C1400&#038;ssl=1\" src=\"https:\/\/i0.wp.com\/www.volen.pl\/wp-content\/uploads\/2014\/10\/r-_DSC0068.jpg?w=165&#038;h=249&#038;ssl=1\" srcset=\"https:\/\/i0.wp.com\/www.volen.pl\/wp-content\/uploads\/2014\/10\/r-_DSC0068.jpg?w=927&amp;ssl=1 927w, https:\/\/i0.wp.com\/www.volen.pl\/wp-content\/uploads\/2014\/10\/r-_DSC0068.jpg?resize=678%2C1024&amp;ssl=1 678w, https:\/\/i0.wp.com\/www.volen.pl\/wp-content\/uploads\/2014\/10\/r-_DSC0068.jpg?resize=231%2C350&amp;ssl=1 231w\" width=\"165\" height=\"249\" loading=\"lazy\" data-original-width=\"165\" data-original-height=\"249\" itemprop=\"http:\/\/schema.org\/image\" title=\"r-_DSC0068\" alt=\"r-_DSC0068\" style=\"width: 165px; height: 249px;\" \/> <\/a> <\/div> <\/div> <!-- close group --> <div class=\"gallery-group images-2\" style=\"width: 162px; height: 253px;\" data-original-width=\"162\" data-original-height=\"253\" > <div class=\"tiled-gallery-item tiled-gallery-item-small\" itemprop=\"associatedMedia\" itemscope itemtype=\"http:\/\/schema.org\/ImageObject\"> <a href=\"https:\/\/www.volen.pl\/?attachment_id=741\" border=\"0\" itemprop=\"url\"> <meta itemprop=\"width\" content=\"158\"> <meta itemprop=\"height\" content=\"140\"> <img decoding=\"async\" class=\"\" data-attachment-id=\"741\" data-orig-file=\"https:\/\/www.volen.pl\/wp-content\/uploads\/2014\/10\/z-dzieciakiem-_DSC0040.jpg\" data-orig-size=\"1400,1233\" data-comments-opened=\"\" data-image-meta=\"{&quot;aperture&quot;:&quot;0&quot;,&quot;credit&quot;:&quot;&quot;,&quot;camera&quot;:&quot;&quot;,&quot;caption&quot;:&quot;&quot;,&quot;created_timestamp&quot;:&quot;0&quot;,&quot;copyright&quot;:&quot;&quot;,&quot;focal_length&quot;:&quot;0&quot;,&quot;iso&quot;:&quot;0&quot;,&quot;shutter_speed&quot;:&quot;0&quot;,&quot;title&quot;:&quot;&quot;,&quot;orientation&quot;:&quot;0&quot;}\" data-image-title=\"z dzieciakiem _DSC0040\" data-image-description=\"\" data-medium-file=\"https:\/\/i0.wp.com\/www.volen.pl\/wp-content\/uploads\/2014\/10\/z-dzieciakiem-_DSC0040.jpg?fit=1024%2C901&#038;ssl=1\" data-large-file=\"https:\/\/i0.wp.com\/www.volen.pl\/wp-content\/uploads\/2014\/10\/z-dzieciakiem-_DSC0040.jpg?fit=1400%2C1233&#038;ssl=1\" src=\"https:\/\/i0.wp.com\/www.volen.pl\/wp-content\/uploads\/2014\/10\/z-dzieciakiem-_DSC0040.jpg?w=158&#038;h=140&#038;ssl=1\" srcset=\"https:\/\/i0.wp.com\/www.volen.pl\/wp-content\/uploads\/2014\/10\/z-dzieciakiem-_DSC0040.jpg?w=1400&amp;ssl=1 1400w, https:\/\/i0.wp.com\/www.volen.pl\/wp-content\/uploads\/2014\/10\/z-dzieciakiem-_DSC0040.jpg?resize=1024%2C901&amp;ssl=1 1024w, https:\/\/i0.wp.com\/www.volen.pl\/wp-content\/uploads\/2014\/10\/z-dzieciakiem-_DSC0040.jpg?resize=397%2C350&amp;ssl=1 397w\" width=\"158\" height=\"140\" loading=\"lazy\" data-original-width=\"158\" data-original-height=\"140\" itemprop=\"http:\/\/schema.org\/image\" title=\"z dzieciakiem _DSC0040\" alt=\"z dzieciakiem _DSC0040\" style=\"width: 158px; height: 140px;\" \/> <\/a> <\/div> <div class=\"tiled-gallery-item tiled-gallery-item-small\" itemprop=\"associatedMedia\" itemscope itemtype=\"http:\/\/schema.org\/ImageObject\"> <a href=\"https:\/\/www.volen.pl\/?attachment_id=738\" border=\"0\" itemprop=\"url\"> <meta itemprop=\"width\" content=\"158\"> <meta itemprop=\"height\" content=\"105\"> <img decoding=\"async\" class=\"\" data-attachment-id=\"738\" data-orig-file=\"https:\/\/www.volen.pl\/wp-content\/uploads\/2014\/10\/r-_DSC0019.jpg\" data-orig-size=\"1400,927\" data-comments-opened=\"\" data-image-meta=\"{&quot;aperture&quot;:&quot;8&quot;,&quot;credit&quot;:&quot;Przemyslaw \\u0027volen\\u0027 Wollenszleger&quot;,&quot;camera&quot;:&quot;NIKON D7000&quot;,&quot;caption&quot;:&quot;&quot;,&quot;created_timestamp&quot;:&quot;1413994627&quot;,&quot;copyright&quot;:&quot;&quot;,&quot;focal_length&quot;:&quot;66&quot;,&quot;iso&quot;:&quot;200&quot;,&quot;shutter_speed&quot;:&quot;0.004&quot;,&quot;title&quot;:&quot;&quot;,&quot;orientation&quot;:&quot;1&quot;}\" data-image-title=\"r-_DSC0019\" data-image-description=\"\" data-medium-file=\"https:\/\/i0.wp.com\/www.volen.pl\/wp-content\/uploads\/2014\/10\/r-_DSC0019.jpg?fit=1024%2C678&#038;ssl=1\" data-large-file=\"https:\/\/i0.wp.com\/www.volen.pl\/wp-content\/uploads\/2014\/10\/r-_DSC0019.jpg?fit=1400%2C927&#038;ssl=1\" src=\"https:\/\/i0.wp.com\/www.volen.pl\/wp-content\/uploads\/2014\/10\/r-_DSC0019.jpg?w=158&#038;h=105&#038;ssl=1\" srcset=\"https:\/\/i0.wp.com\/www.volen.pl\/wp-content\/uploads\/2014\/10\/r-_DSC0019.jpg?w=1400&amp;ssl=1 1400w, https:\/\/i0.wp.com\/www.volen.pl\/wp-content\/uploads\/2014\/10\/r-_DSC0019.jpg?resize=1024%2C678&amp;ssl=1 1024w, https:\/\/i0.wp.com\/www.volen.pl\/wp-content\/uploads\/2014\/10\/r-_DSC0019.jpg?resize=528%2C350&amp;ssl=1 528w\" width=\"158\" height=\"105\" loading=\"lazy\" data-original-width=\"158\" data-original-height=\"105\" itemprop=\"http:\/\/schema.org\/image\" title=\"r-_DSC0019\" alt=\"r-_DSC0019\" style=\"width: 158px; height: 105px;\" \/> <\/a> <\/div> <\/div> <!-- close group --> <div class=\"gallery-group images-1\" style=\"width: 169px; height: 253px;\" data-original-width=\"169\" data-original-height=\"253\" > <div class=\"tiled-gallery-item tiled-gallery-item-small\" itemprop=\"associatedMedia\" itemscope itemtype=\"http:\/\/schema.org\/ImageObject\"> <a href=\"https:\/\/www.volen.pl\/?attachment_id=739\" border=\"0\" itemprop=\"url\"> <meta itemprop=\"width\" content=\"165\"> <meta itemprop=\"height\" content=\"249\"> <img decoding=\"async\" class=\"\" data-attachment-id=\"739\" data-orig-file=\"https:\/\/www.volen.pl\/wp-content\/uploads\/2014\/10\/r-_DSC0030.jpg\" data-orig-size=\"927,1400\" data-comments-opened=\"\" data-image-meta=\"{&quot;aperture&quot;:&quot;8&quot;,&quot;credit&quot;:&quot;Przemyslaw \\u0027volen\\u0027 Wollenszleger&quot;,&quot;camera&quot;:&quot;NIKON D7000&quot;,&quot;caption&quot;:&quot;&quot;,&quot;created_timestamp&quot;:&quot;1413995153&quot;,&quot;copyright&quot;:&quot;&quot;,&quot;focal_length&quot;:&quot;26&quot;,&quot;iso&quot;:&quot;100&quot;,&quot;shutter_speed&quot;:&quot;0.01&quot;,&quot;title&quot;:&quot;&quot;,&quot;orientation&quot;:&quot;1&quot;}\" data-image-title=\"r-_DSC0030\" data-image-description=\"\" data-medium-file=\"https:\/\/i0.wp.com\/www.volen.pl\/wp-content\/uploads\/2014\/10\/r-_DSC0030.jpg?fit=678%2C1024&#038;ssl=1\" data-large-file=\"https:\/\/i0.wp.com\/www.volen.pl\/wp-content\/uploads\/2014\/10\/r-_DSC0030.jpg?fit=927%2C1400&#038;ssl=1\" src=\"https:\/\/i0.wp.com\/www.volen.pl\/wp-content\/uploads\/2014\/10\/r-_DSC0030.jpg?w=165&#038;h=249&#038;ssl=1\" srcset=\"https:\/\/i0.wp.com\/www.volen.pl\/wp-content\/uploads\/2014\/10\/r-_DSC0030.jpg?w=927&amp;ssl=1 927w, https:\/\/i0.wp.com\/www.volen.pl\/wp-content\/uploads\/2014\/10\/r-_DSC0030.jpg?resize=678%2C1024&amp;ssl=1 678w, https:\/\/i0.wp.com\/www.volen.pl\/wp-content\/uploads\/2014\/10\/r-_DSC0030.jpg?resize=231%2C350&amp;ssl=1 231w\" width=\"165\" height=\"249\" loading=\"lazy\" data-original-width=\"165\" data-original-height=\"249\" itemprop=\"http:\/\/schema.org\/image\" title=\"r-_DSC0030\" alt=\"r-_DSC0030\" style=\"width: 165px; height: 249px;\" \/> <\/a> <\/div> <\/div> <!-- close group --> <\/div> <!-- close row --> <\/div>\n<p>Cusco sprawi\u0142o na nas jak najgorsze wra\u017cenie, ale nie dlatego, \u017ceby by\u0142o jako\u015b obrzydliwie brzydkie, nie. Po prostu by\u0142o przera\u017aliwie zimno i pada\u0142 deszcz. To, w po\u0142\u0105czeniu z podobnym klimatem w hostelu, a tak\u017ce naprawd\u0119 zwariowanymi cenami, spowodowa\u0142o, \u017ce ruszyli\u015bmy szuka\u0107 autobusu do Puno.<br \/>\nPrzep\u0142acili\u015bmy straszliwie za miejsca w autobusie Libertad. Wi\u0119cej tak si\u0119 nie damy: lepiej 5 razy sprawdzi\u0107 ceny w ka\u017cdym okienku, polecamy wszystkim du\u017c\u0105 ostro\u017cno\u015b\u0107.<br \/>\nDroga nie wiod\u0142a tylko przez g\u00f3ry, lecz r\u00f3wnie\u017c p\u0142askowy\u017c, kt\u00f3rego nazwy na razie nie pomn\u0119. Widoki wspania\u0142e, jedyn\u0105 rzecz\u0105 wart\u0105 wspomnienia by\u0142a blokada drogi rozniesiona w py\u0142 przez dzielnych policjant\u00f3w, kt\u00f3rzy pilnowali, by to niecne zachowanie si\u0119 nie powt\u00f3rzy\u0142o. Autobus nale\u017ca\u0142 do gatunku tych, kt\u00f3re zatrzymuj\u0105 si\u0119 po drodze, by wzi\u0105\u0107 pasa\u017cer\u00f3w, mieli\u015bmy wi\u0119c kilka przystank\u00f3w, wpada\u0142y handlarki, by\u0142o ciekawie.<\/p>\n<p><div class=\"tiled-gallery type-rectangular tiled-gallery-unresized\" data-original-width=\"500\" data-carousel-extra='{&quot;blog_id&quot;:1,&quot;permalink&quot;:&quot;https:\\\/\\\/www.volen.pl\\\/?p=732&quot;,&quot;likes_blog_id&quot;:64250308}' itemscope itemtype=\"http:\/\/schema.org\/ImageGallery\" > <div class=\"gallery-row\" style=\"width: 500px; height: 223px;\" data-original-width=\"500\" data-original-height=\"223\" > <div class=\"gallery-group images-1\" style=\"width: 334px; height: 223px;\" data-original-width=\"334\" data-original-height=\"223\" > <div class=\"tiled-gallery-item tiled-gallery-item-large\" itemprop=\"associatedMedia\" itemscope itemtype=\"http:\/\/schema.org\/ImageObject\"> <a href=\"https:\/\/www.volen.pl\/?attachment_id=742\" border=\"0\" itemprop=\"url\"> <meta itemprop=\"width\" content=\"330\"> <meta itemprop=\"height\" content=\"219\"> <img decoding=\"async\" class=\"\" data-attachment-id=\"742\" data-orig-file=\"https:\/\/www.volen.pl\/wp-content\/uploads\/2014\/10\/r-_DSC0094.jpg\" data-orig-size=\"1400,927\" data-comments-opened=\"\" data-image-meta=\"{&quot;aperture&quot;:&quot;9&quot;,&quot;credit&quot;:&quot;Przemyslaw \\u0027volen\\u0027 Wollenszleger&quot;,&quot;camera&quot;:&quot;NIKON D7000&quot;,&quot;caption&quot;:&quot;&quot;,&quot;created_timestamp&quot;:&quot;1414017499&quot;,&quot;copyright&quot;:&quot;&quot;,&quot;focal_length&quot;:&quot;105&quot;,&quot;iso&quot;:&quot;220&quot;,&quot;shutter_speed&quot;:&quot;0.003125&quot;,&quot;title&quot;:&quot;&quot;,&quot;orientation&quot;:&quot;1&quot;}\" data-image-title=\"r-_DSC0094\" data-image-description=\"\" data-medium-file=\"https:\/\/i0.wp.com\/www.volen.pl\/wp-content\/uploads\/2014\/10\/r-_DSC0094.jpg?fit=1024%2C678&#038;ssl=1\" data-large-file=\"https:\/\/i0.wp.com\/www.volen.pl\/wp-content\/uploads\/2014\/10\/r-_DSC0094.jpg?fit=1400%2C927&#038;ssl=1\" src=\"https:\/\/i0.wp.com\/www.volen.pl\/wp-content\/uploads\/2014\/10\/r-_DSC0094.jpg?w=330&#038;h=219&#038;ssl=1\" srcset=\"https:\/\/i0.wp.com\/www.volen.pl\/wp-content\/uploads\/2014\/10\/r-_DSC0094.jpg?w=1400&amp;ssl=1 1400w, https:\/\/i0.wp.com\/www.volen.pl\/wp-content\/uploads\/2014\/10\/r-_DSC0094.jpg?resize=1024%2C678&amp;ssl=1 1024w, https:\/\/i0.wp.com\/www.volen.pl\/wp-content\/uploads\/2014\/10\/r-_DSC0094.jpg?resize=528%2C350&amp;ssl=1 528w\" width=\"330\" height=\"219\" loading=\"lazy\" data-original-width=\"330\" data-original-height=\"219\" itemprop=\"http:\/\/schema.org\/image\" title=\"r-_DSC0094\" alt=\"r-_DSC0094\" style=\"width: 330px; height: 219px;\" \/> <\/a> <\/div> <\/div> <!-- close group --> <div class=\"gallery-group images-2\" style=\"width: 166px; height: 223px;\" data-original-width=\"166\" data-original-height=\"223\" > <div class=\"tiled-gallery-item tiled-gallery-item-small\" itemprop=\"associatedMedia\" itemscope itemtype=\"http:\/\/schema.org\/ImageObject\"> <a href=\"https:\/\/www.volen.pl\/?attachment_id=743\" border=\"0\" itemprop=\"url\"> <meta itemprop=\"width\" content=\"162\"> <meta itemprop=\"height\" content=\"108\"> <img decoding=\"async\" class=\"\" data-attachment-id=\"743\" data-orig-file=\"https:\/\/www.volen.pl\/wp-content\/uploads\/2014\/10\/r-_DSC0086.jpg\" data-orig-size=\"1400,927\" data-comments-opened=\"\" data-image-meta=\"{&quot;aperture&quot;:&quot;9&quot;,&quot;credit&quot;:&quot;Przemyslaw \\u0027volen\\u0027 Wollenszleger&quot;,&quot;camera&quot;:&quot;NIKON D7000&quot;,&quot;caption&quot;:&quot;&quot;,&quot;created_timestamp&quot;:&quot;1414014312&quot;,&quot;copyright&quot;:&quot;&quot;,&quot;focal_length&quot;:&quot;26&quot;,&quot;iso&quot;:&quot;160&quot;,&quot;shutter_speed&quot;:&quot;0.003125&quot;,&quot;title&quot;:&quot;&quot;,&quot;orientation&quot;:&quot;1&quot;}\" data-image-title=\"r-_DSC0086\" data-image-description=\"\" data-medium-file=\"https:\/\/i0.wp.com\/www.volen.pl\/wp-content\/uploads\/2014\/10\/r-_DSC0086.jpg?fit=1024%2C678&#038;ssl=1\" data-large-file=\"https:\/\/i0.wp.com\/www.volen.pl\/wp-content\/uploads\/2014\/10\/r-_DSC0086.jpg?fit=1400%2C927&#038;ssl=1\" src=\"https:\/\/i0.wp.com\/www.volen.pl\/wp-content\/uploads\/2014\/10\/r-_DSC0086.jpg?w=162&#038;h=108&#038;ssl=1\" srcset=\"https:\/\/i0.wp.com\/www.volen.pl\/wp-content\/uploads\/2014\/10\/r-_DSC0086.jpg?w=1400&amp;ssl=1 1400w, https:\/\/i0.wp.com\/www.volen.pl\/wp-content\/uploads\/2014\/10\/r-_DSC0086.jpg?resize=1024%2C678&amp;ssl=1 1024w, https:\/\/i0.wp.com\/www.volen.pl\/wp-content\/uploads\/2014\/10\/r-_DSC0086.jpg?resize=528%2C350&amp;ssl=1 528w\" width=\"162\" height=\"108\" loading=\"lazy\" data-original-width=\"162\" data-original-height=\"108\" itemprop=\"http:\/\/schema.org\/image\" title=\"r-_DSC0086\" alt=\"r-_DSC0086\" style=\"width: 162px; height: 108px;\" \/> <\/a> <\/div> <div class=\"tiled-gallery-item tiled-gallery-item-small\" itemprop=\"associatedMedia\" itemscope itemtype=\"http:\/\/schema.org\/ImageObject\"> <a href=\"https:\/\/www.volen.pl\/?attachment_id=745\" border=\"0\" itemprop=\"url\"> <meta itemprop=\"width\" content=\"162\"> <meta itemprop=\"height\" content=\"107\"> <img decoding=\"async\" class=\"\" data-attachment-id=\"745\" data-orig-file=\"https:\/\/www.volen.pl\/wp-content\/uploads\/2014\/10\/r-_DSC0119.jpg\" data-orig-size=\"1400,927\" data-comments-opened=\"\" data-image-meta=\"{&quot;aperture&quot;:&quot;9&quot;,&quot;credit&quot;:&quot;Przemyslaw \\u0027volen\\u0027 Wollenszleger&quot;,&quot;camera&quot;:&quot;NIKON D7000&quot;,&quot;caption&quot;:&quot;&quot;,&quot;created_timestamp&quot;:&quot;1414020001&quot;,&quot;copyright&quot;:&quot;&quot;,&quot;focal_length&quot;:&quot;52&quot;,&quot;iso&quot;:&quot;560&quot;,&quot;shutter_speed&quot;:&quot;0.003125&quot;,&quot;title&quot;:&quot;&quot;,&quot;orientation&quot;:&quot;1&quot;}\" data-image-title=\"r-_DSC0119\" data-image-description=\"\" data-medium-file=\"https:\/\/i0.wp.com\/www.volen.pl\/wp-content\/uploads\/2014\/10\/r-_DSC0119.jpg?fit=1024%2C678&#038;ssl=1\" data-large-file=\"https:\/\/i0.wp.com\/www.volen.pl\/wp-content\/uploads\/2014\/10\/r-_DSC0119.jpg?fit=1400%2C927&#038;ssl=1\" src=\"https:\/\/i0.wp.com\/www.volen.pl\/wp-content\/uploads\/2014\/10\/r-_DSC0119.jpg?w=162&#038;h=107&#038;ssl=1\" srcset=\"https:\/\/i0.wp.com\/www.volen.pl\/wp-content\/uploads\/2014\/10\/r-_DSC0119.jpg?w=1400&amp;ssl=1 1400w, https:\/\/i0.wp.com\/www.volen.pl\/wp-content\/uploads\/2014\/10\/r-_DSC0119.jpg?resize=1024%2C678&amp;ssl=1 1024w, https:\/\/i0.wp.com\/www.volen.pl\/wp-content\/uploads\/2014\/10\/r-_DSC0119.jpg?resize=528%2C350&amp;ssl=1 528w\" width=\"162\" height=\"107\" loading=\"lazy\" data-original-width=\"162\" data-original-height=\"107\" itemprop=\"http:\/\/schema.org\/image\" title=\"r-_DSC0119\" alt=\"r-_DSC0119\" style=\"width: 162px; height: 107px;\" \/> <\/a> <\/div> <\/div> <!-- close group --> <\/div> <!-- close row --> <div class=\"gallery-row\" style=\"width: 500px; height: 112px;\" data-original-width=\"500\" data-original-height=\"112\" > <div class=\"gallery-group images-1\" style=\"width: 167px; height: 112px;\" data-original-width=\"167\" data-original-height=\"112\" > <div class=\"tiled-gallery-item tiled-gallery-item-small\" itemprop=\"associatedMedia\" itemscope itemtype=\"http:\/\/schema.org\/ImageObject\"> <a href=\"https:\/\/www.volen.pl\/?attachment_id=747\" border=\"0\" itemprop=\"url\"> <meta itemprop=\"width\" content=\"163\"> <meta itemprop=\"height\" content=\"108\"> <img decoding=\"async\" class=\"\" data-attachment-id=\"747\" data-orig-file=\"https:\/\/www.volen.pl\/wp-content\/uploads\/2014\/10\/r-_DSC0128.jpg\" data-orig-size=\"1400,927\" data-comments-opened=\"\" data-image-meta=\"{&quot;aperture&quot;:&quot;9&quot;,&quot;credit&quot;:&quot;Przemyslaw \\u0027volen\\u0027 Wollenszleger&quot;,&quot;camera&quot;:&quot;NIKON D7000&quot;,&quot;caption&quot;:&quot;&quot;,&quot;created_timestamp&quot;:&quot;1414020766&quot;,&quot;copyright&quot;:&quot;&quot;,&quot;focal_length&quot;:&quot;28&quot;,&quot;iso&quot;:&quot;720&quot;,&quot;shutter_speed&quot;:&quot;0.003125&quot;,&quot;title&quot;:&quot;&quot;,&quot;orientation&quot;:&quot;1&quot;}\" data-image-title=\"r-_DSC0128\" data-image-description=\"\" data-medium-file=\"https:\/\/i0.wp.com\/www.volen.pl\/wp-content\/uploads\/2014\/10\/r-_DSC0128.jpg?fit=1024%2C678&#038;ssl=1\" data-large-file=\"https:\/\/i0.wp.com\/www.volen.pl\/wp-content\/uploads\/2014\/10\/r-_DSC0128.jpg?fit=1400%2C927&#038;ssl=1\" src=\"https:\/\/i0.wp.com\/www.volen.pl\/wp-content\/uploads\/2014\/10\/r-_DSC0128.jpg?w=163&#038;h=108&#038;ssl=1\" srcset=\"https:\/\/i0.wp.com\/www.volen.pl\/wp-content\/uploads\/2014\/10\/r-_DSC0128.jpg?w=1400&amp;ssl=1 1400w, https:\/\/i0.wp.com\/www.volen.pl\/wp-content\/uploads\/2014\/10\/r-_DSC0128.jpg?resize=1024%2C678&amp;ssl=1 1024w, https:\/\/i0.wp.com\/www.volen.pl\/wp-content\/uploads\/2014\/10\/r-_DSC0128.jpg?resize=528%2C350&amp;ssl=1 528w\" width=\"163\" height=\"108\" loading=\"lazy\" data-original-width=\"163\" data-original-height=\"108\" itemprop=\"http:\/\/schema.org\/image\" title=\"r-_DSC0128\" alt=\"r-_DSC0128\" style=\"width: 163px; height: 108px;\" \/> <\/a> <\/div> <\/div> <!-- close group --> <div class=\"gallery-group images-1\" style=\"width: 167px; height: 112px;\" data-original-width=\"167\" data-original-height=\"112\" > <div class=\"tiled-gallery-item tiled-gallery-item-small\" itemprop=\"associatedMedia\" itemscope itemtype=\"http:\/\/schema.org\/ImageObject\"> <a href=\"https:\/\/www.volen.pl\/?attachment_id=746\" border=\"0\" itemprop=\"url\"> <meta itemprop=\"width\" content=\"163\"> <meta itemprop=\"height\" content=\"108\"> <img decoding=\"async\" class=\"\" data-attachment-id=\"746\" data-orig-file=\"https:\/\/www.volen.pl\/wp-content\/uploads\/2014\/10\/r-_DSC0122.jpg\" data-orig-size=\"1400,927\" data-comments-opened=\"\" data-image-meta=\"{&quot;aperture&quot;:&quot;9&quot;,&quot;credit&quot;:&quot;Przemyslaw \\u0027volen\\u0027 Wollenszleger&quot;,&quot;camera&quot;:&quot;NIKON D7000&quot;,&quot;caption&quot;:&quot;&quot;,&quot;created_timestamp&quot;:&quot;1414020391&quot;,&quot;copyright&quot;:&quot;&quot;,&quot;focal_length&quot;:&quot;35&quot;,&quot;iso&quot;:&quot;250&quot;,&quot;shutter_speed&quot;:&quot;0.003125&quot;,&quot;title&quot;:&quot;&quot;,&quot;orientation&quot;:&quot;1&quot;}\" data-image-title=\"r-_DSC0122\" data-image-description=\"\" data-medium-file=\"https:\/\/i0.wp.com\/www.volen.pl\/wp-content\/uploads\/2014\/10\/r-_DSC0122.jpg?fit=1024%2C678&#038;ssl=1\" data-large-file=\"https:\/\/i0.wp.com\/www.volen.pl\/wp-content\/uploads\/2014\/10\/r-_DSC0122.jpg?fit=1400%2C927&#038;ssl=1\" src=\"https:\/\/i0.wp.com\/www.volen.pl\/wp-content\/uploads\/2014\/10\/r-_DSC0122.jpg?w=163&#038;h=108&#038;ssl=1\" srcset=\"https:\/\/i0.wp.com\/www.volen.pl\/wp-content\/uploads\/2014\/10\/r-_DSC0122.jpg?w=1400&amp;ssl=1 1400w, https:\/\/i0.wp.com\/www.volen.pl\/wp-content\/uploads\/2014\/10\/r-_DSC0122.jpg?resize=1024%2C678&amp;ssl=1 1024w, https:\/\/i0.wp.com\/www.volen.pl\/wp-content\/uploads\/2014\/10\/r-_DSC0122.jpg?resize=528%2C350&amp;ssl=1 528w\" width=\"163\" height=\"108\" loading=\"lazy\" data-original-width=\"163\" data-original-height=\"108\" itemprop=\"http:\/\/schema.org\/image\" title=\"r-_DSC0122\" alt=\"r-_DSC0122\" style=\"width: 163px; height: 108px;\" \/> <\/a> <\/div> <\/div> <!-- close group --> <div class=\"gallery-group images-1\" style=\"width: 166px; height: 112px;\" data-original-width=\"166\" data-original-height=\"112\" > <div class=\"tiled-gallery-item tiled-gallery-item-small\" itemprop=\"associatedMedia\" itemscope itemtype=\"http:\/\/schema.org\/ImageObject\"> <a href=\"https:\/\/www.volen.pl\/?attachment_id=744\" border=\"0\" itemprop=\"url\"> <meta itemprop=\"width\" content=\"162\"> <meta itemprop=\"height\" content=\"108\"> <img decoding=\"async\" class=\"\" data-attachment-id=\"744\" data-orig-file=\"https:\/\/www.volen.pl\/wp-content\/uploads\/2014\/10\/r-_DSC0099.jpg\" data-orig-size=\"1400,927\" data-comments-opened=\"\" data-image-meta=\"{&quot;aperture&quot;:&quot;9&quot;,&quot;credit&quot;:&quot;Przemyslaw \\u0027volen\\u0027 Wollenszleger&quot;,&quot;camera&quot;:&quot;NIKON D7000&quot;,&quot;caption&quot;:&quot;&quot;,&quot;created_timestamp&quot;:&quot;1414018178&quot;,&quot;copyright&quot;:&quot;&quot;,&quot;focal_length&quot;:&quot;48&quot;,&quot;iso&quot;:&quot;400&quot;,&quot;shutter_speed&quot;:&quot;0.003125&quot;,&quot;title&quot;:&quot;&quot;,&quot;orientation&quot;:&quot;1&quot;}\" data-image-title=\"r-_DSC0099\" data-image-description=\"\" data-medium-file=\"https:\/\/i0.wp.com\/www.volen.pl\/wp-content\/uploads\/2014\/10\/r-_DSC0099.jpg?fit=1024%2C678&#038;ssl=1\" data-large-file=\"https:\/\/i0.wp.com\/www.volen.pl\/wp-content\/uploads\/2014\/10\/r-_DSC0099.jpg?fit=1400%2C927&#038;ssl=1\" src=\"https:\/\/i0.wp.com\/www.volen.pl\/wp-content\/uploads\/2014\/10\/r-_DSC0099.jpg?w=162&#038;h=108&#038;ssl=1\" srcset=\"https:\/\/i0.wp.com\/www.volen.pl\/wp-content\/uploads\/2014\/10\/r-_DSC0099.jpg?w=1400&amp;ssl=1 1400w, https:\/\/i0.wp.com\/www.volen.pl\/wp-content\/uploads\/2014\/10\/r-_DSC0099.jpg?resize=1024%2C678&amp;ssl=1 1024w, https:\/\/i0.wp.com\/www.volen.pl\/wp-content\/uploads\/2014\/10\/r-_DSC0099.jpg?resize=528%2C350&amp;ssl=1 528w\" width=\"162\" height=\"108\" loading=\"lazy\" data-original-width=\"162\" data-original-height=\"108\" itemprop=\"http:\/\/schema.org\/image\" title=\"r-_DSC0099\" alt=\"r-_DSC0099\" style=\"width: 162px; height: 108px;\" \/> <\/a> <\/div> <\/div> <!-- close group --> <\/div> <!-- close row --> <\/div><br \/>\nPo kilku godzinach jazdy, jak zrobi\u0142o si\u0119 ju\u017c bardzo ciemno, wjechali\u015bmy na miejsce przeznaczenia i wysiedli\u015bmy na wielkim terminalu.<br \/>\nZm\u0119czenie jazd\u0105 jest odwrotnie proporcjonalne do wysi\u0142ku fizycznego, jaki nale\u017cy w ni\u0105 w\u0142o\u017cy\u0107, wi\u0119c bez d\u0142ugich dyskusji poszli\u015bmy spa\u0107 do najbli\u017cszego hostelu, jaki znale\u017ali\u015bmy. By\u0142 to hostel Conquistadores. Nie mo\u017cemy zmusi\u0107 si\u0119 do napisania czegokolwiek pozytywnego o tym miejscu, poza tym, \u017ce na g\u0142ow\u0119 nie ciek\u0142a woda. Na reszt\u0119 spu\u015b\u0107my zas\u0142on\u0119 mi\u0142osierdzia.<br \/>\nA! Na nasze gor\u0105ce nalegania, ch\u0142opak przyni\u00f3s\u0142 nam dwa kubki gor\u0105cej wody. To ten plus, kt\u00f3ry nam wcze\u015bniej umkn\u0105\u0142. Zaparzyli\u015bmy li\u015bcie koki.<br \/>\nDobranoc.<\/p>\n","protected":false},"excerpt":{"rendered":"<p>W Casa del Inka na \u015bniadanie placuszki kukurydziane. Za\u017cyczy\u0142em dwa, bo przepyszne by\u0142y. Koci\u0105tko po\u017car\u0142o&#8230;<\/p>\n<div class=\"more-link-wrapper\"><a class=\"more-link\" href=\"https:\/\/www.volen.pl\/?p=732\">Read the post<span class=\"screen-reader-text\">el pecado mortal<\/span><\/a><\/div>\n","protected":false},"author":1,"featured_media":748,"comment_status":"closed","ping_status":"closed","sticky":false,"template":"","format":"standard","meta":{"_crdt_document":"","jetpack_post_was_ever_published":false,"_jetpack_newsletter_access":"","_jetpack_dont_email_post_to_subs":false,"_jetpack_newsletter_tier_id":0,"_jetpack_memberships_contains_paywalled_content":false,"_jetpack_memberships_contains_paid_content":false,"footnotes":"","jetpack_publicize_message":"","jetpack_publicize_feature_enabled":true,"jetpack_social_post_already_shared":true,"jetpack_social_options":{"image_generator_settings":{"template":"highway","default_image_id":0,"font":"","enabled":false},"version":2}},"categories":[138,93],"tags":[10,141,157,205,60,158],"class_list":["post-732","post","type-post","status-publish","format-standard","has-post-thumbnail","hentry","category-a-la-conquista-de-america","category-nawariata","tag-10","tag-ameryka","tag-cusco","tag-nawariata","tag-podroze","tag-puno","excerpt","zoom","full-without-featured","even","excerpt-0"],"jetpack_publicize_connections":[],"jetpack_featured_media_url":"https:\/\/i0.wp.com\/www.volen.pl\/wp-content\/uploads\/2014\/10\/r-_DSC9976.jpg?fit=1400%2C927&ssl=1","jetpack_shortlink":"https:\/\/wp.me\/p4lAri-bO","jetpack_sharing_enabled":true,"jetpack-related-posts":[{"id":727,"url":"https:\/\/www.volen.pl\/?p=727","url_meta":{"origin":732,"position":0},"title":"psotnik","author":"volen","date":"2014-10-21","format":false,"excerpt":"Anula popsu\u0142a pas bezpiecze\u0144stwa. Ma\u0142e to takie, s\u0142odkie, cz\u0142owiek da\u0142by sobie r\u0119k\u0119 uci\u0105\u0107, \u017ce nie b\u0119dzie psoci\u0107 i masz: trzeba by po\u017cegna\u0107 si\u0119 z r\u0119k\u0105. Anulka wydar\u0142a zapi\u0119cie pasa z fotela i z min\u0105 niewini\u0105tka stwierdzi\u0142a, \u017ce autokar popsuty... Droga do Cusco mia\u0142a zaj\u0105\u0107 14 godzin, ale ze wzgl\u0119du na\u2026","rel":"","context":"W \u201ea la conquista de Am\u00e9rica&quot;","block_context":{"text":"a la conquista de Am\u00e9rica","link":"https:\/\/www.volen.pl\/?cat=138"},"img":{"alt_text":"","src":"https:\/\/i0.wp.com\/www.volen.pl\/wp-content\/uploads\/2014\/10\/DSC9970_01.jpg?fit=1200%2C795&ssl=1&resize=350%2C200","width":350,"height":200,"srcset":"https:\/\/i0.wp.com\/www.volen.pl\/wp-content\/uploads\/2014\/10\/DSC9970_01.jpg?fit=1200%2C795&ssl=1&resize=350%2C200 1x, https:\/\/i0.wp.com\/www.volen.pl\/wp-content\/uploads\/2014\/10\/DSC9970_01.jpg?fit=1200%2C795&ssl=1&resize=525%2C300 1.5x, https:\/\/i0.wp.com\/www.volen.pl\/wp-content\/uploads\/2014\/10\/DSC9970_01.jpg?fit=1200%2C795&ssl=1&resize=700%2C400 2x, https:\/\/i0.wp.com\/www.volen.pl\/wp-content\/uploads\/2014\/10\/DSC9970_01.jpg?fit=1200%2C795&ssl=1&resize=1050%2C600 3x"},"classes":[]},{"id":2505,"url":"https:\/\/www.volen.pl\/?p=2505","url_meta":{"origin":732,"position":1},"title":"K\u0142opot z pami\u0119ci\u0105. I ch\u0119ci\u0105.","author":"volen","date":"2018-06-14","format":false,"excerpt":"Pobudka w d\u017awi\u0119kach bzyczenia komar\u00f3w, szybkie pakowanie jak przed nadchodz\u0105cym frontem, czarna, s\u0142odka kawa i jazda przed siebie. Na kr\u00f3tkim postoju jeszcze par\u0119 zdj\u0119\u0107, przy okazji znalaz\u0142em kilka dodatkowych skamienia\u0142o\u015bci skorupiak\u00f3w. Opu\u015bcili\u015bmy brzegi jeziora kr\u00f3tk\u0105 wspinaczk\u0105 na p\u0142aski jak st\u00f3\u0142 p\u0142askowy\u017c. Nakopali\u015bmy sadzonek na dzia\u0142k\u0119. Nie wiemy, czy to legalne.\u2026","rel":"","context":"W \u201enawariata&quot;","block_context":{"text":"nawariata","link":"https:\/\/www.volen.pl\/?cat=93"},"img":{"alt_text":"","src":"https:\/\/i0.wp.com\/www.volen.pl\/wp-content\/uploads\/2018\/06\/VOL1780.jpg?fit=1200%2C795&ssl=1&resize=350%2C200","width":350,"height":200,"srcset":"https:\/\/i0.wp.com\/www.volen.pl\/wp-content\/uploads\/2018\/06\/VOL1780.jpg?fit=1200%2C795&ssl=1&resize=350%2C200 1x, https:\/\/i0.wp.com\/www.volen.pl\/wp-content\/uploads\/2018\/06\/VOL1780.jpg?fit=1200%2C795&ssl=1&resize=525%2C300 1.5x, https:\/\/i0.wp.com\/www.volen.pl\/wp-content\/uploads\/2018\/06\/VOL1780.jpg?fit=1200%2C795&ssl=1&resize=700%2C400 2x, https:\/\/i0.wp.com\/www.volen.pl\/wp-content\/uploads\/2018\/06\/VOL1780.jpg?fit=1200%2C795&ssl=1&resize=1050%2C600 3x"},"classes":[]},{"id":766,"url":"https:\/\/www.volen.pl\/?p=766","url_meta":{"origin":732,"position":2},"title":"gaz \u0142zawi\u0105cy","author":"volen","date":"2014-10-24","format":false,"excerpt":"Potworny b\u00f3l g\u0142owy. Piek\u0105ce oczy. Kaszel i krztuszenie si\u0119. Zawsze tak jest, jak policja r\u0105bie w cz\u0142owieka gazem \u0142zawi\u0105cym. A nie chcieli\u015bmy nic z\u0142ego. Po prostu napi\u0107 si\u0119 kawy. Ale po kolei... Na \u015bniadanie w hotelu nie by\u0142o co liczy\u0107, poszli\u015bmy wi\u0119c do restauracji, gdzie po omacku zamawiaj\u0105c dostali\u015bmy jajecznic\u0119\u2026","rel":"","context":"W \u201ea la conquista de Am\u00e9rica&quot;","block_context":{"text":"a la conquista de Am\u00e9rica","link":"https:\/\/www.volen.pl\/?cat=138"},"img":{"alt_text":"","src":"https:\/\/i0.wp.com\/www.volen.pl\/wp-content\/uploads\/2014\/10\/r_DSC0323.jpg?fit=1200%2C795&ssl=1&resize=350%2C200","width":350,"height":200,"srcset":"https:\/\/i0.wp.com\/www.volen.pl\/wp-content\/uploads\/2014\/10\/r_DSC0323.jpg?fit=1200%2C795&ssl=1&resize=350%2C200 1x, https:\/\/i0.wp.com\/www.volen.pl\/wp-content\/uploads\/2014\/10\/r_DSC0323.jpg?fit=1200%2C795&ssl=1&resize=525%2C300 1.5x, https:\/\/i0.wp.com\/www.volen.pl\/wp-content\/uploads\/2014\/10\/r_DSC0323.jpg?fit=1200%2C795&ssl=1&resize=700%2C400 2x, https:\/\/i0.wp.com\/www.volen.pl\/wp-content\/uploads\/2014\/10\/r_DSC0323.jpg?fit=1200%2C795&ssl=1&resize=1050%2C600 3x"},"classes":[]},{"id":2084,"url":"https:\/\/www.volen.pl\/?p=2084","url_meta":{"origin":732,"position":3},"title":"Fiordy Zachodnie","author":"volen","date":"2016-11-16","format":false,"excerpt":"Dzisiejszej nocy wichura omal nie przestawi\u0142a samochodu... Hyundai Santa Fe ma z ty\u0142u k\u0105t natarcia, jak \u015bciana hipermarketu, wi\u0119c trz\u0119s\u0142o nim porz\u0105dnie. Wiatr zrywa\u0142 si\u0119 nagle, falami tak, \u017ce nie spos\u00f3b by\u0142o do tego przywykn\u0105\u0107. Nad ranem (ok. 6.00) obudzili mnie przyjezdni azjaci. Du\u017co i g\u0142o\u015bno m\u00f3wili, wi\u0119c doszed\u0142em do\u2026","rel":"","context":"W \u201eIslandia: snj\u00f3r, \u00eds og eldur&quot;","block_context":{"text":"Islandia: snj\u00f3r, \u00eds og eldur","link":"https:\/\/www.volen.pl\/?cat=268"},"img":{"alt_text":"","src":"https:\/\/i0.wp.com\/www.volen.pl\/wp-content\/uploads\/2017\/04\/widok-z-g%C3%B3ry-_VOL5262.jpg?fit=1200%2C795&ssl=1&resize=350%2C200","width":350,"height":200,"srcset":"https:\/\/i0.wp.com\/www.volen.pl\/wp-content\/uploads\/2017\/04\/widok-z-g%C3%B3ry-_VOL5262.jpg?fit=1200%2C795&ssl=1&resize=350%2C200 1x, https:\/\/i0.wp.com\/www.volen.pl\/wp-content\/uploads\/2017\/04\/widok-z-g%C3%B3ry-_VOL5262.jpg?fit=1200%2C795&ssl=1&resize=525%2C300 1.5x, https:\/\/i0.wp.com\/www.volen.pl\/wp-content\/uploads\/2017\/04\/widok-z-g%C3%B3ry-_VOL5262.jpg?fit=1200%2C795&ssl=1&resize=700%2C400 2x, https:\/\/i0.wp.com\/www.volen.pl\/wp-content\/uploads\/2017\/04\/widok-z-g%C3%B3ry-_VOL5262.jpg?fit=1200%2C795&ssl=1&resize=1050%2C600 3x"},"classes":[]},{"id":492,"url":"https:\/\/www.volen.pl\/?p=492","url_meta":{"origin":732,"position":4},"title":"Ostatnia wieczerza. Martvili.","author":"volen","date":"2014-04-01","format":false,"excerpt":"W zugdzidzkim hotelu otrzyma\u0142em, jak dot\u0105d, najlepsz\u0105 turkisz kofi, jak\u0105 w \u017cyciu pi\u0142em. Ania te\u017c. Cho\u0107 w\u0105tpi\u0119 osobi\u015bcie, czy to zauwa\u017cy\u0142a, gdy\u017c woli herbaty. Poza tym, cz\u0119\u015b\u0107 jej odpi\u0142em, \u017ceby nie mia\u0142a za dobrze. Posileni kaw\u0105 poszli\u015bmy schwyta\u0107 marszrutk\u0119 do Martvili, kt\u00f3re to wynalaz\u0142 Kot m\u00f3j ciekawski. Wiemy, \u017ce jest\u2026","rel":"","context":"W \u201eGruzja 2014&quot;","block_context":{"text":"Gruzja 2014","link":"https:\/\/www.volen.pl\/?cat=133"},"img":{"alt_text":"","src":"https:\/\/i0.wp.com\/www.volen.pl\/wp-content\/uploads\/2014\/04\/kapliczka-_DSC6617.jpg?fit=795%2C1200&ssl=1&resize=350%2C200","width":350,"height":200,"srcset":"https:\/\/i0.wp.com\/www.volen.pl\/wp-content\/uploads\/2014\/04\/kapliczka-_DSC6617.jpg?fit=795%2C1200&ssl=1&resize=350%2C200 1x, https:\/\/i0.wp.com\/www.volen.pl\/wp-content\/uploads\/2014\/04\/kapliczka-_DSC6617.jpg?fit=795%2C1200&ssl=1&resize=525%2C300 1.5x, https:\/\/i0.wp.com\/www.volen.pl\/wp-content\/uploads\/2014\/04\/kapliczka-_DSC6617.jpg?fit=795%2C1200&ssl=1&resize=700%2C400 2x"},"classes":[]},{"id":191,"url":"https:\/\/www.volen.pl\/?p=191","url_meta":{"origin":732,"position":5},"title":"Wielki Powr\u00f3t do Domu","author":"volen","date":"2013-08-28","format":false,"excerpt":"bo wsz\u0119dzie dobrze, ale w domu najlepiej. Tak wi\u0119c powr\u00f3t rozpocz\u0105\u0142 si\u0119 z rana w Herceg Novi, gdzie bez zb\u0119dnego po\u015bpiechu spakowali\u015bmy si\u0119, zjedli\u015bmy ma\u0142e co nieco oraz zapili\u015bmy kaw\u0105, po czym ruszyli\u015bmy szuka\u0107 transportu do Tivat. W tym miejscu, w Herceg Novi, m\u00f3j Kot postanowi\u0142 po\u017cegna\u0107 swoje ulubione podr\u00f3\u017cne\u2026","rel":"","context":"W \u201eMontenegro 2013&quot;","block_context":{"text":"Montenegro 2013","link":"https:\/\/www.volen.pl\/?cat=134"},"img":{"alt_text":"","src":"","width":0,"height":0},"classes":[]}],"_links":{"self":[{"href":"https:\/\/www.volen.pl\/index.php?rest_route=\/wp\/v2\/posts\/732","targetHints":{"allow":["GET"]}}],"collection":[{"href":"https:\/\/www.volen.pl\/index.php?rest_route=\/wp\/v2\/posts"}],"about":[{"href":"https:\/\/www.volen.pl\/index.php?rest_route=\/wp\/v2\/types\/post"}],"author":[{"embeddable":true,"href":"https:\/\/www.volen.pl\/index.php?rest_route=\/wp\/v2\/users\/1"}],"replies":[{"embeddable":true,"href":"https:\/\/www.volen.pl\/index.php?rest_route=%2Fwp%2Fv2%2Fcomments&post=732"}],"version-history":[{"count":2,"href":"https:\/\/www.volen.pl\/index.php?rest_route=\/wp\/v2\/posts\/732\/revisions"}],"predecessor-version":[{"id":749,"href":"https:\/\/www.volen.pl\/index.php?rest_route=\/wp\/v2\/posts\/732\/revisions\/749"}],"wp:featuredmedia":[{"embeddable":true,"href":"https:\/\/www.volen.pl\/index.php?rest_route=\/wp\/v2\/media\/748"}],"wp:attachment":[{"href":"https:\/\/www.volen.pl\/index.php?rest_route=%2Fwp%2Fv2%2Fmedia&parent=732"}],"wp:term":[{"taxonomy":"category","embeddable":true,"href":"https:\/\/www.volen.pl\/index.php?rest_route=%2Fwp%2Fv2%2Fcategories&post=732"},{"taxonomy":"post_tag","embeddable":true,"href":"https:\/\/www.volen.pl\/index.php?rest_route=%2Fwp%2Fv2%2Ftags&post=732"}],"curies":[{"name":"wp","href":"https:\/\/api.w.org\/{rel}","templated":true}]}}