{"id":793,"date":"2014-10-25T18:13:48","date_gmt":"2014-10-25T16:13:48","guid":{"rendered":"http:\/\/www.volen.pl\/?p=793"},"modified":"2014-10-31T21:50:50","modified_gmt":"2014-10-31T20:50:50","slug":"biale-miasto-i-wystepy-gromowladnych","status":"publish","type":"post","link":"https:\/\/www.volen.pl\/?p=793","title":{"rendered":"Bia\u0142e miasto i wyst\u0119py gromow\u0142adnych"},"content":{"rendered":"<p>Noc sp\u0119dzili\u015bmy w hostelu, kt\u00f3ry nie mia\u0142 miejsc, ale przyduszeni nasz\u0105 ponur\u0105, nie zwiastuj\u0105c\u0105 niczego dobrego obecno\u015bci\u0105, w\u0142a\u015bciciele znale\u017ali dla nas pok\u00f3j, kt\u00f3ry przypomina\u0142 kropka w kropk\u0119 ten, kt\u00f3ry zarezerwowali\u015bmy. Wydaje si\u0119, \u017ce negatywna opinia na<a title=\"booking.com\" href=\"http:\/\/booking.com\" target=\"_blank\"> booking.com<\/a> nie jest tym, czego ci ludzie potrzebuj\u0105.<br \/>\nB\u0105d\u017a, co b\u0105d\u017a noc up\u0142yn\u0119\u0142a spokojnie, w pokoju by\u0142o p\u00f3\u0142torej \u0142\u00f3\u017cka, \u015bciana frontowa zrobiona z matowionego szk\u0142a, drzwi tak\u017ce, podobnie jak \u015bciana w toalecie, tak wi\u0119c wszelakiego rodzaju czynno\u015bci fizjologiczne obarczone by\u0142y pe\u0142nym weso\u0142o\u015bci rozgl\u0105daniem si\u0119 wok\u00f3\u0142 siebie.<br \/>\nPo przedziwnym \u015bniadaniu, z\u0142o\u017conym z soku, 5 bu\u0142ek i \u0142y\u017ceczki d\u017cemu na wszystko, pokrzepieni, ruszyli\u015bmy na miasto. Pierwsz\u0105 rzecz\u0105, kt\u00f3ra rzuci\u0142a nam si\u0119 w przymru\u017cone blaskiem oczy by\u0142a specjalizacja ulic. Na ka\u017cdej ulicy mo\u017cna dosta\u0107 co\u015b innego. Na jednej siedz\u0105 wszyscy optycy z miasta, na drugiej sprzedawcy instrument\u00f3w muzycznych, nast\u0119pnie kaletnicy i tak dalej. W sumie fajna sprawa bior\u0105c pod uwag\u0119, \u017ce my, chc\u0105c co\u015b por\u00f3wna\u0107 u konkurencji musimy teleportowa\u0107 si\u0119 z Gdyni do Gda\u0144ska na ten przyk\u0142ad. Korzystaj\u0105c z nadarzaj\u0105cej si\u0119 okazji, czyli ca\u0142ych stad optyk\u00f3w, zakupili\u015bmy Kotu nowe okulary przeciws\u0142oneczne, kt\u00f3re do czaszki \u0142adnie przylegaj\u0105, tworz\u0105c ten look, kt\u00f3ry uwielbiam. Samemu nie kupi\u0142em \u017cadnych, gdy\u017c jest to wyrzucanie pieni\u0119dzy w b\u0142oto, albowiem i tak nie u\u017cywam ze wzgl\u0119du na przyro\u015bni\u0119ty do prawego oka wizjer aparatu fotograficznego.<br \/>\nKot, wyposa\u017cony w okulary, nareszcie przesta\u0142 si\u0119 nerwowo mru\u017cy\u0107 i przyuwa\u017cy\u0142 katedr\u0119 na Plaza de Armas, kt\u00f3r\u0105\u015bmy postanowili zwiedzi\u0107, wcze\u015bniej po drodze wypijaj\u0105c wyci\u015bni\u0119ty z zielonych ro\u015blin obrzydliwy w smaku sok.<a href=\"https:\/\/i0.wp.com\/www.volen.pl\/wp-content\/uploads\/2014\/10\/zielony-sok-_DSC0398.jpg?ssl=1\"><img data-recalc-dims=\"1\" loading=\"lazy\" decoding=\"async\" data-attachment-id=\"800\" data-permalink=\"https:\/\/www.volen.pl\/?attachment_id=800\" data-orig-file=\"https:\/\/i0.wp.com\/www.volen.pl\/wp-content\/uploads\/2014\/10\/zielony-sok-_DSC0398.jpg?fit=1284%2C1612&amp;ssl=1\" data-orig-size=\"1284,1612\" data-comments-opened=\"0\" data-image-meta=\"{&quot;aperture&quot;:&quot;2.8&quot;,&quot;credit&quot;:&quot;Przemyslaw &#039;volen&#039; Wollenszleger&quot;,&quot;camera&quot;:&quot;NIKON D7000&quot;,&quot;caption&quot;:&quot;&quot;,&quot;created_timestamp&quot;:&quot;1414259821&quot;,&quot;copyright&quot;:&quot;&quot;,&quot;focal_length&quot;:&quot;14&quot;,&quot;iso&quot;:&quot;640&quot;,&quot;shutter_speed&quot;:&quot;0.0125&quot;,&quot;title&quot;:&quot;&quot;,&quot;orientation&quot;:&quot;1&quot;}\" data-image-title=\"zielony sok _DSC0398\" data-image-description=\"\" data-image-caption=\"\" data-large-file=\"https:\/\/i0.wp.com\/www.volen.pl\/wp-content\/uploads\/2014\/10\/zielony-sok-_DSC0398.jpg?fit=1284%2C1612&amp;ssl=1\" class=\"alignnone size-medium wp-image-800\" src=\"https:\/\/i0.wp.com\/www.volen.pl\/wp-content\/uploads\/2014\/10\/zielony-sok-_DSC0398.jpg?resize=815%2C1024&#038;ssl=1\" alt=\"zielony sok _DSC0398\" width=\"815\" height=\"1024\" srcset=\"https:\/\/i0.wp.com\/www.volen.pl\/wp-content\/uploads\/2014\/10\/zielony-sok-_DSC0398.jpg?resize=815%2C1024&amp;ssl=1 815w, https:\/\/i0.wp.com\/www.volen.pl\/wp-content\/uploads\/2014\/10\/zielony-sok-_DSC0398.jpg?resize=278%2C350&amp;ssl=1 278w, https:\/\/i0.wp.com\/www.volen.pl\/wp-content\/uploads\/2014\/10\/zielony-sok-_DSC0398.jpg?w=1284&amp;ssl=1 1284w\" sizes=\"auto, (max-width: 815px) 100vw, 815px\" \/><\/a><\/p>\n<p>W Arequipie, podobnie zreszt\u0105, jak w ca\u0142ym Peru, to jest tak:<br \/>\nBilet wst\u0119pu kosztuje 10 soli. Na osob\u0119. Tak wi\u0119c turysta szykuje si\u0119 na 20 soli. Po czym dowiaduje si\u0119, \u017ce mo\u017ce spokojnie wykupi\u0107 tak\u017ce przewodnika, kt\u00f3ry w cywilizowanycm j\u0119zyku obja\u015bni, co i jak. Taki przewodnik kosztuje 10 soli, p\u0142atne po zwiedzaniu. Jest tylko takie ma\u0142e, malutkie <em>ale<\/em>. Przewodnik jest obligatoryjny.<\/p>\n<p>R\u0119ce opadaj\u0105. Wzi\u0119li\u015bmy wychudzon\u0105 laseczk\u0119 za przewodnika i wchodzimy. Poczekali\u015bmy, a\u017c zarz\u0105dzaj\u0105ca zapisze sobie numery, wyda bilety i uko\u0144czy inne tajemnicze czynno\u015bci biurowe. Na samym wej\u015bciu zasieki i stra\u017cnik: nie wolno wnosi\u0107 statywu. Hmmm&#8230;\u00a0 Wracamy do kontuaru i zaczyna si\u0119 t\u0142umaczenie, \u017ce statyw nie niszczy arcydzie\u0142, podobnie jak i my, \u017ce taki przepis generalnie mija si\u0119 z rozumem w bezpiecznej odleg\u0142o\u015bci itp. Po paru minutach wida\u0107 na naszych twarzach, i\u017c jeste\u015bmy bliscy rezygnacji, a to ju\u017c nie bardzo si\u0119 podoba: raz, \u017ce przewodniczka ju\u017c-ju\u017c obw\u0105cha\u0142a swoje 10 soli, a tu kicha wychodzi, dwa, \u017ce urz\u0119dniczka b\u0119dzie musia\u0142a storno jakowe\u015b tajemnicze zrobi\u0107, a potem si\u0119 z tego t\u0142umaczy\u0107.<br \/>\nPoddali si\u0119. Weszli\u015bmy ze statywem. Mn\u00f3stwo z\u0142ota, brylant\u00f3w, szmaragd\u00f3w, rubin\u00f3w i innych \u015bwiec\u0105cych \u015bwiecide\u0142ek, kt\u00f3re mnie absolutnie nie kr\u0119c\u0105. Ale warto by\u0142o zaj\u015b\u0107, popatrze\u0107 i pos\u0142ucha\u0107 ze wzgl\u0119du na dwa habity, w kt\u00f3re z powodzeniem mo\u017cna przebra\u0107 aktor\u00f3w do horroru. Przecudowne, budz\u0105ce groz\u0119 habity z kapturami. \u015aliczno\u015bci. Oczywi\u015bcie, innym mo\u017ce si\u0119 co innego spodoba\u0107, B\u00f3g raczy wiedzie\u0107. Akurat tam nie mo\u017cna by\u0142o robi\u0107 zdj\u0119\u0107&#8230;<\/p>\n<div class=\"tiled-gallery type-rectangular tiled-gallery-unresized\" data-original-width=\"500\" data-carousel-extra='{&quot;blog_id&quot;:1,&quot;permalink&quot;:&quot;https:\\\/\\\/www.volen.pl\\\/?p=793&quot;,&quot;likes_blog_id&quot;:64250308}' itemscope itemtype=\"http:\/\/schema.org\/ImageGallery\" > <div class=\"gallery-row\" style=\"width: 500px; height: 430px;\" data-original-width=\"500\" data-original-height=\"430\" > <div class=\"gallery-group images-3\" style=\"width: 214px; height: 430px;\" data-original-width=\"214\" data-original-height=\"430\" > <div class=\"tiled-gallery-item tiled-gallery-item-small\" itemprop=\"associatedMedia\" itemscope itemtype=\"http:\/\/schema.org\/ImageObject\"> <a href=\"https:\/\/www.volen.pl\/?attachment_id=801\" border=\"0\" itemprop=\"url\"> <meta itemprop=\"width\" content=\"210\"> <meta itemprop=\"height\" content=\"139\"> <img decoding=\"async\" class=\"\" data-attachment-id=\"801\" data-orig-file=\"https:\/\/www.volen.pl\/wp-content\/uploads\/2014\/10\/DSC0409.jpg\" data-orig-size=\"2464,1632\" data-comments-opened=\"\" data-image-meta=\"{&quot;aperture&quot;:&quot;9&quot;,&quot;credit&quot;:&quot;Przemyslaw \\u0027volen\\u0027 Wollenszleger&quot;,&quot;camera&quot;:&quot;NIKON D7000&quot;,&quot;caption&quot;:&quot;&quot;,&quot;created_timestamp&quot;:&quot;1414260989&quot;,&quot;copyright&quot;:&quot;&quot;,&quot;focal_length&quot;:&quot;14&quot;,&quot;iso&quot;:&quot;160&quot;,&quot;shutter_speed&quot;:&quot;0.003125&quot;,&quot;title&quot;:&quot;&quot;,&quot;orientation&quot;:&quot;1&quot;}\" data-image-title=\"_DSC0409\" data-image-description=\"\" data-medium-file=\"https:\/\/i0.wp.com\/www.volen.pl\/wp-content\/uploads\/2014\/10\/DSC0409.jpg?fit=1024%2C678&#038;ssl=1\" data-large-file=\"https:\/\/i0.wp.com\/www.volen.pl\/wp-content\/uploads\/2014\/10\/DSC0409.jpg?fit=2048%2C1356&#038;ssl=1\" src=\"https:\/\/i0.wp.com\/www.volen.pl\/wp-content\/uploads\/2014\/10\/DSC0409.jpg?w=210&#038;h=139&#038;ssl=1\" srcset=\"https:\/\/i0.wp.com\/www.volen.pl\/wp-content\/uploads\/2014\/10\/DSC0409.jpg?w=2464&amp;ssl=1 2464w, https:\/\/i0.wp.com\/www.volen.pl\/wp-content\/uploads\/2014\/10\/DSC0409.jpg?resize=1024%2C678&amp;ssl=1 1024w, https:\/\/i0.wp.com\/www.volen.pl\/wp-content\/uploads\/2014\/10\/DSC0409.jpg?resize=2048%2C1356&amp;ssl=1 2048w, https:\/\/i0.wp.com\/www.volen.pl\/wp-content\/uploads\/2014\/10\/DSC0409.jpg?resize=528%2C350&amp;ssl=1 528w\" width=\"210\" height=\"139\" loading=\"lazy\" data-original-width=\"210\" data-original-height=\"139\" itemprop=\"http:\/\/schema.org\/image\" title=\"_DSC0409\" alt=\"_DSC0409\" style=\"width: 210px; height: 139px;\" \/> <\/a> <\/div> <div class=\"tiled-gallery-item tiled-gallery-item-small\" itemprop=\"associatedMedia\" itemscope itemtype=\"http:\/\/schema.org\/ImageObject\"> <a href=\"https:\/\/www.volen.pl\/?attachment_id=806\" border=\"0\" itemprop=\"url\"> <meta itemprop=\"width\" content=\"210\"> <meta itemprop=\"height\" content=\"140\"> <img decoding=\"async\" class=\"\" data-attachment-id=\"806\" data-orig-file=\"https:\/\/www.volen.pl\/wp-content\/uploads\/2014\/10\/o\u0142tarz-_DSC0431.jpg\" data-orig-size=\"1600,1060\" data-comments-opened=\"\" data-image-meta=\"{&quot;aperture&quot;:&quot;0&quot;,&quot;credit&quot;:&quot;&quot;,&quot;camera&quot;:&quot;&quot;,&quot;caption&quot;:&quot;&quot;,&quot;created_timestamp&quot;:&quot;0&quot;,&quot;copyright&quot;:&quot;&quot;,&quot;focal_length&quot;:&quot;0&quot;,&quot;iso&quot;:&quot;0&quot;,&quot;shutter_speed&quot;:&quot;0&quot;,&quot;title&quot;:&quot;&quot;,&quot;orientation&quot;:&quot;0&quot;}\" data-image-title=\"o\u0142tarz _DSC0431\" data-image-description=\"\" data-medium-file=\"https:\/\/i0.wp.com\/www.volen.pl\/wp-content\/uploads\/2014\/10\/o%C5%82tarz-_DSC0431.jpg?fit=1024%2C678&#038;ssl=1\" data-large-file=\"https:\/\/i0.wp.com\/www.volen.pl\/wp-content\/uploads\/2014\/10\/o%C5%82tarz-_DSC0431.jpg?fit=1600%2C1060&#038;ssl=1\" src=\"https:\/\/i0.wp.com\/www.volen.pl\/wp-content\/uploads\/2014\/10\/o%C5%82tarz-_DSC0431.jpg?w=210&#038;h=140&#038;ssl=1\" width=\"210\" height=\"140\" loading=\"lazy\" data-original-width=\"210\" data-original-height=\"140\" itemprop=\"http:\/\/schema.org\/image\" title=\"o\u0142tarz _DSC0431\" alt=\"o\u0142tarz _DSC0431\" style=\"width: 210px; height: 140px;\" \/> <\/a> <\/div> <div class=\"tiled-gallery-item tiled-gallery-item-small\" itemprop=\"associatedMedia\" itemscope itemtype=\"http:\/\/schema.org\/ImageObject\"> <a href=\"https:\/\/www.volen.pl\/?attachment_id=807\" border=\"0\" itemprop=\"url\"> <meta itemprop=\"width\" content=\"210\"> <meta itemprop=\"height\" content=\"139\"> <img decoding=\"async\" class=\"\" data-attachment-id=\"807\" data-orig-file=\"https:\/\/www.volen.pl\/wp-content\/uploads\/2014\/10\/organki-_DSC0428.jpg\" data-orig-size=\"1600,1060\" data-comments-opened=\"\" data-image-meta=\"{&quot;aperture&quot;:&quot;0&quot;,&quot;credit&quot;:&quot;&quot;,&quot;camera&quot;:&quot;&quot;,&quot;caption&quot;:&quot;&quot;,&quot;created_timestamp&quot;:&quot;0&quot;,&quot;copyright&quot;:&quot;&quot;,&quot;focal_length&quot;:&quot;0&quot;,&quot;iso&quot;:&quot;0&quot;,&quot;shutter_speed&quot;:&quot;0&quot;,&quot;title&quot;:&quot;&quot;,&quot;orientation&quot;:&quot;0&quot;}\" data-image-title=\"organki _DSC0428\" data-image-description=\"\" data-medium-file=\"https:\/\/i0.wp.com\/www.volen.pl\/wp-content\/uploads\/2014\/10\/organki-_DSC0428.jpg?fit=1024%2C678&#038;ssl=1\" data-large-file=\"https:\/\/i0.wp.com\/www.volen.pl\/wp-content\/uploads\/2014\/10\/organki-_DSC0428.jpg?fit=1600%2C1060&#038;ssl=1\" src=\"https:\/\/i0.wp.com\/www.volen.pl\/wp-content\/uploads\/2014\/10\/organki-_DSC0428.jpg?w=210&#038;h=139&#038;ssl=1\" srcset=\"https:\/\/i0.wp.com\/www.volen.pl\/wp-content\/uploads\/2014\/10\/organki-_DSC0428.jpg?w=1600&amp;ssl=1 1600w, https:\/\/i0.wp.com\/www.volen.pl\/wp-content\/uploads\/2014\/10\/organki-_DSC0428.jpg?resize=1024%2C678&amp;ssl=1 1024w, https:\/\/i0.wp.com\/www.volen.pl\/wp-content\/uploads\/2014\/10\/organki-_DSC0428.jpg?resize=528%2C350&amp;ssl=1 528w\" width=\"210\" height=\"139\" loading=\"lazy\" data-original-width=\"210\" data-original-height=\"139\" itemprop=\"http:\/\/schema.org\/image\" title=\"organki _DSC0428\" alt=\"organki _DSC0428\" style=\"width: 210px; height: 139px;\" \/> <\/a> <\/div> <\/div> <!-- close group --> <div class=\"gallery-group images-1\" style=\"width: 286px; height: 430px;\" data-original-width=\"286\" data-original-height=\"430\" > <div class=\"tiled-gallery-item tiled-gallery-item-large\" itemprop=\"associatedMedia\" itemscope itemtype=\"http:\/\/schema.org\/ImageObject\"> <a href=\"https:\/\/www.volen.pl\/?attachment_id=805\" border=\"0\" itemprop=\"url\"> <meta itemprop=\"width\" content=\"282\"> <meta itemprop=\"height\" content=\"426\"> <img decoding=\"async\" class=\"\" data-attachment-id=\"805\" data-orig-file=\"https:\/\/www.volen.pl\/wp-content\/uploads\/2014\/10\/DSC04581.jpg\" data-orig-size=\"1632,2464\" data-comments-opened=\"\" data-image-meta=\"{&quot;aperture&quot;:&quot;10&quot;,&quot;credit&quot;:&quot;Przemyslaw \\u0027volen\\u0027 Wollenszleger&quot;,&quot;camera&quot;:&quot;NIKON D7000&quot;,&quot;caption&quot;:&quot;&quot;,&quot;created_timestamp&quot;:&quot;1414265918&quot;,&quot;copyright&quot;:&quot;&quot;,&quot;focal_length&quot;:&quot;14&quot;,&quot;iso&quot;:&quot;125&quot;,&quot;shutter_speed&quot;:&quot;0.003125&quot;,&quot;title&quot;:&quot;&quot;,&quot;orientation&quot;:&quot;1&quot;}\" data-image-title=\"_DSC0458\" data-image-description=\"\" data-medium-file=\"https:\/\/i0.wp.com\/www.volen.pl\/wp-content\/uploads\/2014\/10\/DSC04581.jpg?fit=678%2C1024&#038;ssl=1\" data-large-file=\"https:\/\/i0.wp.com\/www.volen.pl\/wp-content\/uploads\/2014\/10\/DSC04581.jpg?fit=1356%2C2048&#038;ssl=1\" src=\"https:\/\/i0.wp.com\/www.volen.pl\/wp-content\/uploads\/2014\/10\/DSC04581.jpg?w=282&#038;h=426&#038;ssl=1\" srcset=\"https:\/\/i0.wp.com\/www.volen.pl\/wp-content\/uploads\/2014\/10\/DSC04581.jpg?w=1632&amp;ssl=1 1632w, https:\/\/i0.wp.com\/www.volen.pl\/wp-content\/uploads\/2014\/10\/DSC04581.jpg?resize=678%2C1024&amp;ssl=1 678w, https:\/\/i0.wp.com\/www.volen.pl\/wp-content\/uploads\/2014\/10\/DSC04581.jpg?resize=1356%2C2048&amp;ssl=1 1356w, https:\/\/i0.wp.com\/www.volen.pl\/wp-content\/uploads\/2014\/10\/DSC04581.jpg?resize=231%2C350&amp;ssl=1 231w\" width=\"282\" height=\"426\" loading=\"lazy\" data-original-width=\"282\" data-original-height=\"426\" itemprop=\"http:\/\/schema.org\/image\" title=\"_DSC0458\" alt=\"_DSC0458\" style=\"width: 282px; height: 426px;\" \/> <\/a> <\/div> <\/div> <!-- close group --> <\/div> <!-- close row --> <div class=\"gallery-row\" style=\"width: 500px; height: 333px;\" data-original-width=\"500\" data-original-height=\"333\" > <div class=\"gallery-group images-1\" style=\"width: 500px; height: 333px;\" data-original-width=\"500\" data-original-height=\"333\" > <div class=\"tiled-gallery-item tiled-gallery-item-large\" itemprop=\"associatedMedia\" itemscope itemtype=\"http:\/\/schema.org\/ImageObject\"> <a href=\"https:\/\/www.volen.pl\/?attachment_id=803\" border=\"0\" itemprop=\"url\"> <meta itemprop=\"width\" content=\"496\"> <meta itemprop=\"height\" content=\"329\"> <img decoding=\"async\" class=\"\" data-attachment-id=\"803\" data-orig-file=\"https:\/\/www.volen.pl\/wp-content\/uploads\/2014\/10\/DSC0454.jpg\" data-orig-size=\"2464,1632\" data-comments-opened=\"\" data-image-meta=\"{&quot;aperture&quot;:&quot;10&quot;,&quot;credit&quot;:&quot;Przemyslaw \\u0027volen\\u0027 Wollenszleger&quot;,&quot;camera&quot;:&quot;NIKON D7000&quot;,&quot;caption&quot;:&quot;&quot;,&quot;created_timestamp&quot;:&quot;1414265728&quot;,&quot;copyright&quot;:&quot;&quot;,&quot;focal_length&quot;:&quot;14&quot;,&quot;iso&quot;:&quot;500&quot;,&quot;shutter_speed&quot;:&quot;0.003125&quot;,&quot;title&quot;:&quot;&quot;,&quot;orientation&quot;:&quot;1&quot;}\" data-image-title=\"_DSC0454\" data-image-description=\"\" data-medium-file=\"https:\/\/i0.wp.com\/www.volen.pl\/wp-content\/uploads\/2014\/10\/DSC0454.jpg?fit=1024%2C678&#038;ssl=1\" data-large-file=\"https:\/\/i0.wp.com\/www.volen.pl\/wp-content\/uploads\/2014\/10\/DSC0454.jpg?fit=2048%2C1356&#038;ssl=1\" src=\"https:\/\/i0.wp.com\/www.volen.pl\/wp-content\/uploads\/2014\/10\/DSC0454.jpg?w=496&#038;h=329&#038;ssl=1\" srcset=\"https:\/\/i0.wp.com\/www.volen.pl\/wp-content\/uploads\/2014\/10\/DSC0454.jpg?w=2464&amp;ssl=1 2464w, https:\/\/i0.wp.com\/www.volen.pl\/wp-content\/uploads\/2014\/10\/DSC0454.jpg?resize=1024%2C678&amp;ssl=1 1024w, https:\/\/i0.wp.com\/www.volen.pl\/wp-content\/uploads\/2014\/10\/DSC0454.jpg?resize=2048%2C1356&amp;ssl=1 2048w, https:\/\/i0.wp.com\/www.volen.pl\/wp-content\/uploads\/2014\/10\/DSC0454.jpg?resize=528%2C350&amp;ssl=1 528w\" width=\"496\" height=\"329\" loading=\"lazy\" data-original-width=\"496\" data-original-height=\"329\" itemprop=\"http:\/\/schema.org\/image\" title=\"_DSC0454\" alt=\"_DSC0454\" style=\"width: 496px; height: 329px;\" \/> <\/a> <\/div> <\/div> <!-- close group --> <\/div> <!-- close row --> <\/div>\n<p>Przewodniczka opowiedzia\u0142a nam o katedrze i o s\u0142awnym mo\u015bcie, poszli\u015bmy wi\u0119c na katedralny dach, a potem i na sam most, aby obada\u0107 temat, ali\u015bci pozostawimy to bez komentarza. Most, jak most. \u0141ukowaty.<\/p>\n<p>Po mo\u015bcie obiad. No czy\u017c mo\u017ce by\u0107 w tym co\u015b trudnego? Arequipa\u0144czycy potrafi\u0105 skomplikowa\u0107 to w taki spos\u00f3b, \u017ce ja, mimo ch\u0119ci na hamburgera, zjad\u0142em sma\u017cony befsztyk jagni\u0119cy, za\u015b Ania, mimo ch\u0119ci na makaron z salchicho, zjad\u0142a Big Maca. Nie pytajcie, dlaczego. Obiad, w ka\u017cdym b\u0105d\u017a razie na raty.<\/p>\n<p>Podczas szwendaczki po mie\u015bcie znale\u017ali\u015bmy te\u017c peruwia\u0144sk\u0105 odmian\u0119 CCC czyli Cusco Coffee Company, kt\u00f3ra bardziej ni\u017c w ci\u017cemkach, gustuje w kawie. Ma wi-fi i og\u00f3lnie jest przyjazna.<br \/>\nMinuta do minuty i zrobi\u0142o si\u0119 pod wiecz\u00f3r. W Peru, podobnie jak w ca\u0142ej strefie oko\u0142or\u00f3wnikowej, zmrok przychodzi jak poborca podatkowy: najpierw go nie ma, potem nagle jest. I dzieje si\u0119 to w okolicach 18.00 &#8211; wida\u0107, jak s\u0142o\u0144ce na \u0142eb, na szyj\u0119 spada za horyzont &#8211; mamy niejasne przeczucie, \u017ce mo\u017ce to mie\u0107 zwi\u0105zek z ruchem obrotowym naszej niebieskiej planety, kt\u00f3ry tu w\u0142a\u015bnie daje podr\u00f3\u017c na powierzchni z pr\u0119dko\u015bci\u0105 powy\u017cej 1660 km\/h. Albo podobnie. Nie trzymajcie nas za s\u0142owo.<\/p>\n<p>W spos\u00f3b nies\u0142ychanie inteligentny spodziewaj\u0105c si\u0119 nadej\u015bcia nocy, a co za tym idzie na tej wysoko\u015bci, tak\u017ce i ch\u0142odu, zaopatrzyli\u015bmy si\u0119 w sweterki z alpaczej we\u0142ny, w kt\u00f3re przyobleczeni, zrobili\u015bmy niecodzienne widowisko Arequipa\u0144czykom: ta\u0144czyli\u015bmy w \u015bwietle szybkozachodz\u0105cego s\u0142o\u0144ca jak cyrkowcy balansuj\u0105c aparatem na statywie. Je\u017celi kto\u015b nas wtedy nie widzia\u0142, z pewno\u015bci\u0105 m\u00f3g\u0142 o tym przeczyta\u0107 w jutrzejszych gazetach. Wiemy, wiemy, NIEODPOWIEDZIALNI IDIOCI&#8230; Ale \u017ceby na tym koniec, nie. Po zdj\u0119ciach na Plaza de Armas wle\u017ali\u015bmy na g\u00f3r\u0119 najwy\u017cszej restauracji, gdzie na bajecznie po\u0142o\u017conym tarasie porobili\u015bmy kolejne zdj\u0119cia, w tym zdj\u0119cia z lamp\u0105 b\u0142yskow\u0105, wi\u0119c wygl\u0105da\u0142o to, jakby sam Zeus we w\u0142asnej osobie zst\u0105pi\u0142 do Arequipy.<a href=\"https:\/\/i0.wp.com\/www.volen.pl\/wp-content\/uploads\/2014\/10\/nocna-katedra-_DSC0617.jpg?ssl=1\"><img data-recalc-dims=\"1\" loading=\"lazy\" decoding=\"async\" data-attachment-id=\"809\" data-permalink=\"https:\/\/www.volen.pl\/?attachment_id=809\" data-orig-file=\"https:\/\/i0.wp.com\/www.volen.pl\/wp-content\/uploads\/2014\/10\/nocna-katedra-_DSC0617.jpg?fit=1600%2C1222&amp;ssl=1\" data-orig-size=\"1600,1222\" data-comments-opened=\"0\" data-image-meta=\"{&quot;aperture&quot;:&quot;0&quot;,&quot;credit&quot;:&quot;&quot;,&quot;camera&quot;:&quot;&quot;,&quot;caption&quot;:&quot;&quot;,&quot;created_timestamp&quot;:&quot;0&quot;,&quot;copyright&quot;:&quot;&quot;,&quot;focal_length&quot;:&quot;0&quot;,&quot;iso&quot;:&quot;0&quot;,&quot;shutter_speed&quot;:&quot;0&quot;,&quot;title&quot;:&quot;&quot;,&quot;orientation&quot;:&quot;0&quot;}\" data-image-title=\"nocna katedra _DSC0617\" data-image-description=\"\" data-image-caption=\"\" data-large-file=\"https:\/\/i0.wp.com\/www.volen.pl\/wp-content\/uploads\/2014\/10\/nocna-katedra-_DSC0617.jpg?fit=1600%2C1222&amp;ssl=1\" class=\"alignnone size-medium wp-image-809\" src=\"https:\/\/i0.wp.com\/www.volen.pl\/wp-content\/uploads\/2014\/10\/nocna-katedra-_DSC0617.jpg?resize=1024%2C782&#038;ssl=1\" alt=\"nocna katedra _DSC0617\" width=\"1024\" height=\"782\" srcset=\"https:\/\/i0.wp.com\/www.volen.pl\/wp-content\/uploads\/2014\/10\/nocna-katedra-_DSC0617.jpg?resize=1024%2C782&amp;ssl=1 1024w, https:\/\/i0.wp.com\/www.volen.pl\/wp-content\/uploads\/2014\/10\/nocna-katedra-_DSC0617.jpg?resize=458%2C350&amp;ssl=1 458w, https:\/\/i0.wp.com\/www.volen.pl\/wp-content\/uploads\/2014\/10\/nocna-katedra-_DSC0617.jpg?w=1600&amp;ssl=1 1600w\" sizes=\"auto, (max-width: 1000px) 100vw, 1000px\" \/><\/a><\/p>\n<p>Po zdj\u0119ciach, gdy zadowoleni przy stoliku s\u0105czyli\u015bmy &#8211; ja Cusquena Negra, a Koci\u0105tko jaki\u015b p\u0142yn do mycia naczy\u0144 &#8211; podszed\u0142 do nas Javier, lokalny trubadur, poliglota, sprzedawca i manager zespo\u0142u \u015bpiewaj\u0105cego turystom, znawca kobiet, ojciec i rozwodnik, z ktorym pogadali\u015bmy od serca. Na koniec dosta\u0142 od nas zapink\u0119 z napisem &#8222;I love Gdynia&#8221;.<\/p>\n<p>I wszystko by\u0142oby fajnie, gdyby nie fakt, ktory potem nie da\u0142 mi spa\u0107:<br \/>\nZrobili\u015bmy przedstawienie na \u015brodku miasta, walili\u015bmy flashem po oczach ubrani jak zielone ludziki z marsa, pokazali\u015bmy tym samym wszystek sprz\u0119t elektroniczny, jaki mieli\u015bmy, a potem spokojnie zaufali\u015bmy Javierowi, m\u00f3wi\u0105c mu dok\u0105d jedziemy.<br \/>\nBrrr&#8230; Przera\u017caj\u0105co nieodpowiedzialnie.<br \/>\nPrzecie\u017c, jak si\u0119 czyta o tych napa\u015bciach na autobusy, to taki Javier jest najlepszym informatorem dla zorganizowanej przest\u0119pczo\u015bci: gada z turystami, patrzy, co kto ma, a my mu dodatkowo plan wy\u0142o\u017cyli\u015bmy, co zamierzamy jeszcze w Peru zobaczy\u0107. Pukn\u0105\u0107 si\u0119 w g\u0142ow\u0119, to ma\u0142o. Nie spa\u0142em d\u0142ugo, a\u017c postanowi\u0142em zmieni\u0107 plany, co mnie uspokoi\u0142o, a o czym zamierza\u0142em Koci\u0105tku powiedzie\u0107 zaraz z rana. I z tym postanowieniem odp\u0142yn\u0105\u0142em&#8230;<\/p>\n<p>PS. Arequipa nazywana jest bia\u0142ym miastem, gdy\u017c du\u017ca cz\u0119\u015b\u0107 budynk\u00f3w zbudowana jest z bia\u0142ego tufu wulkanicznego. Ba! Mo\u017ce si\u0119 to nawet przytrafi\u0142o wzmiankowanej katedrze&#8230;<\/p>\n","protected":false},"excerpt":{"rendered":"<p>Noc sp\u0119dzili\u015bmy w hostelu, kt\u00f3ry nie mia\u0142 miejsc, ale przyduszeni nasz\u0105 ponur\u0105, nie zwiastuj\u0105c\u0105 niczego&#8230;<\/p>\n<div class=\"more-link-wrapper\"><a class=\"more-link\" href=\"https:\/\/www.volen.pl\/?p=793\">Read the post<span class=\"screen-reader-text\">Bia\u0142e miasto i wyst\u0119py gromow\u0142adnych<\/span><\/a><\/div>\n","protected":false},"author":1,"featured_media":806,"comment_status":"closed","ping_status":"closed","sticky":false,"template":"","format":"standard","meta":{"_crdt_document":"","jetpack_post_was_ever_published":false,"_jetpack_newsletter_access":"","_jetpack_dont_email_post_to_subs":false,"_jetpack_newsletter_tier_id":0,"_jetpack_memberships_contains_paywalled_content":false,"_jetpack_memberships_contains_paid_content":false,"footnotes":"","jetpack_publicize_message":"","jetpack_publicize_feature_enabled":true,"jetpack_social_post_already_shared":true,"jetpack_social_options":{"image_generator_settings":{"template":"highway","default_image_id":0,"font":"","enabled":false},"version":2}},"categories":[138,93],"tags":[10,141,161,162,205,147,60],"class_list":["post-793","post","type-post","status-publish","format-standard","has-post-thumbnail","hentry","category-a-la-conquista-de-america","category-nawariata","tag-10","tag-ameryka","tag-arequipa","tag-biale-miasto","tag-nawariata","tag-peru","tag-podroze","excerpt","zoom","full-without-featured","even","excerpt-0"],"jetpack_publicize_connections":[],"jetpack_featured_media_url":"https:\/\/i0.wp.com\/www.volen.pl\/wp-content\/uploads\/2014\/10\/o%C5%82tarz-_DSC0431.jpg?fit=1600%2C1060&ssl=1","jetpack_shortlink":"https:\/\/wp.me\/p4lAri-cN","jetpack_sharing_enabled":true,"jetpack-related-posts":[{"id":508,"url":"https:\/\/www.volen.pl\/?p=508","url_meta":{"origin":793,"position":0},"title":"Kutaisi. \u10e5\u10e3\u10d7\u10d0\u10d8\u10e1\u10d8.","author":"volen","date":"2014-04-02","format":false,"excerpt":"Najcz\u0119\u015bciej odwiedzane przez nas miasto w Gruzji. Nie z powodu jakiej\u015b osza\u0142amiaj\u0105cej urody, nie. Raczej z powodu strategicznego po\u0142o\u017cenia. Lokalny w\u0119ze\u0142 komunikacyjny. Siedziba parlamentu Gruzji, kt\u00f3rego budynek wyr\u00f3\u017cnia si\u0119 na tle okolicznej architektury, jak pierwszy pryszcz na twarzy nastolatki. Zauwa\u017cyli\u015bmy przy okazji, i\u017c Gruzini lubi\u0105 takie falowano - \u015blimakowate kszta\u0142ty\u2026","rel":"","context":"W \u201eGruzja 2014&quot;","block_context":{"text":"Gruzja 2014","link":"https:\/\/www.volen.pl\/?cat=133"},"img":{"alt_text":"","src":"https:\/\/i0.wp.com\/www.volen.pl\/wp-content\/uploads\/2014\/04\/katedra-_DSC7010.jpg?fit=795%2C1200&ssl=1&resize=350%2C200","width":350,"height":200,"srcset":"https:\/\/i0.wp.com\/www.volen.pl\/wp-content\/uploads\/2014\/04\/katedra-_DSC7010.jpg?fit=795%2C1200&ssl=1&resize=350%2C200 1x, https:\/\/i0.wp.com\/www.volen.pl\/wp-content\/uploads\/2014\/04\/katedra-_DSC7010.jpg?fit=795%2C1200&ssl=1&resize=525%2C300 1.5x, https:\/\/i0.wp.com\/www.volen.pl\/wp-content\/uploads\/2014\/04\/katedra-_DSC7010.jpg?fit=795%2C1200&ssl=1&resize=700%2C400 2x"},"classes":[]},{"id":2149,"url":"https:\/\/www.volen.pl\/?p=2149","url_meta":{"origin":793,"position":1},"title":"K\u0142opotliwe numerki","author":"volen","date":"2016-11-20","format":false,"excerpt":"Rano wsta\u0142em i z niepokojem w sercu przypomnia\u0142em sobie, \u017ce wodospad Seljalandsfoss, obok kt\u00f3rego przycupn\u0105\u0142 skromnie kemping (maj\u0105cy zreszt\u0105 sw\u00f3j w\u0142asny, ukryty wodospadzik), by\u0142 pod\u015bwietlony ca\u0142\u0105 noc, a wci\u0105\u017c jest jeszcze ciemno! W pop\u0142ochu zjad\u0142em \u015bniadanie, skorzysta\u0142em z toalety na kempingu i z piskiem opon ruszy\u0142em. I mam. Bo zaraz\u2026","rel":"","context":"W \u201eIslandia: snj\u00f3r, \u00eds og eldur&quot;","block_context":{"text":"Islandia: snj\u00f3r, \u00eds og eldur","link":"https:\/\/www.volen.pl\/?cat=268"},"img":{"alt_text":"","src":"https:\/\/i0.wp.com\/www.volen.pl\/wp-content\/uploads\/2017\/06\/Bjork-20161120_192601.jpg?fit=1200%2C767&ssl=1&resize=350%2C200","width":350,"height":200,"srcset":"https:\/\/i0.wp.com\/www.volen.pl\/wp-content\/uploads\/2017\/06\/Bjork-20161120_192601.jpg?fit=1200%2C767&ssl=1&resize=350%2C200 1x, https:\/\/i0.wp.com\/www.volen.pl\/wp-content\/uploads\/2017\/06\/Bjork-20161120_192601.jpg?fit=1200%2C767&ssl=1&resize=525%2C300 1.5x, https:\/\/i0.wp.com\/www.volen.pl\/wp-content\/uploads\/2017\/06\/Bjork-20161120_192601.jpg?fit=1200%2C767&ssl=1&resize=700%2C400 2x, https:\/\/i0.wp.com\/www.volen.pl\/wp-content\/uploads\/2017\/06\/Bjork-20161120_192601.jpg?fit=1200%2C767&ssl=1&resize=1050%2C600 3x"},"classes":[]},{"id":845,"url":"https:\/\/www.volen.pl\/?p=845","url_meta":{"origin":793,"position":2},"title":"Leniwy dzie\u0144 w Paracas","author":"volen","date":"2014-10-27","format":false,"excerpt":"W mi\u0119dzyczasie okaza\u0142o si\u0119, \u017ce napad zosta\u0142 anulowany, droga przebieg\u0142a w miar\u0119 spokojnie, za\u015b my, po sutym, autobusowym \u015bniadanku, wyszli\u015bmy wprost w nieziemskiej cudowno\u015bci zajazd Cruz del Sur w Paracas, kt\u00f3ren przypomina Bagdad w latach operacji pustynna burza. Lubimy takie klimaty. To tu znajduje si\u0119 te\u017c cudaczny obelisk, ni w\u2026","rel":"","context":"W \u201ea la conquista de Am\u00e9rica&quot;","block_context":{"text":"a la conquista de Am\u00e9rica","link":"https:\/\/www.volen.pl\/?cat=138"},"img":{"alt_text":"","src":"https:\/\/i0.wp.com\/www.volen.pl\/wp-content\/uploads\/2014\/10\/DSC0779.jpg?fit=1200%2C795&ssl=1&resize=350%2C200","width":350,"height":200,"srcset":"https:\/\/i0.wp.com\/www.volen.pl\/wp-content\/uploads\/2014\/10\/DSC0779.jpg?fit=1200%2C795&ssl=1&resize=350%2C200 1x, https:\/\/i0.wp.com\/www.volen.pl\/wp-content\/uploads\/2014\/10\/DSC0779.jpg?fit=1200%2C795&ssl=1&resize=525%2C300 1.5x, https:\/\/i0.wp.com\/www.volen.pl\/wp-content\/uploads\/2014\/10\/DSC0779.jpg?fit=1200%2C795&ssl=1&resize=700%2C400 2x, https:\/\/i0.wp.com\/www.volen.pl\/wp-content\/uploads\/2014\/10\/DSC0779.jpg?fit=1200%2C795&ssl=1&resize=1050%2C600 3x"},"classes":[]},{"id":1260,"url":"https:\/\/www.volen.pl\/?p=1260","url_meta":{"origin":793,"position":3},"title":"Oskar\u017cenie","author":"volen","date":"2015-08-04","format":false,"excerpt":"Tak si\u0119 dzisiaj zastanawiali\u015bmy z Anulk\u0105, czemu takie przygody nas spotykaj\u0105? To znaczy, innych spotykaj\u0105 mniej, a nawet w og\u00f3le, ale my zawsze musimy co\u015b takiego zrobi\u0107, \u017ceby by\u0142o ciekawiej. W ka\u017cdym razie, poznali\u015bmy przez telefon polskiego konsula, stan\u0119li\u015bmy przed i zostali\u015bmy zwolnieni z zarzut\u00f3w przez serbski s\u0105d, ob\u0142o\u017ceni kar\u0105\u2026","rel":"","context":"W \u201eBalkan eXpress&quot;","block_context":{"text":"Balkan eXpress","link":"https:\/\/www.volen.pl\/?cat=194"},"img":{"alt_text":"","src":"https:\/\/i0.wp.com\/www.volen.pl\/wp-content\/uploads\/2015\/08\/VOL0206-e1439012098278.jpg?fit=795%2C1200&ssl=1&resize=350%2C200","width":350,"height":200,"srcset":"https:\/\/i0.wp.com\/www.volen.pl\/wp-content\/uploads\/2015\/08\/VOL0206-e1439012098278.jpg?fit=795%2C1200&ssl=1&resize=350%2C200 1x, https:\/\/i0.wp.com\/www.volen.pl\/wp-content\/uploads\/2015\/08\/VOL0206-e1439012098278.jpg?fit=795%2C1200&ssl=1&resize=525%2C300 1.5x, https:\/\/i0.wp.com\/www.volen.pl\/wp-content\/uploads\/2015\/08\/VOL0206-e1439012098278.jpg?fit=795%2C1200&ssl=1&resize=700%2C400 2x"},"classes":[]},{"id":225,"url":"https:\/\/www.volen.pl\/?p=225","url_meta":{"origin":793,"position":4},"title":"2490","author":"volen","date":"2012-10-12","format":false,"excerpt":"W nocy okaza\u0142o si\u0119, \u017ce przep\u0142acony obiad kosztuje znacznie wi\u0119cej, ni\u017c na pocz\u0105tku si\u0119 wydawa\u0142o. Nudno\u015bci i gor\u0105czka, spanie w p\u00f3\u0142letargu do \u015bwitu, kiedy to muezin zacz\u0105\u0142 zaprasza\u0107 do modlitwy. M\u00f3j organizm reaguje zazwyczaj bardzo szybko i bardzo silnie. Byli\u015bmy um\u00f3wieni na wycieczk\u0119 na 9.30 - Anulka, mimo moich be\u0142kotliwych\u2026","rel":"","context":"W \u201e7000km - 2012&quot;","block_context":{"text":"7000km - 2012","link":"https:\/\/www.volen.pl\/?cat=135"},"img":{"alt_text":"","src":"https:\/\/i0.wp.com\/www.volen.pl\/wp-content\/uploads\/2012\/10\/DSC_7680.jpg?fit=1200%2C795&ssl=1&resize=350%2C200","width":350,"height":200,"srcset":"https:\/\/i0.wp.com\/www.volen.pl\/wp-content\/uploads\/2012\/10\/DSC_7680.jpg?fit=1200%2C795&ssl=1&resize=350%2C200 1x, https:\/\/i0.wp.com\/www.volen.pl\/wp-content\/uploads\/2012\/10\/DSC_7680.jpg?fit=1200%2C795&ssl=1&resize=525%2C300 1.5x, https:\/\/i0.wp.com\/www.volen.pl\/wp-content\/uploads\/2012\/10\/DSC_7680.jpg?fit=1200%2C795&ssl=1&resize=700%2C400 2x, https:\/\/i0.wp.com\/www.volen.pl\/wp-content\/uploads\/2012\/10\/DSC_7680.jpg?fit=1200%2C795&ssl=1&resize=1050%2C600 3x"},"classes":[]},{"id":1445,"url":"https:\/\/www.volen.pl\/?p=1445","url_meta":{"origin":793,"position":5},"title":"W\u0142odek, pob\u0142ogos\u0142aw","author":"volen","date":"2015-10-05","format":false,"excerpt":"W nocy nie mog\u0142em zasn\u0105\u0107, a jak zasn\u0105\u0142em, zerwa\u0142 si\u0119 wicher znad jeziora i coraz natarczywiej dobiera\u0142 si\u0119 do namiotu. Wia\u0142o tak, i\u017c zupe\u0142nie powa\u017cnie zacz\u0105\u0142em rozwa\u017ca\u0107 odprawienie obrz\u0119d\u00f3w w intencji, tylko zapomnia\u0142em odpowiednich s\u0142\u00f3w. A jak ju\u017c si\u0119 obudzi\u0142em, tak nie mog\u0142em zasn\u0105\u0107, wiadomo. Rano obudzi\u0142y si\u0119 komary. Lata\u0142o\u2026","rel":"","context":"W \u201ematuszka Rosja&quot;","block_context":{"text":"matuszka Rosja","link":"https:\/\/www.volen.pl\/?cat=210"},"img":{"alt_text":"","src":"https:\/\/i0.wp.com\/www.volen.pl\/wp-content\/uploads\/2015\/10\/VOL2782-e1443820138251.jpg?fit=795%2C1200&ssl=1&resize=350%2C200","width":350,"height":200,"srcset":"https:\/\/i0.wp.com\/www.volen.pl\/wp-content\/uploads\/2015\/10\/VOL2782-e1443820138251.jpg?fit=795%2C1200&ssl=1&resize=350%2C200 1x, https:\/\/i0.wp.com\/www.volen.pl\/wp-content\/uploads\/2015\/10\/VOL2782-e1443820138251.jpg?fit=795%2C1200&ssl=1&resize=525%2C300 1.5x, https:\/\/i0.wp.com\/www.volen.pl\/wp-content\/uploads\/2015\/10\/VOL2782-e1443820138251.jpg?fit=795%2C1200&ssl=1&resize=700%2C400 2x"},"classes":[]}],"_links":{"self":[{"href":"https:\/\/www.volen.pl\/index.php?rest_route=\/wp\/v2\/posts\/793","targetHints":{"allow":["GET"]}}],"collection":[{"href":"https:\/\/www.volen.pl\/index.php?rest_route=\/wp\/v2\/posts"}],"about":[{"href":"https:\/\/www.volen.pl\/index.php?rest_route=\/wp\/v2\/types\/post"}],"author":[{"embeddable":true,"href":"https:\/\/www.volen.pl\/index.php?rest_route=\/wp\/v2\/users\/1"}],"replies":[{"embeddable":true,"href":"https:\/\/www.volen.pl\/index.php?rest_route=%2Fwp%2Fv2%2Fcomments&post=793"}],"version-history":[{"count":11,"href":"https:\/\/www.volen.pl\/index.php?rest_route=\/wp\/v2\/posts\/793\/revisions"}],"predecessor-version":[{"id":813,"href":"https:\/\/www.volen.pl\/index.php?rest_route=\/wp\/v2\/posts\/793\/revisions\/813"}],"wp:featuredmedia":[{"embeddable":true,"href":"https:\/\/www.volen.pl\/index.php?rest_route=\/wp\/v2\/media\/806"}],"wp:attachment":[{"href":"https:\/\/www.volen.pl\/index.php?rest_route=%2Fwp%2Fv2%2Fmedia&parent=793"}],"wp:term":[{"taxonomy":"category","embeddable":true,"href":"https:\/\/www.volen.pl\/index.php?rest_route=%2Fwp%2Fv2%2Fcategories&post=793"},{"taxonomy":"post_tag","embeddable":true,"href":"https:\/\/www.volen.pl\/index.php?rest_route=%2Fwp%2Fv2%2Ftags&post=793"}],"curies":[{"name":"wp","href":"https:\/\/api.w.org\/{rel}","templated":true}]}}