{"id":926,"date":"2014-10-29T15:39:44","date_gmt":"2014-10-29T14:39:44","guid":{"rendered":"http:\/\/www.volen.pl\/?p=926"},"modified":"2014-11-02T15:40:11","modified_gmt":"2014-11-02T14:40:11","slug":"do-pacanowa","status":"publish","type":"post","link":"https:\/\/www.volen.pl\/?p=926","title":{"rendered":"do Pacanowa"},"content":{"rendered":"<p>Postanowili\u015bmy skorzysta\u0107 z dobrodziejstw cywilizacji przed wyjazdem i d\u0142u\u017csz\u0105 podr\u00f3\u017c\u0105, tak wi\u0119c od rana k\u0142\u0119by pary bucha\u0142y spod naszego prysznica. Chcieli\u015bmy si\u0119 umy\u0107 na za\u015b, by starczy\u0142o z Ameryki do Europy. Aque caliente weso\u0142o bulgota\u0142a w \u0142azience, tako\u017c i w kuchni, gdzie robili\u015bmy kaw\u0119. Zgrubny plan by\u0142 taki, by wypi\u0107 kaw\u0119 i ruszy\u0107 na ostatnie \u015bniadanie, nie myli\u0107 z wieczerz\u0105, nad ocean, po czym uda\u0107 si\u0119 do Oltursy na autobus.<\/p>\n<p>Nie mo\u017cna powiedzie\u0107, \u017ceby\u015bmy pakowali si\u0119 gor\u0105czkowo, gdy\u017c samo pakowanie jest czynno\u015bci\u0105 opanowan\u0105 przez nas do perfekcji i zajmuje nie wi\u0119cej ni\u017c 10 minut. Spakowani, siedli\u015bmy do kawy i puszki tu\u0144czyka, kt\u00f3rej nie chcieli\u015bmy zostawia\u0107, po czym pe\u0142n\u0105 par\u0105 wbi\u0142 si\u0119 na hostelowy dziedziniec, stanowi\u0105cy jednocze\u015bnie \u015bniadaniowe patio, urz\u0119dnik Oltursy burz\u0105c nam porz\u0105dek poranka. Okaza\u0142o si\u0119, \u017ce autobus przyjedzie nie o 9.30, lecz wcze\u015bniej, inny, gdy\u017c ten oryginalny si\u0119 gdzie\u015b po drodze zbiesi\u0142 i stan\u0105\u0142. Chc\u0105c, nie chc\u0105c, doko\u0144czyli\u015bmy szybko tu\u0144czyka i poszli\u015bmy na dworzec rezygnuj\u0105c z nadoceanicznego \u015bniadania.<\/p>\n<p>Zaraz przy biurze sta\u0142o ju\u017c dwoje backpackers\u00f3w z Polski, pracownik Oltursy wrzuci\u0142 nasze baga\u017ce do baga\u017cnika, nas do taks\u00f3wki, pozamyka\u0142 wszystkie drzwi, po czym sam wpe\u0142z\u0142 r\u00f3wnie\u017c do baga\u017cnika i ruszyli\u015bmy \u0142apa\u0107 autokar &#8211; ten zast\u0119pczy nie zaje\u017cd\u017ca do Paracas, sunie jedynie panamerican\u0105 sur na p\u00f3\u0142noc i ani my\u015bli skr\u0119ca\u0107. Schwytali\u015bmy go na jakim\u015b parkingu przy stacji benzynowej, po czym ruszyli\u015bmy, ju\u017c bez przyg\u00f3d, do Limy.<\/p>\n<p>Lima nic si\u0119 nie zmieni\u0142a. Ha\u0142as, 8 mln mieszka\u0144c\u00f3w, ka\u017cdy z dzwonkiem lub klaksonem i ogromn\u0105 ochot\u0105 na robienie ha\u0142asu. Wzi\u0119li\u015bmy taks\u00f3wk\u0119 do <em>centro historico<\/em>, gdy\u017c &#8211; jak zapami\u0119tali\u015bmy &#8211; w najbli\u017cszych okolicach znajduje sie hala targowa, gdzie mo\u017cna zakupi\u0107 to i owo, a tak\u017ce &#8211; co niebagatelne &#8211; mamy zapisane has\u0142o do sieci wi-fi w jednej kawiarni.<br \/>\nZg\u0142odnieli\u015bmy po tych resztach tu\u0144czykowych, zjedli\u015bmy wi\u0119c troch\u0119 w restauracyjce, w kt\u00f3rej nauczyli\u015bmy si\u0119 m\u00f3wi\u0107 con huevo. Obs\u0142uga nas pami\u0119ta\u0142a, dostali\u015bmy stolik dla VIP\u00f3w zaraz przy wej\u015bciu, by naci\u0105gn\u0105\u0107 nowych klient\u00f3w, co mo\u017ce by i si\u0119 uda\u0142o, tyle \u017ce starzy nie chcieli wyj\u015b\u0107.<\/p>\n<p>W Limie zakupili\u015bmy sobie stroje ludowe, lokalne, z alpaczej sier\u015bci, kt\u00f3rymi szyku b\u0119dziemy zadawa\u0107 po powrocie, a tak\u017ce postanowili\u015bmy zakupi\u0107 pras\u0119 peruwia\u0144sk\u0105 i wys\u0142a\u0107 j\u0105 sobie poczt\u0105. Poczta w Limie, ta, wiecie, zaraz obok pa\u0142acu prezydenta, wygl\u0105da jak ul Szeroka w Gda\u0144sku, tyle \u017ce zamiast srebra i bursztynu, wsz\u0119dzie wisz\u0105 znaczki i koperty. Warto te\u017c patrze\u0107 pod nogi, gdy\u017c istnieje realne ryzyko wr\u0105bania si\u0119 par\u0119 metr\u00f3w pod chodnik ze wzgl\u0119du na po\u0142amane, pop\u0119kane i przerdzewia\u0142e kratki. Zakupili\u015bmy ton\u0119 prasy, \u017c\u00f3\u0142t\u0105 kopert\u0119, popakowali\u015bmy to, oblepili\u015bmy jak maniacy ta\u015bm\u0105 klej\u0105c\u0105 i&#8230; wrzucili\u015bmy do plecaka, \u017ceby jecha\u0142o razem z nami samolotem. Wys\u0142anie zwyk\u0142ego listu z Peru za granic\u0119 jest bowiem wyzwaniem dla naszej dumy i wra\u017cliwo\u015bci. Jako europejczycy przywykli\u015bmy do tzw. tajemnicy korespondencji, kt\u00f3ra w Peru nie istnieje: urz\u0119dnik zamierzy\u0142 si\u0119 no\u017cykiem do tapet na nasz\u0105 kopert\u0119, a dodatkowo za\u017c\u0105da\u0142 pozostawienia kopii paszportu i odcisk\u00f3w palc\u00f3w. Naubli\u017ca\u0142em mu w j\u0119zyku Szekspira oraz Mickiewicza, niedwuznacznie daj\u0105c do zrozumienia, \u017ce nie jest to normalne, po czym, owini\u0119ci dum\u0105, jak p\u0142aszczem, razem z kopert\u0105 pojechali\u015bmy na lotnisko.<\/p>\n<p>Na check-inie dowiedzieli\u015bmy si\u0119, \u017ce niepotrzebny by\u0142 po\u015bpiech, samolot z Buenos Aires moczy\u0142 skrzyde\u0142ka w burzy, co spowodowa\u0142o lekkie op\u00f3\u017anienie, za co nas linia serdecznie przeprasza i w zamian stawia kolacj\u0119. Pozosta\u0142o sporo czasu do odlotu, wi\u0119c usiedli\u015bmy sobie ostatecznie w restauracji, gdzie przez d\u0142ugi czas pisa\u0142em sobie jakie\u015b bzdury, a Koci\u0105tko poch\u0142ania\u0142o lektur\u0119, s\u0105cz\u0105c wsp\u00f3lnie cusquen\u0119 negra. Gdy nadszed\u0142 czas na meldowanie si\u0119 przy bramce, wyszli\u015bmy z restauracji, trac\u0105c bezpowrotnie dobre strategicznie miejsce i zacz\u0119li\u015bmy przedziera\u0107 si\u0119 przez t\u0142um Polak\u00f3w i Francuz\u00f3w tylko po to, by si\u0119 dowiedzie\u0107, \u017ce op\u00f3\u017anienie si\u0119 odrobin\u0119 zwi\u0119kszy\u0142o, a samolot ma <em>technical problem<\/em>, pewnie musz\u0105 go wysuszy\u0107 po deszczu. Kilka godzin p\u00f3\u017aniej problem zosta\u0142 bezpowrotnie usuni\u0119ty i linie lotnicze Lan pocieszy\u0142y nas ustami swoich przedstawicieli, \u017ce tankowanie potrwa jedyne p\u00f3\u0142torej godziny, po czym b\u0119dzie mo\u017cna si\u0119 zaokr\u0119towa\u0107 na pok\u0142ad.<\/p>\n<p>Ruszyli\u015bmy z Limy z lekkim, latynoskim, 15-minutowym op\u00f3\u017anieniem: zamiast o planowanej 20.00 wylot nast\u0105pi\u0142 o 1.40 w nocy, czyli lekko licz\u0105c prawie 6 godzin p\u00f3\u017aniej.<br \/>\nOczywistym jest, \u017ce l\u0105dowanie w Madrycie nast\u0105pi\u0142o zbyt p\u00f3\u017ano, by zd\u0105\u017cy\u0107 na samolot do Pary\u017ca, sk\u0105d mieli\u015bmy nast\u0119pnego dnia lecie\u0107 do Berlina na um\u00f3wione wcze\u015bniej spotkanie, a sk\u0105d potem pofrun\u0105\u0107 do Gda\u0144ska. W podobnej sytuacji znalaz\u0142a si\u0119 do\u015b\u0107 du\u017ca cz\u0119\u015b\u0107 pasa\u017cer\u00f3w. LAN Airlines zwo\u0142a\u0142o komitet kryzysowy, kt\u00f3ry po obradach, zaoferowa\u0142 wszystkim nocleg w Madrycie, po czym lot do Pary\u017ca nast\u0119pnego dnia o 11.55.<\/p>\n<p>Nie mieli\u015bmy dla nich dobrych wie\u015bci: za \u017cadn\u0105 choler\u0119 nie zd\u0105\u017cyliby\u015bmy na lot z Pary\u017ca do Berlina, stan\u0119li\u015bmy wi\u0119c z naje\u017conym bojowo Koci\u0105tkiem przy ladzie i czekali\u015bmy rozwi\u0105zania. LAN usi\u0142owa\u0142 nas dowie\u017a\u0107 do Berlina przez Dusseldorf za po\u015brednictwem AirBerlin, kt\u00f3ry odlatywa\u0142 z terminalu 4, ale jak tam dotarli\u015bmy, to przy bramce okaza\u0142o si\u0119, \u017ce ten lot ju\u017c nikogo nie pomie\u015bci. Musieli\u015bmy wr\u00f3ci\u0107 do biura LAN na terminalu 1, a ka\u017cdy kto by\u0142 w Madrycie wie, \u017ce wi\u0105\u017ce si\u0119 to z przeja\u017cd\u017ck\u0105 kolejk\u0105 i konieczno\u015bci\u0105 przedarcia si\u0119 przez kordon stra\u017cy granicznej, co generalnie nie jest mo\u017cliwe bez wa\u017cnego biletu, kt\u00f3rego oczywi\u015bcie ju\u017c w\u00f3wczas nie mieli\u015bmy. Wi\u0119c podsumowuj\u0105c: pro\u015bb\u0105 i gro\u015bb\u0105, dostali\u015bmy si\u0119, gdzie chcieli\u015bmy, tam za\u015b wymogli\u015bmy, rezygnuj\u0105c z Berlina, i\u017c LAN dowiezie nas do Gda\u0144ska przez Monachium nast\u0119pnego dnia korzystaj\u0105c z uprzejmo\u015bci Lufthansy.<\/p>\n<p>Do op\u0142aconego dr\u017c\u0105c\u0105 r\u0119k\u0105 przez LAN hotelu Malia Barajas dowi\u00f3z\u0142 nas, a potem i odwi\u00f3z\u0142 busik hotelowy.<a href=\"https:\/\/i0.wp.com\/www.volen.pl\/wp-content\/uploads\/2014\/11\/DSC1949.jpg?ssl=1\"><img data-recalc-dims=\"1\" loading=\"lazy\" decoding=\"async\" data-attachment-id=\"927\" data-permalink=\"https:\/\/www.volen.pl\/?attachment_id=927\" data-orig-file=\"https:\/\/i0.wp.com\/www.volen.pl\/wp-content\/uploads\/2014\/11\/DSC1949.jpg?fit=2464%2C1632&amp;ssl=1\" data-orig-size=\"2464,1632\" data-comments-opened=\"0\" data-image-meta=\"{&quot;aperture&quot;:&quot;8&quot;,&quot;credit&quot;:&quot;Przemyslaw &#039;volen&#039; Wollenszleger&quot;,&quot;camera&quot;:&quot;NIKON D7000&quot;,&quot;caption&quot;:&quot;&quot;,&quot;created_timestamp&quot;:&quot;1414710858&quot;,&quot;copyright&quot;:&quot;&quot;,&quot;focal_length&quot;:&quot;14&quot;,&quot;iso&quot;:&quot;1600&quot;,&quot;shutter_speed&quot;:&quot;0.025&quot;,&quot;title&quot;:&quot;&quot;,&quot;orientation&quot;:&quot;1&quot;}\" data-image-title=\"_DSC1949\" data-image-description=\"\" data-image-caption=\"\" data-large-file=\"https:\/\/i0.wp.com\/www.volen.pl\/wp-content\/uploads\/2014\/11\/DSC1949.jpg?fit=2048%2C1356&amp;ssl=1\" class=\"alignnone size-medium wp-image-927\" src=\"https:\/\/i0.wp.com\/www.volen.pl\/wp-content\/uploads\/2014\/11\/DSC1949.jpg?resize=1024%2C678&#038;ssl=1\" alt=\"_DSC1949\" width=\"1024\" height=\"678\" srcset=\"https:\/\/i0.wp.com\/www.volen.pl\/wp-content\/uploads\/2014\/11\/DSC1949.jpg?resize=1024%2C678&amp;ssl=1 1024w, https:\/\/i0.wp.com\/www.volen.pl\/wp-content\/uploads\/2014\/11\/DSC1949.jpg?resize=2048%2C1356&amp;ssl=1 2048w, https:\/\/i0.wp.com\/www.volen.pl\/wp-content\/uploads\/2014\/11\/DSC1949.jpg?resize=528%2C350&amp;ssl=1 528w\" sizes=\"auto, (max-width: 1000px) 100vw, 1000px\" \/><\/a><\/p>\n<p>Szale\u0144stwo, nie powr\u00f3t, ca\u0142y lotniczy p\u00f3\u0142\u015bwiatek sprzysi\u0105g\u0142 si\u0119, by\u015bmy pozostali jeszcze w podr\u00f3\u017cy, czego, gdyby nie konieczno\u015b\u0107 przeprania wszystkich naszych rzeczy, sami by\u015bmy chcieli.<\/p>\n<p>W pi\u0105tek rano wylecieli\u015bmy pilotowanym przez kobiet\u0119 Airbusem A321 do Monachium, za\u015b potem Embraerem 195 do Gda\u0144ska. I tak, wyl\u0105dowali\u015bmy w Gda\u0144sku o godzinie 12.35, zamiast, jak reszta pasa\u017cer\u00f3w, przygotowywa\u0107 si\u0119 w\u00f3wczas do l\u0105dowania w Pary\u017cu.<\/p>\n<p>Taka to \u015bmiechowa przeprawa z powrotem&#8230;<\/p>\n","protected":false},"excerpt":{"rendered":"<p>Postanowili\u015bmy skorzysta\u0107 z dobrodziejstw cywilizacji przed wyjazdem i d\u0142u\u017csz\u0105 podr\u00f3\u017c\u0105, tak wi\u0119c od rana k\u0142\u0119by&#8230;<\/p>\n<div class=\"more-link-wrapper\"><a class=\"more-link\" href=\"https:\/\/www.volen.pl\/?p=926\">Read the post<span class=\"screen-reader-text\">do Pacanowa<\/span><\/a><\/div>\n","protected":false},"author":1,"featured_media":928,"comment_status":"closed","ping_status":"closed","sticky":false,"template":"","format":"standard","meta":{"_crdt_document":"","jetpack_post_was_ever_published":false,"_jetpack_newsletter_access":"","_jetpack_dont_email_post_to_subs":false,"_jetpack_newsletter_tier_id":0,"_jetpack_memberships_contains_paywalled_content":false,"_jetpack_memberships_contains_paid_content":false,"footnotes":"","jetpack_publicize_message":"","jetpack_publicize_feature_enabled":true,"jetpack_social_post_already_shared":true,"jetpack_social_options":{"image_generator_settings":{"template":"highway","default_image_id":0,"font":"","enabled":false},"version":2}},"categories":[138,93],"tags":[10,169,141,168,146,170,142,205,147,60],"class_list":["post-926","post","type-post","status-publish","format-standard","has-post-thumbnail","hentry","category-a-la-conquista-de-america","category-nawariata","tag-10","tag-airport","tag-ameryka","tag-hotel","tag-lima","tag-lotnisko","tag-madryt","tag-nawariata","tag-peru","tag-podroze","excerpt","zoom","full-without-featured","even","excerpt-0"],"jetpack_publicize_connections":[],"jetpack_featured_media_url":"https:\/\/i0.wp.com\/www.volen.pl\/wp-content\/uploads\/2014\/11\/DSC1948.jpg?fit=2464%2C1632&ssl=1","jetpack_shortlink":"https:\/\/wp.me\/p4lAri-eW","jetpack_sharing_enabled":true,"jetpack-related-posts":[{"id":231,"url":"https:\/\/www.volen.pl\/?p=231","url_meta":{"origin":926,"position":0},"title":"Achalciche Vardzia i z powrotem","author":"volen","date":"2012-10-06","format":false,"excerpt":"Mieli\u015bmy wsta\u0107 z rana, ale wy\u0142\u0105czony telefon nie budzi, o czym osobi\u015bcie zapomnia\u0142em i nikt nigdy nie dowie si\u0119, czy zrobi\u0142em to z premedytacj\u0105, czy przez zapomnienie. Mniejsza o to. Po \u015bniadaniu poszli\u015bmy na ulic\u0119 \u0142apa\u0107 marszrutk\u0119 do Achalciche. Za drugim strza\u0142em uda\u0142o si\u0119. Wspomnienie tej podr\u00f3\u017cy na d\u0142ugo zapisze\u2026","rel":"","context":"W \u201e7000km - 2012&quot;","block_context":{"text":"7000km - 2012","link":"https:\/\/www.volen.pl\/?cat=135"},"img":{"alt_text":"","src":"https:\/\/i0.wp.com\/www.volen.pl\/wp-content\/uploads\/2016\/01\/DSC_6450.jpg?fit=1200%2C795&ssl=1&resize=350%2C200","width":350,"height":200,"srcset":"https:\/\/i0.wp.com\/www.volen.pl\/wp-content\/uploads\/2016\/01\/DSC_6450.jpg?fit=1200%2C795&ssl=1&resize=350%2C200 1x, https:\/\/i0.wp.com\/www.volen.pl\/wp-content\/uploads\/2016\/01\/DSC_6450.jpg?fit=1200%2C795&ssl=1&resize=525%2C300 1.5x, https:\/\/i0.wp.com\/www.volen.pl\/wp-content\/uploads\/2016\/01\/DSC_6450.jpg?fit=1200%2C795&ssl=1&resize=700%2C400 2x, https:\/\/i0.wp.com\/www.volen.pl\/wp-content\/uploads\/2016\/01\/DSC_6450.jpg?fit=1200%2C795&ssl=1&resize=1050%2C600 3x"},"classes":[]},{"id":766,"url":"https:\/\/www.volen.pl\/?p=766","url_meta":{"origin":926,"position":1},"title":"gaz \u0142zawi\u0105cy","author":"volen","date":"2014-10-24","format":false,"excerpt":"Potworny b\u00f3l g\u0142owy. Piek\u0105ce oczy. Kaszel i krztuszenie si\u0119. Zawsze tak jest, jak policja r\u0105bie w cz\u0142owieka gazem \u0142zawi\u0105cym. A nie chcieli\u015bmy nic z\u0142ego. Po prostu napi\u0107 si\u0119 kawy. Ale po kolei... Na \u015bniadanie w hotelu nie by\u0142o co liczy\u0107, poszli\u015bmy wi\u0119c do restauracji, gdzie po omacku zamawiaj\u0105c dostali\u015bmy jajecznic\u0119\u2026","rel":"","context":"W \u201ea la conquista de Am\u00e9rica&quot;","block_context":{"text":"a la conquista de Am\u00e9rica","link":"https:\/\/www.volen.pl\/?cat=138"},"img":{"alt_text":"","src":"https:\/\/i0.wp.com\/www.volen.pl\/wp-content\/uploads\/2014\/10\/r_DSC0323.jpg?fit=1200%2C795&ssl=1&resize=350%2C200","width":350,"height":200,"srcset":"https:\/\/i0.wp.com\/www.volen.pl\/wp-content\/uploads\/2014\/10\/r_DSC0323.jpg?fit=1200%2C795&ssl=1&resize=350%2C200 1x, https:\/\/i0.wp.com\/www.volen.pl\/wp-content\/uploads\/2014\/10\/r_DSC0323.jpg?fit=1200%2C795&ssl=1&resize=525%2C300 1.5x, https:\/\/i0.wp.com\/www.volen.pl\/wp-content\/uploads\/2014\/10\/r_DSC0323.jpg?fit=1200%2C795&ssl=1&resize=700%2C400 2x, https:\/\/i0.wp.com\/www.volen.pl\/wp-content\/uploads\/2014\/10\/r_DSC0323.jpg?fit=1200%2C795&ssl=1&resize=1050%2C600 3x"},"classes":[]},{"id":229,"url":"https:\/\/www.volen.pl\/?p=229","url_meta":{"origin":926,"position":2},"title":"Wy\u015bcig z Kutaisi do Batumi","author":"volen","date":"2012-10-08","format":false,"excerpt":"Kutaisi\u2026 Nie maj\u0105c dla nas nic ciekawego do zaoferowania postanowili\u015bmy je opu\u015bci\u0107. Jaskinie akurat nieczynne, inne atrakcje albo nielegalne, albo tucz\u0105ce\u2026 Wstali\u015bmy jako\u015b tak prawie na czas, ogarn\u0119li\u015bmy nasz pok\u00f3j i poszli\u015bmy do babule\u0144ki, w\u0142a\u015bcicielki hostelu, z kt\u00f3r\u0105 dzie\u0144 wcze\u015bniej ustalili\u015bmy, i\u017c dostaniemy kaw\u0119, mimo \u017ce kupili\u015bmy opcj\u0119 bez \u015bniadania.\u2026","rel":"","context":"W \u201e7000km - 2012&quot;","block_context":{"text":"7000km - 2012","link":"https:\/\/www.volen.pl\/?cat=135"},"img":{"alt_text":"","src":"https:\/\/i0.wp.com\/www.volen.pl\/wp-content\/uploads\/2012\/10\/DSC_7015.jpg?fit=1200%2C795&ssl=1&resize=350%2C200","width":350,"height":200,"srcset":"https:\/\/i0.wp.com\/www.volen.pl\/wp-content\/uploads\/2012\/10\/DSC_7015.jpg?fit=1200%2C795&ssl=1&resize=350%2C200 1x, https:\/\/i0.wp.com\/www.volen.pl\/wp-content\/uploads\/2012\/10\/DSC_7015.jpg?fit=1200%2C795&ssl=1&resize=525%2C300 1.5x, https:\/\/i0.wp.com\/www.volen.pl\/wp-content\/uploads\/2012\/10\/DSC_7015.jpg?fit=1200%2C795&ssl=1&resize=700%2C400 2x, https:\/\/i0.wp.com\/www.volen.pl\/wp-content\/uploads\/2012\/10\/DSC_7015.jpg?fit=1200%2C795&ssl=1&resize=1050%2C600 3x"},"classes":[]},{"id":423,"url":"https:\/\/www.volen.pl\/?p=423","url_meta":{"origin":926,"position":3},"title":"kocie urodzinki","author":"volen","date":"2014-03-30","format":false,"excerpt":"W Kutaisi dysponowali\u015bmy czasem 50 minut, wi\u0119c rozpocz\u0119li\u015bmy ci\u0105g dalszy akcji 'znajd\u017abuta', kt\u00f3ra to oczywi\u015bcie nic nie da\u0142a, po czym wsiedli\u015bmy do marszrutki, wyci\u0105gn\u0119li\u015bmy map\u0119 i... klops! Okaza\u0142o si\u0119, \u017ce Kobuleti pomylili\u015bmy z Zugdidi, niech nam B\u00f3g wybaczy. Zamiast na p\u00f3\u0142noc, los ci\u0105gnie nas za k\u0142aki prosto na po\u0142udnie. Mieli\u015bmy\u2026","rel":"","context":"W \u201eGruzja 2014&quot;","block_context":{"text":"Gruzja 2014","link":"https:\/\/www.volen.pl\/?cat=133"},"img":{"alt_text":"","src":"https:\/\/i0.wp.com\/www.volen.pl\/wp-content\/uploads\/2014\/04\/brudzio-_DSC6223.jpg?fit=1200%2C795&ssl=1&resize=350%2C200","width":350,"height":200,"srcset":"https:\/\/i0.wp.com\/www.volen.pl\/wp-content\/uploads\/2014\/04\/brudzio-_DSC6223.jpg?fit=1200%2C795&ssl=1&resize=350%2C200 1x, https:\/\/i0.wp.com\/www.volen.pl\/wp-content\/uploads\/2014\/04\/brudzio-_DSC6223.jpg?fit=1200%2C795&ssl=1&resize=525%2C300 1.5x, https:\/\/i0.wp.com\/www.volen.pl\/wp-content\/uploads\/2014\/04\/brudzio-_DSC6223.jpg?fit=1200%2C795&ssl=1&resize=700%2C400 2x, https:\/\/i0.wp.com\/www.volen.pl\/wp-content\/uploads\/2014\/04\/brudzio-_DSC6223.jpg?fit=1200%2C795&ssl=1&resize=1050%2C600 3x"},"classes":[]},{"id":2353,"url":"https:\/\/www.volen.pl\/?p=2353","url_meta":{"origin":926,"position":4},"title":"kulki &#8211; valley of balls","author":"volen","date":"2018-06-02","format":false,"excerpt":"Poranek by\u0142 do\u015b\u0107 wietrzny, wiatr zabiera\u0142 nam ca\u0142y dobytek, wi\u0119c trzeba by\u0142o jako\u015b tak mie\u0107 po kilka macek wi\u0119cej, \u017ceby si\u0119 pozbiera\u0107. Co ciekawe, mimo wichury, uda\u0142o mi si\u0119 spakowa\u0107 namiot w og\u00f3le wzorcowo, najlepiej, jak by\u0142 kiedykolwiek spakowany. Zrobi\u0142em te\u017c dwa sprinty, \u017ceby dogoni\u0107 niesforne rzeczy. Taki nieoczekiwany sprint\u2026","rel":"","context":"W \u201enawariata&quot;","block_context":{"text":"nawariata","link":"https:\/\/www.volen.pl\/?cat=93"},"img":{"alt_text":"","src":"https:\/\/i0.wp.com\/www.volen.pl\/wp-content\/uploads\/2018\/06\/VOL0565.jpg?fit=1200%2C795&ssl=1&resize=350%2C200","width":350,"height":200,"srcset":"https:\/\/i0.wp.com\/www.volen.pl\/wp-content\/uploads\/2018\/06\/VOL0565.jpg?fit=1200%2C795&ssl=1&resize=350%2C200 1x, https:\/\/i0.wp.com\/www.volen.pl\/wp-content\/uploads\/2018\/06\/VOL0565.jpg?fit=1200%2C795&ssl=1&resize=525%2C300 1.5x, https:\/\/i0.wp.com\/www.volen.pl\/wp-content\/uploads\/2018\/06\/VOL0565.jpg?fit=1200%2C795&ssl=1&resize=700%2C400 2x, https:\/\/i0.wp.com\/www.volen.pl\/wp-content\/uploads\/2018\/06\/VOL0565.jpg?fit=1200%2C795&ssl=1&resize=1050%2C600 3x"},"classes":[]},{"id":362,"url":"https:\/\/www.volen.pl\/?p=362","url_meta":{"origin":926,"position":5},"title":"kult Ernesto","author":"volen","date":"2014-03-27","format":false,"excerpt":"Od rana samego m\u017cy\u0142o a deszczy\u0142o niemo\u017cebnie. Obejrzeli\u015bmy sobie targ kutaisia\u0144ski, spili\u015bmy kaw\u0119 w znajomym barze, ze zdumieniem zobaczyli\u015bmy Che Guevar\u0119, kt\u00f3ry tu \u015brednio na miejscu si\u0119 wydawa\u0142, poszukali\u015bmy poczty przez chwil\u0119, a potem postanowili\u015bmy zabra\u0107 si\u0119 w inne miejsce. Wybrali\u015bmy Tbilisi jako punkt docelowy, po czym udali\u015bmy si\u0119 na\u2026","rel":"","context":"W \u201eGruzja 2014&quot;","block_context":{"text":"Gruzja 2014","link":"https:\/\/www.volen.pl\/?cat=133"},"img":{"alt_text":"","src":"https:\/\/i0.wp.com\/www.volen.pl\/wp-content\/uploads\/2014\/03\/che-_DSC5434.jpg?fit=795%2C1200&ssl=1&resize=350%2C200","width":350,"height":200,"srcset":"https:\/\/i0.wp.com\/www.volen.pl\/wp-content\/uploads\/2014\/03\/che-_DSC5434.jpg?fit=795%2C1200&ssl=1&resize=350%2C200 1x, https:\/\/i0.wp.com\/www.volen.pl\/wp-content\/uploads\/2014\/03\/che-_DSC5434.jpg?fit=795%2C1200&ssl=1&resize=525%2C300 1.5x, https:\/\/i0.wp.com\/www.volen.pl\/wp-content\/uploads\/2014\/03\/che-_DSC5434.jpg?fit=795%2C1200&ssl=1&resize=700%2C400 2x"},"classes":[]}],"_links":{"self":[{"href":"https:\/\/www.volen.pl\/index.php?rest_route=\/wp\/v2\/posts\/926","targetHints":{"allow":["GET"]}}],"collection":[{"href":"https:\/\/www.volen.pl\/index.php?rest_route=\/wp\/v2\/posts"}],"about":[{"href":"https:\/\/www.volen.pl\/index.php?rest_route=\/wp\/v2\/types\/post"}],"author":[{"embeddable":true,"href":"https:\/\/www.volen.pl\/index.php?rest_route=\/wp\/v2\/users\/1"}],"replies":[{"embeddable":true,"href":"https:\/\/www.volen.pl\/index.php?rest_route=%2Fwp%2Fv2%2Fcomments&post=926"}],"version-history":[{"count":1,"href":"https:\/\/www.volen.pl\/index.php?rest_route=\/wp\/v2\/posts\/926\/revisions"}],"predecessor-version":[{"id":929,"href":"https:\/\/www.volen.pl\/index.php?rest_route=\/wp\/v2\/posts\/926\/revisions\/929"}],"wp:featuredmedia":[{"embeddable":true,"href":"https:\/\/www.volen.pl\/index.php?rest_route=\/wp\/v2\/media\/928"}],"wp:attachment":[{"href":"https:\/\/www.volen.pl\/index.php?rest_route=%2Fwp%2Fv2%2Fmedia&parent=926"}],"wp:term":[{"taxonomy":"category","embeddable":true,"href":"https:\/\/www.volen.pl\/index.php?rest_route=%2Fwp%2Fv2%2Fcategories&post=926"},{"taxonomy":"post_tag","embeddable":true,"href":"https:\/\/www.volen.pl\/index.php?rest_route=%2Fwp%2Fv2%2Ftags&post=926"}],"curies":[{"name":"wp","href":"https:\/\/api.w.org\/{rel}","templated":true}]}}